{"id":1191,"date":"2015-01-17T11:57:19","date_gmt":"2015-01-17T11:57:19","guid":{"rendered":"http:\/\/www.artsituacions.com\/?p=1191"},"modified":"2023-02-06T10:10:53","modified_gmt":"2023-02-06T10:10:53","slug":"lorena-martinez-de-corral","status":"publish","type":"post","link":"https:\/\/www.artsituacions.com\/ca\/comite\/lorena-martinez-de-corral\/","title":{"rendered":"Lorena Mart\u00ednez de Corral"},"content":{"rendered":"<div class=\"commiteeDetail clearfix\">\n<div class=\"c1\"><img decoding=\"async\" loading=\"lazy\" class=\"alignnone size-full wp-image-524\" src=\"https:\/\/www.artsituacions.com\/wp-content\/uploads\/2022\/01\/foto-lorena_peque.jpg\" width=\"200\" height=\"200\" \/><\/div>\n<div class=\"c2\">\n<h2 class=\"title\">Lorena Mart\u00ednez de Corral<\/h2>\n<p>Nascuda a Madrid, \u00e9s historiadora de l\u2019art, assessora art\u00edstica i comiss\u00e0ria independent.<\/p>\n<p>Llicenciada en Geografia i Hist\u00f2ria per la Universitat Complutense de Madrid i M\u00e0ster in Fine Arts per l&#8217;Institute of Fine Arts, New York University.<\/p>\n<p>Actualment \u00e9s directora de la Col\u00b7lecci\u00f3 d&#8217;Art Contemporani de la Fundaci\u00f3 Coca-Cola. Co-dirigeix Expo Actual SL, empresa dedicada al comissariat d&#8217;exposicions d&#8217;art modern i contemporani, elaboraci\u00f3 de projectes museogr\u00e0fics i museol\u00f2gics i assessoria art\u00edstica a nivell privat i institucional. Responsable del Consorci Guanyador del Projecte de Valoraci\u00f3 de la Col\u00b7lecci\u00f3 del Parlament Europeu, 2012-2013. Guanyadora del Concurs de comissariat per a les exposicions inaugurals de les seus de Fundaci\u00f3 ENAIRE a Madrid i Santander.<\/p>\n<p>Assessora d&#8217;Arts Pl\u00e0stiques de la Comunitat de Madrid entre 2011 i 2013. Codirectora del Projecte \u201cEscultura a Espais P\u00fablics\u201d de la Ciutat Financera Banco Santander a Boadilla del Monte. Directora de continguts culturals del portal d\u2019Internet Gioconda.com i Coordinadora d\u2019Exposicions de la Fundaci\u00f3 Caja Madrid entre 1996-2000.<\/p>\n<p>Al llarg dels darrers anys ha comissariat nombroses exposicions tant a Espanya com a l&#8217;estranger, aix\u00ed com a festivals d&#8217;art. Ha estat membre de jurats com \u201cEMPLEA CULTURA Fundaci\u00f3 Banco Santander\u201d, \u201cFundaci\u00f3 Ca\u00f1ada Blanch\u201d, Biennal d&#8217;Art de Mislata, \u201cPremi Internazionale Gionvane Scultura\u201d, Tor\u00ed.<\/p>\n<p>Forma part del Patronat Fundaci\u00f3 Ros\u00f3n Art Contemporani, Pontevedra; Consell Assessor de la Fira ESTAMPA, Comissi\u00f3 de compres per a la Col\u00b7lecci\u00f3 de Fotografia d\u2019Alcobendas i ha estat membre de la Comissi\u00f3 Assessora de la Col\u00b7lecci\u00f3 d&#8217;Art Contemporani de la Comunitat de Madrid; Fundaci\u00f3 Yannick i Ben Jakober, Mallorca.<\/p>\n<p>\u00c9s membre del CIMAM ICOM (Comit\u00e8 Internacional per a Museus i Col\u00b7leccions d&#8217;Art Modern) des de 1990.<\/p>\n<p class=\"backToList\"><a href=\"..\/comite\">Tornar al llistat del comit\u00e8<\/a><\/p>\n<p>&nbsp;<\/p>\n<\/div>\n<\/div>\n","protected":false},"excerpt":{"rendered":"<p>Lorena Mart\u00ednez de Corral Nascuda a Madrid, \u00e9s historiadora de l\u2019art, assessora art\u00edstica i comiss\u00e0ria independent. Llicenciada en Geografia i Hist\u00f2ria per la Universitat Complutense de Madrid i M\u00e0ster in Fine Arts per l&#8217;Institute of Fine Arts, New York University.<span class=\"ellipsis\">&hellip;<\/span><\/p>\n<div class=\"read-more\"><a href=\"https:\/\/www.artsituacions.com\/ca\/comite\/lorena-martinez-de-corral\/\">Llegir m\u00e9s &#8250;<\/a><\/div>\n<p><!-- end of .read-more --><\/p>\n","protected":false},"author":1,"featured_media":0,"comment_status":"closed","ping_status":"closed","sticky":false,"template":"","format":"standard","meta":[],"categories":[6],"tags":[],"post_formats":[],"yoast_head":"<!-- This site is optimized with the Yoast SEO plugin v17.8 - https:\/\/yoast.com\/wordpress\/plugins\/seo\/ -->\n<meta name=\"robots\" content=\"index, follow, max-snippet:-1, max-image-preview:large, max-video-preview:-1\" \/>\n<link rel=\"canonical\" href=\"https:\/\/www.artsituacions.com\/en\/comite\/lorena-martinez-de-corral\/\" \/>\n<meta property=\"og:locale\" content=\"ca_ES\" \/>\n<meta property=\"og:type\" content=\"article\" \/>\n<meta property=\"og:title\" content=\"Lorena Mart\u00ednez de Corral\" \/>\n<meta property=\"og:description\" content=\"Lorena Mart\u00ednez de Corral Nascuda a Madrid, \u00e9s historiadora de l\u2019art, assessora art\u00edstica i comiss\u00e0ria independent. Llicenciada en Geografia i Hist\u00f2ria per la Universitat Complutense de Madrid i M\u00e0ster in Fine Arts per l&#8217;Institute of Fine Arts, New York University.&hellip;Llegir m\u00e9s &#8250;\" \/>\n<meta property=\"og:url\" content=\"https:\/\/www.artsituacions.com\/ca\/comite\/lorena-martinez-de-corral\/\" \/>\n<meta property=\"og:site_name\" content=\"Artsituacions\" \/>\n<meta property=\"article:published_time\" content=\"2015-01-17T11:57:19+00:00\" \/>\n<meta property=\"article:modified_time\" content=\"2023-02-06T10:10:53+00:00\" \/>\n<meta property=\"og:image\" content=\"https:\/\/www.artsituacions.com\/wp-content\/uploads\/2022\/01\/foto-lorena_peque.jpg\" \/>\n<meta name=\"twitter:card\" content=\"summary_large_image\" \/>\n<meta name=\"twitter:label1\" content=\"Escrit per\" \/>\n\t<meta name=\"twitter:data1\" content=\"maria\" \/>\n\t<meta name=\"twitter:label2\" content=\"Temps estimat de lectura\" \/>\n\t<meta name=\"twitter:data2\" content=\"2 minuts\" \/>\n<script type=\"application\/ld+json\" class=\"yoast-schema-graph\">{\"@context\":\"https:\/\/schema.org\",\"@graph\":[{\"@type\":\"WebSite\",\"@id\":\"https:\/\/www.artsituacions.com\/es\/#website\",\"url\":\"https:\/\/www.artsituacions.com\/es\/\",\"name\":\"Artsituacions\",\"description\":\"\",\"potentialAction\":[{\"@type\":\"SearchAction\",\"target\":{\"@type\":\"EntryPoint\",\"urlTemplate\":\"https:\/\/www.artsituacions.com\/es\/?s={search_term_string}\"},\"query-input\":\"required name=search_term_string\"}],\"inLanguage\":\"ca\"},{\"@type\":\"ImageObject\",\"@id\":\"https:\/\/www.artsituacions.com\/en\/comite\/lorena-martinez-de-corral\/#primaryimage\",\"inLanguage\":\"ca\",\"url\":\"https:\/\/www.artsituacions.com\/wp-content\/uploads\/2022\/01\/foto-lorena_peque.jpg\",\"contentUrl\":\"https:\/\/www.artsituacions.com\/wp-content\/uploads\/2022\/01\/foto-lorena_peque.jpg\"},{\"@type\":\"WebPage\",\"@id\":\"https:\/\/www.artsituacions.com\/en\/comite\/lorena-martinez-de-corral\/#webpage\",\"url\":\"https:\/\/www.artsituacions.com\/en\/comite\/lorena-martinez-de-corral\/\",\"name\":\"[:es]Lorena Mart\\u00ednez de Corral[:ca]Lorena Mart\\u00ednez de Corral[:en]Lorena Mart\\u00ednez de Corral[:] - Artsituacions\",\"isPartOf\":{\"@id\":\"https:\/\/www.artsituacions.com\/es\/#website\"},\"primaryImageOfPage\":{\"@id\":\"https:\/\/www.artsituacions.com\/en\/comite\/lorena-martinez-de-corral\/#primaryimage\"},\"datePublished\":\"2015-01-17T11:57:19+00:00\",\"dateModified\":\"2023-02-06T10:10:53+00:00\",\"author\":{\"@id\":\"https:\/\/www.artsituacions.com\/es\/#\/schema\/person\/3d37438f4bd373cb842fb92a55dae3d0\"},\"breadcrumb\":{\"@id\":\"https:\/\/www.artsituacions.com\/en\/comite\/lorena-martinez-de-corral\/#breadcrumb\"},\"inLanguage\":\"ca\",\"potentialAction\":[{\"@type\":\"ReadAction\",\"target\":[\"https:\/\/www.artsituacions.com\/en\/comite\/lorena-martinez-de-corral\/\"]}]},{\"@type\":\"BreadcrumbList\",\"@id\":\"https:\/\/www.artsituacions.com\/en\/comite\/lorena-martinez-de-corral\/#breadcrumb\",\"itemListElement\":[{\"@type\":\"ListItem\",\"position\":1,\"name\":\"Home\",\"item\":\"https:\/\/www.artsituacions.com\/es\/\"},{\"@type\":\"ListItem\",\"position\":2,\"name\":\"Comit\\u00e9\",\"item\":\"https:\/\/www.artsituacions.com\/es\/category\/comite\/\"},{\"@type\":\"ListItem\",\"position\":3,\"name\":\"Lorena Mart\\u00ednez de Corral\"}]},{\"@type\":\"Person\",\"@id\":\"https:\/\/www.artsituacions.com\/es\/#\/schema\/person\/3d37438f4bd373cb842fb92a55dae3d0\",\"name\":\"maria\",\"image\":{\"@type\":\"ImageObject\",\"@id\":\"https:\/\/www.artsituacions.com\/es\/#personlogo\",\"inLanguage\":\"ca\",\"url\":\"https:\/\/secure.gravatar.com\/avatar\/5e917d4d501b3a16916d469da41efaf8?s=96&d=mm&r=g\",\"contentUrl\":\"https:\/\/secure.gravatar.com\/avatar\/5e917d4d501b3a16916d469da41efaf8?s=96&d=mm&r=g\",\"caption\":\"maria\"},\"url\":\"https:\/\/www.artsituacions.com\/ca\/author\/maria\/\"}]}<\/script>\n<!-- \/ Yoast SEO plugin. -->","yoast_head_json":{"robots":{"index":"index","follow":"follow","max-snippet":"max-snippet:-1","max-image-preview":"max-image-preview:large","max-video-preview":"max-video-preview:-1"},"canonical":"https:\/\/www.artsituacions.com\/en\/comite\/lorena-martinez-de-corral\/","og_locale":"ca_ES","og_type":"article","og_title":"[:es]Lorena Mart\u00ednez de Corral[:ca]Lorena Mart\u00ednez de Corral[:en]Lorena Mart\u00ednez de Corral[:] - Artsituacions","og_description":"Lorena Mart\u00ednez de Corral Nascuda a Madrid, \u00e9s historiadora de l\u2019art, assessora art\u00edstica i comiss\u00e0ria independent. Llicenciada en Geografia i Hist\u00f2ria per la Universitat Complutense de Madrid i M\u00e0ster in Fine Arts per l&#8217;Institute of Fine Arts, New York University.&hellip;Llegir m\u00e9s &#8250;","og_url":"https:\/\/www.artsituacions.com\/ca\/comite\/lorena-martinez-de-corral\/","og_site_name":"Artsituacions","article_published_time":"2015-01-17T11:57:19+00:00","article_modified_time":"2023-02-06T10:10:53+00:00","og_image":[{"url":"https:\/\/www.artsituacions.com\/wp-content\/uploads\/2022\/01\/foto-lorena_peque.jpg"}],"twitter_card":"summary_large_image","twitter_misc":{"Escrit per":"maria","Temps estimat de lectura":"2 minuts"},"schema":{"@context":"https:\/\/schema.org","@graph":[{"@type":"WebSite","@id":"https:\/\/www.artsituacions.com\/es\/#website","url":"https:\/\/www.artsituacions.com\/es\/","name":"Artsituacions","description":"","potentialAction":[{"@type":"SearchAction","target":{"@type":"EntryPoint","urlTemplate":"https:\/\/www.artsituacions.com\/es\/?s={search_term_string}"},"query-input":"required name=search_term_string"}],"inLanguage":"ca"},{"@type":"ImageObject","@id":"https:\/\/www.artsituacions.com\/en\/comite\/lorena-martinez-de-corral\/#primaryimage","inLanguage":"ca","url":"https:\/\/www.artsituacions.com\/wp-content\/uploads\/2022\/01\/foto-lorena_peque.jpg","contentUrl":"https:\/\/www.artsituacions.com\/wp-content\/uploads\/2022\/01\/foto-lorena_peque.jpg"},{"@type":"WebPage","@id":"https:\/\/www.artsituacions.com\/en\/comite\/lorena-martinez-de-corral\/#webpage","url":"https:\/\/www.artsituacions.com\/en\/comite\/lorena-martinez-de-corral\/","name":"[:es]Lorena Mart\u00ednez de Corral[:ca]Lorena Mart\u00ednez de Corral[:en]Lorena Mart\u00ednez de Corral[:] - Artsituacions","isPartOf":{"@id":"https:\/\/www.artsituacions.com\/es\/#website"},"primaryImageOfPage":{"@id":"https:\/\/www.artsituacions.com\/en\/comite\/lorena-martinez-de-corral\/#primaryimage"},"datePublished":"2015-01-17T11:57:19+00:00","dateModified":"2023-02-06T10:10:53+00:00","author":{"@id":"https:\/\/www.artsituacions.com\/es\/#\/schema\/person\/3d37438f4bd373cb842fb92a55dae3d0"},"breadcrumb":{"@id":"https:\/\/www.artsituacions.com\/en\/comite\/lorena-martinez-de-corral\/#breadcrumb"},"inLanguage":"ca","potentialAction":[{"@type":"ReadAction","target":["https:\/\/www.artsituacions.com\/en\/comite\/lorena-martinez-de-corral\/"]}]},{"@type":"BreadcrumbList","@id":"https:\/\/www.artsituacions.com\/en\/comite\/lorena-martinez-de-corral\/#breadcrumb","itemListElement":[{"@type":"ListItem","position":1,"name":"Home","item":"https:\/\/www.artsituacions.com\/es\/"},{"@type":"ListItem","position":2,"name":"Comit\u00e9","item":"https:\/\/www.artsituacions.com\/es\/category\/comite\/"},{"@type":"ListItem","position":3,"name":"Lorena Mart\u00ednez de Corral"}]},{"@type":"Person","@id":"https:\/\/www.artsituacions.com\/es\/#\/schema\/person\/3d37438f4bd373cb842fb92a55dae3d0","name":"maria","image":{"@type":"ImageObject","@id":"https:\/\/www.artsituacions.com\/es\/#personlogo","inLanguage":"ca","url":"https:\/\/secure.gravatar.com\/avatar\/5e917d4d501b3a16916d469da41efaf8?s=96&d=mm&r=g","contentUrl":"https:\/\/secure.gravatar.com\/avatar\/5e917d4d501b3a16916d469da41efaf8?s=96&d=mm&r=g","caption":"maria"},"url":"https:\/\/www.artsituacions.com\/ca\/author\/maria\/"}]}},"AFP_featured_media_urls":{"full":false,"thumbnail":false,"medium":false,"medium_large":false,"large":false},"AFP_attachments":{"full":false,"thumbnail":false,"medium":false,"medium_large":false,"large":false},"AFP_videos":[],"AFP_video_blocks":"","AFP_category_names":["Comit\u00e8"],"_links":{"self":[{"href":"https:\/\/www.artsituacions.com\/ca\/wp-json\/wp\/v2\/posts\/1191"}],"collection":[{"href":"https:\/\/www.artsituacions.com\/ca\/wp-json\/wp\/v2\/posts"}],"about":[{"href":"https:\/\/www.artsituacions.com\/ca\/wp-json\/wp\/v2\/types\/post"}],"author":[{"embeddable":true,"href":"https:\/\/www.artsituacions.com\/ca\/wp-json\/wp\/v2\/users\/1"}],"replies":[{"embeddable":true,"href":"https:\/\/www.artsituacions.com\/ca\/wp-json\/wp\/v2\/comments?post=1191"}],"version-history":[{"count":11,"href":"https:\/\/www.artsituacions.com\/ca\/wp-json\/wp\/v2\/posts\/1191\/revisions"}],"predecessor-version":[{"id":2324,"href":"https:\/\/www.artsituacions.com\/ca\/wp-json\/wp\/v2\/posts\/1191\/revisions\/2324"}],"wp:attachment":[{"href":"https:\/\/www.artsituacions.com\/ca\/wp-json\/wp\/v2\/media?parent=1191"}],"wp:term":[{"taxonomy":"category","embeddable":true,"href":"https:\/\/www.artsituacions.com\/ca\/wp-json\/wp\/v2\/categories?post=1191"},{"taxonomy":"post_tag","embeddable":true,"href":"https:\/\/www.artsituacions.com\/ca\/wp-json\/wp\/v2\/tags?post=1191"},{"taxonomy":"post_format","embeddable":true,"href":"https:\/\/www.artsituacions.com\/ca\/wp-json\/wp\/v2\/post_formats?post=1191"}],"curies":[{"name":"wp","href":"https:\/\/api.w.org\/{rel}","templated":true}]}}