{"id":1259,"date":"2015-02-06T10:46:15","date_gmt":"2015-02-06T10:46:15","guid":{"rendered":"http:\/\/www.artsituacions.com\/?p=1259"},"modified":"2017-05-21T21:27:51","modified_gmt":"2017-05-21T21:27:51","slug":"anna-talens","status":"publish","type":"post","link":"https:\/\/www.artsituacions.com\/ca\/artistas\/anna-talens\/","title":{"rendered":"Anna Talens"},"content":{"rendered":"<div id=\"authorInfo\">\n<div class=\"c1\"><img decoding=\"async\" loading=\"lazy\" src=\"http:\/\/www.artsituacions.com\/wp-content\/uploads\/2015\/02\/anna-talens.jpg\" alt=\"anna-talens\" width=\"200\" height=\"200\" class=\"alignnone size-full wp-image-1261\" \/><\/p>\n<ul class=\"tabs\">\n<li><a href=\"#\">Informaci\u00f3<\/a><\/li>\n<li><a href=\"#\">Sobre la seva obra<\/a><\/li>\n<li><a href=\"#\">CV<\/a><\/li>\n<\/ul>\n<\/div>\n<div class=\"c2\">\n<div class=\"panes informacion\">\n<div class='scroll-pane'>\n<h3 class=\"title\">Informaci\u00f3<\/h3>\n<p>Concentra en escassos cent\u00edmetres l&#8217;ess\u00e8ncia de totes les seves vides viscudes. La seva gran capacitat de connotar a trav\u00e9s de materials i textures, es perfecciona en cadascuna de les seves obres, permetent una anul\u00b7laci\u00f3 del judici per caure en mans de l&#8217;emoci\u00f3 i el sensorial. Experta en lleugeresa, Anna Talens afirma optar per seleccionar all\u00f2 que l&#8217;ajuda a ser feli\u00e7 per poder parlar d&#8217;all\u00f2 que la fa patir.<\/p>\n<p>Entrevistada fa un parell d&#8217;anys per Irene Gras, Anna Talens responia a la pregunta: d&#8217;on parteix la teva obra? amb una resposta d&#8217;extrema precisi\u00f3: \u00abLa meva obra parteix, en l&#8217;\u00e0mbit de la contextualitzaci\u00f3 art\u00edstica hist\u00f2rica, de l&#8217;objecte trobat, del &#8216;Arte Povera&#8217;, per\u00f2 m\u00e9s refinat, m\u00e9s transformat. Jo en dic \u00abminimalisme org\u00e0nic\u00bb, una pr\u00e0ctica que es vincula al llenguatge d&#8217;alguns artistes brasilers, on all\u00f2 trobat o manufacturat est\u00e0 organitzat de forma geom\u00e8trica i racional, gaireb\u00e9 en els l\u00edmits entre l&#8217;ordre i l&#8217;arbitrari. A m\u00e9s, m&#8217;agrada la contradicci\u00f3, per aix\u00f2 els meus objectes s\u00f3n antag\u00f2nics, i gaudeixen d&#8217;una doble qualitat, essent lliures i fr\u00e0gils\u00bb. (1)<\/p>\n<p>Per a Talens les coses, fins i tot aquelles d&#8217;aparen\u00e7a m\u00e9s trivial, estan carregades de sentit i de poesia i de possibilitats de comunicaci\u00f3 interpersonal, tamb\u00e9 de biografia i, no cal dir-ho, d&#8217;hist\u00f2ria.<\/p>\n<p>Furga i busca entre els materials aquells que li resulten m\u00e9s atractius; tant se serveix de plomes d&#8217;au com de pa d&#8217;or, de trossos de vidre, d&#8217;agulles, de teles, de restes de derelictes o de xarxes de pesca, de miralls, fils i cordes, tamb\u00e9 de fulls de paper, de la pintura i del dibuix, de la fotografia, etc.<\/p>\n<p> Mitjan\u00e7ant manipulacions moltes vegades lleugeres o tot just perceptibles confereix nova identitat als elements, tant a les plomes i el cable de coure en la s\u00e8rie Rebuilding birds (La reconstrucci\u00f3n de las aves), 2014, com als fulls de paper artes\u00e0 amb qu\u00e8 configura un llibre assertiu en els termes del seu t\u00edtol, Du und ich (T\u00fa y yo), 2014, o el mirall que reflecteix el rostre i el lloc del lector en Yo, 2015.<\/p>\n<p> Els seus objectes manufacturats projecten gaireb\u00e9 sempre una imatge ambigua o exhibeixen una contradicci\u00f3 conceptual, essent portadors, a m\u00e9s, d&#8217;un discurs existencial, que queda sustentat per formes geom\u00e8triques simples. A vegades, de les seves realitzacions es despr\u00e8n una mena de viol\u00e8ncia continguda o subjugada, que altera la po\u00e8tica que les inunda i que, sovint, les hi presta un contingut afegit social o pol\u00edtic. Per exemple, l&#8217;espectador que s&#8217;aproximi a To Caress a dangerous field (Acariciar un campo peligroso) contemplar\u00e0 un ampli rectangle de seda (groga, vermella o verda) travessat per centenars, si no milers, d&#8217;agulles, que si les frega en la direcci\u00f3 correcta, diu l&#8217;artista, sentir\u00e0 el dring del metall, i que si ho fa malament es punxar\u00e0 amb les seves agulles. Una de les seves s\u00e8ries m\u00e9s importants, Broken glass (Vidrio quebrado), utilitza fragments dels vidres de les finestres del Palau de la Rep\u00fablica, seu del Parlament de la Rep\u00fablica Democr\u00e0tica Alemanya, a l&#8217;antic Berl\u00edn Oriental, actualment enderrocat.<\/p>\n<p>Mar\u00eda de Corral<br \/>\nLorena Mart\u00ednez de Corral<\/p>\n<p>1 Gras, Irene. AnnaTalens: Elegancia, suavidad y delicadeza, MAKMA Revista de artes visuales y cultura contempor\u00e1nea, http:\/\/www.makma.net\/anna-talens- elegancia-suavidad-y-delicadeza\/.<\/p>\n<p><!--info--><\/p>\n<\/div>\n<style>.scroll-pane{width: 800px;height:350px;overflow: auto;}<\/style>\n<\/div>\n<div class=\"panes aboutWork\">\n<div class='scroll-pane'>\n<h3 class=\"title\">Sobre la seva obra<\/h3>\n<p>Els meus objectes i instal\u00b7lacions s\u00f3n trobades i di\u00e0legs entre materials i elements que anteriorment es trobaven separats. La identitat resultant \u00e9s una fusi\u00f3 entre la funcionalitat origin\u00e0ria i el nou significat que la completa amb un sentit existencial, po\u00e8tic o simb\u00f2lic.<\/p>\n<p>Recupero processos tradicionals anal\u00f2gics, manuals i primitius, en el context de la nostra era digital. Les meves decisions processuals es basen en la combinaci\u00f3 de dos principis: l&#8217;\u00fas de processos repetitius de manufactura i la reutilitzaci\u00f3 dels objectes que ja existeixen en el m\u00f3n (objet trouv\u00e9).<\/p>\n<p> Els resultats s\u00f3n peces \u00faniques que connecten l&#8217;espectador amb alguna cosa reconeixible i, alhora, amb quelcom d&#8217;estrany, convertint en extraordinari l&#8217;ordinari.<\/p>\n<p>En un constant di\u00e0leg entre els materials i la coexist\u00e8ncia dels oposats, utilitzo recursos com la repetici\u00f3, l&#8217;arbitrarietat i l&#8217;acumulaci\u00f3, mitjan\u00e7ant el cultiu d&#8217;una disposici\u00f3 minimalista pervertida per la pres\u00e8ncia del color i de la textura del material.<\/p>\n<p> Sempre vaig a la recerca de la bellesa de la imperfecci\u00f3 dels objectes, que es reflecteix tamb\u00e9 en els processos manuals i en el creixement dels \u00e9ssers de la natura.<\/p>\n<p>Conto hist\u00f2ries sobre la complexitat de l&#8217;exist\u00e8ncia a trav\u00e9s dels objectes. Comparteixo la poesia de la senzillesa, del r\u00fastic i de la bellesa, captivant l&#8217;espectador en la contemplaci\u00f3 d&#8217;un objecte que es presenta com una cosa sagrada.<\/p>\n<p>Anna Talens, 2015<\/p>\n<\/div>\n<style>.scroll-pane{width: 800px;height:350px;overflow: auto;}<\/style>\n<\/p>\n<\/div>\n<div class=\"panes cv\">\n<div class='scroll-pane'>\n<h3 class=\"title\">CV<\/h3>\n<p>AnnaTalens (Carcaixent, 1978), Vive y trabaja en Berl\u00edn \u2013 Viu i treballa a Berlin &#8211; Vive e lavora a Berlino \u2013 Lives and works in Berlin<\/p>\n<p><strong><\/p>\n<p>FORMACI\u00d3N \/ FORMACI\u00d3 \/ FORMAZIONE \/ EDUCATION <\/p>\n<p><\/strong><\/p>\n<p>\u00c9s artista i doctora en Belles Arts per la Universitat Polit\u00e8cnica de Val\u00e8ncia (excel\u00b7lent cum laude, menci\u00f3 europea i premi extraordinari de tesi doctoral de la UPV 2013). Tema: \u00abLa transformaci\u00f3 de l&#8217;experi\u00e8ncia de la natura en art. El nomadisme i l&#8217;ef\u00edmer\u00bb, codirigida per Maribel Dom\u00e8nech i Javier Maderuelo.\n<\/p>\n<p>Compta amb una formaci\u00f3 acad\u00e8mica internacional, com a estudiant convidada a Bauhaus Universit\u00e4t-Weimar; The Australian National University, School of Art, Canberra; F\u00e0brica, Benetton, Treviso i Fakult\u00e4t Bildende Kunst &#8211; Universit\u00e4t der Kunste- Berlin i com personal investigador convidat a la Bauhaus Universit\u00e4t-Weimar ia Central Saint Martins College of Art and Design, University of the Arts, Londres.\n<\/p>\n<p>Ha treballat com a personal investigador i docent en l&#8217;assignatura Projectes II del Departament d&#8217;Escultura de la UPV (2003-2007), durant el temps de la beca de Formaci\u00f3 de Personal Investigador (FPI) concedida per la Conselleria de Cultura<\/p>\n<p><strong><\/p>\n<p>EXPOSICIONES INDIVIDUALES \/ MOSTRE INDIVIDUALI \/ SOLO EXHIBITIONS <\/p>\n<p><\/strong><br \/>\n<strong>2014<\/strong> La cosecha. Art Track! Les Prochaines. ABC Berl\u00edn Comisariada por la Dr. Bettina Springer. Berl\u00edn<br \/>\nBeauty and decay. Between you and me. Comisariada por la Dr. Bettina Springer. Berl\u00edn<\/p>\n<p><strong>2013 <\/strong>Mar de fondo. Freijo Gallery. Madrid<br \/>\nZaun und Netz. Espace Surplus. Comisariada por la Dr. Bettina Springer. Berl\u00edn<\/p>\n<p><strong>2010 <\/strong>Mein innerer Garten. PlattenPalast. Berl\u00edn<br \/>\nTrama y urdimbre. Enblanco. Berl\u00edn<\/p>\n<p><strong>2009<\/strong> Vom Mittelmeer, mit Schuppen aus Seide. Kunstverein Kreis Ludwigsburg e.V.<br \/>\nComisariada por Silke Opitz. Ludwigsburg<\/p>\n<p><strong>2007<\/strong> Leve. Galer\u00eda pazYcomedias Encuentro entre dos mares-Bienal de S\u00e3o Paulo-Valencia <\/p>\n<p><strong>2006<\/strong> Tejidos e interiores. LaGaleria. Barcelona<\/p>\n<p><strong>2004<\/strong> Im verwunschenen Garten. Galerie im Kunsthaus. Comisariada por Silke Opitz. Erfurt<\/p>\n<p>\n<strong>EXPOSICIONES COLECTIVAS, BECAS Y PREMIOS \/ EXPOSICIONS COL\u00b7LECTIVES, BEQUES I PREMIS \/ MOSTRE COLLETTIVE, BORSE DI STUDIO E PREMI \/ GROUP EXHIBITIONS, AWARDS, CURATORIAL PROJECTS <\/strong><\/p>\n<p>(selecci\u00f3n desde el 2008 \/ selezione dal 2008 \/ selection since 2008) <\/p>\n<p><strong>2015<\/strong> Art Situacions II. Espa\u00f1a e Italia <\/p>\n<p><strong>2014<\/strong> Summa Art Fair. Galer\u00eda Freijo. Madrid <\/p>\n<p>Colectiva. Galer\u00eda pazYcomedias. Valencia <\/p>\n<p>Artslibris. Stand Galer\u00eda pazYcomedias. Barcelona <\/p>\n<p>Mitificando el plano. Galer\u00eda Freijo. Madrid <\/p>\n<p><strong>2013<\/strong> Feria de arte Estampa. Stand Galer\u00eda Freijo. Madrid <\/p>\n<p>Feria de arte Summa. Stand Galer\u00eda Freijo. Madrid <\/p>\n<p>PINTA Artfair. Stand pazYcomedias. Londres <\/p>\n<p>Kunst \u00fcber und f\u00fcr den Plattenpalast, Plattenpalast. Alemania. Comisariada por Carsten Wiewiorra. Berl\u00edn <\/p>\n<p>Unterstr\u00f6mung. The Castle am Kreuzberg, Belle Etage. Comisariado por Arianna Plevinasi. Berl\u00edn <\/p>\n<p>Colectiva. Galer\u00eda pazYcomedias. Di\u00e1logos. Colecci\u00f3n DKV. Museo Patio Herreriano. Valladolid* <\/p>\n<p>Premi Ciutat de Palma. Casal Solleric. Palma de Mallorca* <\/p>\n<p><strong>2012<\/strong> VII Bienal d&rsquo;art Riudebitlles. Obra sobre papel. Barcelona* <\/p>\n<p>European glass context, Bornholm, Dinamarca. Con la ayuda del Ministerio de Cultura <\/p>\n<p>PINTA Artfair. Stand Galer\u00eda pazYcomedias. Londres <\/p>\n<p>Colecci\u00f3n DKV. Casino de la exposici\u00f3n. Sevilla <\/p>\n<p>Alice in Wonderland, Am Kulturforum. Berl\u00edn <\/p>\n<p>Colecci\u00f3n DKV. Centro de El Carmen. Valencia <\/p>\n<p>JustMad 2012. Stand Galer\u00eda pazYcomedias. Madrid <\/p>\n<p><strong>2011<\/strong> Roomart. Universidad Polit\u00e9cnica de Valencia <\/p>\n<p>\u00bfHay alguien ah\u00ed?. Exposici\u00f3n de arte en vidrio. Caja de Luz. Universidad Polit\u00e9cnica de Cartagena <\/p>\n<p>Artingroup, Centro del Carmen. Valencia <\/p>\n<p>Premio Internazionale Giovane Scultura, Fondazione Francesco Messina, seconda edizione. <\/p>\n<p>Comisariada por Lorena Mart\u00ednez de Corral. (Con la colaboraci\u00f3n del Ministerio de Cultura). Casabeltrame <\/p>\n<p>Colecci\u00f3n DKV. CADA de Alcoi <\/p>\n<p>Arte Santander 2011. Solo project. Stand Galer\u00eda pazYcomedias. Santander <\/p>\n<p>Colecci\u00f3n DKV. Salas de la Diputaci\u00f3n de C\u00e1diz <\/p>\n<p>Feria de arte contempor\u00e1neo SWAB. Stand Galer\u00eda pazYcomedias. Barcelona <\/p>\n<p>JustMad 2011. Stand Galer\u00eda pazYcomedias. Madrid* <\/p>\n<p>A l&rsquo;abast de la m\u00e0. Anna Talens, Mar Arza y Marta Espinach. Galeria Sicart, Galer\u00eda pazYcomedias y Galer\u00eda C\u00e0nem <\/p>\n<p><strong>2010<\/strong> Cartograf\u00edas de la creatividad. Cien por cien valencianos. Museo de Arte Moderno. Santo Domingo* <\/p>\n<p>ArteLisboa 2010. Stand Galer\u00eda pazYcomedias <\/p>\n<p>Puntas de Flecha. Lonja de pescado. Alicante* <\/p>\n<p>Foro Sur. Stand Galer\u00eda pazYcomedias. C\u00e1ceres <\/p>\n<p>Colecci\u00f3n DKV. MACUF. A Coru\u00f1a Just Mad. Stand Galer\u00eda pazYcomedias. Madrid* <\/p>\n<p>Cartograf\u00edas de la creatividad. Cien por cien valencianos. Centro del Carmen. Valencia* <\/p>\n<p><strong>2009<\/strong> Art\/Salamanca. Stand Galer\u00eda pazYcomedias <\/p>\n<p>ArtLisboa. Stand Galer\u00eda pazYcomedias. Lisboa*<\/p>\n<p>Puntas de flecha. Las Atarazanas. Valencia* <\/p>\n<p>Arte Santander. Stand Galer\u00eda pazYcomedias <\/p>\n<p>Beschleunigung-Aceleraci\u00f3n. Lechwerke AG. Augsburg. <\/p>\n<p>Zeitgen\u00f6ssische Kunst in 6 Feiningerkirchen, Kromsdorf <\/p>\n<p>Nost\u00e0lgia de futur. Homenatge a Renau. Centre del Carme. Valencia <\/p>\n<p><strong>2008<\/strong> KIAF. Korea International Art Fair. Galer\u00eda pazYcomedias. Se\u00fal <\/p>\n<p>Dichtheit und Leere. Galerie 100Kubik. K\u00f6ln <\/p>\n<p>XII Bienal de Escultura y Obra en Tres Dimensiones Vila de Mislata. Valencia <\/p>\n<p><strong>2007<\/strong> Premios Senyera de Escultura. Galeria delTossal. Valencia* <\/p>\n<p>ValenciaArt. Hotel Astoria. Galer\u00eda pazYcomedias \u2013 hab. 214. Valencia <\/p>\n<p>CIGE. China International Gallery Exposition. Galer\u00eda pazYcomedias. Beijing.* <\/p>\n<p>XXXIV Premio Bancaixa de Pintura, Escultura y Arte Digital. IVAM. Sala de la Muralla. Valencia <\/p>\n<p>EAC&rsquo; 07. MUA. Museo de la Universidad de Alicante* <\/p>\n<p>* con cat\u00e1logo <\/p>\n<p>&nbsp;<\/p>\n<\/div>\n<style>.scroll-pane{width: 800px;height:350px;overflow: auto;}<\/style>\n<\/p>\n<\/div>\n<\/div>\n<p><br style=\"clear: both;\" \/> <br style=\"clear: both;\" \/><!--exhibitioninfo--><\/p>\n<h2 class=\"hdrSection\">Obres en Exposici\u00f3<\/h2>\n<div class=\"gallery\">\n\n\t<ul id=\"slideshowgallery40616\" class=\"slideshowgallery40616\" style=\"display:none;\">\n\t\t\t\t\t<!-- From all slides or gallery slides -->\n\t\t\t\t\t\t\t\n\t\t\t\t<li>\n\t\t\t\t\t<h3 style=\"opacity:70;\">anna-talens1<\/h3>\n\t\t\t\t\t\t\t\t\t\t\t<span data-alt=\"anna-talens1\">https:\/\/www.artsituacions.com\/wp-content\/uploads\/2017\/05\/anna-talens1.jpg<\/span>\n\t\t\t\t\t\t\t\t\t\t<p><\/p>\n\t\t\t\t\t\t\t\t\t\t\t\t\t\t\t\t\t\t<a><img class=\"skip-lazy\" src=\"https:\/\/www.artsituacions.com\/wp-content\/uploads\/2017\/05\/anna-talens1-100x75.jpg\" alt=\"anna-talens1\" \/><\/a>\n\t\t\t\t\t\t\t\t\t\t\t\t\t\t\t<\/li>\n\t\t\t\t\t\t\t\n\t\t\t\t<li>\n\t\t\t\t\t<h3 style=\"opacity:70;\">anna-talens2<\/h3>\n\t\t\t\t\t\t\t\t\t\t\t<span data-alt=\"anna-talens2\">https:\/\/www.artsituacions.com\/wp-content\/uploads\/2017\/05\/anna-talens2.jpg<\/span>\n\t\t\t\t\t\t\t\t\t\t<p><\/p>\n\t\t\t\t\t\t\t\t\t\t\t\t\t\t\t\t\t\t<a><img class=\"skip-lazy\" src=\"https:\/\/www.artsituacions.com\/wp-content\/uploads\/2017\/05\/anna-talens2-100x75.jpg\" alt=\"anna-talens2\" \/><\/a>\n\t\t\t\t\t\t\t\t\t\t\t\t\t\t\t<\/li>\n\t\t\t\t\t\t\t\n\t\t\t\t<li>\n\t\t\t\t\t<h3 style=\"opacity:70;\">anna-talens3<\/h3>\n\t\t\t\t\t\t\t\t\t\t\t<span data-alt=\"anna-talens3\">https:\/\/www.artsituacions.com\/wp-content\/uploads\/2017\/05\/anna-talens3.jpg<\/span>\n\t\t\t\t\t\t\t\t\t\t<p><\/p>\n\t\t\t\t\t\t\t\t\t\t\t\t\t\t\t\t\t\t<a><img class=\"skip-lazy\" src=\"https:\/\/www.artsituacions.com\/wp-content\/uploads\/2017\/05\/anna-talens3-100x75.jpg\" alt=\"anna-talens3\" \/><\/a>\n\t\t\t\t\t\t\t\t\t\t\t\t\t\t\t<\/li>\n\t\t\t\t\t\t\t\n\t\t\t\t<li>\n\t\t\t\t\t<h3 style=\"opacity:70;\">anna-talens5<\/h3>\n\t\t\t\t\t\t\t\t\t\t\t<span data-alt=\"anna-talens5\">https:\/\/www.artsituacions.com\/wp-content\/uploads\/2017\/05\/anna-talens5.jpg<\/span>\n\t\t\t\t\t\t\t\t\t\t<p><\/p>\n\t\t\t\t\t\t\t\t\t\t\t\t\t\t\t\t\t\t<a><img class=\"skip-lazy\" src=\"https:\/\/www.artsituacions.com\/wp-content\/uploads\/2017\/05\/anna-talens5-100x75.jpg\" alt=\"anna-talens5\" \/><\/a>\n\t\t\t\t\t\t\t\t\t\t\t\t\t\t\t<\/li>\n\t\t\t\t\t\t\t\n\t\t\t\t<li>\n\t\t\t\t\t<h3 style=\"opacity:70;\">anna-talens6<\/h3>\n\t\t\t\t\t\t\t\t\t\t\t<span data-alt=\"anna-talens6\">https:\/\/www.artsituacions.com\/wp-content\/uploads\/2017\/05\/anna-talens6.jpg<\/span>\n\t\t\t\t\t\t\t\t\t\t<p><\/p>\n\t\t\t\t\t\t\t\t\t\t\t\t\t\t\t\t\t\t<a><img class=\"skip-lazy\" src=\"https:\/\/www.artsituacions.com\/wp-content\/uploads\/2017\/05\/anna-talens6-100x75.jpg\" alt=\"anna-talens6\" \/><\/a>\n\t\t\t\t\t\t\t\t\t\t\t\t\t\t\t<\/li>\n\t\t\t\t\t\t\t\n\t\t\t\t<li>\n\t\t\t\t\t<h3 style=\"opacity:70;\">anna-talens7<\/h3>\n\t\t\t\t\t\t\t\t\t\t\t<span data-alt=\"anna-talens7\">https:\/\/www.artsituacions.com\/wp-content\/uploads\/2017\/05\/anna-talens7.jpg<\/span>\n\t\t\t\t\t\t\t\t\t\t<p><\/p>\n\t\t\t\t\t\t\t\t\t\t\t\t\t\t\t\t\t\t<a><img class=\"skip-lazy\" src=\"https:\/\/www.artsituacions.com\/wp-content\/uploads\/2017\/05\/anna-talens7-100x75.jpg\" alt=\"anna-talens7\" \/><\/a>\n\t\t\t\t\t\t\t\t\t\t\t\t\t\t\t<\/li>\n\t\t\t\t\t\t\t\n\t\t\t\t<li>\n\t\t\t\t\t<h3 style=\"opacity:70;\">anna-talens8<\/h3>\n\t\t\t\t\t\t\t\t\t\t\t<span data-alt=\"anna-talens8\">https:\/\/www.artsituacions.com\/wp-content\/uploads\/2017\/05\/anna-talens8.jpg<\/span>\n\t\t\t\t\t\t\t\t\t\t<p><\/p>\n\t\t\t\t\t\t\t\t\t\t\t\t\t\t\t\t\t\t<a><img class=\"skip-lazy\" src=\"https:\/\/www.artsituacions.com\/wp-content\/uploads\/2017\/05\/anna-talens8-100x75.jpg\" alt=\"anna-talens8\" \/><\/a>\n\t\t\t\t\t\t\t\t\t\t\t\t\t\t\t<\/li>\n\t\t\t\t\t\t<\/ul>\n\t\n\t<div id=\"slideshow-wrappergallery40616\" class=\"slideshow-wrapper\">\n\t\t\t\n\t\t<div class=\"slideshow-fullsize\" id=\"fullsizegallery40616\">\n\t\t\t\t\t\t\t\t\t\t\t\t\t\t<div id=\"imgprevgallery40616\" class=\"slideshow-imgprev imgnav\" title=\"Previous Image\">Previous Image<\/div>\n\t\t\t\t\t\t<a id=\"imglinkgallery40616\" class=\"slideshow-imglink imglink\"><!-- link --><\/a>\n\t\t\t\t\t\t\t\t\t\t\t<div id=\"imgnextgallery40616\" class=\"slideshow-imgnext imgnav\" title=\"Next Image\">Next Image<\/div>\n\t\t\t\t\t\t<div id=\"imagegallery40616\" class=\"slideshow-image\"><\/div>\n\t\t\t<div class=\"slideshow-information infobottom\" id=\"informationgallery40616\">\n\t\t\t\t<h3 class=\"slideshow-info-heading\">info heading<\/h3>\n\t\t\t\t<p class=\"slideshow-info-content\">info content<\/p>\n\t\t\t<\/div>\n\t\t<\/div>\n\t\t\n\t\t\t\t\t<div id=\"thumbnailsgallery40616\" class=\"slideshow-thumbnails thumbsbot\">\n\t\t\t\t<div class=\"slideshow-slideleft\" id=\"slideleftgallery40616\" title=\"Slide Left\"><\/div>\n\t\t\t\t<div class=\"slideshow-slidearea\" id=\"slideareagallery40616\">\n\t\t\t\t\t<div class=\"slideshow-slider\" id=\"slidergallery40616\"><\/div>\n\t\t\t\t<\/div>\n\t\t\t\t<div class=\"slideshow-slideright\" id=\"sliderightgallery40616\" title=\"Slide Right\"><\/div>\n\t\t\t\t<br style=\"clear:both; visibility:hidden; height:1px;\" \/>\n\t\t\t<\/div>\n\t\t\t<\/div>\n\t\n\t\n\t<!-- Slideshow Gallery Javascript BEG -->\t\t<script type=\"text\/javascript\">\tjQuery.noConflict();\ttid('slideshowgallery40616').style.display = \"none\";\ttid('slideshow-wrappergallery40616').style.display = 'block';\ttid('slideshow-wrappergallery40616').style.visibility = 'hidden';\tvar spinnerDiv = document.createElement('div');\tspinnerDiv.setAttribute('id', 'spinnergallery40616');\tspinnerDiv.innerHTML = '<i class=\"fa fa-cog fa-spin\"><\/i>';\tjQuery(spinnerDiv).appendTo('#fullsizegallery40616');\ttid('spinnergallery40616').style.visibility = 'visible';\tvar slideshowgallery40616 = new TINY.slideshow(\"slideshowgallery40616\");\tjQuery(document).ready(function() {\t\tslideshowgallery40616.auto = true;\t\tslideshowgallery40616.speed = 10;\t\tslideshowgallery40616.effect = \"fade\";\t\tslideshowgallery40616.slide_direction = \"lr\";\t\tslideshowgallery40616.easing = \"swing\";\t\tslideshowgallery40616.alwaysauto = true;\t\tslideshowgallery40616.autoheight = true;\t\tslideshowgallery40616.autoheight_max = false;\t\tslideshowgallery40616.imgSpeed = 10;\t\tslideshowgallery40616.navOpacity = 25;\t\tslideshowgallery40616.navHover = 70;\t\tslideshowgallery40616.letterbox = \"#000000\";\t\tslideshowgallery40616.linkclass = \"linkhover\";\t\tslideshowgallery40616.imagesid = \"imagesgallery40616\";\t\tslideshowgallery40616.info = \"\";\t\tslideshowgallery40616.infoonhover = 0;\t\tslideshowgallery40616.infoSpeed = 10;\t\tslideshowgallery40616.infodelay = 0;\t\tslideshowgallery40616.infofade = 0;\t\tslideshowgallery40616.infofadedelay = 0;\t\tslideshowgallery40616.thumbs = \"slidergallery40616\";\t\tslideshowgallery40616.thumbOpacity = 70;\t\tslideshowgallery40616.left = \"slideleftgallery40616\";\t\tslideshowgallery40616.right = \"sliderightgallery40616\";\t\tslideshowgallery40616.scrollSpeed = 5;\t\tslideshowgallery40616.spacing = 5;\t\tslideshowgallery40616.active = \"#ffffff\";\t\tslideshowgallery40616.imagesthickbox = \"false\";\t\tjQuery(\"#spinnergallery40616\").remove();\t\tslideshowgallery40616.init(\"slideshowgallery40616\",\"imagegallery40616\",\"imgprevgallery40616\",\"imgnextgallery40616\",\"imglinkgallery40616\");\t\ttid('slideshow-wrappergallery40616').style.visibility = 'visible';\t\tjQuery(window).trigger('resize');\t\t\t\t\t});\t\t\t<\/script>\t\t<!-- Slideshow Gallery Javascript END --><!-- Slideshow Gallery CSS BEG --><style id=\"style-gallery40616\">\t\tul.slideshowgallery40616 { list-style:none !important; color:#fff; }\n\t\tul.slideshowgallery40616 span { display:none; }\n\t\t#slideshow-wrappergallery40616 { overflow: hidden; position:relative; width:100%; background:#020202; padding:0 0 0 0; border:; margin:0; display:none; }\n\t\t#slideshow-wrappergallery40616 * { margin:0; padding:0; }\n\t\t#slideshow-wrappergallery40616 #fullsizegallery40616 { position:relative; z-index:1; overflow:hidden; width:100%; height:460px; clear:both; border: none; }\n\t\t#slideshow-wrappergallery40616 #informationgallery40616 { text-align:left; font-family:Verdana, Arial, Helvetica, sans-serif !important; position:absolute; width:100%; height:0; background:#000000; color:#ffffff; overflow:hidden; z-index:300; opacity:.7; filter:alpha(opacity=70); }\n\t\t#slideshow-wrappergallery40616 #informationgallery40616 h3 { color:#ffffff; padding:4px 8px 3px; margin:0 !important; font-size:16px; font-weight:bold; }\n\t\t#slideshow-wrappergallery40616 #informationgallery40616 a { color:#ffffff; }\n\t\t#slideshow-wrappergallery40616 #informationgallery40616 p { color:#ffffff; padding:0 8px 8px; margin:0 !important; font-size: 14px; font-weight:normal; }\n\t\t#slideshow-wrappergallery40616 .infotop { margin-bottom:8px !important; top:0!important; }\n\t\t#slideshow-wrappergallery40616 .infobottom { margin-top:8px !important; bottom:0!important; }\n\t\t\t\t\t#slideshow-wrappergallery40616 #imagegallery40616 { width:100%; }\n\t\t\t#slideshow-wrappergallery40616 #imagegallery40616 img { border:none; border-radius:0; box-shadow:none; position:absolute; left:0%; right:0%; max-height:100%; max-width:100%; margin:0 auto; display:block; }\n\t\t\t\t#slideshow-wrappergallery40616 .imgnav { position:absolute; width:25%; height:100%; cursor:pointer; z-index:250; }\n\t\t#slideshow-wrappergallery40616 #imgprevgallery40616:before { font-family:FontAwesome; content:\"\\f053\"; font-size:30px; color:white; visibility:visible; left:0; text-align:left; width: auto; height:auto; line-height:160%; top:50%; margin:-30px 0 0 0; border-radius:0 10px 10px 0; background:black; padding:3px 10px 0 10px; position: absolute; display: inline-block; \t}\n\t\t#slideshow-wrappergallery40616 #imgprevgallery40616 { display:none; -moz-user-select: none; -khtml-user-select: none; -webkit-user-select: none; -o-user-select: none; left:0; font-size:0px; }\n\t\t#slideshow-wrappergallery40616 #imgnextgallery40616:before { font-family:FontAwesome; content:\"\\f054\"; font-size:30px; color:white; visibility:visible; right:0; text-align:right; width: auto; height:auto; line-height:160%; top:50%; margin:-30px 0 0 0; border-radius:10px 0 0 10px; background:black; padding:3px 10px 0 10px; position: absolute; display: inline-block; }\n\t\t#slideshow-wrappergallery40616 #imgnextgallery40616 { display:none; -moz-user-select: none; -khtml-user-select: none; -webkit-user-select: none; -o-user-select: none; right:0; font-size:0px; }\n\t\t#slideshow-wrappergallery40616 #imglinkgallery40616 { position:absolute; zoom:1; background-color:#ffffff; height:100%; width:100%; left:0; z-index:149; opacity:0; filter:alpha(opacity=0); }\n\t\t#slideshow-wrappergallery40616 .linkhover:before { font-family:FontAwesome; content:\"\\f14c\"; font-size:30px; text-align:center; height:auto; line-height:160%; width:auto; top:50%; left:auto; right:auto; margin:-30px 0 0 0; padding:0px 12px; display: inline-block; position: relative; background:black; color:white; border-radius:10px; }\n\t\t#slideshow-wrappergallery40616 .linkhover { background:transparent !important; opacity:.4 !important; filter:alpha(opacity=40) !important; text-align:center; font-size:0px; }\n\t\t#slideshow-wrappergallery40616 #thumbnailsgallery40616 { background:#020202; height:89px; width:100%; position:relative; overflow:hidden; }\n\t\t#slideshow-wrappergallery40616 .thumbstop { margin-bottom:8px !important; }\n\t\t#slideshow-wrappergallery40616 .thumbsbot { margin-top:8px !important; }\n\t\t#slideshow-wrappergallery40616 #slideleftgallery40616:before { font-family:FontAwesome; content: \"\\f104\"; color:#999; position: absolute; height: auto; line-height:160%; width: auto; display: inline-block; top: 50%; font-size: 30px; margin: -30px 0 0 0; padding: 0 5px; }\n\t\t#slideshow-wrappergallery40616 #slideleftgallery40616 { text-align:left; float:left; position:absolute; left:0; z-index:150; width:20px; height:89px; background:#222; }\n\t\t#slideshow-wrappergallery40616 #slideleftgallery40616:hover { background-color:#333; }\n\t\t#slideshow-wrappergallery40616 #sliderightgallery40616:before { font-family:FontAwesome; content: \"\\f105\"; color:#999; position: absolute; height: auto; line-height:160%; width: auto; display: inline-block; top: 50%; font-size: 30px; margin: -30px 0 0 0; padding: 0 5px; }\n\t\t#slideshow-wrappergallery40616 #sliderightgallery40616 { text-align:left; float:right; position:absolute; right:0; z-index:150; width:20px; height:89px; background:#222; }\n\t\t#slideshow-wrappergallery40616 #sliderightgallery40616:hover { background-color:#333; }\n\t\t#slideshow-wrappergallery40616 #slideareagallery40616 { float:left; position:absolute; z-index:149; background:#020202; width:100%; margin:0; height:89px; overflow:hidden; }\n\t\t#slideshow-wrappergallery40616 #slidergallery40616 { position:absolute; width:837px !important; left:0; height:89px; padding:3px 20px 0 25px; }\n\t\t#slideshow-wrappergallery40616 #slidergallery40616 img { width:100px; height:75px; cursor:pointer; border:1px solid #666; padding:2px; float:left !important; }\n\t\t#slideshow-wrappergallery40616 #spinnergallery40616 { position:relative; top:50%; left:45%; text-align:left; font-size:30px; }\n\t\t#slideshow-wrappergallery40616 #spinnergallery40616 img { border:none; }\n\t\n\t\t\t\t@media (max-width:480px) { \t.slideshow-information { display: none !important; } }\n\t\t\t\t\t\t@media (max-width:480px) { \t.slideshow-thumbnails { display: none !important; } }\n\t\t\t<\/style><!-- Slideshow Gallery CSS END --><br \/>\n\t<!-- Slideshow Gallery CSS END -->.<\/div>\n<\/div>\n","protected":false},"excerpt":{"rendered":"<p>Informaci\u00f3 Sobre la seva obra CV Informaci\u00f3 Concentra en escassos cent\u00edmetres l&#8217;ess\u00e8ncia de totes les seves vides viscudes. La seva gran capacitat de connotar a trav\u00e9s de materials i textures, es perfecciona en cadascuna de les seves obres, permetent una<span class=\"ellipsis\">&hellip;<\/span><\/p>\n<div class=\"read-more\"><a href=\"https:\/\/www.artsituacions.com\/ca\/artistas\/anna-talens\/\">Llegir m\u00e9s &#8250;<\/a><\/div>\n<p><!-- end of .read-more --><\/p>\n","protected":false},"author":1,"featured_media":0,"comment_status":"closed","ping_status":"closed","sticky":false,"template":"","format":"standard","meta":[],"categories":[5],"tags":[],"post_formats":[],"yoast_head":"<!-- This site is optimized with the Yoast SEO plugin v17.8 - https:\/\/yoast.com\/wordpress\/plugins\/seo\/ -->\n<meta name=\"robots\" content=\"index, follow, max-snippet:-1, max-image-preview:large, max-video-preview:-1\" \/>\n<link rel=\"canonical\" href=\"https:\/\/www.artsituacions.com\/it\/artistas\/anna-talens\/\" \/>\n<meta property=\"og:locale\" content=\"ca_ES\" \/>\n<meta property=\"og:type\" content=\"article\" \/>\n<meta property=\"og:title\" content=\"Anna Talens - Artsituacions\" \/>\n<meta property=\"og:description\" content=\"Informaci\u00f3 Sobre la seva obra CV Informaci\u00f3 Concentra en escassos cent\u00edmetres l&#8217;ess\u00e8ncia de totes les seves vides viscudes. La seva gran capacitat de connotar a trav\u00e9s de materials i textures, es perfecciona en cadascuna de les seves obres, permetent una&hellip;Llegir m\u00e9s &#8250;\" \/>\n<meta property=\"og:url\" content=\"https:\/\/www.artsituacions.com\/ca\/artistas\/anna-talens\/\" \/>\n<meta property=\"og:site_name\" content=\"Artsituacions\" \/>\n<meta property=\"article:published_time\" content=\"2015-02-06T10:46:15+00:00\" \/>\n<meta property=\"article:modified_time\" content=\"2017-05-21T21:27:51+00:00\" \/>\n<meta property=\"og:image\" content=\"http:\/\/www.artsituacions.com\/wp-content\/uploads\/2015\/02\/anna-talens.jpg\" \/>\n<meta name=\"twitter:card\" content=\"summary_large_image\" \/>\n<meta name=\"twitter:label1\" content=\"Escrit per\" \/>\n\t<meta name=\"twitter:data1\" content=\"maria\" \/>\n\t<meta name=\"twitter:label2\" content=\"Temps estimat de lectura\" \/>\n\t<meta name=\"twitter:data2\" content=\"32 minuts\" \/>\n<script type=\"application\/ld+json\" class=\"yoast-schema-graph\">{\"@context\":\"https:\/\/schema.org\",\"@graph\":[{\"@type\":\"WebSite\",\"@id\":\"https:\/\/www.artsituacions.com\/es\/#website\",\"url\":\"https:\/\/www.artsituacions.com\/es\/\",\"name\":\"Artsituacions\",\"description\":\"\",\"potentialAction\":[{\"@type\":\"SearchAction\",\"target\":{\"@type\":\"EntryPoint\",\"urlTemplate\":\"https:\/\/www.artsituacions.com\/es\/?s={search_term_string}\"},\"query-input\":\"required name=search_term_string\"}],\"inLanguage\":\"ca\"},{\"@type\":\"ImageObject\",\"@id\":\"https:\/\/www.artsituacions.com\/it\/artistas\/anna-talens\/#primaryimage\",\"inLanguage\":\"ca\",\"url\":\"http:\/\/www.artsituacions.com\/wp-content\/uploads\/2015\/02\/anna-talens.jpg\",\"contentUrl\":\"http:\/\/www.artsituacions.com\/wp-content\/uploads\/2015\/02\/anna-talens.jpg\"},{\"@type\":\"WebPage\",\"@id\":\"https:\/\/www.artsituacions.com\/it\/artistas\/anna-talens\/#webpage\",\"url\":\"https:\/\/www.artsituacions.com\/it\/artistas\/anna-talens\/\",\"name\":\"Anna Talens - Artsituacions\",\"isPartOf\":{\"@id\":\"https:\/\/www.artsituacions.com\/es\/#website\"},\"primaryImageOfPage\":{\"@id\":\"https:\/\/www.artsituacions.com\/it\/artistas\/anna-talens\/#primaryimage\"},\"datePublished\":\"2015-02-06T10:46:15+00:00\",\"dateModified\":\"2017-05-21T21:27:51+00:00\",\"author\":{\"@id\":\"https:\/\/www.artsituacions.com\/es\/#\/schema\/person\/3d37438f4bd373cb842fb92a55dae3d0\"},\"breadcrumb\":{\"@id\":\"https:\/\/www.artsituacions.com\/it\/artistas\/anna-talens\/#breadcrumb\"},\"inLanguage\":\"ca\",\"potentialAction\":[{\"@type\":\"ReadAction\",\"target\":[\"https:\/\/www.artsituacions.com\/it\/artistas\/anna-talens\/\"]}]},{\"@type\":\"BreadcrumbList\",\"@id\":\"https:\/\/www.artsituacions.com\/it\/artistas\/anna-talens\/#breadcrumb\",\"itemListElement\":[{\"@type\":\"ListItem\",\"position\":1,\"name\":\"Home\",\"item\":\"https:\/\/www.artsituacions.com\/es\/\"},{\"@type\":\"ListItem\",\"position\":2,\"name\":\"Artistas\",\"item\":\"https:\/\/www.artsituacions.com\/es\/category\/artistas\/\"},{\"@type\":\"ListItem\",\"position\":3,\"name\":\"Anna Talens\"}]},{\"@type\":\"Person\",\"@id\":\"https:\/\/www.artsituacions.com\/es\/#\/schema\/person\/3d37438f4bd373cb842fb92a55dae3d0\",\"name\":\"maria\",\"image\":{\"@type\":\"ImageObject\",\"@id\":\"https:\/\/www.artsituacions.com\/es\/#personlogo\",\"inLanguage\":\"ca\",\"url\":\"https:\/\/secure.gravatar.com\/avatar\/5e917d4d501b3a16916d469da41efaf8?s=96&d=mm&r=g\",\"contentUrl\":\"https:\/\/secure.gravatar.com\/avatar\/5e917d4d501b3a16916d469da41efaf8?s=96&d=mm&r=g\",\"caption\":\"maria\"},\"url\":\"https:\/\/www.artsituacions.com\/ca\/author\/maria\/\"}]}<\/script>\n<!-- \/ Yoast SEO plugin. -->","yoast_head_json":{"robots":{"index":"index","follow":"follow","max-snippet":"max-snippet:-1","max-image-preview":"max-image-preview:large","max-video-preview":"max-video-preview:-1"},"canonical":"https:\/\/www.artsituacions.com\/it\/artistas\/anna-talens\/","og_locale":"ca_ES","og_type":"article","og_title":"Anna Talens - Artsituacions","og_description":"Informaci\u00f3 Sobre la seva obra CV Informaci\u00f3 Concentra en escassos cent\u00edmetres l&#8217;ess\u00e8ncia de totes les seves vides viscudes. La seva gran capacitat de connotar a trav\u00e9s de materials i textures, es perfecciona en cadascuna de les seves obres, permetent una&hellip;Llegir m\u00e9s &#8250;","og_url":"https:\/\/www.artsituacions.com\/ca\/artistas\/anna-talens\/","og_site_name":"Artsituacions","article_published_time":"2015-02-06T10:46:15+00:00","article_modified_time":"2017-05-21T21:27:51+00:00","og_image":[{"url":"http:\/\/www.artsituacions.com\/wp-content\/uploads\/2015\/02\/anna-talens.jpg"}],"twitter_card":"summary_large_image","twitter_misc":{"Escrit per":"maria","Temps estimat de lectura":"32 minuts"},"schema":{"@context":"https:\/\/schema.org","@graph":[{"@type":"WebSite","@id":"https:\/\/www.artsituacions.com\/es\/#website","url":"https:\/\/www.artsituacions.com\/es\/","name":"Artsituacions","description":"","potentialAction":[{"@type":"SearchAction","target":{"@type":"EntryPoint","urlTemplate":"https:\/\/www.artsituacions.com\/es\/?s={search_term_string}"},"query-input":"required name=search_term_string"}],"inLanguage":"ca"},{"@type":"ImageObject","@id":"https:\/\/www.artsituacions.com\/it\/artistas\/anna-talens\/#primaryimage","inLanguage":"ca","url":"http:\/\/www.artsituacions.com\/wp-content\/uploads\/2015\/02\/anna-talens.jpg","contentUrl":"http:\/\/www.artsituacions.com\/wp-content\/uploads\/2015\/02\/anna-talens.jpg"},{"@type":"WebPage","@id":"https:\/\/www.artsituacions.com\/it\/artistas\/anna-talens\/#webpage","url":"https:\/\/www.artsituacions.com\/it\/artistas\/anna-talens\/","name":"Anna Talens - Artsituacions","isPartOf":{"@id":"https:\/\/www.artsituacions.com\/es\/#website"},"primaryImageOfPage":{"@id":"https:\/\/www.artsituacions.com\/it\/artistas\/anna-talens\/#primaryimage"},"datePublished":"2015-02-06T10:46:15+00:00","dateModified":"2017-05-21T21:27:51+00:00","author":{"@id":"https:\/\/www.artsituacions.com\/es\/#\/schema\/person\/3d37438f4bd373cb842fb92a55dae3d0"},"breadcrumb":{"@id":"https:\/\/www.artsituacions.com\/it\/artistas\/anna-talens\/#breadcrumb"},"inLanguage":"ca","potentialAction":[{"@type":"ReadAction","target":["https:\/\/www.artsituacions.com\/it\/artistas\/anna-talens\/"]}]},{"@type":"BreadcrumbList","@id":"https:\/\/www.artsituacions.com\/it\/artistas\/anna-talens\/#breadcrumb","itemListElement":[{"@type":"ListItem","position":1,"name":"Home","item":"https:\/\/www.artsituacions.com\/es\/"},{"@type":"ListItem","position":2,"name":"Artistas","item":"https:\/\/www.artsituacions.com\/es\/category\/artistas\/"},{"@type":"ListItem","position":3,"name":"Anna Talens"}]},{"@type":"Person","@id":"https:\/\/www.artsituacions.com\/es\/#\/schema\/person\/3d37438f4bd373cb842fb92a55dae3d0","name":"maria","image":{"@type":"ImageObject","@id":"https:\/\/www.artsituacions.com\/es\/#personlogo","inLanguage":"ca","url":"https:\/\/secure.gravatar.com\/avatar\/5e917d4d501b3a16916d469da41efaf8?s=96&d=mm&r=g","contentUrl":"https:\/\/secure.gravatar.com\/avatar\/5e917d4d501b3a16916d469da41efaf8?s=96&d=mm&r=g","caption":"maria"},"url":"https:\/\/www.artsituacions.com\/ca\/author\/maria\/"}]}},"AFP_featured_media_urls":{"full":false,"thumbnail":false,"medium":false,"medium_large":false,"large":false},"AFP_attachments":{"full":false,"thumbnail":false,"medium":false,"medium_large":false,"large":false},"AFP_videos":[],"AFP_video_blocks":"","AFP_category_names":["Artistes"],"_links":{"self":[{"href":"https:\/\/www.artsituacions.com\/ca\/wp-json\/wp\/v2\/posts\/1259"}],"collection":[{"href":"https:\/\/www.artsituacions.com\/ca\/wp-json\/wp\/v2\/posts"}],"about":[{"href":"https:\/\/www.artsituacions.com\/ca\/wp-json\/wp\/v2\/types\/post"}],"author":[{"embeddable":true,"href":"https:\/\/www.artsituacions.com\/ca\/wp-json\/wp\/v2\/users\/1"}],"replies":[{"embeddable":true,"href":"https:\/\/www.artsituacions.com\/ca\/wp-json\/wp\/v2\/comments?post=1259"}],"version-history":[{"count":5,"href":"https:\/\/www.artsituacions.com\/ca\/wp-json\/wp\/v2\/posts\/1259\/revisions"}],"predecessor-version":[{"id":1371,"href":"https:\/\/www.artsituacions.com\/ca\/wp-json\/wp\/v2\/posts\/1259\/revisions\/1371"}],"wp:attachment":[{"href":"https:\/\/www.artsituacions.com\/ca\/wp-json\/wp\/v2\/media?parent=1259"}],"wp:term":[{"taxonomy":"category","embeddable":true,"href":"https:\/\/www.artsituacions.com\/ca\/wp-json\/wp\/v2\/categories?post=1259"},{"taxonomy":"post_tag","embeddable":true,"href":"https:\/\/www.artsituacions.com\/ca\/wp-json\/wp\/v2\/tags?post=1259"},{"taxonomy":"post_format","embeddable":true,"href":"https:\/\/www.artsituacions.com\/ca\/wp-json\/wp\/v2\/post_formats?post=1259"}],"curies":[{"name":"wp","href":"https:\/\/api.w.org\/{rel}","templated":true}]}}