{"id":1841,"date":"2015-11-25T11:54:00","date_gmt":"2015-11-25T11:54:00","guid":{"rendered":"https:\/\/www.artsituacions.com\/en\/?p=1841"},"modified":"2022-01-08T12:32:49","modified_gmt":"2022-01-08T12:32:49","slug":"art-situacions-ii-opens-at-macro-in-rome","status":"publish","type":"post","link":"https:\/\/www.artsituacions.com\/ca\/noticias\/art-situacions-ii-opens-at-macro-in-rome\/","title":{"rendered":"S&#8217;inaugura ART Situacions II en el MACRO de Roma"},"content":{"rendered":"\n<div class=\"wp-block-columns is-layout-flex wp-container-3\">\n<div class=\"wp-block-column is-layout-flow\" style=\"flex-basis:25%\">\n<figure class=\"wp-block-image size-full\"><img decoding=\"async\" loading=\"lazy\" width=\"300\" height=\"300\" src=\"https:\/\/www.artsituacions.com\/wp-content\/uploads\/2022\/01\/macro.jpeg\" alt=\"\" class=\"wp-image-1842\"\/><\/figure>\n<\/div>\n\n\n\n<div class=\"wp-block-column is-layout-flow\" style=\"flex-basis:75%\">\n<h2 class=\"wp-block-heading\"><strong>S&#8217;inaugura&nbsp;ART&nbsp;Situacions&nbsp;II en el MACRO de Roma<\/strong><\/h2>\n\n\n\n<p><em><strong>Del 27 de novembre de 2015 al 31 de gener de 2016, el Museu d&#8217;Art Contemporani de Roma (MACRO) acull la segona edici\u00f3 de la mostra\u00a0ART\u00a0Situacions, a c\u00e0rrec de Mar\u00eda de Corral,\u00a0Ilaria\u00a0Gianni, Lorena Mart\u00ednez de Corral i Vicent\u00a0Todol\u00ed, promoguda per Roma\u00a0Capitale\u00a0\u2013\u00a0Sovrintendenza\u00a0Capitolina\u00a0ai\u00a0Beni\u00a0Culturali, i organitzada per\u00a0ART\u00a0Situacions\u00a0sota la direcci\u00f3 de Pilar Forcada, en col\u00b7laboraci\u00f3 amb\u00a0Z\u00e8tema\u00a0Progetto\u00a0Cultura.<\/strong><\/em><\/p>\n\n\n\n<p>La mostra pret\u00e9n presentar-se com un passeig estimulant i multicolor, oferir un punt de vista privilegiat sobre algunes de les pr\u00e0ctiques m\u00e9s estructurades, evocadores i coherents d&#8217;aquest moment hist\u00f2ric i, al mateix temps, transmetre diferents interpretacions articulades dels temps que estem vivint.<\/p>\n\n\n\n<p>ART&nbsp;Situacions&nbsp;II \u00e9s una exposici\u00f3 itinerant. Despr\u00e9s d&#8217;una primera parada en el Museu d&#8217;Art Contemporani Vila&nbsp;Croce, de G\u00e8nova (del 18 de setembre de 2015 al 15 de novembre de 2015), desembarca en el MACRO, el Museu d&#8217;Art Contemporani de Roma (del 27 de novembre de 2015 al 31 de gener de 2016), per a despr\u00e9s continuar el seu viatge fins a Matadero Madrid (del 19 de febrer de 2016 al 8 de maig de 2016).<\/p>\n\n\n\n<figure class=\"wp-block-image size-large\"><img decoding=\"async\" loading=\"lazy\" width=\"1024\" height=\"683\" src=\"https:\/\/www.artsituacions.com\/wp-content\/uploads\/2017\/05\/fcm_0064-1024x683.jpg\" alt=\"\" class=\"wp-image-1503\" srcset=\"https:\/\/www.artsituacions.com\/wp-content\/uploads\/2017\/05\/fcm_0064-1024x683.jpg 1024w, https:\/\/www.artsituacions.com\/wp-content\/uploads\/2017\/05\/fcm_0064-100x67.jpg 100w, https:\/\/www.artsituacions.com\/wp-content\/uploads\/2017\/05\/fcm_0064-300x200.jpg 300w, https:\/\/www.artsituacions.com\/wp-content\/uploads\/2017\/05\/fcm_0064-768x512.jpg 768w, https:\/\/www.artsituacions.com\/wp-content\/uploads\/2017\/05\/fcm_0064-150x100.jpg 150w, https:\/\/www.artsituacions.com\/wp-content\/uploads\/2017\/05\/fcm_0064-200x133.jpg 200w, https:\/\/www.artsituacions.com\/wp-content\/uploads\/2017\/05\/fcm_0064-450x300.jpg 450w, https:\/\/www.artsituacions.com\/wp-content\/uploads\/2017\/05\/fcm_0064-600x400.jpg 600w, https:\/\/www.artsituacions.com\/wp-content\/uploads\/2017\/05\/fcm_0064-900x600.jpg 900w, https:\/\/www.artsituacions.com\/wp-content\/uploads\/2017\/05\/fcm_0064.jpg 1200w\" sizes=\"(max-width: 1024px) 100vw, 1024px\" \/><figcaption><meta charset=\"utf-8\">Macro, Roma<\/figcaption><\/figure>\n<\/div>\n<\/div>\n","protected":false},"excerpt":{"rendered":"<p>S&#8217;inaugura&nbsp;ART&nbsp;Situacions&nbsp;II en el MACRO de Roma Del 27 de novembre de 2015 al 31 de gener de 2016, el Museu d&#8217;Art Contemporani de Roma (MACRO) acull la segona edici\u00f3 de la mostra\u00a0ART\u00a0Situacions, a c\u00e0rrec de Mar\u00eda de Corral,\u00a0Ilaria\u00a0Gianni, Lorena Mart\u00ednez<span class=\"ellipsis\">&hellip;<\/span><\/p>\n<div class=\"read-more\"><a href=\"https:\/\/www.artsituacions.com\/ca\/noticias\/art-situacions-ii-opens-at-macro-in-rome\/\">Llegir m\u00e9s &#8250;<\/a><\/div>\n<p><!-- end of .read-more --><\/p>\n","protected":false},"author":1,"featured_media":1503,"comment_status":"closed","ping_status":"closed","sticky":false,"template":"","format":"standard","meta":[],"categories":[12],"tags":[],"post_formats":[],"yoast_head":"<!-- This site is optimized with the Yoast SEO plugin v17.8 - https:\/\/yoast.com\/wordpress\/plugins\/seo\/ -->\n<meta name=\"robots\" content=\"index, follow, max-snippet:-1, max-image-preview:large, max-video-preview:-1\" \/>\n<link rel=\"canonical\" href=\"https:\/\/www.artsituacions.com\/it\/noticias\/art-situacions-ii-opens-at-macro-in-rome\/\" \/>\n<meta property=\"og:locale\" content=\"ca_ES\" \/>\n<meta property=\"og:type\" content=\"article\" \/>\n<meta property=\"og:title\" content=\"S&#039;inaugura ART Situacions II en el MACRO de Roma\" \/>\n<meta property=\"og:description\" content=\"S&#8217;inaugura&nbsp;ART&nbsp;Situacions&nbsp;II en el MACRO de Roma Del 27 de novembre de 2015 al 31 de gener de 2016, el Museu d&#8217;Art Contemporani de Roma (MACRO) acull la segona edici\u00f3 de la mostra\u00a0ART\u00a0Situacions, a c\u00e0rrec de Mar\u00eda de Corral,\u00a0Ilaria\u00a0Gianni, Lorena Mart\u00ednez&hellip;Llegir m\u00e9s &#8250;\" \/>\n<meta property=\"og:url\" content=\"https:\/\/www.artsituacions.com\/ca\/noticias\/art-situacions-ii-opens-at-macro-in-rome\/\" \/>\n<meta property=\"og:site_name\" content=\"Artsituacions\" \/>\n<meta property=\"article:published_time\" content=\"2015-11-25T11:54:00+00:00\" \/>\n<meta property=\"article:modified_time\" content=\"2022-01-08T12:32:49+00:00\" \/>\n<meta property=\"og:image\" content=\"https:\/\/www.artsituacions.com\/wp-content\/uploads\/2017\/05\/fcm_0064.jpg\" \/>\n\t<meta property=\"og:image:width\" content=\"1200\" \/>\n\t<meta property=\"og:image:height\" content=\"800\" \/>\n<meta name=\"twitter:card\" content=\"summary_large_image\" \/>\n<meta name=\"twitter:label1\" content=\"Escrit per\" \/>\n\t<meta name=\"twitter:data1\" content=\"maria\" \/>\n\t<meta name=\"twitter:label2\" content=\"Temps estimat de lectura\" \/>\n\t<meta name=\"twitter:data2\" content=\"2 minuts\" \/>\n<script type=\"application\/ld+json\" class=\"yoast-schema-graph\">{\"@context\":\"https:\/\/schema.org\",\"@graph\":[{\"@type\":\"WebSite\",\"@id\":\"https:\/\/www.artsituacions.com\/es\/#website\",\"url\":\"https:\/\/www.artsituacions.com\/es\/\",\"name\":\"Artsituacions\",\"description\":\"\",\"potentialAction\":[{\"@type\":\"SearchAction\",\"target\":{\"@type\":\"EntryPoint\",\"urlTemplate\":\"https:\/\/www.artsituacions.com\/es\/?s={search_term_string}\"},\"query-input\":\"required name=search_term_string\"}],\"inLanguage\":\"ca\"},{\"@type\":\"ImageObject\",\"@id\":\"https:\/\/www.artsituacions.com\/it\/noticias\/art-situacions-ii-opens-at-macro-in-rome\/#primaryimage\",\"inLanguage\":\"ca\",\"url\":\"https:\/\/www.artsituacions.com\/wp-content\/uploads\/2017\/05\/fcm_0064.jpg\",\"contentUrl\":\"https:\/\/www.artsituacions.com\/wp-content\/uploads\/2017\/05\/fcm_0064.jpg\",\"width\":1200,\"height\":800},{\"@type\":\"WebPage\",\"@id\":\"https:\/\/www.artsituacions.com\/it\/noticias\/art-situacions-ii-opens-at-macro-in-rome\/#webpage\",\"url\":\"https:\/\/www.artsituacions.com\/it\/noticias\/art-situacions-ii-opens-at-macro-in-rome\/\",\"name\":\"[:es]Se inaugura ART Situacions II en el MACRO de Roma[:ca]S'inaugura ART Situacions II en el MACRO de Roma[:en]ART Situacions II opens at Macro in Rome[:] - Artsituacions\",\"isPartOf\":{\"@id\":\"https:\/\/www.artsituacions.com\/es\/#website\"},\"primaryImageOfPage\":{\"@id\":\"https:\/\/www.artsituacions.com\/it\/noticias\/art-situacions-ii-opens-at-macro-in-rome\/#primaryimage\"},\"datePublished\":\"2015-11-25T11:54:00+00:00\",\"dateModified\":\"2022-01-08T12:32:49+00:00\",\"author\":{\"@id\":\"https:\/\/www.artsituacions.com\/es\/#\/schema\/person\/3d37438f4bd373cb842fb92a55dae3d0\"},\"breadcrumb\":{\"@id\":\"https:\/\/www.artsituacions.com\/it\/noticias\/art-situacions-ii-opens-at-macro-in-rome\/#breadcrumb\"},\"inLanguage\":\"ca\",\"potentialAction\":[{\"@type\":\"ReadAction\",\"target\":[\"https:\/\/www.artsituacions.com\/it\/noticias\/art-situacions-ii-opens-at-macro-in-rome\/\"]}]},{\"@type\":\"BreadcrumbList\",\"@id\":\"https:\/\/www.artsituacions.com\/it\/noticias\/art-situacions-ii-opens-at-macro-in-rome\/#breadcrumb\",\"itemListElement\":[{\"@type\":\"ListItem\",\"position\":1,\"name\":\"Home\",\"item\":\"https:\/\/www.artsituacions.com\/es\/\"},{\"@type\":\"ListItem\",\"position\":2,\"name\":\"Noticias\",\"item\":\"https:\/\/www.artsituacions.com\/it\/category\/noticias\/\"},{\"@type\":\"ListItem\",\"position\":3,\"name\":\"Se inaugura ART Situacions II en el MACRO de Roma\"}]},{\"@type\":\"Person\",\"@id\":\"https:\/\/www.artsituacions.com\/es\/#\/schema\/person\/3d37438f4bd373cb842fb92a55dae3d0\",\"name\":\"maria\",\"image\":{\"@type\":\"ImageObject\",\"@id\":\"https:\/\/www.artsituacions.com\/es\/#personlogo\",\"inLanguage\":\"ca\",\"url\":\"https:\/\/secure.gravatar.com\/avatar\/5e917d4d501b3a16916d469da41efaf8?s=96&d=mm&r=g\",\"contentUrl\":\"https:\/\/secure.gravatar.com\/avatar\/5e917d4d501b3a16916d469da41efaf8?s=96&d=mm&r=g\",\"caption\":\"maria\"},\"url\":\"https:\/\/www.artsituacions.com\/ca\/author\/maria\/\"}]}<\/script>\n<!-- \/ Yoast SEO plugin. -->","yoast_head_json":{"robots":{"index":"index","follow":"follow","max-snippet":"max-snippet:-1","max-image-preview":"max-image-preview:large","max-video-preview":"max-video-preview:-1"},"canonical":"https:\/\/www.artsituacions.com\/it\/noticias\/art-situacions-ii-opens-at-macro-in-rome\/","og_locale":"ca_ES","og_type":"article","og_title":"[:es]Se inaugura ART Situacions II en el MACRO de Roma[:ca]S'inaugura ART Situacions II en el MACRO de Roma[:en]ART Situacions II opens at Macro in Rome[:] - Artsituacions","og_description":"S&#8217;inaugura&nbsp;ART&nbsp;Situacions&nbsp;II en el MACRO de Roma Del 27 de novembre de 2015 al 31 de gener de 2016, el Museu d&#8217;Art Contemporani de Roma (MACRO) acull la segona edici\u00f3 de la mostra\u00a0ART\u00a0Situacions, a c\u00e0rrec de Mar\u00eda de Corral,\u00a0Ilaria\u00a0Gianni, Lorena Mart\u00ednez&hellip;Llegir m\u00e9s &#8250;","og_url":"https:\/\/www.artsituacions.com\/ca\/noticias\/art-situacions-ii-opens-at-macro-in-rome\/","og_site_name":"Artsituacions","article_published_time":"2015-11-25T11:54:00+00:00","article_modified_time":"2022-01-08T12:32:49+00:00","og_image":[{"width":1200,"height":800,"url":"https:\/\/www.artsituacions.com\/wp-content\/uploads\/2017\/05\/fcm_0064.jpg","type":"image\/jpeg"}],"twitter_card":"summary_large_image","twitter_misc":{"Escrit per":"maria","Temps estimat de lectura":"2 minuts"},"schema":{"@context":"https:\/\/schema.org","@graph":[{"@type":"WebSite","@id":"https:\/\/www.artsituacions.com\/es\/#website","url":"https:\/\/www.artsituacions.com\/es\/","name":"Artsituacions","description":"","potentialAction":[{"@type":"SearchAction","target":{"@type":"EntryPoint","urlTemplate":"https:\/\/www.artsituacions.com\/es\/?s={search_term_string}"},"query-input":"required name=search_term_string"}],"inLanguage":"ca"},{"@type":"ImageObject","@id":"https:\/\/www.artsituacions.com\/it\/noticias\/art-situacions-ii-opens-at-macro-in-rome\/#primaryimage","inLanguage":"ca","url":"https:\/\/www.artsituacions.com\/wp-content\/uploads\/2017\/05\/fcm_0064.jpg","contentUrl":"https:\/\/www.artsituacions.com\/wp-content\/uploads\/2017\/05\/fcm_0064.jpg","width":1200,"height":800},{"@type":"WebPage","@id":"https:\/\/www.artsituacions.com\/it\/noticias\/art-situacions-ii-opens-at-macro-in-rome\/#webpage","url":"https:\/\/www.artsituacions.com\/it\/noticias\/art-situacions-ii-opens-at-macro-in-rome\/","name":"[:es]Se inaugura ART Situacions II en el MACRO de Roma[:ca]S'inaugura ART Situacions II en el MACRO de Roma[:en]ART Situacions II opens at Macro in Rome[:] - Artsituacions","isPartOf":{"@id":"https:\/\/www.artsituacions.com\/es\/#website"},"primaryImageOfPage":{"@id":"https:\/\/www.artsituacions.com\/it\/noticias\/art-situacions-ii-opens-at-macro-in-rome\/#primaryimage"},"datePublished":"2015-11-25T11:54:00+00:00","dateModified":"2022-01-08T12:32:49+00:00","author":{"@id":"https:\/\/www.artsituacions.com\/es\/#\/schema\/person\/3d37438f4bd373cb842fb92a55dae3d0"},"breadcrumb":{"@id":"https:\/\/www.artsituacions.com\/it\/noticias\/art-situacions-ii-opens-at-macro-in-rome\/#breadcrumb"},"inLanguage":"ca","potentialAction":[{"@type":"ReadAction","target":["https:\/\/www.artsituacions.com\/it\/noticias\/art-situacions-ii-opens-at-macro-in-rome\/"]}]},{"@type":"BreadcrumbList","@id":"https:\/\/www.artsituacions.com\/it\/noticias\/art-situacions-ii-opens-at-macro-in-rome\/#breadcrumb","itemListElement":[{"@type":"ListItem","position":1,"name":"Home","item":"https:\/\/www.artsituacions.com\/es\/"},{"@type":"ListItem","position":2,"name":"Noticias","item":"https:\/\/www.artsituacions.com\/it\/category\/noticias\/"},{"@type":"ListItem","position":3,"name":"Se inaugura ART Situacions II en el MACRO de Roma"}]},{"@type":"Person","@id":"https:\/\/www.artsituacions.com\/es\/#\/schema\/person\/3d37438f4bd373cb842fb92a55dae3d0","name":"maria","image":{"@type":"ImageObject","@id":"https:\/\/www.artsituacions.com\/es\/#personlogo","inLanguage":"ca","url":"https:\/\/secure.gravatar.com\/avatar\/5e917d4d501b3a16916d469da41efaf8?s=96&d=mm&r=g","contentUrl":"https:\/\/secure.gravatar.com\/avatar\/5e917d4d501b3a16916d469da41efaf8?s=96&d=mm&r=g","caption":"maria"},"url":"https:\/\/www.artsituacions.com\/ca\/author\/maria\/"}]}},"AFP_featured_media_urls":{"full":["https:\/\/www.artsituacions.com\/wp-content\/uploads\/2017\/05\/fcm_0064.jpg",1200,800,false],"thumbnail":["https:\/\/www.artsituacions.com\/wp-content\/uploads\/2017\/05\/fcm_0064-100x67.jpg",100,67,true],"medium":["https:\/\/www.artsituacions.com\/wp-content\/uploads\/2017\/05\/fcm_0064-300x200.jpg",300,200,true],"medium_large":["https:\/\/www.artsituacions.com\/wp-content\/uploads\/2017\/05\/fcm_0064-768x512.jpg",605,403,true],"large":["https:\/\/www.artsituacions.com\/wp-content\/uploads\/2017\/05\/fcm_0064-1024x683.jpg",605,404,true]},"AFP_attachments":{"full":["https:\/\/www.artsituacions.com\/wp-content\/uploads\/2022\/01\/macro.jpeg",300,300,false],"thumbnail":["https:\/\/www.artsituacions.com\/wp-content\/uploads\/2022\/01\/macro.jpeg",100,100,false],"medium":["https:\/\/www.artsituacions.com\/wp-content\/uploads\/2022\/01\/macro.jpeg",300,300,false],"medium_large":["https:\/\/www.artsituacions.com\/wp-content\/uploads\/2022\/01\/macro.jpeg",300,300,false],"large":["https:\/\/www.artsituacions.com\/wp-content\/uploads\/2022\/01\/macro.jpeg",300,300,false]},"AFP_videos":[],"AFP_video_blocks":"","AFP_category_names":["Not\u00edcies"],"_links":{"self":[{"href":"https:\/\/www.artsituacions.com\/ca\/wp-json\/wp\/v2\/posts\/1841"}],"collection":[{"href":"https:\/\/www.artsituacions.com\/ca\/wp-json\/wp\/v2\/posts"}],"about":[{"href":"https:\/\/www.artsituacions.com\/ca\/wp-json\/wp\/v2\/types\/post"}],"author":[{"embeddable":true,"href":"https:\/\/www.artsituacions.com\/ca\/wp-json\/wp\/v2\/users\/1"}],"replies":[{"embeddable":true,"href":"https:\/\/www.artsituacions.com\/ca\/wp-json\/wp\/v2\/comments?post=1841"}],"version-history":[{"count":7,"href":"https:\/\/www.artsituacions.com\/ca\/wp-json\/wp\/v2\/posts\/1841\/revisions"}],"predecessor-version":[{"id":1865,"href":"https:\/\/www.artsituacions.com\/ca\/wp-json\/wp\/v2\/posts\/1841\/revisions\/1865"}],"wp:featuredmedia":[{"embeddable":true,"href":"https:\/\/www.artsituacions.com\/ca\/wp-json\/wp\/v2\/media\/1503"}],"wp:attachment":[{"href":"https:\/\/www.artsituacions.com\/ca\/wp-json\/wp\/v2\/media?parent=1841"}],"wp:term":[{"taxonomy":"category","embeddable":true,"href":"https:\/\/www.artsituacions.com\/ca\/wp-json\/wp\/v2\/categories?post=1841"},{"taxonomy":"post_tag","embeddable":true,"href":"https:\/\/www.artsituacions.com\/ca\/wp-json\/wp\/v2\/tags?post=1841"},{"taxonomy":"post_format","embeddable":true,"href":"https:\/\/www.artsituacions.com\/ca\/wp-json\/wp\/v2\/post_formats?post=1841"}],"curies":[{"name":"wp","href":"https:\/\/api.w.org\/{rel}","templated":true}]}}