{"id":2017,"date":"2022-04-26T18:13:00","date_gmt":"2022-04-26T18:13:00","guid":{"rendered":"https:\/\/www.artsituacions.com\/es\/?p=2017"},"modified":"2022-08-07T19:00:21","modified_gmt":"2022-08-07T19:00:21","slug":"esse-publica-la-lista-de-artistas-de-art-situacions-iii","status":"publish","type":"post","link":"https:\/\/www.artsituacions.com\/ca\/noticias\/esse-publica-la-lista-de-artistas-de-art-situacions-iii\/","title":{"rendered":"Es publica la llista d&#039;artistes ART Situacions III"},"content":{"rendered":"\n<div class=\"wp-block-columns is-layout-flex wp-container-3\">\n<div class=\"wp-block-column is-layout-flow\" style=\"flex-basis:25%\">\n<figure class=\"wp-block-image size-full\"><img decoding=\"async\" loading=\"lazy\" width=\"949\" height=\"954\" src=\"https:\/\/www.artsituacions.com\/wp-content\/uploads\/2022\/02\/arco_2022_ok_02.jpg\" alt=\"\" class=\"wp-image-1949\"\/><\/figure>\n<\/div>\n\n\n\n<div class=\"wp-block-column is-layout-flow\" style=\"flex-basis:75%\">\n<h2 class=\"wp-block-heading\"><strong>Es publica la llista d&#8217;artistes ART Situacions III<\/strong><\/h2>\n\n\n\n<p><strong>L&#8217;organitzaci\u00f3 d&#8217;ART&nbsp;Situacions&nbsp;dona a con\u00e8ixer la llista dels deu artistes triats per a formar part de la seva tercera edici\u00f3<\/strong><\/p>\n\n\n\n<ul><li><em>El comit\u00e8 d&#8217;experts format per Vicent&nbsp;Todol\u00ed, Mar\u00eda de Corral, Lorena Mart\u00ednez de Corral i&nbsp;Chus&nbsp;Mart\u00ednez han realitzat la selecci\u00f3.<\/em><\/li><li><em>Els artistes triats representen l&#8217;escena m\u00e9s emergent de l&#8217;art a Espanya i Fran\u00e7a.<\/em><\/li><li><em>La llista est\u00e0 formada per cinc artistes de cada pa\u00eds.<\/em><\/li><\/ul>\n\n\n\n<p><br>Barcelona, 26 d&#8217;abril de 2022.-\u00a0<strong>ART\u00a0Situacions\u00a0acaba d&#8217;anunciar la llista d&#8217;artistes que formaran part de la seva tercera edici\u00f3.<\/strong> Els joves creadors, que representen l&#8217;escena m\u00e9s emergent de l&#8217;art actual a Espanya i Fran\u00e7a, han estat proposats de forma consensuada per Vicent\u00a0Todol\u00ed, Mar\u00eda de Corral, Lorena Mart\u00ednez de Corral i\u00a0Chus\u00a0Mart\u00ednez, especialistes de reconegut prestigi nacional i internacional.<\/p>\n\n\n\n<p>La relaci\u00f3 est\u00e0 composta per cinc artistes de cada pa\u00eds, conformant una incisiva panor\u00e0mica de les generacions m\u00e9s joves a Espanya i Fran\u00e7a.<\/p>\n\n\n\n<ul><li>Elena&nbsp;Aitzkoa.<\/li><li>Nora&nbsp;Aurrekoetxea.<\/li><li>Llu\u00efa&nbsp;Bay\u00f3n.<\/li><li>Elsa&nbsp;Br\u00e8s.<\/li><li>Pablo&nbsp;Capit\u00e1n&nbsp;del Riu.<\/li><li>Salome&nbsp;Chatriot.<\/li><li>Marie-Luce&nbsp;Nadal.<\/li><li>Benoit&nbsp;Pi\u00e9ron.<\/li><li>Aleix&nbsp;Plademunt.<\/li><li>Yoan&nbsp;Sorin.<\/li><\/ul>\n\n\n\n<p>L&#8217;exposici\u00f3 inaugural est\u00e0 prevista per a gener de 2023 a Madrid, en un important espai cultural que ser\u00e0 revelat en els pr\u00f2xims mesos. L&#8217;objectiu d&#8217;ART&nbsp;Situacions&nbsp;\u00e9s realitzar diverses mostres a Espanya i Fran\u00e7a durant els dos pr\u00f2xims anys.<\/p>\n\n\n\n<p>Conscient de l&#8217;escassetat d&#8217;oportunitats que afronta el sector m\u00e9s jove de l&#8217;art actual, la iniciativa privada de mecenatge&nbsp;ART&nbsp;Situacions&nbsp;t\u00e9 com a missi\u00f3 donar suport a la cultura i als artistes participants, contribuint a dinamitzar el teixit art\u00edstic actual.<\/p>\n<\/div>\n<\/div>\n","protected":false},"excerpt":{"rendered":"<p>Es publica la llista d&#8217;artistes ART Situacions III L&#8217;organitzaci\u00f3 d&#8217;ART&nbsp;Situacions&nbsp;dona a con\u00e8ixer la llista dels deu artistes triats per a formar part de la seva tercera edici\u00f3 El comit\u00e8 d&#8217;experts format per Vicent&nbsp;Todol\u00ed, Mar\u00eda de Corral, Lorena Mart\u00ednez de Corral<span class=\"ellipsis\">&hellip;<\/span><\/p>\n<div class=\"read-more\"><a href=\"https:\/\/www.artsituacions.com\/ca\/noticias\/esse-publica-la-lista-de-artistas-de-art-situacions-iii\/\">Llegir m\u00e9s &#8250;<\/a><\/div>\n<p><!-- end of .read-more --><\/p>\n","protected":false},"author":1,"featured_media":1949,"comment_status":"closed","ping_status":"closed","sticky":true,"template":"","format":"standard","meta":[],"categories":[12],"tags":[],"post_formats":[],"yoast_head":"<!-- This site is optimized with the Yoast SEO plugin v17.8 - https:\/\/yoast.com\/wordpress\/plugins\/seo\/ -->\n<meta name=\"robots\" content=\"index, follow, max-snippet:-1, max-image-preview:large, max-video-preview:-1\" \/>\n<link rel=\"canonical\" href=\"https:\/\/www.artsituacions.com\/ca\/noticias\/esse-publica-la-lista-de-artistas-de-art-situacions-iii\/\" \/>\n<meta property=\"og:locale\" content=\"ca_ES\" \/>\n<meta property=\"og:type\" content=\"article\" \/>\n<meta property=\"og:title\" content=\"Es publica la llista d&#039;artistes ART Situacions III\" \/>\n<meta property=\"og:description\" content=\"Es publica la llista d&#8217;artistes ART Situacions III L&#8217;organitzaci\u00f3 d&#8217;ART&nbsp;Situacions&nbsp;dona a con\u00e8ixer la llista dels deu artistes triats per a formar part de la seva tercera edici\u00f3 El comit\u00e8 d&#8217;experts format per Vicent&nbsp;Todol\u00ed, Mar\u00eda de Corral, Lorena Mart\u00ednez de Corral&hellip;Llegir m\u00e9s &#8250;\" \/>\n<meta property=\"og:url\" content=\"https:\/\/www.artsituacions.com\/ca\/noticias\/esse-publica-la-lista-de-artistas-de-art-situacions-iii\/\" \/>\n<meta property=\"og:site_name\" content=\"Artsituacions\" \/>\n<meta property=\"article:published_time\" content=\"2022-04-26T18:13:00+00:00\" \/>\n<meta property=\"article:modified_time\" content=\"2022-08-07T19:00:21+00:00\" \/>\n<meta property=\"og:image\" content=\"https:\/\/www.artsituacions.com\/wp-content\/uploads\/2022\/02\/arco_2022_ok_02.jpg\" \/>\n\t<meta property=\"og:image:width\" content=\"949\" \/>\n\t<meta property=\"og:image:height\" content=\"954\" \/>\n<meta name=\"twitter:card\" content=\"summary_large_image\" \/>\n<meta name=\"twitter:label1\" content=\"Escrit per\" \/>\n\t<meta name=\"twitter:data1\" content=\"maria\" \/>\n\t<meta name=\"twitter:label2\" content=\"Temps estimat de lectura\" \/>\n\t<meta name=\"twitter:data2\" content=\"2 minuts\" \/>\n<script type=\"application\/ld+json\" class=\"yoast-schema-graph\">{\"@context\":\"https:\/\/schema.org\",\"@graph\":[{\"@type\":\"WebSite\",\"@id\":\"https:\/\/www.artsituacions.com\/es\/#website\",\"url\":\"https:\/\/www.artsituacions.com\/es\/\",\"name\":\"Artsituacions\",\"description\":\"\",\"potentialAction\":[{\"@type\":\"SearchAction\",\"target\":{\"@type\":\"EntryPoint\",\"urlTemplate\":\"https:\/\/www.artsituacions.com\/es\/?s={search_term_string}\"},\"query-input\":\"required name=search_term_string\"}],\"inLanguage\":\"ca\"},{\"@type\":\"ImageObject\",\"@id\":\"https:\/\/www.artsituacions.com\/ca\/noticias\/esse-publica-la-lista-de-artistas-de-art-situacions-iii\/#primaryimage\",\"inLanguage\":\"ca\",\"url\":\"https:\/\/www.artsituacions.com\/wp-content\/uploads\/2022\/02\/arco_2022_ok_02.jpg\",\"contentUrl\":\"https:\/\/www.artsituacions.com\/wp-content\/uploads\/2022\/02\/arco_2022_ok_02.jpg\",\"width\":949,\"height\":954},{\"@type\":\"WebPage\",\"@id\":\"https:\/\/www.artsituacions.com\/ca\/noticias\/esse-publica-la-lista-de-artistas-de-art-situacions-iii\/#webpage\",\"url\":\"https:\/\/www.artsituacions.com\/ca\/noticias\/esse-publica-la-lista-de-artistas-de-art-situacions-iii\/\",\"name\":\"[:es]Se publica la lista de artistas de ART Situacions III[:ca]Es publica la llista d&#039;artistes ART Situacions III[:en]ART Situacions III Artist List gets Published[:] - Artsituacions\",\"isPartOf\":{\"@id\":\"https:\/\/www.artsituacions.com\/es\/#website\"},\"primaryImageOfPage\":{\"@id\":\"https:\/\/www.artsituacions.com\/ca\/noticias\/esse-publica-la-lista-de-artistas-de-art-situacions-iii\/#primaryimage\"},\"datePublished\":\"2022-04-26T18:13:00+00:00\",\"dateModified\":\"2022-08-07T19:00:21+00:00\",\"author\":{\"@id\":\"https:\/\/www.artsituacions.com\/es\/#\/schema\/person\/3d37438f4bd373cb842fb92a55dae3d0\"},\"breadcrumb\":{\"@id\":\"https:\/\/www.artsituacions.com\/ca\/noticias\/esse-publica-la-lista-de-artistas-de-art-situacions-iii\/#breadcrumb\"},\"inLanguage\":\"ca\",\"potentialAction\":[{\"@type\":\"ReadAction\",\"target\":[\"https:\/\/www.artsituacions.com\/ca\/noticias\/esse-publica-la-lista-de-artistas-de-art-situacions-iii\/\"]}]},{\"@type\":\"BreadcrumbList\",\"@id\":\"https:\/\/www.artsituacions.com\/ca\/noticias\/esse-publica-la-lista-de-artistas-de-art-situacions-iii\/#breadcrumb\",\"itemListElement\":[{\"@type\":\"ListItem\",\"position\":1,\"name\":\"Home\",\"item\":\"https:\/\/www.artsituacions.com\/es\/\"},{\"@type\":\"ListItem\",\"position\":2,\"name\":\"Noticias\",\"item\":\"https:\/\/www.artsituacions.com\/it\/category\/noticias\/\"},{\"@type\":\"ListItem\",\"position\":3,\"name\":\"Es publica la llista d&#039;artistes ART Situacions III\"}]},{\"@type\":\"Person\",\"@id\":\"https:\/\/www.artsituacions.com\/es\/#\/schema\/person\/3d37438f4bd373cb842fb92a55dae3d0\",\"name\":\"maria\",\"image\":{\"@type\":\"ImageObject\",\"@id\":\"https:\/\/www.artsituacions.com\/es\/#personlogo\",\"inLanguage\":\"ca\",\"url\":\"https:\/\/secure.gravatar.com\/avatar\/5e917d4d501b3a16916d469da41efaf8?s=96&d=mm&r=g\",\"contentUrl\":\"https:\/\/secure.gravatar.com\/avatar\/5e917d4d501b3a16916d469da41efaf8?s=96&d=mm&r=g\",\"caption\":\"maria\"},\"url\":\"https:\/\/www.artsituacions.com\/ca\/author\/maria\/\"}]}<\/script>\n<!-- \/ Yoast SEO plugin. -->","yoast_head_json":{"robots":{"index":"index","follow":"follow","max-snippet":"max-snippet:-1","max-image-preview":"max-image-preview:large","max-video-preview":"max-video-preview:-1"},"canonical":"https:\/\/www.artsituacions.com\/ca\/noticias\/esse-publica-la-lista-de-artistas-de-art-situacions-iii\/","og_locale":"ca_ES","og_type":"article","og_title":"[:es]Se publica la lista de artistas de ART Situacions III[:ca]Es publica la llista d&#039;artistes ART Situacions III[:en]ART Situacions III Artist List gets Published[:] - Artsituacions","og_description":"Es publica la llista d&#8217;artistes ART Situacions III L&#8217;organitzaci\u00f3 d&#8217;ART&nbsp;Situacions&nbsp;dona a con\u00e8ixer la llista dels deu artistes triats per a formar part de la seva tercera edici\u00f3 El comit\u00e8 d&#8217;experts format per Vicent&nbsp;Todol\u00ed, Mar\u00eda de Corral, Lorena Mart\u00ednez de Corral&hellip;Llegir m\u00e9s &#8250;","og_url":"https:\/\/www.artsituacions.com\/ca\/noticias\/esse-publica-la-lista-de-artistas-de-art-situacions-iii\/","og_site_name":"Artsituacions","article_published_time":"2022-04-26T18:13:00+00:00","article_modified_time":"2022-08-07T19:00:21+00:00","og_image":[{"width":949,"height":954,"url":"https:\/\/www.artsituacions.com\/wp-content\/uploads\/2022\/02\/arco_2022_ok_02.jpg","type":"image\/jpeg"}],"twitter_card":"summary_large_image","twitter_misc":{"Escrit per":"maria","Temps estimat de lectura":"2 minuts"},"schema":{"@context":"https:\/\/schema.org","@graph":[{"@type":"WebSite","@id":"https:\/\/www.artsituacions.com\/es\/#website","url":"https:\/\/www.artsituacions.com\/es\/","name":"Artsituacions","description":"","potentialAction":[{"@type":"SearchAction","target":{"@type":"EntryPoint","urlTemplate":"https:\/\/www.artsituacions.com\/es\/?s={search_term_string}"},"query-input":"required name=search_term_string"}],"inLanguage":"ca"},{"@type":"ImageObject","@id":"https:\/\/www.artsituacions.com\/ca\/noticias\/esse-publica-la-lista-de-artistas-de-art-situacions-iii\/#primaryimage","inLanguage":"ca","url":"https:\/\/www.artsituacions.com\/wp-content\/uploads\/2022\/02\/arco_2022_ok_02.jpg","contentUrl":"https:\/\/www.artsituacions.com\/wp-content\/uploads\/2022\/02\/arco_2022_ok_02.jpg","width":949,"height":954},{"@type":"WebPage","@id":"https:\/\/www.artsituacions.com\/ca\/noticias\/esse-publica-la-lista-de-artistas-de-art-situacions-iii\/#webpage","url":"https:\/\/www.artsituacions.com\/ca\/noticias\/esse-publica-la-lista-de-artistas-de-art-situacions-iii\/","name":"[:es]Se publica la lista de artistas de ART Situacions III[:ca]Es publica la llista d&#039;artistes ART Situacions III[:en]ART Situacions III Artist List gets Published[:] - Artsituacions","isPartOf":{"@id":"https:\/\/www.artsituacions.com\/es\/#website"},"primaryImageOfPage":{"@id":"https:\/\/www.artsituacions.com\/ca\/noticias\/esse-publica-la-lista-de-artistas-de-art-situacions-iii\/#primaryimage"},"datePublished":"2022-04-26T18:13:00+00:00","dateModified":"2022-08-07T19:00:21+00:00","author":{"@id":"https:\/\/www.artsituacions.com\/es\/#\/schema\/person\/3d37438f4bd373cb842fb92a55dae3d0"},"breadcrumb":{"@id":"https:\/\/www.artsituacions.com\/ca\/noticias\/esse-publica-la-lista-de-artistas-de-art-situacions-iii\/#breadcrumb"},"inLanguage":"ca","potentialAction":[{"@type":"ReadAction","target":["https:\/\/www.artsituacions.com\/ca\/noticias\/esse-publica-la-lista-de-artistas-de-art-situacions-iii\/"]}]},{"@type":"BreadcrumbList","@id":"https:\/\/www.artsituacions.com\/ca\/noticias\/esse-publica-la-lista-de-artistas-de-art-situacions-iii\/#breadcrumb","itemListElement":[{"@type":"ListItem","position":1,"name":"Home","item":"https:\/\/www.artsituacions.com\/es\/"},{"@type":"ListItem","position":2,"name":"Noticias","item":"https:\/\/www.artsituacions.com\/it\/category\/noticias\/"},{"@type":"ListItem","position":3,"name":"Es publica la llista d&#039;artistes ART Situacions III"}]},{"@type":"Person","@id":"https:\/\/www.artsituacions.com\/es\/#\/schema\/person\/3d37438f4bd373cb842fb92a55dae3d0","name":"maria","image":{"@type":"ImageObject","@id":"https:\/\/www.artsituacions.com\/es\/#personlogo","inLanguage":"ca","url":"https:\/\/secure.gravatar.com\/avatar\/5e917d4d501b3a16916d469da41efaf8?s=96&d=mm&r=g","contentUrl":"https:\/\/secure.gravatar.com\/avatar\/5e917d4d501b3a16916d469da41efaf8?s=96&d=mm&r=g","caption":"maria"},"url":"https:\/\/www.artsituacions.com\/ca\/author\/maria\/"}]}},"AFP_featured_media_urls":{"full":["https:\/\/www.artsituacions.com\/wp-content\/uploads\/2022\/02\/arco_2022_ok_02.jpg",949,954,false],"thumbnail":["https:\/\/www.artsituacions.com\/wp-content\/uploads\/2022\/02\/arco_2022_ok_02.jpg",100,100,false],"medium":["https:\/\/www.artsituacions.com\/wp-content\/uploads\/2022\/02\/arco_2022_ok_02.jpg",298,300,false],"medium_large":["https:\/\/www.artsituacions.com\/wp-content\/uploads\/2022\/02\/arco_2022_ok_02.jpg",605,608,false],"large":["https:\/\/www.artsituacions.com\/wp-content\/uploads\/2022\/02\/arco_2022_ok_02.jpg",605,608,false]},"AFP_attachments":[],"AFP_videos":[],"AFP_video_blocks":"","AFP_category_names":["Not\u00edcies"],"_links":{"self":[{"href":"https:\/\/www.artsituacions.com\/ca\/wp-json\/wp\/v2\/posts\/2017"}],"collection":[{"href":"https:\/\/www.artsituacions.com\/ca\/wp-json\/wp\/v2\/posts"}],"about":[{"href":"https:\/\/www.artsituacions.com\/ca\/wp-json\/wp\/v2\/types\/post"}],"author":[{"embeddable":true,"href":"https:\/\/www.artsituacions.com\/ca\/wp-json\/wp\/v2\/users\/1"}],"replies":[{"embeddable":true,"href":"https:\/\/www.artsituacions.com\/ca\/wp-json\/wp\/v2\/comments?post=2017"}],"version-history":[{"count":4,"href":"https:\/\/www.artsituacions.com\/ca\/wp-json\/wp\/v2\/posts\/2017\/revisions"}],"predecessor-version":[{"id":2023,"href":"https:\/\/www.artsituacions.com\/ca\/wp-json\/wp\/v2\/posts\/2017\/revisions\/2023"}],"wp:featuredmedia":[{"embeddable":true,"href":"https:\/\/www.artsituacions.com\/ca\/wp-json\/wp\/v2\/media\/1949"}],"wp:attachment":[{"href":"https:\/\/www.artsituacions.com\/ca\/wp-json\/wp\/v2\/media?parent=2017"}],"wp:term":[{"taxonomy":"category","embeddable":true,"href":"https:\/\/www.artsituacions.com\/ca\/wp-json\/wp\/v2\/categories?post=2017"},{"taxonomy":"post_tag","embeddable":true,"href":"https:\/\/www.artsituacions.com\/ca\/wp-json\/wp\/v2\/tags?post=2017"},{"taxonomy":"post_format","embeddable":true,"href":"https:\/\/www.artsituacions.com\/ca\/wp-json\/wp\/v2\/post_formats?post=2017"}],"curies":[{"name":"wp","href":"https:\/\/api.w.org\/{rel}","templated":true}]}}