{"id":2027,"date":"2022-11-15T16:51:49","date_gmt":"2022-11-15T16:51:49","guid":{"rendered":"https:\/\/www.artsituacions.com\/es\/?p=2027"},"modified":"2022-11-15T17:19:23","modified_gmt":"2022-11-15T17:19:23","slug":"se-anuncia-la-primera-exposicion-de-art-situacions-iii-en-arcomadrid","status":"publish","type":"post","link":"https:\/\/www.artsituacions.com\/ca\/noticias\/se-anuncia-la-primera-exposicion-de-art-situacions-iii-en-arcomadrid\/","title":{"rendered":"S&#039;anuncia la primera exposici\u00f3 d&#039;ART Situacions III a ARCOmadrid 2023"},"content":{"rendered":"\n<div class=\"wp-block-columns is-layout-flex wp-container-3\">\n<div class=\"wp-block-column is-layout-flow\" style=\"flex-basis:25%\">\n<figure class=\"wp-block-image size-full\"><img decoding=\"async\" loading=\"lazy\" width=\"300\" height=\"289\" src=\"https:\/\/www.artsituacions.com\/wp-content\/uploads\/2020\/02\/logo_arco_madrid.jpeg\" alt=\"\" class=\"wp-image-1756\"\/><\/figure>\n<\/div>\n\n\n\n<div class=\"wp-block-column is-layout-flow\" style=\"flex-basis:75%\">\n<h2 class=\"wp-block-heading\"><strong>S&#8217;anuncia la primera exposici\u00f3 d&#8217;ART Situacions III a ARCOmadrid 2023<\/strong><\/h2>\n\n\n\n<p><strong>Art\u00a0Situacions\u00a0torna amb una mostra a ARCO amb obres dels artistes espanyols Elena\u00a0Aitzkoa,\u00a0Nora\u00a0Aurrekoetxea, Luc\u00eda\u00a0Bay\u00f3n, Pablo\u00a0Capit\u00e1n\u00a0del Riu i Aleix\u00a0Plademunt; i els artistes francesos, Elsa\u00a0Br\u00e8s,\u00a0Salome\u00a0Chatriot, Marie-Luce\u00a0Nadal,\u00a0Benoit\u00a0Pi\u00e9ron\u00a0i\u00a0Yoan\u00a0Sorin<\/strong><\/p>\n\n\n\n<p><em>La primera exposici\u00f3 d&#8217;aquesta tercera edici\u00f3 se celebrar\u00e0 a&nbsp;ARCOmadrid&nbsp;2023, del 22 al 26 de febrer de 2023<\/em><\/p>\n\n\n\n<ul><li>El pavell\u00f3 7 de&nbsp;IFEMA&nbsp;acollir\u00e0 un espai de&nbsp;500m2&nbsp;amb les obres que formen part d&#8217;aquesta trobada d&#8217;art emergent.<\/li><li>La mostra inclour\u00e0 les 10 obres noves produ\u00efdes per a l&#8217;ocasi\u00f3, aix\u00ed com diferents peces recents dels artistes seleccionats.<\/li><li>En la inauguraci\u00f3, que comptar\u00e0 amb la pres\u00e8ncia dels artistes i membres del comit\u00e8 d&#8217;experts, es presentar\u00e0 el llibre escrit per&nbsp;Chus&nbsp;Mart\u00ednez i editat per Turner.<\/li><\/ul>\n\n\n\n<p>Barcelona, 15 de novembre de 2022.- <strong>ART Situacions es complau a confirmar la primera exposici\u00f3<\/strong> de la tercera edici\u00f3 d&#8217;aquesta important trobada d&#8217;artistes d&#8217;Espanya i Fran\u00e7a. Aquesta tindr\u00e0 lloc en el marc d&#8217;<strong>ARCOmadrid 2023, concretament en el pavell\u00f3 7 de IFEMA<\/strong>, i es podr\u00e0 visitar durant tots els dies de la fira.&nbsp;<\/p>\n\n\n\n<p>L&#8217;exposici\u00f3 \u2013en homenatge a la fundadora d&#8217;ART Situacions Pilar Forcada\u2014celebra el seu suport a l&#8217;art i als artistes, el seu <strong>comprom\u00eds amb formes culturals de di\u00e0leg entre comunitats d&#8217;artistes i professionals,<\/strong> aix\u00ed com una forma activa de patrocini que serveixi de motivaci\u00f3 en un temps dificil als artistes de les generacions m\u00e9s joves i a les audi\u00e8ncies que els envolten.&nbsp;<\/p>\n\n\n\n<p>En la mostra es presenten les <strong>obres de nova creaci\u00f3<\/strong> que cadascun dels artistes que formen part d&#8217;aquest projecte han elaborat especialment per a ART Situacions III, al costat d&#8217;una selecci\u00f3 d&#8217;altres obres seves recents. La exposici\u00f3 la conformen cinc artistes espanyols, <strong>Elena Aitzkoa, Nora Aurrekoetxea, Luc\u00eda Bay\u00f3n, Pablo Capit\u00e1n del Riu i Aleix Plademunt<\/strong>; i cinc artistes francesos, <strong>Elsa Br\u00e8s, Salome Chatriot, Marie-Luce Nadal, Benoit Pi\u00e9ron i Yoan Sorin<\/strong>.<\/p>\n\n\n\n<p>Les obres d&#8217;aquests joves creadors, que representen a l&#8217;escena m\u00e9s emergent de l&#8217;art actual a Espanya i Fran\u00e7a, han estat seleccionades pel comit\u00e8 <strong> d&#8217;experts format per Mar\u00eda de Corral, Lorena Mart\u00ednez, Chus Mart\u00ednez i Vicent Todol\u00ed<\/strong>, especialistes de reconegut prestigi nacional i internacional.<\/p>\n\n\n\n<p>La cerim\u00f2nia d&#8217;inauguraci\u00f3 <strong> tindr\u00e0 lloc el dijous 23 de febrer a les 17h<\/strong> i comptar\u00e0 amb la pres\u00e8ncia dels artistes seleccionats, aix\u00ed com del comit\u00e8 d&#8217;experts. Es presentar\u00e0 tamb\u00e9 el llibre sobre la mostra, escrit per Chus Mart\u00ednez i editat per Turner.<\/p>\n\n\n\n<p>L&#8217;objectiu d&#8217;ART Situacions \u00e9s realitzar diverses mostres a Espanya i Fran\u00e7a durant els dos pr\u00f2xims anys, amb la missi\u00f3 de donar suport a la cultura i als artistes participants, contribuint a dinamitzar el teixit art\u00edstic actual.<\/p>\n<\/div>\n<\/div>\n","protected":false},"excerpt":{"rendered":"<p>S&#8217;anuncia la primera exposici\u00f3 d&#8217;ART Situacions III a ARCOmadrid 2023 Art\u00a0Situacions\u00a0torna amb una mostra a ARCO amb obres dels artistes espanyols Elena\u00a0Aitzkoa,\u00a0Nora\u00a0Aurrekoetxea, Luc\u00eda\u00a0Bay\u00f3n, Pablo\u00a0Capit\u00e1n\u00a0del Riu i Aleix\u00a0Plademunt; i els artistes francesos, Elsa\u00a0Br\u00e8s,\u00a0Salome\u00a0Chatriot, Marie-Luce\u00a0Nadal,\u00a0Benoit\u00a0Pi\u00e9ron\u00a0i\u00a0Yoan\u00a0Sorin La primera exposici\u00f3 d&#8217;aquesta tercera edici\u00f3 se<span class=\"ellipsis\">&hellip;<\/span><\/p>\n<div class=\"read-more\"><a href=\"https:\/\/www.artsituacions.com\/ca\/noticias\/se-anuncia-la-primera-exposicion-de-art-situacions-iii-en-arcomadrid\/\">Llegir m\u00e9s &#8250;<\/a><\/div>\n<p><!-- end of .read-more --><\/p>\n","protected":false},"author":1,"featured_media":1756,"comment_status":"closed","ping_status":"closed","sticky":false,"template":"","format":"standard","meta":[],"categories":[12],"tags":[],"post_formats":[],"yoast_head":"<!-- This site is optimized with the Yoast SEO plugin v17.8 - https:\/\/yoast.com\/wordpress\/plugins\/seo\/ -->\n<meta name=\"robots\" content=\"index, follow, max-snippet:-1, max-image-preview:large, max-video-preview:-1\" \/>\n<link rel=\"canonical\" href=\"https:\/\/www.artsituacions.com\/en\/noticias\/se-anuncia-la-primera-exposicion-de-art-situacions-iii-en-arcomadrid\/\" \/>\n<meta property=\"og:locale\" content=\"ca_ES\" \/>\n<meta property=\"og:type\" content=\"article\" \/>\n<meta property=\"og:title\" content=\"S&#039;anuncia la primera exposici\u00f3 d&#039;ART Situacions III a ARCOmadrid 2023\" \/>\n<meta property=\"og:description\" content=\"S&#8217;anuncia la primera exposici\u00f3 d&#8217;ART Situacions III a ARCOmadrid 2023 Art\u00a0Situacions\u00a0torna amb una mostra a ARCO amb obres dels artistes espanyols Elena\u00a0Aitzkoa,\u00a0Nora\u00a0Aurrekoetxea, Luc\u00eda\u00a0Bay\u00f3n, Pablo\u00a0Capit\u00e1n\u00a0del Riu i Aleix\u00a0Plademunt; i els artistes francesos, Elsa\u00a0Br\u00e8s,\u00a0Salome\u00a0Chatriot, Marie-Luce\u00a0Nadal,\u00a0Benoit\u00a0Pi\u00e9ron\u00a0i\u00a0Yoan\u00a0Sorin La primera exposici\u00f3 d&#8217;aquesta tercera edici\u00f3 se&hellip;Llegir m\u00e9s &#8250;\" \/>\n<meta property=\"og:url\" content=\"https:\/\/www.artsituacions.com\/ca\/noticias\/se-anuncia-la-primera-exposicion-de-art-situacions-iii-en-arcomadrid\/\" \/>\n<meta property=\"og:site_name\" content=\"Artsituacions\" \/>\n<meta property=\"article:published_time\" content=\"2022-11-15T16:51:49+00:00\" \/>\n<meta property=\"article:modified_time\" content=\"2022-11-15T17:19:23+00:00\" \/>\n<meta property=\"og:image\" content=\"https:\/\/www.artsituacions.com\/wp-content\/uploads\/2020\/02\/logo_arco_madrid.jpeg\" \/>\n\t<meta property=\"og:image:width\" content=\"300\" \/>\n\t<meta property=\"og:image:height\" content=\"289\" \/>\n<meta name=\"twitter:card\" content=\"summary_large_image\" \/>\n<meta name=\"twitter:label1\" content=\"Escrit per\" \/>\n\t<meta name=\"twitter:data1\" content=\"maria\" \/>\n\t<meta name=\"twitter:label2\" content=\"Temps estimat de lectura\" \/>\n\t<meta name=\"twitter:data2\" content=\"3 minuts\" \/>\n<script type=\"application\/ld+json\" class=\"yoast-schema-graph\">{\"@context\":\"https:\/\/schema.org\",\"@graph\":[{\"@type\":\"WebSite\",\"@id\":\"https:\/\/www.artsituacions.com\/es\/#website\",\"url\":\"https:\/\/www.artsituacions.com\/es\/\",\"name\":\"Artsituacions\",\"description\":\"\",\"potentialAction\":[{\"@type\":\"SearchAction\",\"target\":{\"@type\":\"EntryPoint\",\"urlTemplate\":\"https:\/\/www.artsituacions.com\/es\/?s={search_term_string}\"},\"query-input\":\"required name=search_term_string\"}],\"inLanguage\":\"ca\"},{\"@type\":\"ImageObject\",\"@id\":\"https:\/\/www.artsituacions.com\/en\/noticias\/se-anuncia-la-primera-exposicion-de-art-situacions-iii-en-arcomadrid\/#primaryimage\",\"inLanguage\":\"ca\",\"url\":\"https:\/\/www.artsituacions.com\/wp-content\/uploads\/2020\/02\/logo_arco_madrid.jpeg\",\"contentUrl\":\"https:\/\/www.artsituacions.com\/wp-content\/uploads\/2020\/02\/logo_arco_madrid.jpeg\",\"width\":300,\"height\":289},{\"@type\":\"WebPage\",\"@id\":\"https:\/\/www.artsituacions.com\/en\/noticias\/se-anuncia-la-primera-exposicion-de-art-situacions-iii-en-arcomadrid\/#webpage\",\"url\":\"https:\/\/www.artsituacions.com\/en\/noticias\/se-anuncia-la-primera-exposicion-de-art-situacions-iii-en-arcomadrid\/\",\"name\":\"[:es]Se anuncia la primera exposici\\u00f3n de ART Situacions III en ARCOmadrid 2023[:ca]S&#039;anuncia la primera exposici\\u00f3 d&#039;ART Situacions III a ARCOmadrid 2023[:en]ART Situacions III will have its first exhibition in ARCOmadrid 2023[:] - Artsituacions\",\"isPartOf\":{\"@id\":\"https:\/\/www.artsituacions.com\/es\/#website\"},\"primaryImageOfPage\":{\"@id\":\"https:\/\/www.artsituacions.com\/en\/noticias\/se-anuncia-la-primera-exposicion-de-art-situacions-iii-en-arcomadrid\/#primaryimage\"},\"datePublished\":\"2022-11-15T16:51:49+00:00\",\"dateModified\":\"2022-11-15T17:19:23+00:00\",\"author\":{\"@id\":\"https:\/\/www.artsituacions.com\/es\/#\/schema\/person\/3d37438f4bd373cb842fb92a55dae3d0\"},\"breadcrumb\":{\"@id\":\"https:\/\/www.artsituacions.com\/en\/noticias\/se-anuncia-la-primera-exposicion-de-art-situacions-iii-en-arcomadrid\/#breadcrumb\"},\"inLanguage\":\"ca\",\"potentialAction\":[{\"@type\":\"ReadAction\",\"target\":[\"https:\/\/www.artsituacions.com\/en\/noticias\/se-anuncia-la-primera-exposicion-de-art-situacions-iii-en-arcomadrid\/\"]}]},{\"@type\":\"BreadcrumbList\",\"@id\":\"https:\/\/www.artsituacions.com\/en\/noticias\/se-anuncia-la-primera-exposicion-de-art-situacions-iii-en-arcomadrid\/#breadcrumb\",\"itemListElement\":[{\"@type\":\"ListItem\",\"position\":1,\"name\":\"Home\",\"item\":\"https:\/\/www.artsituacions.com\/es\/\"},{\"@type\":\"ListItem\",\"position\":2,\"name\":\"Noticias\",\"item\":\"https:\/\/www.artsituacions.com\/it\/category\/noticias\/\"},{\"@type\":\"ListItem\",\"position\":3,\"name\":\"ART Situacions III will have its first exhibition in ARCOmadrid 2023\"}]},{\"@type\":\"Person\",\"@id\":\"https:\/\/www.artsituacions.com\/es\/#\/schema\/person\/3d37438f4bd373cb842fb92a55dae3d0\",\"name\":\"maria\",\"image\":{\"@type\":\"ImageObject\",\"@id\":\"https:\/\/www.artsituacions.com\/es\/#personlogo\",\"inLanguage\":\"ca\",\"url\":\"https:\/\/secure.gravatar.com\/avatar\/5e917d4d501b3a16916d469da41efaf8?s=96&d=mm&r=g\",\"contentUrl\":\"https:\/\/secure.gravatar.com\/avatar\/5e917d4d501b3a16916d469da41efaf8?s=96&d=mm&r=g\",\"caption\":\"maria\"},\"url\":\"https:\/\/www.artsituacions.com\/ca\/author\/maria\/\"}]}<\/script>\n<!-- \/ Yoast SEO plugin. -->","yoast_head_json":{"robots":{"index":"index","follow":"follow","max-snippet":"max-snippet:-1","max-image-preview":"max-image-preview:large","max-video-preview":"max-video-preview:-1"},"canonical":"https:\/\/www.artsituacions.com\/en\/noticias\/se-anuncia-la-primera-exposicion-de-art-situacions-iii-en-arcomadrid\/","og_locale":"ca_ES","og_type":"article","og_title":"[:es]Se anuncia la primera exposici\u00f3n de ART Situacions III en ARCOmadrid 2023[:ca]S&#039;anuncia la primera exposici\u00f3 d&#039;ART Situacions III a ARCOmadrid 2023[:en]ART Situacions III will have its first exhibition in ARCOmadrid 2023[:] - Artsituacions","og_description":"S&#8217;anuncia la primera exposici\u00f3 d&#8217;ART Situacions III a ARCOmadrid 2023 Art\u00a0Situacions\u00a0torna amb una mostra a ARCO amb obres dels artistes espanyols Elena\u00a0Aitzkoa,\u00a0Nora\u00a0Aurrekoetxea, Luc\u00eda\u00a0Bay\u00f3n, Pablo\u00a0Capit\u00e1n\u00a0del Riu i Aleix\u00a0Plademunt; i els artistes francesos, Elsa\u00a0Br\u00e8s,\u00a0Salome\u00a0Chatriot, Marie-Luce\u00a0Nadal,\u00a0Benoit\u00a0Pi\u00e9ron\u00a0i\u00a0Yoan\u00a0Sorin La primera exposici\u00f3 d&#8217;aquesta tercera edici\u00f3 se&hellip;Llegir m\u00e9s &#8250;","og_url":"https:\/\/www.artsituacions.com\/ca\/noticias\/se-anuncia-la-primera-exposicion-de-art-situacions-iii-en-arcomadrid\/","og_site_name":"Artsituacions","article_published_time":"2022-11-15T16:51:49+00:00","article_modified_time":"2022-11-15T17:19:23+00:00","og_image":[{"width":300,"height":289,"url":"https:\/\/www.artsituacions.com\/wp-content\/uploads\/2020\/02\/logo_arco_madrid.jpeg","type":"image\/jpeg"}],"twitter_card":"summary_large_image","twitter_misc":{"Escrit per":"maria","Temps estimat de lectura":"3 minuts"},"schema":{"@context":"https:\/\/schema.org","@graph":[{"@type":"WebSite","@id":"https:\/\/www.artsituacions.com\/es\/#website","url":"https:\/\/www.artsituacions.com\/es\/","name":"Artsituacions","description":"","potentialAction":[{"@type":"SearchAction","target":{"@type":"EntryPoint","urlTemplate":"https:\/\/www.artsituacions.com\/es\/?s={search_term_string}"},"query-input":"required name=search_term_string"}],"inLanguage":"ca"},{"@type":"ImageObject","@id":"https:\/\/www.artsituacions.com\/en\/noticias\/se-anuncia-la-primera-exposicion-de-art-situacions-iii-en-arcomadrid\/#primaryimage","inLanguage":"ca","url":"https:\/\/www.artsituacions.com\/wp-content\/uploads\/2020\/02\/logo_arco_madrid.jpeg","contentUrl":"https:\/\/www.artsituacions.com\/wp-content\/uploads\/2020\/02\/logo_arco_madrid.jpeg","width":300,"height":289},{"@type":"WebPage","@id":"https:\/\/www.artsituacions.com\/en\/noticias\/se-anuncia-la-primera-exposicion-de-art-situacions-iii-en-arcomadrid\/#webpage","url":"https:\/\/www.artsituacions.com\/en\/noticias\/se-anuncia-la-primera-exposicion-de-art-situacions-iii-en-arcomadrid\/","name":"[:es]Se anuncia la primera exposici\u00f3n de ART Situacions III en ARCOmadrid 2023[:ca]S&#039;anuncia la primera exposici\u00f3 d&#039;ART Situacions III a ARCOmadrid 2023[:en]ART Situacions III will have its first exhibition in ARCOmadrid 2023[:] - Artsituacions","isPartOf":{"@id":"https:\/\/www.artsituacions.com\/es\/#website"},"primaryImageOfPage":{"@id":"https:\/\/www.artsituacions.com\/en\/noticias\/se-anuncia-la-primera-exposicion-de-art-situacions-iii-en-arcomadrid\/#primaryimage"},"datePublished":"2022-11-15T16:51:49+00:00","dateModified":"2022-11-15T17:19:23+00:00","author":{"@id":"https:\/\/www.artsituacions.com\/es\/#\/schema\/person\/3d37438f4bd373cb842fb92a55dae3d0"},"breadcrumb":{"@id":"https:\/\/www.artsituacions.com\/en\/noticias\/se-anuncia-la-primera-exposicion-de-art-situacions-iii-en-arcomadrid\/#breadcrumb"},"inLanguage":"ca","potentialAction":[{"@type":"ReadAction","target":["https:\/\/www.artsituacions.com\/en\/noticias\/se-anuncia-la-primera-exposicion-de-art-situacions-iii-en-arcomadrid\/"]}]},{"@type":"BreadcrumbList","@id":"https:\/\/www.artsituacions.com\/en\/noticias\/se-anuncia-la-primera-exposicion-de-art-situacions-iii-en-arcomadrid\/#breadcrumb","itemListElement":[{"@type":"ListItem","position":1,"name":"Home","item":"https:\/\/www.artsituacions.com\/es\/"},{"@type":"ListItem","position":2,"name":"Noticias","item":"https:\/\/www.artsituacions.com\/it\/category\/noticias\/"},{"@type":"ListItem","position":3,"name":"ART Situacions III will have its first exhibition in ARCOmadrid 2023"}]},{"@type":"Person","@id":"https:\/\/www.artsituacions.com\/es\/#\/schema\/person\/3d37438f4bd373cb842fb92a55dae3d0","name":"maria","image":{"@type":"ImageObject","@id":"https:\/\/www.artsituacions.com\/es\/#personlogo","inLanguage":"ca","url":"https:\/\/secure.gravatar.com\/avatar\/5e917d4d501b3a16916d469da41efaf8?s=96&d=mm&r=g","contentUrl":"https:\/\/secure.gravatar.com\/avatar\/5e917d4d501b3a16916d469da41efaf8?s=96&d=mm&r=g","caption":"maria"},"url":"https:\/\/www.artsituacions.com\/ca\/author\/maria\/"}]}},"AFP_featured_media_urls":{"full":["https:\/\/www.artsituacions.com\/wp-content\/uploads\/2020\/02\/logo_arco_madrid.jpeg",300,289,false],"thumbnail":["https:\/\/www.artsituacions.com\/wp-content\/uploads\/2020\/02\/logo_arco_madrid.jpeg",100,96,false],"medium":["https:\/\/www.artsituacions.com\/wp-content\/uploads\/2020\/02\/logo_arco_madrid.jpeg",300,289,false],"medium_large":["https:\/\/www.artsituacions.com\/wp-content\/uploads\/2020\/02\/logo_arco_madrid.jpeg",300,289,false],"large":["https:\/\/www.artsituacions.com\/wp-content\/uploads\/2020\/02\/logo_arco_madrid.jpeg",300,289,false]},"AFP_attachments":[],"AFP_videos":[],"AFP_video_blocks":"","AFP_category_names":["Not\u00edcies"],"_links":{"self":[{"href":"https:\/\/www.artsituacions.com\/ca\/wp-json\/wp\/v2\/posts\/2027"}],"collection":[{"href":"https:\/\/www.artsituacions.com\/ca\/wp-json\/wp\/v2\/posts"}],"about":[{"href":"https:\/\/www.artsituacions.com\/ca\/wp-json\/wp\/v2\/types\/post"}],"author":[{"embeddable":true,"href":"https:\/\/www.artsituacions.com\/ca\/wp-json\/wp\/v2\/users\/1"}],"replies":[{"embeddable":true,"href":"https:\/\/www.artsituacions.com\/ca\/wp-json\/wp\/v2\/comments?post=2027"}],"version-history":[{"count":8,"href":"https:\/\/www.artsituacions.com\/ca\/wp-json\/wp\/v2\/posts\/2027\/revisions"}],"predecessor-version":[{"id":2037,"href":"https:\/\/www.artsituacions.com\/ca\/wp-json\/wp\/v2\/posts\/2027\/revisions\/2037"}],"wp:featuredmedia":[{"embeddable":true,"href":"https:\/\/www.artsituacions.com\/ca\/wp-json\/wp\/v2\/media\/1756"}],"wp:attachment":[{"href":"https:\/\/www.artsituacions.com\/ca\/wp-json\/wp\/v2\/media?parent=2027"}],"wp:term":[{"taxonomy":"category","embeddable":true,"href":"https:\/\/www.artsituacions.com\/ca\/wp-json\/wp\/v2\/categories?post=2027"},{"taxonomy":"post_tag","embeddable":true,"href":"https:\/\/www.artsituacions.com\/ca\/wp-json\/wp\/v2\/tags?post=2027"},{"taxonomy":"post_format","embeddable":true,"href":"https:\/\/www.artsituacions.com\/ca\/wp-json\/wp\/v2\/post_formats?post=2027"}],"curies":[{"name":"wp","href":"https:\/\/api.w.org\/{rel}","templated":true}]}}