{"id":2078,"date":"2022-11-16T18:47:58","date_gmt":"2022-11-16T18:47:58","guid":{"rendered":"https:\/\/www.artsituacions.com\/es\/?p=2078"},"modified":"2023-02-22T18:44:50","modified_gmt":"2023-02-22T18:44:50","slug":"aleix-plademunt","status":"publish","type":"post","link":"https:\/\/www.artsituacions.com\/ca\/artistas\/aleix-plademunt\/","title":{"rendered":"Aleix Plademunt"},"content":{"rendered":"<div id=\"authorInfo\">\n<div class=\"c1\">\n<p><img decoding=\"async\" loading=\"lazy\" class=\"alignnone size-full wp-image-1296\" src=\"http:\/\/www.artsituacions.com\/wp-content\/uploads\/2022\/11\/aleixplademunt.jpg\" alt=\"aleix-plademunt\" width=\"200\" height=\"200\" \/><\/p>\n<ul class=\"tabs\">\n<li><a href=\"#\">Informaci\u00f3n<\/a><\/li>\n<li><a href=\"#\">Sobre su obra<\/a><\/li>\n<li><a href=\"#\">CV<\/a><\/li>\n<\/ul>\n<\/div>\n<div class=\"c2\">\n<div class=\"panes informacion\">\n<div class=\"scroll-pane\">\n<h3 class=\"title\">Informaci\u00f3n<\/h3>\n<div class=\"page\" title=\"Page 1\">\n<div class=\"layoutArea\">\n<div class=\"column\">\n<p>Girona, 1980<\/p>\n<p>Abandona sus estudios de ingenieri\u0301a te\u0301cnica en la Universitat de Girona (UdG) para dedicarse de pleno con la fotografi\u0301a. En 2003 se licencia en fotografi\u0301a en el CTIM (UPC).<\/p>\n<p>Durante todos estos an\u0303os no ha dejado de trabajar en proyectos fotogra\u0301ficos personales de los que destaca: Espectadores (2006), Nada (2007), DubaiLand (2008), Tot (2009), Almost There (2010-2013), \u68ee\u4e0b Morishita (2016) y Un Passaggio (2017), Trafalgar (2019), Iberia (2019) y Matter (2013-2022)<\/p>\n<p>Es autor de 9 libros:<\/p>\n<ul>\n<li>Matter. Publicado por Ca l\u2019Isidret + Spector Books. Mayo 2022<\/li>\n<li>Antimatter. Publicado por Ca l\u2019Isidret + Comunidad de Madrid. Mayo 2022<\/li>\n<li>Intempe\u0300ries ~ Hinterlands. Publicado por Ca l\u2019Isidret + Galerie Olivier Waltman. Enero 2021 \u00b7 Iberia. Publicado por Ca l\u2019Isidret. Octubre 2019<\/li>\n<li>Un Passaggio. Publicado por Ca l\u2019Isidret. Mayo 2017<\/li>\n<li>\u68ee\u4e0b Morishita. Publicado por Ca l\u2019Isidret. Febrero 2017<\/li>\n<li>Almost There. Publicado por Ca l\u2019Isidret + MACK. Octubre 2013<\/li>\n<li>Ca l\u2019Isidret. Publicado por Ca l\u2019Isidret. Occtubre 2012<\/li>\n<li>Moviemientos de suelo. Publicado por Ca l\u2019Isidret. Mayo 2011<\/li>\n<\/ul>\n<p>Ha realizado residencias arti\u0301sticas y ha recibido distintas becas para desarrollar o continuar con sus proyectos. Destaca:<\/p>\n<ul>\n<li>2022. Beca Leonardo. BBVA<\/li>\n<li>2017. Residencia Hangar \/ ADM Me\u0301xico<\/li>\n<li>2015. Residencia Sapporo Tenjinyama Art Studio, Japo\u0301n<\/li>\n<li>2015. Residencia Tokyo Wonder Site \/ El Ranchito, Japo\u0301n \u00b7 2015. Beca Artes Pla\u0301sticas Fundacio\u0301n Boti\u0301n<\/li>\n<li>2105. Premio Revelacio\u0301n Photo Espan\u0303a<\/li>\n<li>2008. Beca Fotopress La Caixa<\/li>\n<li>2006. Premio Injuve<\/li>\n<li>2003. Beca Universidad de las Ame\u0301ricas (UDLA), Me\u0301xico<\/li>\n<\/ul>\n<p>Es co-fundador del proyecto editorial Ca l&#8217;Isidret creado en 2013. Hasta han publicado ma\u0301s de 25 ti\u0301tulos, con especial intere\u0301s y sensibilidad por la fotografi\u0301a, cri\u0301tica, ensayo y lenguaje visual.<\/p>\n<p>Desde el 2003 ha realizado ma\u0301s de 25 exposiciones individuales y ma\u0301s de 50 colectivas, de las que destaca la exposicio\u0301n individual Matter en la Sala Canal Isabel II de Madrid, comisariada por Antonio M. Xoubanova, la participacio\u0301n en la exposicio\u0301n \u201cApunts per a un incendi dels ulls\u201d. Panorama 21. Comisariada por Hiuwai Chu + Latitudes. MACBA. Museu d\u2019art contempora\u0300ni de Barcelona. [22-10-21 \/ 27-2-22], y la exposicio\u0301n del proyecto Almost There en la sala Le Bal, Paris [2013], y IMA Gallery, Tokio [2014].<\/p>\n<\/div>\n<\/div>\n<\/div>\n<p><!--info--><\/p>\n<\/div>\n<style>.scroll-pane{width: 800px;height:4<span data-mce-type=\"bookmark\" style=\"display: inline-block; width: 0px; overflow: hidden; line-height: 0;\" class=\"mce_SELRES_start\">\ufeff<\/span>50px;overflow: auto;}<\/style>\n<\/div>\n<div class=\"panes aboutWork\">\n<div class=\"scroll-pane\">\n<h3 class=\"title\">Sobre su obra<\/h3>\n<p><span style=\"font-weight: 400;\">Desde sus primeros proyectos, Aleix Plademunt manifiesta un inter\u00e9s especial por el territorio, el paisaje y el espacio, atendiendo a sus formaciones, transformaciones, modificaciones, manipulaciones, alteraciones, extracciones, usos, abusos y desechos. Sus primeros trabajos son abordados a modo serial, prestando una atenci\u00f3n especial al viaje, la acumulaci\u00f3n y el reconocimiento semi\u00f3tico de ciertos signos detectados en el paisaje mediante el medio y la pr\u00e1ctica fotogr\u00e1fica. Algunas partes de estas im\u00e1genes permanecen constantes para enfatizar los cambios y la serie puede ser le\u00edda de una manera lineal m\u00e1s que narrativa.<\/span><\/p>\n<p><span style=\"font-weight: 400;\">Es a partir de <\/span><i><span style=\"font-weight: 400;\">Almost There<\/span><\/i><span style=\"font-weight: 400;\"> (2010-2013) que el enfoque, proceso y metodolog\u00eda cambian y el inter\u00e9s ya no recae en fotografiar situaciones, lugares u objetos como de trazar una red de asociaciones y v\u00ednculos entre ellos. M\u00e1s que una estructura o sistema, el hilo, que hilvana esos elementos e instantes aparentemente aleatorios, busca rastrear una relaci\u00f3n de fuerzas en constante movimiento, por eso cuesta tanto fijarlas. Aleix se interesa especialmente en el lenguaje y la narrativa fotogr\u00e1fica, buscando la tensi\u00f3n entre im\u00e1genes, sus ritmos y estructuras internas. <\/span><i><span style=\"font-weight: 400;\">Almost There<\/span><\/i><span style=\"font-weight: 400;\"> aborda la cuesti\u00f3n de la distancia en un sentido amplio, atendiendo a distancias f\u00edsicas, espaciales, temporales, emocionales y fotogr\u00e1ficas. A diferencia de la que separa espacios, la distancia que separa lugares no se puede recorrer. Un espacio es una mera observaci\u00f3n f\u00edsica, una intersecci\u00f3n accidental de coordenadas, un plano. El lugar aparece cuando uno habita este espacio, cuando se vive en \u00e9l, cuando se lo recorre, cuando se lo llena de discursos. El espacio existe al margen de nosotros; el lugar, en cambio, no.\u00a0 Los espacios alimentan los mapas, los lugares, las memorias.\u00a0<\/span><\/p>\n<p><span style=\"font-weight: 400;\">Entre 2013 al 2022 se enfrenta a su proyecto m\u00e1s ambicioso, <\/span><i><span style=\"font-weight: 400;\">Matter<\/span><\/i><span style=\"font-weight: 400;\"> (del lat\u00edn mater, madre, materia, madera, origen). La palabra inglesa <\/span><i><span style=\"font-weight: 400;\">matter<\/span><\/i><span style=\"font-weight: 400;\"> ampl\u00eda sus acepciones e incluye problema, asunto, algo que importa. Las fotograf\u00edas muestran restos, pruebas, se\u00f1ales, de una serie de cuestiones que no dejan de transformarse. El resultado son efectivamente im\u00e1genes, pero como emanaci\u00f3n de una serie de cuestiones que no son visuales. Cada imagen es un fragmento. Cada fragmento pretende desplazar, inquietar, sumergir en temporalidades diversas y m\u00faltiples que, sin saberlo ni quererlo, nos conforman. Materia atravesada por la historia social, pol\u00edtica, sin duda, pero tambi\u00e9n por la historia geol\u00f3gica, la historia clim\u00e1tica, biol\u00f3gica, zool\u00f3gica&#8230; En <\/span><i><span style=\"font-weight: 400;\">Matter <\/span><\/i><span style=\"font-weight: 400;\">la materia se vuelve signo, cada fotograf\u00eda opera a su vez como \u00edndice, icono y s\u00edmbolo, pero no siempre en la misma direcci\u00f3n, con la voluntad de explorar nuevas maneras de recibir y relacionarnos con la informaci\u00f3n. Entiende el s\u00edmbolo como un objeto partido en dos, una rotura. Descifrarlo implica encontrar esa fricci\u00f3n entre las partes.<\/span><\/p>\n<p><span style=\"font-weight: 400;\">El objetivo del trabajo de Aleix Plademunt no radica en resolver, concluir o ilustrar a un espectador, sino m\u00e1s bien en poner im\u00e1genes en disposici\u00f3n y circulaci\u00f3n, crear una tentativa de comunicaci\u00f3n y explorar nuevos modos de relacionarnos con la informaci\u00f3n y la narraci\u00f3n.<\/span><\/p>\n<\/div>\n<style>.scroll-pane{width: 800px;height:450px;overflow: auto;}<\/style>\n<\/div>\n<div class=\"panes cv\">\n<div class=\"scroll-pane\">\n<h3 class=\"title\">CV<\/h3>\n<p><span style=\"font-weight: 400;\">A<\/span><span style=\"font-weight: 400;\">leix Plademunt<\/span><span style=\"font-weight: 400;\"><br \/>\n<\/span><span style=\"font-weight: 400;\">Girona, 1980<br \/>\n<\/span><span style=\"font-weight: 400;\">aleixplademunt.com<br \/>\n<\/span><span style=\"font-weight: 400;\">calisidret.cat\u00a0<\/span><\/p>\n<p><span style=\"font-weight: 400;\">Formaci\u00f3n<\/span><span style=\"font-weight: 400;\">\u00a0<\/span><\/p>\n<ul>\n<li><span style=\"font-weight: 400;\"> (1998 &#8211; 2000) 1\u00ba\/2\u00ba ingenier\u00eda t\u00e9cnica. UDG, Girona\u00a0<\/span><\/li>\n<li><span style=\"font-weight: 400;\"> (2000 &#8211; 2004) Graduado en fotograf\u00eda, (CITM) UPC. Terrassa (Barcelona) \u00b7 (2003 &#8211; 2004) Postgrado de fotograf\u00eda en M\u00e9xico (beca UDLA)\u00a0<\/span><\/li>\n<\/ul>\n<p><span style=\"font-weight: 400;\">Premios y becas<\/span><span style=\"font-weight: 400;\">\u00a0<\/span><\/p>\n<ul>\n<li><span style=\"font-weight: 400;\">2015- Beca de artes pl\u00e1sticas Fundaci\u00f3n Bot\u00edn\u00a0<\/span><\/li>\n<li><span style=\"font-weight: 400;\">2015- Premio Revelaci\u00f3n Photo Espa\u00f1a\u00a0\u00a0<\/span><\/li>\n<li><span style=\"font-weight: 400;\">2013- Finalista First Book Award. National Media Museum of London &#038; MACK \u00b72012- Beca OSIC, Generalitat de Catalunya\u00a0<\/span><\/li>\n<li><span style=\"font-weight: 400;\">2010- Premio Purificaci\u00f3n Garc\u00eda de Fotografia\u00a0<\/span><\/li>\n<li><span style=\"font-weight: 400;\">2009- Beca Propuestas VEGAP\u00a0<\/span><\/li>\n<li><span style=\"font-weight: 400;\">2009- Beca Agita09\u00a0<\/span><\/li>\n<li><span style=\"font-weight: 400;\">2008- Beca Fotopress09 de La Caixa\u00a0<\/span><\/li>\n<li><span style=\"font-weight: 400;\">2006- Beca \u00c1ngel de fotografia (BAF\u00b4001)\u00a0\u00a0<\/span><\/li>\n<li><span style=\"font-weight: 400;\">2006- Premio INJUVE 2006. Ministerio de cultura\u00a0<\/span><\/li>\n<\/ul>\n<p><span style=\"font-weight: 400;\">Residencias<\/span><span style=\"font-weight: 400;\">\u00a0<\/span><\/p>\n<ul>\n<li><span style=\"font-weight: 400;\"> 2017- Residencia Hangar \/ ADM. Ciudad de M\u00e9xico [10-2016 \/ 01-2017] \u00b7 2016- Residencia Sapporo Tenjinyama Art Studio. Sapporo, Jap\u00f3n [12\/2015] \u00b7 2015- Residencia art\u00edstica El Ranchito \/ Tokyo Wonder Site. Tokio, Jap\u00f3n[09\/2015 \u2013 12\/2015] \u00b7 2014- CERN (Conseil Europ\u00e9en pour la Recherche Nucl\u00e9aire), Ginebra \u00b7 2006- Estancias INJUVE para la creaci\u00f3n joven 2006 (Mollina, M\u00e1laga)\u00a0<\/span><\/li>\n<li><span style=\"font-weight: 400;\"> 2004- Universidad de les Am\u00e9ricas (UDLA). Cholula, M\u00e9xico. [07\/2003 \u2013 01\/2004]\u00a0<\/span><\/li>\n<\/ul>\n<p><span style=\"font-weight: 400;\">Publicaciones<\/span><span style=\"font-weight: 400;\">\u00a0<\/span><\/p>\n<ul>\n<li><span style=\"font-weight: 400;\">2022- Cat\u00e1logo Matter. Sala Canal Isabel II + Ca l&#8217;Isidret\u00a0<\/span><\/li>\n<li><span style=\"font-weight: 400;\">2022- Matter. Spector Books + Ca l\u2019Isidret\u00a0<\/span><\/li>\n<li><span style=\"font-weight: 400;\">2021- Intemp\u00e8ries ~ Hinterlands. Ca l\u2019Isidret + Galerie Waltman\u00a0<\/span><\/li>\n<li><span style=\"font-weight: 400;\">2019- Iberia. Ca l\u2019Isidret\u00a0\u00a0<\/span><\/li>\n<li><span style=\"font-weight: 400;\">2017- Un Passaggio. Ca l&#8217;Isidret\u00a0<\/span><\/li>\n<li><span style=\"font-weight: 400;\">2016- <\/span><span style=\"font-weight: 400;\">\u68ee\u4e0b <\/span><span style=\"font-weight: 400;\">Morishita. Ca l&#8217;Isidret\u00a0<\/span><\/li>\n<li><span style=\"font-weight: 400;\">2013- Almost There. MACK + Ca l&#8217;Isidret\u00a0<\/span><\/li>\n<li><span style=\"font-weight: 400;\">2011- Movimientos de suelo. Ca l&#8217;Isidret\u00a0<\/span><\/li>\n<\/ul>\n<p><span style=\"font-weight: 400;\">Exposiciones individuales. Selecci\u00f3n.<\/span><span style=\"font-weight: 400;\">\u00a0<\/span><\/p>\n<ul>\n<li><span style=\"font-weight: 400;\">2022- <\/span><i><span style=\"font-weight: 400;\">Matter<\/span><\/i><span style=\"font-weight: 400;\">. Sala Canal Isabel II, Madrid. [12-04-22]\u00a0<\/span><\/li>\n<li><span style=\"font-weight: 400;\">2021- <\/span><i><span style=\"font-weight: 400;\">\u00c0 propos du temps<\/span><\/i><span style=\"font-weight: 400;\">. Galerie Olivier Waltman, Par\u00edsPhoto [11-21]\u00a0<\/span><\/li>\n<li><span style=\"font-weight: 400;\">2021- <\/span><i><span style=\"font-weight: 400;\">\u00c0 propos du temps<\/span><\/i><span style=\"font-weight: 400;\">. Galerie Olivier Waltman, Par\u00eds [05-01-21]\u00a0<\/span><\/li>\n<li><span style=\"font-weight: 400;\">2018- <\/span><i><span style=\"font-weight: 400;\">Works from the Matter Project<\/span><\/i><span style=\"font-weight: 400;\">. FG2. G\u00f6tegorg, Suecia [01-11-18]\u00a0<\/span><\/li>\n<li><span style=\"font-weight: 400;\">2017- <\/span><i><span style=\"font-weight: 400;\">Un Passaggio. <\/span><\/i><span style=\"font-weight: 400;\">Fotografia Europea. Reggio Emilia, Italia [05-05-17]\u00a0<\/span><\/li>\n<li><span style=\"font-weight: 400;\">2016- <\/span><i><span style=\"font-weight: 400;\">Almost There. <\/span><\/i><span style=\"font-weight: 400;\">Centro de Arte Alcobendas, Madrid [24-06-16]\u00a0<\/span><\/li>\n<li><span style=\"font-weight: 400;\">2015- <\/span><i><span style=\"font-weight: 400;\">Almost There. <\/span><\/i><span style=\"font-weight: 400;\">CFC. Bilbao [15-05-15]<\/span><\/li>\n<li><span style=\"font-weight: 400;\">2015- <\/span><i><span style=\"font-weight: 400;\">Almost There. <\/span><\/i><span style=\"font-weight: 400;\">La New Gallery, Madrid [07-01-15]\u00a0<\/span><\/li>\n<li><span style=\"font-weight: 400;\">2014- <\/span><i><span style=\"font-weight: 400;\">DubaiLand. <\/span><\/i><span style=\"font-weight: 400;\">Fot\u00f3h\u00f3nap. TOBE Gallery. Budapest, Hungr\u00eda [03-11-14]\u00a0<\/span><\/li>\n<li><span style=\"font-weight: 400;\">2014- <\/span><i><span style=\"font-weight: 400;\">Almost There. <\/span><\/i><span style=\"font-weight: 400;\">Galer\u00eda Tagomago, Barcelona, Espa\u00f1a [03-05-14]\u00a0<\/span><\/li>\n<li><span style=\"font-weight: 400;\">2013- <\/span><i><span style=\"font-weight: 400;\">Almost There. <\/span><\/i><span style=\"font-weight: 400;\">Galerie Olivier Waltman. Paris, Francia [11-13]\u00a0<\/span><\/li>\n<li><span style=\"font-weight: 400;\">2012- <\/span><i><span style=\"font-weight: 400;\">DubaiLand. <\/span><\/i><span style=\"font-weight: 400;\">Galer\u00eda M\u00f3dulo. Lisboa, Portugal. [31-06-12]\u00a0<\/span><\/li>\n<li><span style=\"font-weight: 400;\">2012- <\/span><i><span style=\"font-weight: 400;\">We Are Here, <\/span><\/i><span style=\"font-weight: 400;\">RMTF, Proyecto Trocadero. Caracas, Venezuela. [29-02-12]\u00a0<\/span><\/li>\n<li><span style=\"font-weight: 400;\">2011- <\/span><i><span style=\"font-weight: 400;\">DubaiLand et Autres cons\u00e9quences<\/span><\/i><span style=\"font-weight: 400;\">, Galerie Waltman, Paris. [03-11-11]\u00a0<\/span><\/li>\n<li><span style=\"font-weight: 400;\">2011- <\/span><i><span style=\"font-weight: 400;\">Peque\u00f1as interpretaciones, <\/span><\/i><span style=\"font-weight: 400;\">Galer\u00eda Valle Ort\u00ed, Valencia [05-05-11]\u00a0<\/span><\/li>\n<li><span style=\"font-weight: 400;\">2010- <\/span><i><span style=\"font-weight: 400;\">DubaiLand<\/span><\/i><span style=\"font-weight: 400;\">. Passanant Foto. Passanant, Catalunya. [08-05-10]\u00a0<\/span><\/li>\n<li><span style=\"font-weight: 400;\">2009- <\/span><i><span style=\"font-weight: 400;\">Nada\/Todo<\/span><\/i><span style=\"font-weight: 400;\">. Galerie Waltman, Paris. [08-09\/09].\u00a0<\/span><\/li>\n<li><span style=\"font-weight: 400;\">2009- <\/span><i><span style=\"font-weight: 400;\">Nada<\/span><\/i><span style=\"font-weight: 400;\">. ART Paris. Galerie Waltman. [19\/23-03-09]\u00a0<\/span><\/li>\n<li><span style=\"font-weight: 400;\">2008- <\/span><i><span style=\"font-weight: 400;\">Espectadores. <\/span><\/i><span style=\"font-weight: 400;\">Galerie Waltman, Paris. [04-11-08].\u00a0\u00a0<\/span><\/li>\n<li><span style=\"font-weight: 400;\">2008- <\/span><i><span style=\"font-weight: 400;\">Nada<\/span><\/i><span style=\"font-weight: 400;\">. Galeria Valle Ort\u00ed. Valencia. [25-08-08 \/ 04-11-08]\u00a0<\/span><\/li>\n<li><span style=\"font-weight: 400;\">2008- <\/span><i><span style=\"font-weight: 400;\">Espectadores<\/span><\/i><span style=\"font-weight: 400;\">. London ART Fair. Londres [16\/20-01-08]\u00a0<\/span><\/li>\n<li><span style=\"font-weight: 400;\">2007- <\/span><i><span style=\"font-weight: 400;\">Espectadores. <\/span><\/i><span style=\"font-weight: 400;\">Sala La Kursala (UCA), C\u00e1diz [29\/11\/07].\u00a0\u00a0<\/span><\/li>\n<li><span style=\"font-weight: 400;\">2006- <\/span><i><span style=\"font-weight: 400;\">Espacios comunes<\/span><\/i><span style=\"font-weight: 400;\">. Col.legi d\u00b4arquitectes de Catalunya, COAC. [21-12-06]\u00a0<\/span><\/li>\n<li><span style=\"font-weight: 400;\">2006- <\/span><i><span style=\"font-weight: 400;\">Espacios comunes<\/span><\/i><span style=\"font-weight: 400;\">. Galerie Waltman, Par\u00eds [16-12-06]\u00a0<\/span><\/li>\n<li><span style=\"font-weight: 400;\">2004- <\/span><i><span style=\"font-weight: 400;\">Des-habitat. <\/span><\/i><span style=\"font-weight: 400;\">Festival Fot\u00f2psia,(Primavera fotogr\u00e0fica) Barcelona.\u00a0<\/span><\/li>\n<\/ul>\n<p><span style=\"font-weight: 400;\">Ca l\u2019Isidret<\/span><span style=\"font-weight: 400;\">\u00a0<\/span><\/p>\n<p><span style=\"font-weight: 400;\">Co- Fundador del proyecto editorial Ca l\u2019Isidret juntamente con Roger Guaus y Juan Diego Valera.\u00a0 Desde 2011 han presentado m\u00e1s de 25 publicaciones y realizan 5 exposiciones. Destacan:\u00a0<\/span><\/p>\n<ul>\n<li><span style=\"font-weight: 400;\"> 2018- Photoforum Pasquart. Biel-Bienne, Suiza. [29-05-18]\u00a0<\/span><\/li>\n<li><span style=\"font-weight: 400;\"> 2014- <\/span><i><span style=\"font-weight: 400;\">Movimientos de Suelo. <\/span><\/i><span style=\"font-weight: 400;\">Temple gallery, Par\u00eds. [22-05-14]\u00a0<\/span><\/li>\n<\/ul>\n<p><span style=\"font-weight: 400;\">Exposiciones colectivas. Selecci\u00f3n.<\/span><span style=\"font-weight: 400;\">\u00a0<\/span><\/p>\n<p><span style=\"font-weight: 400;\">2021\u00a0<\/span><\/p>\n<ul>\n<li><i><span style=\"font-weight: 400;\">Matter<\/span><\/i><span style=\"font-weight: 400;\">. \u201cApuntes por un incendio de los ojos\u201d. Panorama 21. Comissariat de Hiuwai Chu + Latitudes. MACBA.\u00a0 Museu d\u2019art contempor\u00e0ni de Barcelona. [22-10-21 \/ 27-02-22]\u00a0<\/span><\/li>\n<li><i><span style=\"font-weight: 400;\">Iberia<\/span><\/i><span style=\"font-weight: 400;\">. Ecolog\u00edas Radicales. Bienal Sur. MARCO,\u00a0\u00a0<\/span><\/li>\n<\/ul>\n<p><span style=\"font-weight: 400;\">Museo Arte Contempor\u00e1neo de la Boca. Buenos Aires, Argentina. [10-21]\u00a0<\/span><\/p>\n<p><span style=\"font-weight: 400;\">2020\u00a0<\/span><\/p>\n<p><i><span style=\"font-weight: 400;\">Iberia<\/span><\/i><span style=\"font-weight: 400;\">. B\u00f2lit, Girona [21-02-19]\u00a0<\/span><\/p>\n<p><span style=\"font-weight: 400;\">2019\u00a0<\/span><\/p>\n<p><i><span style=\"font-weight: 400;\">Trafalgar<\/span><\/i><span style=\"font-weight: 400;\">. Galeria Dilalica. Barcelona [03-05-19]\u00a0<\/span><\/p>\n<p><span style=\"font-weight: 400;\">2018\u00a0<\/span><\/p>\n<p><i><span style=\"font-weight: 400;\">Ca l&#8217;Isidret. <\/span><\/i><span style=\"font-weight: 400;\">Photoforum Pasquart. Biel\/Bienne (Suiza) [29-06-18]\u00a0<\/span><\/p>\n<p><span style=\"font-weight: 400;\">2017\u00a0<\/span><\/p>\n<ul>\n<li><i><span style=\"font-weight: 400;\">Signus<\/span><\/i><span style=\"font-weight: 400;\">. Museu de Granollers. Granollers, Barcelona [06-10-17]\u00a0<\/span><\/li>\n<li><span style=\"font-weight: 400;\">A Myriad of Voices. CCE Miami [08-06-17]\u00a0<\/span><\/li>\n<li><i><span style=\"font-weight: 400;\">Matter. <\/span><\/i><span style=\"font-weight: 400;\">Itinerarios XXIII. Fundaci\u00f3n Bot\u00edn. Santander [17-02-17]\u00a0<\/span><\/li>\n<\/ul>\n<p><span style=\"font-weight: 400;\">2016\u00a0<\/span><\/p>\n<ul>\n<li><i><span style=\"font-weight: 400;\">Almost There<\/span><\/i><span style=\"font-weight: 400;\">. Look up at the Sky. Geografies. Espaidos, Sala Moncunill. Terrassa [01-12-16] \u00b7<\/span><i><span style=\"font-weight: 400;\">DubaiLand. <\/span><\/i><span style=\"font-weight: 400;\">A Myriad of Voices. Foto Week DC 2016. Washington, EEUU. [12-11-16] \u00b7<\/span><i><span style=\"font-weight: 400;\">A Great Sum (In Parts). <\/span><\/i><span style=\"font-weight: 400;\">Osanova Gallery, Moscow. [13-09-16]\u00a0<\/span><\/li>\n<li><i><span style=\"font-weight: 400;\">Almost There. <\/span><\/i><span style=\"font-weight: 400;\">Geologia de l&#8217;inefable. Curated by WidePhoto. Can Felipa, Barcelona [17-02-16] \u00b7<\/span><i><span style=\"font-weight: 400;\">Almost There<\/span><\/i><span style=\"font-weight: 400;\">. Fotollibres: Aqu\u00ed i ara. B\u00f2lit, Girona. [13-02-16]<\/span><\/li>\n<\/ul>\n<p><span style=\"font-weight: 400;\">2015\u00a0<\/span><\/p>\n<ul>\n<li><i><span style=\"font-weight: 400;\">Almost There <\/span><\/i><span style=\"font-weight: 400;\">Aqu\u00ed hay dragones, In\u00e9ditos 2015, La Casa Encendida, Madrid\u00a0<\/span><\/li>\n<li><span style=\"font-weight: 400;\">L. Conjuntamente con Ricardo Cases, Simona Rota, Juan Valbuena y Cristina de Middel.\u00a0\u00a0<\/span><\/li>\n<\/ul>\n<p><span style=\"font-weight: 400;\">Sala Kursala, C\u00e1diz [26-06-15]\u00a0<\/span><\/p>\n<ul>\n<li><i><span style=\"font-weight: 400;\">Almost There<\/span><\/i><span style=\"font-weight: 400;\">. Photoforum PasquArt. Biel, Switzerland. [19-04-15]\u00a0<\/span><\/li>\n<li><i><span style=\"font-weight: 400;\">Almost There<\/span><\/i><span style=\"font-weight: 400;\">. \u201cPhotography Now! Vol.2: New Spanish Horizon\u201d. IMA Concept Store, Tokyo Japan [13-03-15]\u00a0<\/span><\/li>\n<\/ul>\n<p><span style=\"font-weight: 400;\">2014\u00a0<\/span><\/p>\n<ul>\n<li><i><span style=\"font-weight: 400;\">Almost There<\/span><\/i><span style=\"font-weight: 400;\">. Unseen Photo Fair. Amsterdam [18-09-14]\u00a0<\/span><\/li>\n<li><i><span style=\"font-weight: 400;\">Virtual Space<\/span><\/i><span style=\"font-weight: 400;\">. Corrent continu. Lectures de paisatges. B\u00f2lit, Girona [06-06-14]\u00a0<\/span><\/li>\n<li><i><span style=\"font-weight: 400;\">GIGANTE<\/span><\/i><span style=\"font-weight: 400;\">. A. Xoubanova + A. Plademunt. Galerie du 10 from Institut fran\u00e7ais of Madrid. [28-05-14] <\/span><i><span style=\"font-weight: 400;\">\u00b7Movimientos de Suelo<\/span><\/i><span style=\"font-weight: 400;\">. Ca l&#8217;Isidret Exhibition at Temple gallery, Paris. [22-05-14]\u00a0<\/span><\/li>\n<li><span style=\"font-weight: 400;\">Fotollibres: Aqu\u00ed i ara. Foto Colectania, Barcelona. [13-05-14]\u00a0<\/span><\/li>\n<li><span style=\"font-weight: 400;\">New Spanish Photography. New York University \/ KJCC. [02-05-14]\u00a0<\/span><\/li>\n<li><i><span style=\"font-weight: 400;\">DubaiLand. <\/span><\/i><span style=\"font-weight: 400;\">Dallas Biennial. Oliver Francis Gallery. Dallas, EEUU. [15-02-14]\u00a0<\/span><\/li>\n<\/ul>\n<p><span style=\"font-weight: 400;\">2013\u00a0<\/span><\/p>\n<ul>\n<li><i><span style=\"font-weight: 400;\">Una nouvelle G\u00e9n\u00e9ration de photographes<\/span><\/i><span style=\"font-weight: 400;\">. Le Bal, Paris.Exposici\u00f3n conjunta con Antonio Xoubanova, Ricardo Cases y \u00d3scar\u00a0 Monz\u00f3n comisariada por Fannie Escoulen. [12-121-13]\u00a0<\/span><\/li>\n<li><span style=\"font-weight: 400;\">Contexto Cr\u00edtico. Exposici\u00f3n comisariada por Rosa Olivares, C.Garc\u00eda, A.Sanchez. Tabacalera, Madrid [12-12-13] \u00b7Paisajes: Naturaleza y artificio. Colecci\u00f3n DKV. La Lonja, Zaragoza. [12-12-13]\u00a0<\/span><\/li>\n<li><span style=\"font-weight: 400;\">Pulse Miami, galleria Olivier Waltman. Miami, EEUU. [16-12-13]\u00a0<\/span><\/li>\n<li><span style=\"font-weight: 400;\">Arquitectura invertida. Colecci\u00f3n DKV. MACA, Alicante. [17-07-13]\u00a0<\/span><\/li>\n<li><span style=\"font-weight: 400;\">Pulse NY. Galeria Olivier Waltman. NYC, EEUU. [09-05-13]\u00a0<\/span><\/li>\n<li><i><span style=\"font-weight: 400;\">Espectadors. <\/span><\/i><span style=\"font-weight: 400;\">Waltman Ortega Gallery. Miami, USA [31-03-13]\u00a0<\/span><\/li>\n<li><span style=\"font-weight: 400;\">Perspectives of landscape. Browning Gallery. Asolo, Italia. [17-03-13]\u00a0<\/span><\/li>\n<li><span style=\"font-weight: 400;\">Art13 London. Galerie Olivier Waltman. Londres, UK. [1-03-13]\u00a0<\/span><\/li>\n<li><span style=\"font-weight: 400;\">London Art Fair. Galerie Olivier Waltman. Londres, UK. [16-01-13]\u00a0<\/span><\/li>\n<\/ul>\n<p><span style=\"font-weight: 400;\">2012\u00a0<\/span><\/p>\n<ul>\n<li><span style=\"font-weight: 400;\">Art Miami, Galerie Waltman. Miami, EEUU [04-12-12]\u00a0<\/span><\/li>\n<li><span style=\"font-weight: 400;\">Cree. Lugares de transito. Tabacalera. Madrid. [24-06-12]\u00a0<\/span><\/li>\n<li><span style=\"font-weight: 400;\">Art Paris. Galerie Waltman. Paris. [29-03-12]\u00a0<\/span><\/li>\n<li><span style=\"font-weight: 400;\">ARCO. Galeria Valle Ort\u00ed. Madrid. [15-02-12]\u00a0<\/span><\/li>\n<li><i><span style=\"font-weight: 400;\">La Camera Gran<\/span><\/i><span style=\"font-weight: 400;\">. Museu de l&#8217;Empord\u00e0. [10-02-12]\u00a0<\/span><\/li>\n<\/ul>\n<p><span style=\"font-weight: 400;\">2011\u00a0<\/span><\/p>\n<ul>\n<li><span style=\"font-weight: 400;\">Scope Miami, Galerie Waltman-Ortega. Miami. [29-11-11]\u00a0<\/span><\/li>\n<li><span style=\"font-weight: 400;\">VOLTA7. Galeria Valle Ort\u00ed. Basel, Suiza. [13-06-11]\u00a0<\/span><\/li>\n<li><span style=\"font-weight: 400;\">New Cities: Utopia &#038; Dystopia. Recyclart. Bruselas. [26-05-11]\u00a0<\/span><\/li>\n<li><span style=\"font-weight: 400;\">Art Chicago. Galerie Waltman. Chicago. EUA. [31-04-11]\u00a0<\/span><\/li>\n<li><span style=\"font-weight: 400;\">ART Paris. Galerie Waltman. [31-03-11]\u00a0<\/span><\/li>\n<li><span style=\"font-weight: 400;\">ARCO Madrid. Galeria Valle Ort\u00ed, Valencia. [16\/20-02-11]\u00a0<\/span><\/li>\n<\/ul>\n<p><span style=\"font-weight: 400;\">2010\u00a0<\/span><\/p>\n<ul>\n<li><span style=\"font-weight: 400;\">Naturae. Benetton Foundation en Treviso, Italia. [04-12-10]\u00a0<\/span><\/li>\n<li><span style=\"font-weight: 400;\">Pulse Miami, Galer\u00eda Valle Ort\u00ed. 02-12-10, Miami, EUA\u00a0<\/span><\/li>\n<li><span style=\"font-weight: 400;\">Art Miami, Galerie Waltman. 01-12-10, Miami. EUA\u00a0<\/span><\/li>\n<li><span style=\"font-weight: 400;\">Paisatges de la periferia. Observatorio del Paisaje de Catalunya. Olot, Girona. [6-11-10]\u00a0<\/span><\/li>\n<li><span style=\"font-weight: 400;\">Naturae. Vicenza (LAMeC) Italia.[ 20-10-10]\u00a0<\/span><\/li>\n<li><span style=\"font-weight: 400;\">Art London, Galerie Waltman. 07-11\/10\/10, Londres.\u00a0<\/span><\/li>\n<li><span style=\"font-weight: 400;\">Interrumpted Landscapes. Galer\u00eda Champion. Austin, TX. US. [16-09-10]\u00a0<\/span><\/li>\n<li><span style=\"font-weight: 400;\">Exposici\u00f3n de los premios Purificaci\u00f3n Garc\u00eda. C\u00edrculo de Bellas Artes, Madrid. [28\/04\/10] \u00b7Fotopres09. Exposici\u00f3n serie Duibailand en Caixaformum, Madrid. [23\/03\/10]\u00a0<\/span><\/li>\n<li><span style=\"font-weight: 400;\">Slide Show en el festival Fotofreo, Australia. Comisariado por Marta Dah\u00f3. [20\/03\/10]\u00a0<\/span><\/li>\n<li><span style=\"font-weight: 400;\">Bafa Gallery, Genova, Suiza. [18\/03\/10]\u00a0<\/span><\/li>\n<li><span style=\"font-weight: 400;\">London ARTFair, Galeria Waltman, Londres [13-17\/01\/10]\u00a0<\/span><\/li>\n<\/ul>\n<p><span style=\"font-weight: 400;\">2009\u00a0<\/span><\/p>\n<ul>\n<li><span style=\"font-weight: 400;\">ART Miami, Galeria Waltman. Miami, US. [02-06\/12\/09]\u00a0<\/span><\/li>\n<li><span style=\"font-weight: 400;\">Participaci\u00f3n en las proyecciones <\/span><span style=\"font-weight: 400;\">PHOTOPHNOMPENH, Camboya, comisariadas por Christian Caujolle. <\/span><i><span style=\"font-weight: 400;\">\u00b7DubaiLand<\/span><\/i><span style=\"font-weight: 400;\">, exposici\u00f3n en la universidad TECMilenio, Puebla, M\u00e9xico. [14\/10\/09]<\/span><\/li>\n<li><span style=\"font-weight: 400;\">Fotopres09. Proyecto DubaiLand, Caixa Forum, Barcelona [29\/10\/09]\u00a0<\/span><\/li>\n<li><span style=\"font-weight: 400;\">ART London. Galeria Waltman, Paris. [8\/12-10-09]\u00a0<\/span><\/li>\n<li><span style=\"font-weight: 400;\">Proyecci\u00f3n proyecto DubaiLand en Internazionale a Ferrara. Comisario: Christian Caujolle. Italia [02-10-09] \u00b7Presentaci\u00f3n proyecto Todo en el Festival Internazionale di Roma. Comisario: Marta Dah\u00f3 [29-05\/02-08-09] \u00b7Exposici\u00f3n en VOLTA (Basel). Galeria Valle Ort\u00ed. [8\/13-06-09]\u00a0<\/span><\/li>\n<li><span style=\"font-weight: 400;\">Exposici\u00f3n London ART Fair. Galeria Waltman. Londres. [14\/18-01-09]\u00a0<\/span><\/li>\n<li><span style=\"font-weight: 400;\">Exposici\u00f3n colectiva Talent Latent. Girona, B\u00f2lit. [08-05\/08-06-09]\u00a0<\/span><\/li>\n<\/ul>\n<p><span style=\"font-weight: 400;\">2008\u00a0<\/span><\/p>\n<ul>\n<li><span style=\"font-weight: 400;\">Exposici\u00f3n colectiva SCOPE Miami, Galerie Waltman. Miami [3\/7-12-08]\u00a0<\/span><\/li>\n<li><span style=\"font-weight: 400;\">ART London. Galerie Waltman. London [02-10-08]\u00a0<\/span><\/li>\n<li><span style=\"font-weight: 400;\">Talent Latent. Exposici\u00f3n serie Cult. Sala Palauet, Matar\u00f3. [06-06-08]\u00a0<\/span><\/li>\n<li><span style=\"font-weight: 400;\">C\u00edrculo de Bellas Artes, Madrid. Premio Purificaci\u00f3n Garc\u00eda. [23-05-08]\u00a0<\/span><\/li>\n<li><span style=\"font-weight: 400;\">Talent Latent. SCAN 08. Exposici\u00f3n serie Cult. Tarragona. [14-04-08]\u00a0<\/span><\/li>\n<li><span style=\"font-weight: 400;\">Lille Art Fair, Francia. Galeria Waltman [24-04-08]\u00a0<\/span><\/li>\n<li><span style=\"font-weight: 400;\">ARCO. Exposici\u00f3n serie Nada. Galer\u00eda Valle Ort\u00ed. [13\/18-02-08]\u00a0<\/span><\/li>\n<\/ul>\n<p><span style=\"font-weight: 400;\">Otras publicaciones seleccionadas<\/span><span style=\"font-weight: 400;\">\u00a0<\/span><\/p>\n<ul>\n<li><span style=\"font-weight: 400;\"> Passi\u00f3 i cartografia per a un incendi dels ulls. MACBA, 2022\u00a0<\/span><\/li>\n<li><span style=\"font-weight: 400;\"> Look up at the sky. Sala Montcunill, Terrassa, 2020\u00a0<\/span><\/li>\n<li><span style=\"font-weight: 400;\"> Carn de cap. Publicado por Escola Bloom. Barcelona, 2019\u00a0<\/span><\/li>\n<li><span style=\"font-weight: 400;\"> Fotograf\u00eda en Espa\u00f1a (1839-2015). Carmelo Vega. Publicat per Manuales Arte C\u00e1tedra, 2017 \u00b7 IMA. \u201cPHOTOGRAPHY NOW! VOL.2: NEW SPANISH HORIZON&#8221;. Tokio, Jap\u00f3n, 2015 \u00b7 The Photographers&#8217;s Playbook. Publicado por Aperture. Nueva York, EEUU, 2014 \u00b7 Diccionario de fot\u00f3grafos espa\u00f1oles. Comisariado por Oliva Mar\u00eda Rubio. Publicado por La Fabrica, 2014 \u00b7 Arte Espa\u00f1ol Contemporaneo 1992-2013. Comisariado por Rafael Doctor, publicado por La Fabrica, 2013 \u00b7 100 New Artists book. Comisariado por Francesca Gavin. Publicado por Laurence King Publishing, 2011 \u00b7 BCN Crea. Publicado por La Fabrica, 2012\u00a0<\/span><\/li>\n<li><span style=\"font-weight: 400;\"> Lugares de Transito. Comisariado por Eneas Bernal. Publicado por RM, 2012<\/span><\/li>\n<\/ul>\n<\/div>\n<style>.scroll-pane{width: 800px;height:450px;overflow: auto;}<\/style>\n<\/div>\n<\/div>\n<p><br style=\"clear: both;\" \/><\/p>\n<h2 class=\"hdrSection\">Obras en Exposici\u00f3n<\/h2>\n<div class=\"gallery\">\n\t<ul id=\"slideshowgallery5884\" class=\"slideshowgallery5884\" style=\"display:none;\">\n\t\t\t\t\t<!-- From all slides or gallery slides -->\n\t\t\t\t\t\t\t\n\t\t\t\t<li>\n\t\t\t\t\t<h3 style=\"opacity:70;\">Old Tjikko<\/h3>\n\t\t\t\t\t\t\t\t\t\t\t<span data-alt=\"old-tjikko\">https:\/\/www.artsituacions.com\/wp-content\/uploads\/2023\/02\/old-tjikko.jpg<\/span>\n\t\t\t\t\t\t\t\t\t\t<p><\/p>\n\t\t\t\t\t\t\t\t\t\t\t\t\t\t\t\t\t\t<a><img class=\"skip-lazy\" src=\"https:\/\/www.artsituacions.com\/wp-content\/uploads\/2023\/02\/old-tjikko.jpg\" alt=\"old-tjikko\" \/><\/a>\n\t\t\t\t\t\t\t\t\t\t\t\t\t\t\t<\/li>\n\t\t\t\t\t\t\t\n\t\t\t\t<li>\n\t\t\t\t\t<h3 style=\"opacity:70;\">audiencia-papa<\/h3>\n\t\t\t\t\t\t\t\t\t\t\t<span data-alt=\"audiencia-papa\">https:\/\/www.artsituacions.com\/wp-content\/uploads\/2023\/02\/audiencia-papa.jpg<\/span>\n\t\t\t\t\t\t\t\t\t\t<p><\/p>\n\t\t\t\t\t\t\t\t\t\t\t\t\t\t\t\t\t\t<a><img class=\"skip-lazy\" src=\"https:\/\/www.artsituacions.com\/wp-content\/uploads\/2023\/02\/audiencia-papa.jpg\" alt=\"audiencia-papa\" \/><\/a>\n\t\t\t\t\t\t\t\t\t\t\t\t\t\t\t<\/li>\n\t\t\t\t\t\t\t\n\t\t\t\t<li>\n\t\t\t\t\t<h3 style=\"opacity:70;\">bruselas<\/h3>\n\t\t\t\t\t\t\t\t\t\t\t<span data-alt=\"bruselas\">https:\/\/www.artsituacions.com\/wp-content\/uploads\/2023\/02\/bruselas.jpg<\/span>\n\t\t\t\t\t\t\t\t\t\t<p><\/p>\n\t\t\t\t\t\t\t\t\t\t\t\t\t\t\t\t\t\t<a><img class=\"skip-lazy\" src=\"https:\/\/www.artsituacions.com\/wp-content\/uploads\/2023\/02\/bruselas.jpg\" alt=\"bruselas\" \/><\/a>\n\t\t\t\t\t\t\t\t\t\t\t\t\t\t\t<\/li>\n\t\t\t\t\t\t\t\n\t\t\t\t<li>\n\t\t\t\t\t<h3 style=\"opacity:70;\">laboratorio_Columbus<\/h3>\n\t\t\t\t\t\t\t\t\t\t\t<span data-alt=\"laboratoriocolumbus\">https:\/\/www.artsituacions.com\/wp-content\/uploads\/2023\/02\/laboratorio_columbus.jpg<\/span>\n\t\t\t\t\t\t\t\t\t\t<p><\/p>\n\t\t\t\t\t\t\t\t\t\t\t\t\t\t\t\t\t\t<a><img class=\"skip-lazy\" src=\"https:\/\/www.artsituacions.com\/wp-content\/uploads\/2023\/02\/laboratorio_columbus.jpg\" alt=\"laboratoriocolumbus\" \/><\/a>\n\t\t\t\t\t\t\t\t\t\t\t\t\t\t\t<\/li>\n\t\t\t\t\t\t\t\n\t\t\t\t<li>\n\t\t\t\t\t<h3 style=\"opacity:70;\">ObraNueva_Surtsey<\/h3>\n\t\t\t\t\t\t\t\t\t\t\t<span data-alt=\"obranuevasurtsey\">https:\/\/www.artsituacions.com\/wp-content\/uploads\/2023\/02\/obranueva_surtsey.jpg<\/span>\n\t\t\t\t\t\t\t\t\t\t<p><\/p>\n\t\t\t\t\t\t\t\t\t\t\t\t\t\t\t\t\t\t<a><img class=\"skip-lazy\" src=\"https:\/\/www.artsituacions.com\/wp-content\/uploads\/2023\/02\/obranueva_surtsey.jpg\" alt=\"obranuevasurtsey\" \/><\/a>\n\t\t\t\t\t\t\t\t\t\t\t\t\t\t\t<\/li>\n\t\t\t\t\t\t<\/ul>\n\t\n\t<div id=\"slideshow-wrappergallery5884\" class=\"slideshow-wrapper\">\n\t\t\t\n\t\t<div class=\"slideshow-fullsize\" id=\"fullsizegallery5884\">\n\t\t\t\t\t\t\t\t\t\t\t\t\t\t<div id=\"imgprevgallery5884\" class=\"slideshow-imgprev imgnav\" title=\"Previous Image\">Previous Image<\/div>\n\t\t\t\t\t\t<a id=\"imglinkgallery5884\" class=\"slideshow-imglink imglink\"><!-- link --><\/a>\n\t\t\t\t\t\t\t\t\t\t\t<div id=\"imgnextgallery5884\" class=\"slideshow-imgnext imgnav\" title=\"Next Image\">Next Image<\/div>\n\t\t\t\t\t\t<div id=\"imagegallery5884\" class=\"slideshow-image\"><\/div>\n\t\t\t<div class=\"slideshow-information infobottom\" id=\"informationgallery5884\">\n\t\t\t\t<h3 class=\"slideshow-info-heading\">info heading<\/h3>\n\t\t\t\t<p class=\"slideshow-info-content\">info content<\/p>\n\t\t\t<\/div>\n\t\t<\/div>\n\t\t\n\t\t\t\t\t<div id=\"thumbnailsgallery5884\" class=\"slideshow-thumbnails thumbsbot\">\n\t\t\t\t<div class=\"slideshow-slideleft\" id=\"slideleftgallery5884\" title=\"Slide Left\"><\/div>\n\t\t\t\t<div class=\"slideshow-slidearea\" id=\"slideareagallery5884\">\n\t\t\t\t\t<div class=\"slideshow-slider\" id=\"slidergallery5884\"><\/div>\n\t\t\t\t<\/div>\n\t\t\t\t<div class=\"slideshow-slideright\" id=\"sliderightgallery5884\" title=\"Slide Right\"><\/div>\n\t\t\t\t<br style=\"clear:both; visibility:hidden; height:1px;\" \/>\n\t\t\t<\/div>\n\t\t\t<\/div>\n\t\n\t\n\t<!-- Slideshow Gallery Javascript BEG -->\t\t<script type=\"text\/javascript\">\tjQuery.noConflict();\ttid('slideshowgallery5884').style.display = \"none\";\ttid('slideshow-wrappergallery5884').style.display = 'block';\ttid('slideshow-wrappergallery5884').style.visibility = 'hidden';\tvar spinnerDiv = document.createElement('div');\tspinnerDiv.setAttribute('id', 'spinnergallery5884');\tspinnerDiv.innerHTML = '<i class=\"fa fa-cog fa-spin\"><\/i>';\tjQuery(spinnerDiv).appendTo('#fullsizegallery5884');\ttid('spinnergallery5884').style.visibility = 'visible';\tvar slideshowgallery5884 = new TINY.slideshow(\"slideshowgallery5884\");\tjQuery(document).ready(function() {\t\tslideshowgallery5884.auto = true;\t\tslideshowgallery5884.speed = 10;\t\tslideshowgallery5884.effect = \"fade\";\t\tslideshowgallery5884.slide_direction = \"lr\";\t\tslideshowgallery5884.easing = \"swing\";\t\tslideshowgallery5884.alwaysauto = true;\t\tslideshowgallery5884.autoheight = true;\t\tslideshowgallery5884.autoheight_max = false;\t\tslideshowgallery5884.imgSpeed = 10;\t\tslideshowgallery5884.navOpacity = 25;\t\tslideshowgallery5884.navHover = 70;\t\tslideshowgallery5884.letterbox = \"#000000\";\t\tslideshowgallery5884.linkclass = \"linkhover\";\t\tslideshowgallery5884.imagesid = \"imagesgallery5884\";\t\tslideshowgallery5884.info = \"informationgallery5884\";\t\tslideshowgallery5884.infoonhover = 0;\t\tslideshowgallery5884.infoSpeed = 10;\t\tslideshowgallery5884.infodelay = 0;\t\tslideshowgallery5884.infofade = 0;\t\tslideshowgallery5884.infofadedelay = 0;\t\tslideshowgallery5884.thumbs = \"slidergallery5884\";\t\tslideshowgallery5884.thumbOpacity = 70;\t\tslideshowgallery5884.left = \"slideleftgallery5884\";\t\tslideshowgallery5884.right = \"sliderightgallery5884\";\t\tslideshowgallery5884.scrollSpeed = 5;\t\tslideshowgallery5884.spacing = 5;\t\tslideshowgallery5884.active = \"#ffffff\";\t\tslideshowgallery5884.imagesthickbox = \"false\";\t\tjQuery(\"#spinnergallery5884\").remove();\t\tslideshowgallery5884.init(\"slideshowgallery5884\",\"imagegallery5884\",\"imgprevgallery5884\",\"imgnextgallery5884\",\"imglinkgallery5884\");\t\ttid('slideshow-wrappergallery5884').style.visibility = 'visible';\t\tjQuery(window).trigger('resize');\t\t\t\t\t});\t\t\t<\/script>\t\t<!-- Slideshow Gallery Javascript END --><!-- Slideshow Gallery CSS BEG --><style id=\"style-gallery5884\">\t\tul.slideshowgallery5884 { list-style:none !important; color:#fff; }\n\t\tul.slideshowgallery5884 span { display:none; }\n\t\t#slideshow-wrappergallery5884 { overflow: hidden; position:relative; width:100%; background:#020202; padding:0 0 0 0; border:; margin:0; display:none; }\n\t\t#slideshow-wrappergallery5884 * { margin:0; padding:0; }\n\t\t#slideshow-wrappergallery5884 #fullsizegallery5884 { position:relative; z-index:1; overflow:hidden; width:100%; height:460px; clear:both; border: none; }\n\t\t#slideshow-wrappergallery5884 #informationgallery5884 { text-align:left; font-family:Verdana, Arial, Helvetica, sans-serif !important; position:absolute; width:100%; height:0; background:#000000; color:#ffffff; overflow:hidden; z-index:300; opacity:.7; filter:alpha(opacity=70); }\n\t\t#slideshow-wrappergallery5884 #informationgallery5884 h3 { color:#ffffff; padding:4px 8px 3px; margin:0 !important; font-size:16px; font-weight:bold; }\n\t\t#slideshow-wrappergallery5884 #informationgallery5884 a { color:#ffffff; }\n\t\t#slideshow-wrappergallery5884 #informationgallery5884 p { color:#ffffff; padding:0 8px 8px; margin:0 !important; font-size: 14px; font-weight:normal; }\n\t\t#slideshow-wrappergallery5884 .infotop { margin-bottom:8px !important; top:0!important; }\n\t\t#slideshow-wrappergallery5884 .infobottom { margin-top:8px !important; bottom:0!important; }\n\t\t\t\t\t#slideshow-wrappergallery5884 #imagegallery5884 { width:100%; }\n\t\t\t#slideshow-wrappergallery5884 #imagegallery5884 img { border:none; border-radius:0; box-shadow:none; position:absolute; left:0%; right:0%; max-height:100%; max-width:100%; margin:0 auto; display:block; }\n\t\t\t\t#slideshow-wrappergallery5884 .imgnav { position:absolute; width:25%; height:100%; cursor:pointer; z-index:250; }\n\t\t#slideshow-wrappergallery5884 #imgprevgallery5884:before { font-family:FontAwesome; content:\"\\f053\"; font-size:30px; color:white; visibility:visible; left:0; text-align:left; width: auto; height:auto; line-height:160%; top:50%; margin:-30px 0 0 0; border-radius:0 10px 10px 0; background:black; padding:3px 10px 0 10px; position: absolute; display: inline-block; \t}\n\t\t#slideshow-wrappergallery5884 #imgprevgallery5884 { display:none; -moz-user-select: none; -khtml-user-select: none; -webkit-user-select: none; -o-user-select: none; left:0; font-size:0px; }\n\t\t#slideshow-wrappergallery5884 #imgnextgallery5884:before { font-family:FontAwesome; content:\"\\f054\"; font-size:30px; color:white; visibility:visible; right:0; text-align:right; width: auto; height:auto; line-height:160%; top:50%; margin:-30px 0 0 0; border-radius:10px 0 0 10px; background:black; padding:3px 10px 0 10px; position: absolute; display: inline-block; }\n\t\t#slideshow-wrappergallery5884 #imgnextgallery5884 { display:none; -moz-user-select: none; -khtml-user-select: none; -webkit-user-select: none; -o-user-select: none; right:0; font-size:0px; }\n\t\t#slideshow-wrappergallery5884 #imglinkgallery5884 { position:absolute; zoom:1; background-color:#ffffff; height:100%; width:100%; left:0; z-index:149; opacity:0; filter:alpha(opacity=0); }\n\t\t#slideshow-wrappergallery5884 .linkhover:before { font-family:FontAwesome; content:\"\\f14c\"; font-size:30px; text-align:center; height:auto; line-height:160%; width:auto; top:50%; left:auto; right:auto; margin:-30px 0 0 0; padding:0px 12px; display: inline-block; position: relative; background:black; color:white; border-radius:10px; }\n\t\t#slideshow-wrappergallery5884 .linkhover { background:transparent !important; opacity:.4 !important; filter:alpha(opacity=40) !important; text-align:center; font-size:0px; }\n\t\t#slideshow-wrappergallery5884 #thumbnailsgallery5884 { background:#020202; height:89px; width:100%; position:relative; overflow:hidden; }\n\t\t#slideshow-wrappergallery5884 .thumbstop { margin-bottom:8px !important; }\n\t\t#slideshow-wrappergallery5884 .thumbsbot { margin-top:8px !important; }\n\t\t#slideshow-wrappergallery5884 #slideleftgallery5884:before { font-family:FontAwesome; content: \"\\f104\"; color:#999; position: absolute; height: auto; line-height:160%; width: auto; display: inline-block; top: 50%; font-size: 30px; margin: -30px 0 0 0; padding: 0 5px; }\n\t\t#slideshow-wrappergallery5884 #slideleftgallery5884 { text-align:left; float:left; position:absolute; left:0; z-index:150; width:20px; height:89px; background:#222; }\n\t\t#slideshow-wrappergallery5884 #slideleftgallery5884:hover { background-color:#333; }\n\t\t#slideshow-wrappergallery5884 #sliderightgallery5884:before { font-family:FontAwesome; content: \"\\f105\"; color:#999; position: absolute; height: auto; line-height:160%; width: auto; display: inline-block; top: 50%; font-size: 30px; margin: -30px 0 0 0; padding: 0 5px; }\n\t\t#slideshow-wrappergallery5884 #sliderightgallery5884 { text-align:left; float:right; position:absolute; right:0; z-index:150; width:20px; height:89px; background:#222; }\n\t\t#slideshow-wrappergallery5884 #sliderightgallery5884:hover { background-color:#333; }\n\t\t#slideshow-wrappergallery5884 #slideareagallery5884 { float:left; position:absolute; z-index:149; background:#020202; width:100%; margin:0; height:89px; overflow:hidden; }\n\t\t#slideshow-wrappergallery5884 #slidergallery5884 { position:absolute; width:615px !important; left:0; height:89px; padding:3px 20px 0 25px; }\n\t\t#slideshow-wrappergallery5884 #slidergallery5884 img { width:100px; height:75px; cursor:pointer; border:1px solid #666; padding:2px; float:left !important; }\n\t\t#slideshow-wrappergallery5884 #spinnergallery5884 { position:relative; top:50%; left:45%; text-align:left; font-size:30px; }\n\t\t#slideshow-wrappergallery5884 #spinnergallery5884 img { border:none; }\n\t\n\t\t\t\t@media (max-width:480px) { \t.slideshow-information { display: none !important; } }\n\t\t\t\t\t\t@media (max-width:480px) { \t.slideshow-thumbnails { display: none !important; } }\n\t\t\t<\/style><!-- Slideshow Gallery CSS END -->.<\/div>\n<\/div>\n","protected":false},"excerpt":{"rendered":"<p>Informaci\u00f3n Sobre su obra CV Informaci\u00f3n Girona, 1980 Abandona sus estudios de ingenieri\u0301a te\u0301cnica en la Universitat de Girona (UdG) para dedicarse de pleno con la fotografi\u0301a. En 2003 se licencia en fotografi\u0301a en el CTIM (UPC). Durante todos estos<span class=\"ellipsis\">&hellip;<\/span><\/p>\n<div class=\"read-more\"><a href=\"https:\/\/www.artsituacions.com\/ca\/artistas\/aleix-plademunt\/\">Llegir m\u00e9s &#8250;<\/a><\/div>\n<p><!-- end of .read-more --><\/p>\n","protected":false},"author":1,"featured_media":0,"comment_status":"closed","ping_status":"closed","sticky":false,"template":"","format":"standard","meta":[],"categories":[5],"tags":[],"post_formats":[],"yoast_head":"<!-- This site is optimized with the Yoast SEO plugin v17.8 - https:\/\/yoast.com\/wordpress\/plugins\/seo\/ -->\n<meta name=\"robots\" content=\"index, follow, max-snippet:-1, max-image-preview:large, max-video-preview:-1\" \/>\n<link rel=\"canonical\" href=\"https:\/\/www.artsituacions.com\/ca\/artistas\/aleix-plademunt\/\" \/>\n<meta property=\"og:locale\" content=\"ca_ES\" \/>\n<meta property=\"og:type\" content=\"article\" \/>\n<meta property=\"og:title\" content=\"Aleix Plademunt\" \/>\n<meta property=\"og:description\" content=\"Informaci\u00f3n Sobre su obra CV Informaci\u00f3n Girona, 1980 Abandona sus estudios de ingenieri\u0301a te\u0301cnica en la Universitat de Girona (UdG) para dedicarse de pleno con la fotografi\u0301a. En 2003 se licencia en fotografi\u0301a en el CTIM (UPC). Durante todos estos&hellip;Llegir m\u00e9s &#8250;\" \/>\n<meta property=\"og:url\" content=\"https:\/\/www.artsituacions.com\/ca\/artistas\/aleix-plademunt\/\" \/>\n<meta property=\"og:site_name\" content=\"Artsituacions\" \/>\n<meta property=\"article:published_time\" content=\"2022-11-16T18:47:58+00:00\" \/>\n<meta property=\"article:modified_time\" content=\"2023-02-22T18:44:50+00:00\" \/>\n<meta property=\"og:image\" content=\"http:\/\/www.artsituacions.com\/wp-content\/uploads\/2022\/11\/aleixplademunt.jpg\" \/>\n<meta name=\"twitter:card\" content=\"summary_large_image\" \/>\n<meta name=\"twitter:label1\" content=\"Escrit per\" \/>\n\t<meta name=\"twitter:data1\" content=\"maria\" \/>\n\t<meta name=\"twitter:label2\" content=\"Temps estimat de lectura\" \/>\n\t<meta name=\"twitter:data2\" content=\"10 minuts\" \/>\n<script type=\"application\/ld+json\" class=\"yoast-schema-graph\">{\"@context\":\"https:\/\/schema.org\",\"@graph\":[{\"@type\":\"WebSite\",\"@id\":\"https:\/\/www.artsituacions.com\/es\/#website\",\"url\":\"https:\/\/www.artsituacions.com\/es\/\",\"name\":\"Artsituacions\",\"description\":\"\",\"potentialAction\":[{\"@type\":\"SearchAction\",\"target\":{\"@type\":\"EntryPoint\",\"urlTemplate\":\"https:\/\/www.artsituacions.com\/es\/?s={search_term_string}\"},\"query-input\":\"required name=search_term_string\"}],\"inLanguage\":\"ca\"},{\"@type\":\"ImageObject\",\"@id\":\"https:\/\/www.artsituacions.com\/ca\/artistas\/aleix-plademunt\/#primaryimage\",\"inLanguage\":\"ca\",\"url\":\"http:\/\/www.artsituacions.com\/wp-content\/uploads\/2022\/11\/aleixplademunt.jpg\",\"contentUrl\":\"http:\/\/www.artsituacions.com\/wp-content\/uploads\/2022\/11\/aleixplademunt.jpg\"},{\"@type\":\"WebPage\",\"@id\":\"https:\/\/www.artsituacions.com\/ca\/artistas\/aleix-plademunt\/#webpage\",\"url\":\"https:\/\/www.artsituacions.com\/ca\/artistas\/aleix-plademunt\/\",\"name\":\"[:es]Aleix Plademunt[:en]Aleix Plademunt[:] - Artsituacions\",\"isPartOf\":{\"@id\":\"https:\/\/www.artsituacions.com\/es\/#website\"},\"primaryImageOfPage\":{\"@id\":\"https:\/\/www.artsituacions.com\/ca\/artistas\/aleix-plademunt\/#primaryimage\"},\"datePublished\":\"2022-11-16T18:47:58+00:00\",\"dateModified\":\"2023-02-22T18:44:50+00:00\",\"author\":{\"@id\":\"https:\/\/www.artsituacions.com\/es\/#\/schema\/person\/3d37438f4bd373cb842fb92a55dae3d0\"},\"breadcrumb\":{\"@id\":\"https:\/\/www.artsituacions.com\/ca\/artistas\/aleix-plademunt\/#breadcrumb\"},\"inLanguage\":\"ca\",\"potentialAction\":[{\"@type\":\"ReadAction\",\"target\":[\"https:\/\/www.artsituacions.com\/ca\/artistas\/aleix-plademunt\/\"]}]},{\"@type\":\"BreadcrumbList\",\"@id\":\"https:\/\/www.artsituacions.com\/ca\/artistas\/aleix-plademunt\/#breadcrumb\",\"itemListElement\":[{\"@type\":\"ListItem\",\"position\":1,\"name\":\"Home\",\"item\":\"https:\/\/www.artsituacions.com\/es\/\"},{\"@type\":\"ListItem\",\"position\":2,\"name\":\"Artistas\",\"item\":\"https:\/\/www.artsituacions.com\/es\/category\/artistas\/\"},{\"@type\":\"ListItem\",\"position\":3,\"name\":\"Aleix Plademunt\"}]},{\"@type\":\"Person\",\"@id\":\"https:\/\/www.artsituacions.com\/es\/#\/schema\/person\/3d37438f4bd373cb842fb92a55dae3d0\",\"name\":\"maria\",\"image\":{\"@type\":\"ImageObject\",\"@id\":\"https:\/\/www.artsituacions.com\/es\/#personlogo\",\"inLanguage\":\"ca\",\"url\":\"https:\/\/secure.gravatar.com\/avatar\/5e917d4d501b3a16916d469da41efaf8?s=96&d=mm&r=g\",\"contentUrl\":\"https:\/\/secure.gravatar.com\/avatar\/5e917d4d501b3a16916d469da41efaf8?s=96&d=mm&r=g\",\"caption\":\"maria\"},\"url\":\"https:\/\/www.artsituacions.com\/ca\/author\/maria\/\"}]}<\/script>\n<!-- \/ Yoast SEO plugin. -->","yoast_head_json":{"robots":{"index":"index","follow":"follow","max-snippet":"max-snippet:-1","max-image-preview":"max-image-preview:large","max-video-preview":"max-video-preview:-1"},"canonical":"https:\/\/www.artsituacions.com\/ca\/artistas\/aleix-plademunt\/","og_locale":"ca_ES","og_type":"article","og_title":"[:es]Aleix Plademunt[:en]Aleix Plademunt[:] - Artsituacions","og_description":"Informaci\u00f3n Sobre su obra CV Informaci\u00f3n Girona, 1980 Abandona sus estudios de ingenieri\u0301a te\u0301cnica en la Universitat de Girona (UdG) para dedicarse de pleno con la fotografi\u0301a. En 2003 se licencia en fotografi\u0301a en el CTIM (UPC). Durante todos estos&hellip;Llegir m\u00e9s &#8250;","og_url":"https:\/\/www.artsituacions.com\/ca\/artistas\/aleix-plademunt\/","og_site_name":"Artsituacions","article_published_time":"2022-11-16T18:47:58+00:00","article_modified_time":"2023-02-22T18:44:50+00:00","og_image":[{"url":"http:\/\/www.artsituacions.com\/wp-content\/uploads\/2022\/11\/aleixplademunt.jpg"}],"twitter_card":"summary_large_image","twitter_misc":{"Escrit per":"maria","Temps estimat de lectura":"10 minuts"},"schema":{"@context":"https:\/\/schema.org","@graph":[{"@type":"WebSite","@id":"https:\/\/www.artsituacions.com\/es\/#website","url":"https:\/\/www.artsituacions.com\/es\/","name":"Artsituacions","description":"","potentialAction":[{"@type":"SearchAction","target":{"@type":"EntryPoint","urlTemplate":"https:\/\/www.artsituacions.com\/es\/?s={search_term_string}"},"query-input":"required name=search_term_string"}],"inLanguage":"ca"},{"@type":"ImageObject","@id":"https:\/\/www.artsituacions.com\/ca\/artistas\/aleix-plademunt\/#primaryimage","inLanguage":"ca","url":"http:\/\/www.artsituacions.com\/wp-content\/uploads\/2022\/11\/aleixplademunt.jpg","contentUrl":"http:\/\/www.artsituacions.com\/wp-content\/uploads\/2022\/11\/aleixplademunt.jpg"},{"@type":"WebPage","@id":"https:\/\/www.artsituacions.com\/ca\/artistas\/aleix-plademunt\/#webpage","url":"https:\/\/www.artsituacions.com\/ca\/artistas\/aleix-plademunt\/","name":"[:es]Aleix Plademunt[:en]Aleix Plademunt[:] - Artsituacions","isPartOf":{"@id":"https:\/\/www.artsituacions.com\/es\/#website"},"primaryImageOfPage":{"@id":"https:\/\/www.artsituacions.com\/ca\/artistas\/aleix-plademunt\/#primaryimage"},"datePublished":"2022-11-16T18:47:58+00:00","dateModified":"2023-02-22T18:44:50+00:00","author":{"@id":"https:\/\/www.artsituacions.com\/es\/#\/schema\/person\/3d37438f4bd373cb842fb92a55dae3d0"},"breadcrumb":{"@id":"https:\/\/www.artsituacions.com\/ca\/artistas\/aleix-plademunt\/#breadcrumb"},"inLanguage":"ca","potentialAction":[{"@type":"ReadAction","target":["https:\/\/www.artsituacions.com\/ca\/artistas\/aleix-plademunt\/"]}]},{"@type":"BreadcrumbList","@id":"https:\/\/www.artsituacions.com\/ca\/artistas\/aleix-plademunt\/#breadcrumb","itemListElement":[{"@type":"ListItem","position":1,"name":"Home","item":"https:\/\/www.artsituacions.com\/es\/"},{"@type":"ListItem","position":2,"name":"Artistas","item":"https:\/\/www.artsituacions.com\/es\/category\/artistas\/"},{"@type":"ListItem","position":3,"name":"Aleix Plademunt"}]},{"@type":"Person","@id":"https:\/\/www.artsituacions.com\/es\/#\/schema\/person\/3d37438f4bd373cb842fb92a55dae3d0","name":"maria","image":{"@type":"ImageObject","@id":"https:\/\/www.artsituacions.com\/es\/#personlogo","inLanguage":"ca","url":"https:\/\/secure.gravatar.com\/avatar\/5e917d4d501b3a16916d469da41efaf8?s=96&d=mm&r=g","contentUrl":"https:\/\/secure.gravatar.com\/avatar\/5e917d4d501b3a16916d469da41efaf8?s=96&d=mm&r=g","caption":"maria"},"url":"https:\/\/www.artsituacions.com\/ca\/author\/maria\/"}]}},"AFP_featured_media_urls":{"full":false,"thumbnail":false,"medium":false,"medium_large":false,"large":false},"AFP_attachments":[],"AFP_videos":[],"AFP_video_blocks":"","AFP_category_names":["Artistes"],"_links":{"self":[{"href":"https:\/\/www.artsituacions.com\/ca\/wp-json\/wp\/v2\/posts\/2078"}],"collection":[{"href":"https:\/\/www.artsituacions.com\/ca\/wp-json\/wp\/v2\/posts"}],"about":[{"href":"https:\/\/www.artsituacions.com\/ca\/wp-json\/wp\/v2\/types\/post"}],"author":[{"embeddable":true,"href":"https:\/\/www.artsituacions.com\/ca\/wp-json\/wp\/v2\/users\/1"}],"replies":[{"embeddable":true,"href":"https:\/\/www.artsituacions.com\/ca\/wp-json\/wp\/v2\/comments?post=2078"}],"version-history":[{"count":23,"href":"https:\/\/www.artsituacions.com\/ca\/wp-json\/wp\/v2\/posts\/2078\/revisions"}],"predecessor-version":[{"id":2423,"href":"https:\/\/www.artsituacions.com\/ca\/wp-json\/wp\/v2\/posts\/2078\/revisions\/2423"}],"wp:attachment":[{"href":"https:\/\/www.artsituacions.com\/ca\/wp-json\/wp\/v2\/media?parent=2078"}],"wp:term":[{"taxonomy":"category","embeddable":true,"href":"https:\/\/www.artsituacions.com\/ca\/wp-json\/wp\/v2\/categories?post=2078"},{"taxonomy":"post_tag","embeddable":true,"href":"https:\/\/www.artsituacions.com\/ca\/wp-json\/wp\/v2\/tags?post=2078"},{"taxonomy":"post_format","embeddable":true,"href":"https:\/\/www.artsituacions.com\/ca\/wp-json\/wp\/v2\/post_formats?post=2078"}],"curies":[{"name":"wp","href":"https:\/\/api.w.org\/{rel}","templated":true}]}}