{"id":2305,"date":"2023-02-08T09:27:00","date_gmt":"2023-02-08T09:27:00","guid":{"rendered":"https:\/\/www.artsituacions.com\/es\/?p=2305"},"modified":"2023-02-06T09:55:59","modified_gmt":"2023-02-06T09:55:59","slug":"art-situacions-reafirma-el-seu-suport-la-creacio-emergent-i-presentara-a-arcomadrid-la-tercera-exposicio-del-projecte-de-mecenatge","status":"publish","type":"post","link":"https:\/\/www.artsituacions.com\/ca\/noticias\/art-situacions-reafirma-el-seu-suport-la-creacio-emergent-i-presentara-a-arcomadrid-la-tercera-exposicio-del-projecte-de-mecenatge\/","title":{"rendered":"ART Situacions reafirma el seu suport la creaci\u00f3 emergent i presentar\u00e0 a ARCOmadrid la tercera exposici\u00f3 del projecte de mecenatge"},"content":{"rendered":"\n<div class=\"wp-block-columns is-layout-flex wp-container-3\">\n<div class=\"wp-block-column is-layout-flow\" style=\"flex-basis:25%\">\n<figure class=\"wp-block-image size-full\"><img decoding=\"async\" loading=\"lazy\" width=\"300\" height=\"289\" src=\"https:\/\/www.artsituacions.com\/wp-content\/uploads\/2020\/02\/logo_arco_madrid.jpeg\" alt=\"\" class=\"wp-image-1756\"\/><\/figure>\n<\/div>\n\n\n\n<div class=\"wp-block-column is-layout-flow\" style=\"flex-basis:75%\">\n<h2 class=\"wp-block-heading\"><strong><strong><strong>ART Situacions reafirma el seu suport la creaci\u00f3 emergent i presentar\u00e0 a ARCOmadrid la tercera exposici\u00f3 del projecte de mecenatge<\/strong><\/strong><\/strong><\/h2>\n\n\n\n<p><strong><em>ART Situacions III<\/em><\/strong><strong> es desplegar\u00e0 en un espai de 500 metres quadrats del Pavell\u00f3 7 del Recinte Firal IFEMA<\/strong><\/p>\n\n\n\n<p><strong>Cinc artistes emergents espanyols i cinc francesos han estat seleccionats per Maria de Corral, Lorena Mart\u00ednez de Corral, Chus Mart\u00ednez i Vicent Todol\u00ed<\/strong><\/p>\n\n\n\n<p><strong>En acabar la fira, l&#8217;exposici\u00f3 iniciar\u00e0 les itiner\u00e0ncies a Barcelona i en diverses seus a Fran\u00e7a<\/strong><\/p>\n\n\n\n<p><strong>Madrid, 8 de febrer de 2023.- <\/strong>ART Situacions, el projecte de mecenatge que fa m\u00e9s d&#8217;una d\u00e8cada que promou la difusi\u00f3 del sector m\u00e9s jove de l&#8217;art actual, presentar\u00e0 la seva tercera exposici\u00f3, ART Situacions III, coincidint amb ARCOmadrid 2023 del 22 al 26 de febrer.<\/p>\n\n\n\n<p>La mostra, que posar\u00e0 en di\u00e0leg l\u2019obra de cinc artistes espanyols i cinc francesos, es desplegar\u00e0 en un espai de 500 metres quadrats annex al Pavell\u00f3 7 del Recinte Firal d\u2019IFEMA MADRID. Els creadors emergents que participen en aquesta edici\u00f3 s\u00f3n els espanyols <strong>Elena Aitzkoa, Nora Aurrekoetxea, Luc\u00eda Bay\u00f3n, Aleix Plademunt i Pablo Capit\u00e1n del R\u00edo <\/strong>i els francesos <strong>Salom\u00e9 Chatriot, Marie-Luce Nadal, Beno\u00eet Pi\u00e9ron, Elsa Br\u00e8s i Yoan Sorin<\/strong>. Aquests artistes han estat seleccionats per un comit\u00e8 format per <strong>Maria de Corral, Lorena Mart\u00ednez de Corral, Chus Mart\u00ednez i Vicent Todol\u00ed<\/strong>.<\/p>\n\n\n\n<p>El projecte ART Situacions ha donat suport a cadascun d\u2019ells per a la producci\u00f3 d&#8217;un total de 10 obres noves creades per a l&#8217;ocasi\u00f3, que es mostraran juntament amb una selecci\u00f3 de peces representatives dels artistes.<\/p>\n\n\n\n<p>L&#8217;espai expositiu ha estat dissenyat de manera escenogr\u00e0fica per Olga Subir\u00f3s, arquitecta que ha treballat en el muntatge d&#8217;exposicions a museus com el MACBA o el Museu Nacional Thyssen-Bornemisza. Amb motiu de la mostra, ART Situacions compta amb el suport de l&#8217;editorial Turner per a l&#8217;edici\u00f3 d&#8217;un llibre el fil conductor del qual \u00e9s un text de Chus Mart\u00ednez. \u201cEls artistes ressenyats formen un grup ecl\u00e8ctic, tant formal com materialment, que busca abordar la necessitat de tendresa i cura, aix\u00ed com un nou amor per la vida\u201d, assegura Mart\u00ednez.<\/p>\n\n\n\n<p>Despr\u00e9s de finalitzar ARCO, l&#8217;exposici\u00f3 tindr\u00e0 una itiner\u00e0ncia a Barcelona i a diverses seus a Fran\u00e7a durant els propers dos anys, amb la missi\u00f3 de donar suport a la cultura i als artistes participants, contribuint a dinamitzar el teixit art\u00edstic actual.<\/p>\n\n\n\n<figure class=\"wp-block-image size-full\"><img decoding=\"async\" loading=\"lazy\" width=\"975\" height=\"538\" src=\"https:\/\/www.artsituacions.com\/wp-content\/uploads\/2023\/02\/arco2023-artsituacions.jpg\" alt=\"\" class=\"wp-image-2306\"\/><figcaption>Render del muntatge d&#8217;ART Situacions III a ARCOmadrid<\/figcaption><\/figure>\n\n\n\n<p><\/p>\n\n\n\n<p><strong>Un projecte de mecenatge i passi\u00f3 per l&#8217;art<\/strong><\/p>\n\n\n\n<p>Conscients de l&#8217;escassetat d&#8217;oportunitats que afronta el sector m\u00e9s jove de l&#8217;art actual, ART Situacions, que sorgeix del desig personal del matrimoni de col\u00b7leccionistes catalans Pilar Forcada i Marcel Pascual de contribuir a dinamitzar el teixit art\u00edstic, el 2011 neix per promocionar l&#8217;art emergent mitjan\u00e7ant un suport econ\u00f2mic destinat a la creaci\u00f3. Fruit d&#8217;aix\u00f2 ja s&#8217;han celebrat dues edicions. La primera va tenir lloc el 2012 amb Portugal com a pa\u00eds convidat i va comptar amb la participaci\u00f3 dels artistes espanyols Patricia Dauder, Pepe Cifuentes, Francesc Ruiz, Juan L\u00f3pez D\u00edez, Miki Leal, Jaume de la Jara, Santiago Giralda, Nuria Fuster i els portuguesos Mauro Cerqueira i Carla Filipe. La segona es va celebrar el 2016 amb els artistes italians Ludovica Carbotta, Gabriele de Santis, Anna Franceschini, Diego Marcon i Alek O. i els espanyols Miren Doiz, Jos\u00e9 Guerrero, Rub\u00e9n Guerrero, Teresa Solar Abboud i Anna Talens.<\/p>\n\n\n\n<p>Despr\u00e9s de la p\u00e8rdua de Pilar Forcada el 2021, el seu marit Marcel Pascual, col\u00b7leccionista i director general d&#8217;Honda-Greens, ha assumit la direcci\u00f3 d&#8217;ART Situacions amb la voluntat de donar continu\u00eftat al projecte en mem\u00f2ria de la seva dona i la passi\u00f3 compartida per l&#8217;art durant m\u00e9s de 50 anys. \u201cDurant gaireb\u00e9 mig segle hem constru\u00eft junts una col\u00b7lecci\u00f3 ecl\u00e8ctica i diversa, on al costat d&#8217;artistes reconeguts hi incorporem treballs de promeses emergents\u201d, afirma Marcel Pascual. &#8220;Ens ha donat moltes alegries haver contribu\u00eft amb el nostre suport a que un bon grapat d&#8217;artistes hagin pogut dedicar-se exclusivament a la creaci\u00f3&#8221;.<\/p>\n\n\n\n<p>A m\u00e9s, entre el 2017 i el 2022 ART Situacions va convocar el premi anual ART Situacions ARCOmadrid per a premiar la millor obra d&#8217;art emergent de la fira. Els seus premiats han estat: Antonio Ballester Moreno (2017), Carlos Irijalba (2018), Patricia G\u00f3mez i Mar\u00eda Jes\u00fas Gonz\u00e1lez (2019), Asunci\u00f3n Molinos Gordo (2020) i Irma \u00c1lvarez-Laviada (2022).<\/p>\n<\/div>\n<\/div>\n","protected":false},"excerpt":{"rendered":"<p>ART Situacions reafirma el seu suport la creaci\u00f3 emergent i presentar\u00e0 a ARCOmadrid la tercera exposici\u00f3 del projecte de mecenatge ART Situacions III es desplegar\u00e0 en un espai de 500 metres quadrats del Pavell\u00f3 7 del Recinte Firal IFEMA Cinc<span class=\"ellipsis\">&hellip;<\/span><\/p>\n<div class=\"read-more\"><a href=\"https:\/\/www.artsituacions.com\/ca\/noticias\/art-situacions-reafirma-el-seu-suport-la-creacio-emergent-i-presentara-a-arcomadrid-la-tercera-exposicio-del-projecte-de-mecenatge\/\">Llegir m\u00e9s &#8250;<\/a><\/div>\n<p><!-- end of .read-more --><\/p>\n","protected":false},"author":1,"featured_media":2306,"comment_status":"closed","ping_status":"closed","sticky":false,"template":"","format":"standard","meta":[],"categories":[12],"tags":[],"post_formats":[],"yoast_head":"<!-- This site is optimized with the Yoast SEO plugin v17.8 - https:\/\/yoast.com\/wordpress\/plugins\/seo\/ -->\n<meta name=\"robots\" content=\"index, follow, max-snippet:-1, max-image-preview:large, max-video-preview:-1\" \/>\n<link rel=\"canonical\" href=\"https:\/\/www.artsituacions.com\/es\/noticias\/art-situacions-reafirma-el-seu-suport-la-creacio-emergent-i-presentara-a-arcomadrid-la-tercera-exposicio-del-projecte-de-mecenatge\/\" \/>\n<meta property=\"og:locale\" content=\"ca_ES\" \/>\n<meta property=\"og:type\" content=\"article\" \/>\n<meta property=\"og:title\" content=\"ART Situacions reafirma el seu suport la creaci\u00f3 emergent i presentar\u00e0 a ARCOmadrid la tercera exposici\u00f3 del projecte de mecenatge\" \/>\n<meta property=\"og:description\" content=\"ART Situacions reafirma el seu suport la creaci\u00f3 emergent i presentar\u00e0 a ARCOmadrid la tercera exposici\u00f3 del projecte de mecenatge ART Situacions III es desplegar\u00e0 en un espai de 500 metres quadrats del Pavell\u00f3 7 del Recinte Firal IFEMA Cinc&hellip;Llegir m\u00e9s &#8250;\" \/>\n<meta property=\"og:url\" content=\"https:\/\/www.artsituacions.com\/ca\/noticias\/art-situacions-reafirma-el-seu-suport-la-creacio-emergent-i-presentara-a-arcomadrid-la-tercera-exposicio-del-projecte-de-mecenatge\/\" \/>\n<meta property=\"og:site_name\" content=\"Artsituacions\" \/>\n<meta property=\"article:published_time\" content=\"2023-02-08T09:27:00+00:00\" \/>\n<meta property=\"article:modified_time\" content=\"2023-02-06T09:55:59+00:00\" \/>\n<meta property=\"og:image\" content=\"https:\/\/www.artsituacions.com\/wp-content\/uploads\/2023\/02\/arco2023-artsituacions.jpg\" \/>\n\t<meta property=\"og:image:width\" content=\"975\" \/>\n\t<meta property=\"og:image:height\" content=\"538\" \/>\n<meta name=\"twitter:card\" content=\"summary_large_image\" \/>\n<meta name=\"twitter:label1\" content=\"Escrit per\" \/>\n\t<meta name=\"twitter:data1\" content=\"maria\" \/>\n\t<meta name=\"twitter:label2\" content=\"Temps estimat de lectura\" \/>\n\t<meta name=\"twitter:data2\" content=\"4 minuts\" \/>\n<script type=\"application\/ld+json\" class=\"yoast-schema-graph\">{\"@context\":\"https:\/\/schema.org\",\"@graph\":[{\"@type\":\"WebSite\",\"@id\":\"https:\/\/www.artsituacions.com\/es\/#website\",\"url\":\"https:\/\/www.artsituacions.com\/es\/\",\"name\":\"Artsituacions\",\"description\":\"\",\"potentialAction\":[{\"@type\":\"SearchAction\",\"target\":{\"@type\":\"EntryPoint\",\"urlTemplate\":\"https:\/\/www.artsituacions.com\/es\/?s={search_term_string}\"},\"query-input\":\"required name=search_term_string\"}],\"inLanguage\":\"ca\"},{\"@type\":\"ImageObject\",\"@id\":\"https:\/\/www.artsituacions.com\/es\/noticias\/art-situacions-reafirma-el-seu-suport-la-creacio-emergent-i-presentara-a-arcomadrid-la-tercera-exposicio-del-projecte-de-mecenatge\/#primaryimage\",\"inLanguage\":\"ca\",\"url\":\"https:\/\/www.artsituacions.com\/wp-content\/uploads\/2023\/02\/arco2023-artsituacions.jpg\",\"contentUrl\":\"https:\/\/www.artsituacions.com\/wp-content\/uploads\/2023\/02\/arco2023-artsituacions.jpg\",\"width\":975,\"height\":538},{\"@type\":\"WebPage\",\"@id\":\"https:\/\/www.artsituacions.com\/es\/noticias\/art-situacions-reafirma-el-seu-suport-la-creacio-emergent-i-presentara-a-arcomadrid-la-tercera-exposicio-del-projecte-de-mecenatge\/#webpage\",\"url\":\"https:\/\/www.artsituacions.com\/es\/noticias\/art-situacions-reafirma-el-seu-suport-la-creacio-emergent-i-presentara-a-arcomadrid-la-tercera-exposicio-del-projecte-de-mecenatge\/\",\"name\":\"[:es]ART Situacions reafirma su apoyo la creaci\\u00f3n emergente y presentar\\u00e1 en ARCOmadrid la tercera exposici\\u00f3n de su proyecto de mecenazgo[:ca]ART Situacions reafirma el seu suport la creaci\\u00f3 emergent i presentar\\u00e0 a ARCOmadrid la tercera exposici\\u00f3 del projecte de mecenatge[:en]ART Situacions reaffirms its support for emerging creation and will present the third exhibition of its patronage project at ARCOmadrid[:] - Artsituacions\",\"isPartOf\":{\"@id\":\"https:\/\/www.artsituacions.com\/es\/#website\"},\"primaryImageOfPage\":{\"@id\":\"https:\/\/www.artsituacions.com\/es\/noticias\/art-situacions-reafirma-el-seu-suport-la-creacio-emergent-i-presentara-a-arcomadrid-la-tercera-exposicio-del-projecte-de-mecenatge\/#primaryimage\"},\"datePublished\":\"2023-02-08T09:27:00+00:00\",\"dateModified\":\"2023-02-06T09:55:59+00:00\",\"author\":{\"@id\":\"https:\/\/www.artsituacions.com\/es\/#\/schema\/person\/3d37438f4bd373cb842fb92a55dae3d0\"},\"breadcrumb\":{\"@id\":\"https:\/\/www.artsituacions.com\/es\/noticias\/art-situacions-reafirma-el-seu-suport-la-creacio-emergent-i-presentara-a-arcomadrid-la-tercera-exposicio-del-projecte-de-mecenatge\/#breadcrumb\"},\"inLanguage\":\"ca\",\"potentialAction\":[{\"@type\":\"ReadAction\",\"target\":[\"https:\/\/www.artsituacions.com\/es\/noticias\/art-situacions-reafirma-el-seu-suport-la-creacio-emergent-i-presentara-a-arcomadrid-la-tercera-exposicio-del-projecte-de-mecenatge\/\"]}]},{\"@type\":\"BreadcrumbList\",\"@id\":\"https:\/\/www.artsituacions.com\/es\/noticias\/art-situacions-reafirma-el-seu-suport-la-creacio-emergent-i-presentara-a-arcomadrid-la-tercera-exposicio-del-projecte-de-mecenatge\/#breadcrumb\",\"itemListElement\":[{\"@type\":\"ListItem\",\"position\":1,\"name\":\"Home\",\"item\":\"https:\/\/www.artsituacions.com\/es\/\"},{\"@type\":\"ListItem\",\"position\":2,\"name\":\"Noticias\",\"item\":\"https:\/\/www.artsituacions.com\/it\/category\/noticias\/\"},{\"@type\":\"ListItem\",\"position\":3,\"name\":\"ART Situacions reafirma su apoyo la creaci\\u00f3n emergente y presentar\\u00e1 en ARCOmadrid la tercera exposici\\u00f3n de su proyecto de mecenazgo\"}]},{\"@type\":\"Person\",\"@id\":\"https:\/\/www.artsituacions.com\/es\/#\/schema\/person\/3d37438f4bd373cb842fb92a55dae3d0\",\"name\":\"maria\",\"image\":{\"@type\":\"ImageObject\",\"@id\":\"https:\/\/www.artsituacions.com\/es\/#personlogo\",\"inLanguage\":\"ca\",\"url\":\"https:\/\/secure.gravatar.com\/avatar\/5e917d4d501b3a16916d469da41efaf8?s=96&d=mm&r=g\",\"contentUrl\":\"https:\/\/secure.gravatar.com\/avatar\/5e917d4d501b3a16916d469da41efaf8?s=96&d=mm&r=g\",\"caption\":\"maria\"},\"url\":\"https:\/\/www.artsituacions.com\/ca\/author\/maria\/\"}]}<\/script>\n<!-- \/ Yoast SEO plugin. -->","yoast_head_json":{"robots":{"index":"index","follow":"follow","max-snippet":"max-snippet:-1","max-image-preview":"max-image-preview:large","max-video-preview":"max-video-preview:-1"},"canonical":"https:\/\/www.artsituacions.com\/es\/noticias\/art-situacions-reafirma-el-seu-suport-la-creacio-emergent-i-presentara-a-arcomadrid-la-tercera-exposicio-del-projecte-de-mecenatge\/","og_locale":"ca_ES","og_type":"article","og_title":"[:es]ART Situacions reafirma su apoyo la creaci\u00f3n emergente y presentar\u00e1 en ARCOmadrid la tercera exposici\u00f3n de su proyecto de mecenazgo[:ca]ART Situacions reafirma el seu suport la creaci\u00f3 emergent i presentar\u00e0 a ARCOmadrid la tercera exposici\u00f3 del projecte de mecenatge[:en]ART Situacions reaffirms its support for emerging creation and will present the third exhibition of its patronage project at ARCOmadrid[:] - Artsituacions","og_description":"ART Situacions reafirma el seu suport la creaci\u00f3 emergent i presentar\u00e0 a ARCOmadrid la tercera exposici\u00f3 del projecte de mecenatge ART Situacions III es desplegar\u00e0 en un espai de 500 metres quadrats del Pavell\u00f3 7 del Recinte Firal IFEMA Cinc&hellip;Llegir m\u00e9s &#8250;","og_url":"https:\/\/www.artsituacions.com\/ca\/noticias\/art-situacions-reafirma-el-seu-suport-la-creacio-emergent-i-presentara-a-arcomadrid-la-tercera-exposicio-del-projecte-de-mecenatge\/","og_site_name":"Artsituacions","article_published_time":"2023-02-08T09:27:00+00:00","article_modified_time":"2023-02-06T09:55:59+00:00","og_image":[{"width":975,"height":538,"url":"https:\/\/www.artsituacions.com\/wp-content\/uploads\/2023\/02\/arco2023-artsituacions.jpg","type":"image\/jpeg"}],"twitter_card":"summary_large_image","twitter_misc":{"Escrit per":"maria","Temps estimat de lectura":"4 minuts"},"schema":{"@context":"https:\/\/schema.org","@graph":[{"@type":"WebSite","@id":"https:\/\/www.artsituacions.com\/es\/#website","url":"https:\/\/www.artsituacions.com\/es\/","name":"Artsituacions","description":"","potentialAction":[{"@type":"SearchAction","target":{"@type":"EntryPoint","urlTemplate":"https:\/\/www.artsituacions.com\/es\/?s={search_term_string}"},"query-input":"required name=search_term_string"}],"inLanguage":"ca"},{"@type":"ImageObject","@id":"https:\/\/www.artsituacions.com\/es\/noticias\/art-situacions-reafirma-el-seu-suport-la-creacio-emergent-i-presentara-a-arcomadrid-la-tercera-exposicio-del-projecte-de-mecenatge\/#primaryimage","inLanguage":"ca","url":"https:\/\/www.artsituacions.com\/wp-content\/uploads\/2023\/02\/arco2023-artsituacions.jpg","contentUrl":"https:\/\/www.artsituacions.com\/wp-content\/uploads\/2023\/02\/arco2023-artsituacions.jpg","width":975,"height":538},{"@type":"WebPage","@id":"https:\/\/www.artsituacions.com\/es\/noticias\/art-situacions-reafirma-el-seu-suport-la-creacio-emergent-i-presentara-a-arcomadrid-la-tercera-exposicio-del-projecte-de-mecenatge\/#webpage","url":"https:\/\/www.artsituacions.com\/es\/noticias\/art-situacions-reafirma-el-seu-suport-la-creacio-emergent-i-presentara-a-arcomadrid-la-tercera-exposicio-del-projecte-de-mecenatge\/","name":"[:es]ART Situacions reafirma su apoyo la creaci\u00f3n emergente y presentar\u00e1 en ARCOmadrid la tercera exposici\u00f3n de su proyecto de mecenazgo[:ca]ART Situacions reafirma el seu suport la creaci\u00f3 emergent i presentar\u00e0 a ARCOmadrid la tercera exposici\u00f3 del projecte de mecenatge[:en]ART Situacions reaffirms its support for emerging creation and will present the third exhibition of its patronage project at ARCOmadrid[:] - Artsituacions","isPartOf":{"@id":"https:\/\/www.artsituacions.com\/es\/#website"},"primaryImageOfPage":{"@id":"https:\/\/www.artsituacions.com\/es\/noticias\/art-situacions-reafirma-el-seu-suport-la-creacio-emergent-i-presentara-a-arcomadrid-la-tercera-exposicio-del-projecte-de-mecenatge\/#primaryimage"},"datePublished":"2023-02-08T09:27:00+00:00","dateModified":"2023-02-06T09:55:59+00:00","author":{"@id":"https:\/\/www.artsituacions.com\/es\/#\/schema\/person\/3d37438f4bd373cb842fb92a55dae3d0"},"breadcrumb":{"@id":"https:\/\/www.artsituacions.com\/es\/noticias\/art-situacions-reafirma-el-seu-suport-la-creacio-emergent-i-presentara-a-arcomadrid-la-tercera-exposicio-del-projecte-de-mecenatge\/#breadcrumb"},"inLanguage":"ca","potentialAction":[{"@type":"ReadAction","target":["https:\/\/www.artsituacions.com\/es\/noticias\/art-situacions-reafirma-el-seu-suport-la-creacio-emergent-i-presentara-a-arcomadrid-la-tercera-exposicio-del-projecte-de-mecenatge\/"]}]},{"@type":"BreadcrumbList","@id":"https:\/\/www.artsituacions.com\/es\/noticias\/art-situacions-reafirma-el-seu-suport-la-creacio-emergent-i-presentara-a-arcomadrid-la-tercera-exposicio-del-projecte-de-mecenatge\/#breadcrumb","itemListElement":[{"@type":"ListItem","position":1,"name":"Home","item":"https:\/\/www.artsituacions.com\/es\/"},{"@type":"ListItem","position":2,"name":"Noticias","item":"https:\/\/www.artsituacions.com\/it\/category\/noticias\/"},{"@type":"ListItem","position":3,"name":"ART Situacions reafirma su apoyo la creaci\u00f3n emergente y presentar\u00e1 en ARCOmadrid la tercera exposici\u00f3n de su proyecto de mecenazgo"}]},{"@type":"Person","@id":"https:\/\/www.artsituacions.com\/es\/#\/schema\/person\/3d37438f4bd373cb842fb92a55dae3d0","name":"maria","image":{"@type":"ImageObject","@id":"https:\/\/www.artsituacions.com\/es\/#personlogo","inLanguage":"ca","url":"https:\/\/secure.gravatar.com\/avatar\/5e917d4d501b3a16916d469da41efaf8?s=96&d=mm&r=g","contentUrl":"https:\/\/secure.gravatar.com\/avatar\/5e917d4d501b3a16916d469da41efaf8?s=96&d=mm&r=g","caption":"maria"},"url":"https:\/\/www.artsituacions.com\/ca\/author\/maria\/"}]}},"AFP_featured_media_urls":{"full":["https:\/\/www.artsituacions.com\/wp-content\/uploads\/2023\/02\/arco2023-artsituacions.jpg",975,538,false],"thumbnail":["https:\/\/www.artsituacions.com\/wp-content\/uploads\/2023\/02\/arco2023-artsituacions.jpg",100,55,false],"medium":["https:\/\/www.artsituacions.com\/wp-content\/uploads\/2023\/02\/arco2023-artsituacions.jpg",300,166,false],"medium_large":["https:\/\/www.artsituacions.com\/wp-content\/uploads\/2023\/02\/arco2023-artsituacions.jpg",605,334,false],"large":["https:\/\/www.artsituacions.com\/wp-content\/uploads\/2023\/02\/arco2023-artsituacions.jpg",605,334,false]},"AFP_attachments":{"full":["https:\/\/www.artsituacions.com\/wp-content\/uploads\/2023\/02\/arco2023-artsituacions.jpg",975,538,false],"thumbnail":["https:\/\/www.artsituacions.com\/wp-content\/uploads\/2023\/02\/arco2023-artsituacions.jpg",100,55,false],"medium":["https:\/\/www.artsituacions.com\/wp-content\/uploads\/2023\/02\/arco2023-artsituacions.jpg",300,166,false],"medium_large":["https:\/\/www.artsituacions.com\/wp-content\/uploads\/2023\/02\/arco2023-artsituacions.jpg",605,334,false],"large":["https:\/\/www.artsituacions.com\/wp-content\/uploads\/2023\/02\/arco2023-artsituacions.jpg",605,334,false]},"AFP_videos":[],"AFP_video_blocks":"","AFP_category_names":["Not\u00edcies"],"_links":{"self":[{"href":"https:\/\/www.artsituacions.com\/ca\/wp-json\/wp\/v2\/posts\/2305"}],"collection":[{"href":"https:\/\/www.artsituacions.com\/ca\/wp-json\/wp\/v2\/posts"}],"about":[{"href":"https:\/\/www.artsituacions.com\/ca\/wp-json\/wp\/v2\/types\/post"}],"author":[{"embeddable":true,"href":"https:\/\/www.artsituacions.com\/ca\/wp-json\/wp\/v2\/users\/1"}],"replies":[{"embeddable":true,"href":"https:\/\/www.artsituacions.com\/ca\/wp-json\/wp\/v2\/comments?post=2305"}],"version-history":[{"count":5,"href":"https:\/\/www.artsituacions.com\/ca\/wp-json\/wp\/v2\/posts\/2305\/revisions"}],"predecessor-version":[{"id":2315,"href":"https:\/\/www.artsituacions.com\/ca\/wp-json\/wp\/v2\/posts\/2305\/revisions\/2315"}],"wp:featuredmedia":[{"embeddable":true,"href":"https:\/\/www.artsituacions.com\/ca\/wp-json\/wp\/v2\/media\/2306"}],"wp:attachment":[{"href":"https:\/\/www.artsituacions.com\/ca\/wp-json\/wp\/v2\/media?parent=2305"}],"wp:term":[{"taxonomy":"category","embeddable":true,"href":"https:\/\/www.artsituacions.com\/ca\/wp-json\/wp\/v2\/categories?post=2305"},{"taxonomy":"post_tag","embeddable":true,"href":"https:\/\/www.artsituacions.com\/ca\/wp-json\/wp\/v2\/tags?post=2305"},{"taxonomy":"post_format","embeddable":true,"href":"https:\/\/www.artsituacions.com\/ca\/wp-json\/wp\/v2\/post_formats?post=2305"}],"curies":[{"name":"wp","href":"https:\/\/api.w.org\/{rel}","templated":true}]}}