{"id":3080,"date":"2025-01-23T18:36:09","date_gmt":"2025-01-23T18:36:09","guid":{"rendered":"https:\/\/www.artsituacions.com\/es\/?p=3080"},"modified":"2025-01-23T19:09:41","modified_gmt":"2025-01-23T19:09:41","slug":"el-mural-de-dase-en-la-garriga-nominado-a-mejor-mural-del-mundo","status":"publish","type":"post","link":"https:\/\/www.artsituacions.com\/ca\/noticias\/el-mural-de-dase-en-la-garriga-nominado-a-mejor-mural-del-mundo\/","title":{"rendered":"El mural de Dase, a la Garriga, nominat a Millor Mural del M\u00f3n 2024"},"content":{"rendered":"\n<div class=\"wp-block-columns is-layout-flex wp-container-3\">\n<div class=\"wp-block-column is-layout-flow\" style=\"flex-basis:5%\"><\/div>\n\n\n\n<div class=\"wp-block-column is-layout-flow\" style=\"flex-basis:85%\">\n<h2 class=\"wp-block-heading\"><strong>El mural de Dase, a la Garriga, nominat a Millor Mural del M\u00f3n 2024<\/strong><\/h2>\n\n\n\n<p><em>Titulat \u201cLa vida \u00e9s un vol\u201d ja va ser premiat com a Millor Mural del M\u00f3n del mes d&#8217;agost de 2024\n<\/em><\/p>\n\n\n\n<p><em>Un mural realitzat a iniciativa de Marcel Pascual, Director General d&#8217;Honda &#8211; Greens i d&#8217;ART Situacions<\/em><\/p>\n\n\n\n<p><em>Aquesta obra, que cobreix m\u00e9s de 100 m\u00b2, ha aconseguit destacar entre centenars de murals arreu del m\u00f3n per la seva creativitat, magnitud i impacte a la comunitat\n<\/em><\/p>\n\n\n\n<figure class=\"wp-block-image alignwide size-full\"><img decoding=\"async\" loading=\"lazy\" width=\"909\" height=\"601\" src=\"https:\/\/www.artsituacions.com\/wp-content\/uploads\/2025\/01\/dase_01.jpg\" alt=\"\" class=\"wp-image-3081\"\/><figcaption class=\"wp-element-caption\">L&#8217;artista Dase i els seus murals a La Garriga (Barcelona). Foto: Toni Torrillas<\/figcaption><\/figure>\n\n\n\n<p>Marcel Pascual, director general d&#8217;Honda-Greens i del projecte de mecenatge art\u00edstic ART Situacions, celebra l&#8217;\u00e8xit internacional de <em>\u201cLa vida \u00e9s un vol\u201d.<\/em> La passi\u00f3 per l&#8217;art i el comprom\u00eds amb la comunitat han estat fonamentals per a l&#8217;\u00e8xit d&#8217;aquesta iniciativa.<\/p>\n\n\n\n<p>El mural, realitzat pel prestigi\u00f3s artista urb\u00e0 Dase en un c\u00e8ntric carrer de la Garriga, ja va ser guardonat l&#8217;estiu passat com el Millor Mural del M\u00f3n del mes d&#8217;agost del 2024. Ara, l&#8217;obra competeix a nivell internacional per un nou reconeixement que consolidaria la seva posici\u00f3 com a una de les expressions art\u00edstiques m\u00e9s destacades de l&#8217;any.<\/p>\n\n\n\n<p>La monumental obra ha esdevingut un referent de l&#8217;art urb\u00e0 a la regi\u00f3. Amb m\u00e9s de 100 m\u00b2 d&#8217;extensi\u00f3, el mural embelleix el paisatge urb\u00e0 i transforma una paret en blanc en un espectacle visual ple de formes i colors vibrants. A l&#8217;obra, l&#8217;artista ha integrat elements que representen la hist\u00f2ria i l&#8217;entorn natural de la Garriga, combinant simbologia local amb el seu estil \u00fanic i contemporani, destacant entre centenars de murals arreu del m\u00f3n per la seva creativitat, magnitud i impacte a la comunitat.<\/p>\n\n\n\n<p>La pe\u00e7a, tiutalada <em>\u201cLa vida \u00e9s un vol\u201d,<\/em> ret homenatge a Pilar Forcada, que va morir el 2021, pel seu destacat paper en l&#8217;\u00e0mbit art\u00edstic i el seu llegat perdurable tant per a la fam\u00edlia com per a la comunitat art\u00edstica a nivell nacional. La inspiraci\u00f3 per a aquest projecte va sorgir quan en Jordi, el fill de la Pilar, va mostrar la feina de Dase al seu pare, Marcel Pascual, que va decidir encarregar l&#8217;obra en honor a la seva dona.<\/p>\n\n\n\n<p><em>&#8220;Estem molt orgullosos que el nostre mural hagi estat seleccionat entre tants treballs de gran qualitat&#8221;,<\/em> afirma el Sr. Pascual. <em>&#8220;Aquest reconeixement \u00e9s un reflex del nostre comprom\u00eds amb el foment de l\u00b4art i la cultura, aix\u00ed com de la nostra aposta per projectes que embelleixen els espais p\u00fablics i enriqueixen la vida de les comunitats&#8221;.<\/em><\/p>\n\n\n\n<p><strong>La votaci\u00f3 per triar el Millor Mural del M\u00f3n als Street Art Cities 2024 estar\u00e0 oberta fins al proper el 31 de gener al seg\u00fcent enlla\u00e7 <\/strong><a href=\"https:\/\/streetartcities.com\/awards\/2024\/nominees\"><strong>https:\/\/streetartcities.com\/awards\/2024\/nominees<\/strong><\/a><strong>.<\/strong><\/p>\n\n\n\n<p><\/p>\n\n\n\n<p><strong>Un projecte de mecenatge i passi\u00f3 per l&#8217;art<\/strong><\/p>\n\n\n\n<p>Conscients de l&#8217;escassetat d&#8217;oportunitats que afronta el sector m\u00e9s jove de l&#8217;art actual, ART Situacions, que sorgeix del desig personal del matrimoni de col\u00b7leccionistes catalans Pilar Forcada i Marcel Pascual de contribuir a dinamitzar el teixit art\u00edstic, el 2011 neix per promocionar l&#8217;art emergent mitjan\u00e7ant un suport econ\u00f2mic destinat a la creaci\u00f3. Fruit d&#8217;aix\u00f2 ja s&#8217;han celebrat dues edicions. La primera va tenir lloc el 2012 amb Portugal com a pa\u00eds convidat i va comptar amb la participaci\u00f3 dels artistes espanyols Patricia Dauder, Pepe Cifuentes, Francesc Ruiz, Juan L\u00f3pez D\u00edez, Miki Leal, Jaume de la Jara, Santiago Giralda, Nuria Fuster i els portuguesos Mauro Cerqueira i Carla Filipe. La segona es va celebrar el 2016 amb els artistes italians Ludovica Carbotta, Gabriele de Santis, Anna Franceschini, Diego Marcon i Alek O. i els espanyols Miren Doiz, Jos\u00e9 Guerrero, Rub\u00e9n Guerrero, Teresa Solar Abboud i Anna Talens. Finalment, la tercera va estr\u00e8nyer lla\u00e7os amb Fran\u00e7a i va posar en di\u00e0leg l&#8217;obra de cinc artistes espanyols i cinc francesos: Elena Aitzkoa, Nora Aurrekoetxea, Luc\u00eda Bay\u00f3n, Aleix Plademunt i Pablo Capit\u00e1n del R\u00edo i els francesos Salom\u00e9 Chatriot, Marie-Luce Nadal, Beno\u00eet Pi\u00e9ron, Elsa Br\u00e8s i Yoan Sorin, que van ser seleccionades per un comit\u00e8 format per Maria de Corral, Lorena Mart\u00ednez de Corral, Chus Mart\u00ednez i Vicent Todol\u00ed.<\/p>\n\n\n\n<p>Despr\u00e9s de la mort de Pilar Forcada el 2021, el seu marit Marcel Pascual, col\u00b7leccionista i director general d&#8217;Honda-Greens, ha assumit la direcci\u00f3 d&#8217;ART Situacions amb la voluntat de donar continu\u00eftat al projecte en mem\u00f2ria de la dona i la passi\u00f3 compartida per l&#8217;art durant m\u00e9s de 50 anys. \u201cDurant gaireb\u00e9 mig segle hem constru\u00eft junts una col\u00b7lecci\u00f3 ecl\u00e8ctica i diversa, on al costat d&#8217;artistes reconeguts hi incorporem feines de promeses emergents\u201d, afirma Marcel Pascual. &#8220;Ens ha donat moltes alegries haver contribu\u00eft amb el nostre suport perqu\u00e8 un bon grapat d&#8217;artistes hagin pogut dedicar-se exclusivament a la creaci\u00f3&#8221;.<\/p>\n\n\n\n<p>A m\u00e9s, entre el 2017 i el 2022 ART Situacions va convocar el premi anual ART Situacions ARCOmadrid per premiar la millor obra d&#8217;art emergent de la fira. Els seus premiats han estat: Antonio Ballester Moreno (2017), Carlos Irijalba (2018), Patricia G\u00f3mez i Mar\u00eda Jes\u00fas Gonz\u00e1lez (2019), Asunci\u00f3n Molinos Gordo (2020) i Irma \u00c1lvarez-Laviada (2022).<\/p>\n\n\n\n<p><\/p>\n\n\n\n<p><\/p>\n\n\n\n<figure class=\"wp-block-table\"><table><tbody><tr><td><code>\n\t<ul id=\"slideshowgallery64337\" class=\"slideshowgallery64337\" style=\"display:none;\">\n\t\t\t\t\t<!-- From all slides or gallery slides -->\n\t\t\t\t\t\t\t\n\t\t\t\t<li>\n\t\t\t\t\t<h3 style=\"opacity:70;\">Dase_03<\/h3>\n\t\t\t\t\t\t\t\t\t\t\t<span data-alt=\"dase03\">https:\/\/www.artsituacions.com\/wp-content\/uploads\/2025\/01\/dase_03.jpg<\/span>\n\t\t\t\t\t\t\t\t\t\t<p><\/p>\n\t\t\t\t\t\t\t\t\t\t\t\t\t\t\t\t\t\t<a><img class=\"skip-lazy\" src=\"https:\/\/www.artsituacions.com\/wp-content\/uploads\/2025\/01\/dase_03.jpg\" alt=\"dase03\" \/><\/a>\n\t\t\t\t\t\t\t\t\t\t\t\t\t\t\t<\/li>\n\t\t\t\t\t\t\t\n\t\t\t\t<li>\n\t\t\t\t\t<h3 style=\"opacity:70;\">S<\/h3>\n\t\t\t\t\t\t\t\t\t\t\t<span data-alt=\"s\">https:\/\/www.artsituacions.com\/wp-content\/uploads\/2025\/01\/dase_07.jpg<\/span>\n\t\t\t\t\t\t\t\t\t\t<p><\/p>\n\t\t\t\t\t\t\t\t\t\t\t\t\t\t\t\t\t\t<a><img class=\"skip-lazy\" src=\"https:\/\/www.artsituacions.com\/wp-content\/uploads\/2025\/01\/dase_07.jpg\" alt=\"s\" \/><\/a>\n\t\t\t\t\t\t\t\t\t\t\t\t\t\t\t<\/li>\n\t\t\t\t\t\t\t\n\t\t\t\t<li>\n\t\t\t\t\t<h3 style=\"opacity:70;\">S<\/h3>\n\t\t\t\t\t\t\t\t\t\t\t<span data-alt=\"s\">https:\/\/www.artsituacions.com\/wp-content\/uploads\/2025\/01\/dase_06.jpg<\/span>\n\t\t\t\t\t\t\t\t\t\t<p><\/p>\n\t\t\t\t\t\t\t\t\t\t\t\t\t\t\t\t\t\t<a><img class=\"skip-lazy\" src=\"https:\/\/www.artsituacions.com\/wp-content\/uploads\/2025\/01\/dase_06.jpg\" alt=\"s\" \/><\/a>\n\t\t\t\t\t\t\t\t\t\t\t\t\t\t\t<\/li>\n\t\t\t\t\t\t\t\n\t\t\t\t<li>\n\t\t\t\t\t<h3 style=\"opacity:70;\">S<\/h3>\n\t\t\t\t\t\t\t\t\t\t\t<span data-alt=\"s\">https:\/\/www.artsituacions.com\/wp-content\/uploads\/2025\/01\/dase_05.jpg<\/span>\n\t\t\t\t\t\t\t\t\t\t<p><\/p>\n\t\t\t\t\t\t\t\t\t\t\t\t\t\t\t\t\t\t<a><img class=\"skip-lazy\" src=\"https:\/\/www.artsituacions.com\/wp-content\/uploads\/2025\/01\/dase_05.jpg\" alt=\"s\" \/><\/a>\n\t\t\t\t\t\t\t\t\t\t\t\t\t\t\t<\/li>\n\t\t\t\t\t\t\t\n\t\t\t\t<li>\n\t\t\t\t\t<h3 style=\"opacity:70;\">S<\/h3>\n\t\t\t\t\t\t\t\t\t\t\t<span data-alt=\"s\">https:\/\/www.artsituacions.com\/wp-content\/uploads\/2025\/01\/dase_04.jpg<\/span>\n\t\t\t\t\t\t\t\t\t\t<p><\/p>\n\t\t\t\t\t\t\t\t\t\t\t\t\t\t\t\t\t\t<a><img class=\"skip-lazy\" src=\"https:\/\/www.artsituacions.com\/wp-content\/uploads\/2025\/01\/dase_04.jpg\" alt=\"s\" \/><\/a>\n\t\t\t\t\t\t\t\t\t\t\t\t\t\t\t<\/li>\n\t\t\t\t\t\t\t\n\t\t\t\t<li>\n\t\t\t\t\t<h3 style=\"opacity:70;\">default<\/h3>\n\t\t\t\t\t\t\t\t\t\t\t<span data-alt=\"default\">https:\/\/www.artsituacions.com\/wp-content\/uploads\/2025\/01\/dase_02.jpg<\/span>\n\t\t\t\t\t\t\t\t\t\t<p><\/p>\n\t\t\t\t\t\t\t\t\t\t\t\t\t\t\t\t\t\t<a><img class=\"skip-lazy\" src=\"https:\/\/www.artsituacions.com\/wp-content\/uploads\/2025\/01\/dase_02.jpg\" alt=\"default\" \/><\/a>\n\t\t\t\t\t\t\t\t\t\t\t\t\t\t\t<\/li>\n\t\t\t\t\t\t<\/ul>\n\t\n\t<div id=\"slideshow-wrappergallery64337\" class=\"slideshow-wrapper\">\n\t\t\t\n\t\t<div class=\"slideshow-fullsize\" id=\"fullsizegallery64337\">\n\t\t\t\t\t\t\t\t\t\t\t\t\t\t<div id=\"imgprevgallery64337\" class=\"slideshow-imgprev imgnav\" title=\"Previous Image\">Previous Image<\/div>\n\t\t\t\t\t\t<a id=\"imglinkgallery64337\" class=\"slideshow-imglink imglink\"><!-- link --><\/a>\n\t\t\t\t\t\t\t\t\t\t\t<div id=\"imgnextgallery64337\" class=\"slideshow-imgnext imgnav\" title=\"Next Image\">Next Image<\/div>\n\t\t\t\t\t\t<div id=\"imagegallery64337\" class=\"slideshow-image\"><\/div>\n\t\t\t<div class=\"slideshow-information infobottom\" id=\"informationgallery64337\">\n\t\t\t\t<h3 class=\"slideshow-info-heading\">info heading<\/h3>\n\t\t\t\t<p class=\"slideshow-info-content\">info content<\/p>\n\t\t\t<\/div>\n\t\t<\/div>\n\t\t\n\t\t\t\t\t<div id=\"thumbnailsgallery64337\" class=\"slideshow-thumbnails thumbsbot\">\n\t\t\t\t<div class=\"slideshow-slideleft\" id=\"slideleftgallery64337\" title=\"Slide Left\"><\/div>\n\t\t\t\t<div class=\"slideshow-slidearea\" id=\"slideareagallery64337\">\n\t\t\t\t\t<div class=\"slideshow-slider\" id=\"slidergallery64337\"><\/div>\n\t\t\t\t<\/div>\n\t\t\t\t<div class=\"slideshow-slideright\" id=\"sliderightgallery64337\" title=\"Slide Right\"><\/div>\n\t\t\t\t<br style=\"clear:both; visibility:hidden; height:1px;\" \/>\n\t\t\t<\/div>\n\t\t\t<\/div>\n\t\n\t\n\t<!-- Slideshow Gallery Javascript BEG -->\t\t<script type=\"text\/javascript\">\tjQuery.noConflict();\ttid('slideshowgallery64337').style.display = \"none\";\ttid('slideshow-wrappergallery64337').style.display = 'block';\ttid('slideshow-wrappergallery64337').style.visibility = 'hidden';\tvar spinnerDiv = document.createElement('div');\tspinnerDiv.setAttribute('id', 'spinnergallery64337');\tspinnerDiv.innerHTML = '<i class=\"fa fa-cog fa-spin\"><\/i>';\tjQuery(spinnerDiv).appendTo('#fullsizegallery64337');\ttid('spinnergallery64337').style.visibility = 'visible';\tvar slideshowgallery64337 = new TINY.slideshow(\"slideshowgallery64337\");\tjQuery(document).ready(function() {\t\tslideshowgallery64337.auto = true;\t\tslideshowgallery64337.speed = 10;\t\tslideshowgallery64337.effect = \"fade\";\t\tslideshowgallery64337.slide_direction = \"lr\";\t\tslideshowgallery64337.easing = \"swing\";\t\tslideshowgallery64337.alwaysauto = true;\t\tslideshowgallery64337.autoheight = true;\t\tslideshowgallery64337.autoheight_max = false;\t\tslideshowgallery64337.imgSpeed = 10;\t\tslideshowgallery64337.navOpacity = 25;\t\tslideshowgallery64337.navHover = 70;\t\tslideshowgallery64337.letterbox = \"#000000\";\t\tslideshowgallery64337.linkclass = \"linkhover\";\t\tslideshowgallery64337.imagesid = \"imagesgallery64337\";\t\tslideshowgallery64337.info = \"\";\t\tslideshowgallery64337.infoonhover = 0;\t\tslideshowgallery64337.infoSpeed = 10;\t\tslideshowgallery64337.infodelay = 0;\t\tslideshowgallery64337.infofade = 0;\t\tslideshowgallery64337.infofadedelay = 0;\t\tslideshowgallery64337.thumbs = \"slidergallery64337\";\t\tslideshowgallery64337.thumbOpacity = 70;\t\tslideshowgallery64337.left = \"slideleftgallery64337\";\t\tslideshowgallery64337.right = \"sliderightgallery64337\";\t\tslideshowgallery64337.scrollSpeed = 5;\t\tslideshowgallery64337.spacing = 5;\t\tslideshowgallery64337.active = \"#ffffff\";\t\tslideshowgallery64337.imagesthickbox = \"false\";\t\tjQuery(\"#spinnergallery64337\").remove();\t\tslideshowgallery64337.init(\"slideshowgallery64337\",\"imagegallery64337\",\"imgprevgallery64337\",\"imgnextgallery64337\",\"imglinkgallery64337\");\t\ttid('slideshow-wrappergallery64337').style.visibility = 'visible';\t\tjQuery(window).trigger('resize');\t\t\t\t\t});\t\t\t<\/script>\t\t<!-- Slideshow Gallery Javascript END --><!-- Slideshow Gallery CSS BEG --><style id=\"style-gallery64337\">\t\tul.slideshowgallery64337 { list-style:none !important; color:#fff; }\n\t\tul.slideshowgallery64337 span { display:none; }\n\t\t#slideshow-wrappergallery64337 { overflow: hidden; position:relative; width:100%; background:#020202; padding:0 0 0 0; border:; margin:0; display:none; }\n\t\t#slideshow-wrappergallery64337 * { margin:0; padding:0; }\n\t\t#slideshow-wrappergallery64337 #fullsizegallery64337 { position:relative; z-index:1; overflow:hidden; width:100%; height:460px; clear:both; border: none; }\n\t\t#slideshow-wrappergallery64337 #informationgallery64337 { text-align:left; font-family:Verdana, Arial, Helvetica, sans-serif !important; position:absolute; width:100%; height:0; background:#000000; color:#ffffff; overflow:hidden; z-index:300; opacity:.7; filter:alpha(opacity=70); }\n\t\t#slideshow-wrappergallery64337 #informationgallery64337 h3 { color:#ffffff; padding:4px 8px 3px; margin:0 !important; font-size:16px; font-weight:bold; }\n\t\t#slideshow-wrappergallery64337 #informationgallery64337 a { color:#ffffff; }\n\t\t#slideshow-wrappergallery64337 #informationgallery64337 p { color:#ffffff; padding:0 8px 8px; margin:0 !important; font-size: 14px; font-weight:normal; }\n\t\t#slideshow-wrappergallery64337 .infotop { margin-bottom:8px !important; top:0!important; }\n\t\t#slideshow-wrappergallery64337 .infobottom { margin-top:8px !important; bottom:0!important; }\n\t\t\t\t\t#slideshow-wrappergallery64337 #imagegallery64337 { width:100%; }\n\t\t\t#slideshow-wrappergallery64337 #imagegallery64337 img { border:none; border-radius:0; box-shadow:none; position:absolute; left:0%; right:0%; max-height:100%; max-width:100%; margin:0 auto; display:block; }\n\t\t\t\t#slideshow-wrappergallery64337 .imgnav { position:absolute; width:25%; height:100%; cursor:pointer; z-index:250; }\n\t\t#slideshow-wrappergallery64337 #imgprevgallery64337:before { font-family:FontAwesome; content:\"\\f053\"; font-size:30px; color:white; visibility:visible; left:0; text-align:left; width: auto; height:auto; line-height:160%; top:50%; margin:-30px 0 0 0; border-radius:0 10px 10px 0; background:black; padding:3px 10px 0 10px; position: absolute; display: inline-block; \t}\n\t\t#slideshow-wrappergallery64337 #imgprevgallery64337 { display:none; -moz-user-select: none; -khtml-user-select: none; -webkit-user-select: none; -o-user-select: none; left:0; font-size:0px; }\n\t\t#slideshow-wrappergallery64337 #imgnextgallery64337:before { font-family:FontAwesome; content:\"\\f054\"; font-size:30px; color:white; visibility:visible; right:0; text-align:right; width: auto; height:auto; line-height:160%; top:50%; margin:-30px 0 0 0; border-radius:10px 0 0 10px; background:black; padding:3px 10px 0 10px; position: absolute; display: inline-block; }\n\t\t#slideshow-wrappergallery64337 #imgnextgallery64337 { display:none; -moz-user-select: none; -khtml-user-select: none; -webkit-user-select: none; -o-user-select: none; right:0; font-size:0px; }\n\t\t#slideshow-wrappergallery64337 #imglinkgallery64337 { position:absolute; zoom:1; background-color:#ffffff; height:100%; width:100%; left:0; z-index:149; opacity:0; filter:alpha(opacity=0); }\n\t\t#slideshow-wrappergallery64337 .linkhover:before { font-family:FontAwesome; content:\"\\f14c\"; font-size:30px; text-align:center; height:auto; line-height:160%; width:auto; top:50%; left:auto; right:auto; margin:-30px 0 0 0; padding:0px 12px; display: inline-block; position: relative; background:black; color:white; border-radius:10px; }\n\t\t#slideshow-wrappergallery64337 .linkhover { background:transparent !important; opacity:.4 !important; filter:alpha(opacity=40) !important; text-align:center; font-size:0px; }\n\t\t#slideshow-wrappergallery64337 #thumbnailsgallery64337 { background:#020202; height:89px; width:100%; position:relative; overflow:hidden; }\n\t\t#slideshow-wrappergallery64337 .thumbstop { margin-bottom:8px !important; }\n\t\t#slideshow-wrappergallery64337 .thumbsbot { margin-top:8px !important; }\n\t\t#slideshow-wrappergallery64337 #slideleftgallery64337:before { font-family:FontAwesome; content: \"\\f104\"; color:#999; position: absolute; height: auto; line-height:160%; width: auto; display: inline-block; top: 50%; font-size: 30px; margin: -30px 0 0 0; padding: 0 5px; }\n\t\t#slideshow-wrappergallery64337 #slideleftgallery64337 { text-align:left; float:left; position:absolute; left:0; z-index:150; width:20px; height:89px; background:#222; }\n\t\t#slideshow-wrappergallery64337 #slideleftgallery64337:hover { background-color:#333; }\n\t\t#slideshow-wrappergallery64337 #sliderightgallery64337:before { font-family:FontAwesome; content: \"\\f105\"; color:#999; position: absolute; height: auto; line-height:160%; width: auto; display: inline-block; top: 50%; font-size: 30px; margin: -30px 0 0 0; padding: 0 5px; }\n\t\t#slideshow-wrappergallery64337 #sliderightgallery64337 { text-align:left; float:right; position:absolute; right:0; z-index:150; width:20px; height:89px; background:#222; }\n\t\t#slideshow-wrappergallery64337 #sliderightgallery64337:hover { background-color:#333; }\n\t\t#slideshow-wrappergallery64337 #slideareagallery64337 { float:left; position:absolute; z-index:149; background:#020202; width:100%; margin:0; height:89px; overflow:hidden; }\n\t\t#slideshow-wrappergallery64337 #slidergallery64337 { position:absolute; width:726px !important; left:0; height:89px; padding:3px 20px 0 25px; }\n\t\t#slideshow-wrappergallery64337 #slidergallery64337 img { width:100px; height:75px; cursor:pointer; border:1px solid #666; padding:2px; float:left !important; }\n\t\t#slideshow-wrappergallery64337 #spinnergallery64337 { position:relative; top:50%; left:45%; text-align:left; font-size:30px; }\n\t\t#slideshow-wrappergallery64337 #spinnergallery64337 img { border:none; }\n\t\n\t\t\t\t@media (max-width:480px) { \t.slideshow-information { display: none !important; } }\n\t\t\t\t\t\t@media (max-width:480px) { \t.slideshow-thumbnails { display: none !important; } }\n\t\t\t<\/style><!-- Slideshow Gallery CSS END --><\/code><\/td><\/tr><\/tbody><\/table><figcaption class=\"wp-element-caption\">Fotos por Toni Torrillas i Alalon<\/figcaption><\/figure>\n<\/div>\n<\/div>\n\n\n\n<p><\/p>\n","protected":false},"excerpt":{"rendered":"<p>El mural de Dase, a la Garriga, nominat a Millor Mural del M\u00f3n 2024 Titulat \u201cLa vida \u00e9s un vol\u201d ja va ser premiat com a Millor Mural del M\u00f3n del mes d&#8217;agost de 2024 Un mural realitzat a iniciativa<span class=\"ellipsis\">&hellip;<\/span><\/p>\n<div class=\"read-more\"><a href=\"https:\/\/www.artsituacions.com\/ca\/noticias\/el-mural-de-dase-en-la-garriga-nominado-a-mejor-mural-del-mundo\/\">Llegir m\u00e9s &#8250;<\/a><\/div>\n<p><!-- end of .read-more --><\/p>\n","protected":false},"author":1,"featured_media":3081,"comment_status":"closed","ping_status":"closed","sticky":false,"template":"","format":"standard","meta":[],"categories":[12],"tags":[],"post_formats":[],"yoast_head":"<!-- This site is optimized with the Yoast SEO plugin v17.8 - https:\/\/yoast.com\/wordpress\/plugins\/seo\/ -->\n<meta name=\"robots\" content=\"index, follow, max-snippet:-1, max-image-preview:large, max-video-preview:-1\" \/>\n<link rel=\"canonical\" href=\"https:\/\/www.artsituacions.com\/es\/noticias\/el-mural-de-dase-en-la-garriga-nominado-a-mejor-mural-del-mundo\/\" \/>\n<meta property=\"og:locale\" content=\"ca_ES\" \/>\n<meta property=\"og:type\" content=\"article\" \/>\n<meta property=\"og:title\" content=\"El mural de Dase, a la Garriga, nominat a Millor Mural del M\u00f3n 2024\" \/>\n<meta property=\"og:description\" content=\"El mural de Dase, a la Garriga, nominat a Millor Mural del M\u00f3n 2024 Titulat \u201cLa vida \u00e9s un vol\u201d ja va ser premiat com a Millor Mural del M\u00f3n del mes d&#8217;agost de 2024 Un mural realitzat a iniciativa&hellip;Llegir m\u00e9s &#8250;\" \/>\n<meta property=\"og:url\" content=\"https:\/\/www.artsituacions.com\/ca\/noticias\/el-mural-de-dase-en-la-garriga-nominado-a-mejor-mural-del-mundo\/\" \/>\n<meta property=\"og:site_name\" content=\"Artsituacions\" \/>\n<meta property=\"article:published_time\" content=\"2025-01-23T18:36:09+00:00\" \/>\n<meta property=\"article:modified_time\" content=\"2025-01-23T19:09:41+00:00\" \/>\n<meta property=\"og:image\" content=\"https:\/\/www.artsituacions.com\/wp-content\/uploads\/2025\/01\/dase_01.jpg\" \/>\n\t<meta property=\"og:image:width\" content=\"909\" \/>\n\t<meta property=\"og:image:height\" content=\"601\" \/>\n<meta name=\"twitter:card\" content=\"summary_large_image\" \/>\n<meta name=\"twitter:label1\" content=\"Escrit per\" \/>\n\t<meta name=\"twitter:data1\" content=\"maria\" \/>\n\t<meta name=\"twitter:label2\" content=\"Temps estimat de lectura\" \/>\n\t<meta name=\"twitter:data2\" content=\"3 minuts\" \/>\n<script type=\"application\/ld+json\" class=\"yoast-schema-graph\">{\"@context\":\"https:\/\/schema.org\",\"@graph\":[{\"@type\":\"WebSite\",\"@id\":\"https:\/\/www.artsituacions.com\/es\/#website\",\"url\":\"https:\/\/www.artsituacions.com\/es\/\",\"name\":\"Artsituacions\",\"description\":\"\",\"potentialAction\":[{\"@type\":\"SearchAction\",\"target\":{\"@type\":\"EntryPoint\",\"urlTemplate\":\"https:\/\/www.artsituacions.com\/es\/?s={search_term_string}\"},\"query-input\":\"required name=search_term_string\"}],\"inLanguage\":\"ca\"},{\"@type\":\"ImageObject\",\"@id\":\"https:\/\/www.artsituacions.com\/es\/noticias\/el-mural-de-dase-en-la-garriga-nominado-a-mejor-mural-del-mundo\/#primaryimage\",\"inLanguage\":\"ca\",\"url\":\"https:\/\/www.artsituacions.com\/wp-content\/uploads\/2025\/01\/dase_01.jpg\",\"contentUrl\":\"https:\/\/www.artsituacions.com\/wp-content\/uploads\/2025\/01\/dase_01.jpg\",\"width\":909,\"height\":601},{\"@type\":\"WebPage\",\"@id\":\"https:\/\/www.artsituacions.com\/es\/noticias\/el-mural-de-dase-en-la-garriga-nominado-a-mejor-mural-del-mundo\/#webpage\",\"url\":\"https:\/\/www.artsituacions.com\/es\/noticias\/el-mural-de-dase-en-la-garriga-nominado-a-mejor-mural-del-mundo\/\",\"name\":\"[:es]El mural de Dase, en la Garriga, nominado a Mejor Mural del Mundo 2024[:ca]El mural de Dase, a la Garriga, nominat a Millor Mural del M\\u00f3n 2024[:en]Dase's Mural in La Garriga Nominated for Best Mural in the World 2024[:] - Artsituacions\",\"isPartOf\":{\"@id\":\"https:\/\/www.artsituacions.com\/es\/#website\"},\"primaryImageOfPage\":{\"@id\":\"https:\/\/www.artsituacions.com\/es\/noticias\/el-mural-de-dase-en-la-garriga-nominado-a-mejor-mural-del-mundo\/#primaryimage\"},\"datePublished\":\"2025-01-23T18:36:09+00:00\",\"dateModified\":\"2025-01-23T19:09:41+00:00\",\"author\":{\"@id\":\"https:\/\/www.artsituacions.com\/es\/#\/schema\/person\/3d37438f4bd373cb842fb92a55dae3d0\"},\"breadcrumb\":{\"@id\":\"https:\/\/www.artsituacions.com\/es\/noticias\/el-mural-de-dase-en-la-garriga-nominado-a-mejor-mural-del-mundo\/#breadcrumb\"},\"inLanguage\":\"ca\",\"potentialAction\":[{\"@type\":\"ReadAction\",\"target\":[\"https:\/\/www.artsituacions.com\/es\/noticias\/el-mural-de-dase-en-la-garriga-nominado-a-mejor-mural-del-mundo\/\"]}]},{\"@type\":\"BreadcrumbList\",\"@id\":\"https:\/\/www.artsituacions.com\/es\/noticias\/el-mural-de-dase-en-la-garriga-nominado-a-mejor-mural-del-mundo\/#breadcrumb\",\"itemListElement\":[{\"@type\":\"ListItem\",\"position\":1,\"name\":\"Home\",\"item\":\"https:\/\/www.artsituacions.com\/es\/\"},{\"@type\":\"ListItem\",\"position\":2,\"name\":\"Noticias\",\"item\":\"https:\/\/www.artsituacions.com\/it\/category\/noticias\/\"},{\"@type\":\"ListItem\",\"position\":3,\"name\":\"El mural de Dase, en la Garriga, nominado a Mejor Mural del Mundo 2024\"}]},{\"@type\":\"Person\",\"@id\":\"https:\/\/www.artsituacions.com\/es\/#\/schema\/person\/3d37438f4bd373cb842fb92a55dae3d0\",\"name\":\"maria\",\"image\":{\"@type\":\"ImageObject\",\"@id\":\"https:\/\/www.artsituacions.com\/es\/#personlogo\",\"inLanguage\":\"ca\",\"url\":\"https:\/\/secure.gravatar.com\/avatar\/5e917d4d501b3a16916d469da41efaf8?s=96&d=mm&r=g\",\"contentUrl\":\"https:\/\/secure.gravatar.com\/avatar\/5e917d4d501b3a16916d469da41efaf8?s=96&d=mm&r=g\",\"caption\":\"maria\"},\"url\":\"https:\/\/www.artsituacions.com\/ca\/author\/maria\/\"}]}<\/script>\n<!-- \/ Yoast SEO plugin. -->","yoast_head_json":{"robots":{"index":"index","follow":"follow","max-snippet":"max-snippet:-1","max-image-preview":"max-image-preview:large","max-video-preview":"max-video-preview:-1"},"canonical":"https:\/\/www.artsituacions.com\/es\/noticias\/el-mural-de-dase-en-la-garriga-nominado-a-mejor-mural-del-mundo\/","og_locale":"ca_ES","og_type":"article","og_title":"[:es]El mural de Dase, en la Garriga, nominado a Mejor Mural del Mundo 2024[:ca]El mural de Dase, a la Garriga, nominat a Millor Mural del M\u00f3n 2024[:en]Dase's Mural in La Garriga Nominated for Best Mural in the World 2024[:] - Artsituacions","og_description":"El mural de Dase, a la Garriga, nominat a Millor Mural del M\u00f3n 2024 Titulat \u201cLa vida \u00e9s un vol\u201d ja va ser premiat com a Millor Mural del M\u00f3n del mes d&#8217;agost de 2024 Un mural realitzat a iniciativa&hellip;Llegir m\u00e9s &#8250;","og_url":"https:\/\/www.artsituacions.com\/ca\/noticias\/el-mural-de-dase-en-la-garriga-nominado-a-mejor-mural-del-mundo\/","og_site_name":"Artsituacions","article_published_time":"2025-01-23T18:36:09+00:00","article_modified_time":"2025-01-23T19:09:41+00:00","og_image":[{"width":909,"height":601,"url":"https:\/\/www.artsituacions.com\/wp-content\/uploads\/2025\/01\/dase_01.jpg","type":"image\/jpeg"}],"twitter_card":"summary_large_image","twitter_misc":{"Escrit per":"maria","Temps estimat de lectura":"3 minuts"},"schema":{"@context":"https:\/\/schema.org","@graph":[{"@type":"WebSite","@id":"https:\/\/www.artsituacions.com\/es\/#website","url":"https:\/\/www.artsituacions.com\/es\/","name":"Artsituacions","description":"","potentialAction":[{"@type":"SearchAction","target":{"@type":"EntryPoint","urlTemplate":"https:\/\/www.artsituacions.com\/es\/?s={search_term_string}"},"query-input":"required name=search_term_string"}],"inLanguage":"ca"},{"@type":"ImageObject","@id":"https:\/\/www.artsituacions.com\/es\/noticias\/el-mural-de-dase-en-la-garriga-nominado-a-mejor-mural-del-mundo\/#primaryimage","inLanguage":"ca","url":"https:\/\/www.artsituacions.com\/wp-content\/uploads\/2025\/01\/dase_01.jpg","contentUrl":"https:\/\/www.artsituacions.com\/wp-content\/uploads\/2025\/01\/dase_01.jpg","width":909,"height":601},{"@type":"WebPage","@id":"https:\/\/www.artsituacions.com\/es\/noticias\/el-mural-de-dase-en-la-garriga-nominado-a-mejor-mural-del-mundo\/#webpage","url":"https:\/\/www.artsituacions.com\/es\/noticias\/el-mural-de-dase-en-la-garriga-nominado-a-mejor-mural-del-mundo\/","name":"[:es]El mural de Dase, en la Garriga, nominado a Mejor Mural del Mundo 2024[:ca]El mural de Dase, a la Garriga, nominat a Millor Mural del M\u00f3n 2024[:en]Dase's Mural in La Garriga Nominated for Best Mural in the World 2024[:] - Artsituacions","isPartOf":{"@id":"https:\/\/www.artsituacions.com\/es\/#website"},"primaryImageOfPage":{"@id":"https:\/\/www.artsituacions.com\/es\/noticias\/el-mural-de-dase-en-la-garriga-nominado-a-mejor-mural-del-mundo\/#primaryimage"},"datePublished":"2025-01-23T18:36:09+00:00","dateModified":"2025-01-23T19:09:41+00:00","author":{"@id":"https:\/\/www.artsituacions.com\/es\/#\/schema\/person\/3d37438f4bd373cb842fb92a55dae3d0"},"breadcrumb":{"@id":"https:\/\/www.artsituacions.com\/es\/noticias\/el-mural-de-dase-en-la-garriga-nominado-a-mejor-mural-del-mundo\/#breadcrumb"},"inLanguage":"ca","potentialAction":[{"@type":"ReadAction","target":["https:\/\/www.artsituacions.com\/es\/noticias\/el-mural-de-dase-en-la-garriga-nominado-a-mejor-mural-del-mundo\/"]}]},{"@type":"BreadcrumbList","@id":"https:\/\/www.artsituacions.com\/es\/noticias\/el-mural-de-dase-en-la-garriga-nominado-a-mejor-mural-del-mundo\/#breadcrumb","itemListElement":[{"@type":"ListItem","position":1,"name":"Home","item":"https:\/\/www.artsituacions.com\/es\/"},{"@type":"ListItem","position":2,"name":"Noticias","item":"https:\/\/www.artsituacions.com\/it\/category\/noticias\/"},{"@type":"ListItem","position":3,"name":"El mural de Dase, en la Garriga, nominado a Mejor Mural del Mundo 2024"}]},{"@type":"Person","@id":"https:\/\/www.artsituacions.com\/es\/#\/schema\/person\/3d37438f4bd373cb842fb92a55dae3d0","name":"maria","image":{"@type":"ImageObject","@id":"https:\/\/www.artsituacions.com\/es\/#personlogo","inLanguage":"ca","url":"https:\/\/secure.gravatar.com\/avatar\/5e917d4d501b3a16916d469da41efaf8?s=96&d=mm&r=g","contentUrl":"https:\/\/secure.gravatar.com\/avatar\/5e917d4d501b3a16916d469da41efaf8?s=96&d=mm&r=g","caption":"maria"},"url":"https:\/\/www.artsituacions.com\/ca\/author\/maria\/"}]}},"AFP_featured_media_urls":{"full":["https:\/\/www.artsituacions.com\/wp-content\/uploads\/2025\/01\/dase_01.jpg",909,601,false],"thumbnail":["https:\/\/www.artsituacions.com\/wp-content\/uploads\/2025\/01\/dase_01.jpg",100,66,false],"medium":["https:\/\/www.artsituacions.com\/wp-content\/uploads\/2025\/01\/dase_01.jpg",300,198,false],"medium_large":["https:\/\/www.artsituacions.com\/wp-content\/uploads\/2025\/01\/dase_01.jpg",605,400,false],"large":["https:\/\/www.artsituacions.com\/wp-content\/uploads\/2025\/01\/dase_01.jpg",605,400,false]},"AFP_attachments":{"full":["https:\/\/www.artsituacions.com\/wp-content\/uploads\/2025\/01\/dase_01.jpg",909,601,false],"thumbnail":["https:\/\/www.artsituacions.com\/wp-content\/uploads\/2025\/01\/dase_01.jpg",100,66,false],"medium":["https:\/\/www.artsituacions.com\/wp-content\/uploads\/2025\/01\/dase_01.jpg",300,198,false],"medium_large":["https:\/\/www.artsituacions.com\/wp-content\/uploads\/2025\/01\/dase_01.jpg",605,400,false],"large":["https:\/\/www.artsituacions.com\/wp-content\/uploads\/2025\/01\/dase_01.jpg",605,400,false]},"AFP_videos":[],"AFP_video_blocks":"","AFP_category_names":["Not\u00edcies"],"_links":{"self":[{"href":"https:\/\/www.artsituacions.com\/ca\/wp-json\/wp\/v2\/posts\/3080"}],"collection":[{"href":"https:\/\/www.artsituacions.com\/ca\/wp-json\/wp\/v2\/posts"}],"about":[{"href":"https:\/\/www.artsituacions.com\/ca\/wp-json\/wp\/v2\/types\/post"}],"author":[{"embeddable":true,"href":"https:\/\/www.artsituacions.com\/ca\/wp-json\/wp\/v2\/users\/1"}],"replies":[{"embeddable":true,"href":"https:\/\/www.artsituacions.com\/ca\/wp-json\/wp\/v2\/comments?post=3080"}],"version-history":[{"count":9,"href":"https:\/\/www.artsituacions.com\/ca\/wp-json\/wp\/v2\/posts\/3080\/revisions"}],"predecessor-version":[{"id":3102,"href":"https:\/\/www.artsituacions.com\/ca\/wp-json\/wp\/v2\/posts\/3080\/revisions\/3102"}],"wp:featuredmedia":[{"embeddable":true,"href":"https:\/\/www.artsituacions.com\/ca\/wp-json\/wp\/v2\/media\/3081"}],"wp:attachment":[{"href":"https:\/\/www.artsituacions.com\/ca\/wp-json\/wp\/v2\/media?parent=3080"}],"wp:term":[{"taxonomy":"category","embeddable":true,"href":"https:\/\/www.artsituacions.com\/ca\/wp-json\/wp\/v2\/categories?post=3080"},{"taxonomy":"post_tag","embeddable":true,"href":"https:\/\/www.artsituacions.com\/ca\/wp-json\/wp\/v2\/tags?post=3080"},{"taxonomy":"post_format","embeddable":true,"href":"https:\/\/www.artsituacions.com\/ca\/wp-json\/wp\/v2\/post_formats?post=3080"}],"curies":[{"name":"wp","href":"https:\/\/api.w.org\/{rel}","templated":true}]}}