{"id":3217,"date":"2026-02-18T19:40:46","date_gmt":"2026-02-18T19:40:46","guid":{"rendered":"https:\/\/www.artsituacions.com\/es\/?p=3217"},"modified":"2026-02-18T19:59:11","modified_gmt":"2026-02-18T19:59:11","slug":"esart-situacions-colabora-con-el-museo-nacional-thyssen-bornemisza-en-la-nueva-exposicion-de-irma-alvarez-laviadacapremi-pilar-forcada-art-situacions-arcomadrid-2026enpilar-forcada","status":"publish","type":"post","link":"https:\/\/www.artsituacions.com\/ca\/noticias\/esart-situacions-colabora-con-el-museo-nacional-thyssen-bornemisza-en-la-nueva-exposicion-de-irma-alvarez-laviadacapremi-pilar-forcada-art-situacions-arcomadrid-2026enpilar-forcada\/","title":{"rendered":"ART Situacions col\u00b7labora amb el Museu Nacional Thyssen Bornemisza en la nova exposici\u00f3 d&#039;Irma \u00c1lvarez-Laviada"},"content":{"rendered":"\n<div class=\"wp-block-columns is-layout-flex wp-container-3\">\n<div class=\"wp-block-column is-layout-flow\" style=\"flex-basis:300px\">\n<figure class=\"wp-block-image size-full\"><img decoding=\"async\" loading=\"lazy\" width=\"250\" height=\"250\" src=\"https:\/\/www.artsituacions.com\/wp-content\/uploads\/2022\/01\/artsituacions.jpeg\" alt=\"\" class=\"wp-image-1795\"\/><\/figure>\n<\/div>\n\n\n\n<div class=\"wp-block-column is-layout-flow\" style=\"flex-basis:85%\">\n\n<h2 class=\"wp-block-heading\"><strong>ART Situacions col\u00b7labora amb el Museu Nacional Thyssen Bornemisza en la nova exposici\u00f3 d&#8217;Irma \u00c1lvarez-Laviada <\/strong><\/h2>\n\n\n<p><em>L\u2019artista, que va rebre el Premi Pilar Forcada ART Situacions a ARCOmadrid  2022, protagonitza la novena entrega del programa Kora del museu madrileny. <\/em><\/p>\n\n\n<p><em>ART Situacions reafirma el seu comprom\u00eds amb el mecenatge emergent cedint  dues peces clau de la seva col\u00b7lecci\u00f3 per a la mostra \u201cDentro y fuera del marco\u201d. \n<\/em><\/p>\n\n\n<p><strong>Madrid\/La Garriga, 19 de febrer de 2026<\/strong> ART Situacions s&#8217;enorgulleix d&#8217;anunciar la seva  col\u00b7laboraci\u00f3 en la propera exposici\u00f3 temporal d&#8217;Irma \u00c1lvarez-Laviada, titulada Dentro y fuera del  marco, que tindr\u00e0 lloc al Museu Nacional Thyssen-Bornemisza del 23 de febrer al 3 de maig de 2026.  Per a aquesta ocasi\u00f3 tan assenyalada, ART Situacions cedir\u00e0 dues obres de la seva col\u00b7lecci\u00f3 pr\u00f2pia,  consolidant aix\u00ed el suport continu a una de les veus m\u00e9s rellevants de l&#8217;art contemporani actual. \n <\/p>\n\n\n<p>L&#8217;exposici\u00f3, comissariada per Roc\u00edo de la Villa en el marc del programa Kora (dedicat a projectes amb  perspectiva de g\u00e8nere), proposa un di\u00e0leg entre els materials industrials i les jerarquies de l&#8217;art  occidental. En aquest context, les obres cedides per ART Situacions s\u00f3n fonamentals per entendre  l&#8217;evoluci\u00f3 de l&#8217;artista cap a una abstracci\u00f3 geom\u00e8trica cr\u00edtica que q\u00fcestiona els l\u00edmits del marc i la  materialitat de la pintura. \n<\/p>\n\n\n<p><strong>Un enlla\u00e7 d&#8217;\u00e8xit: d&#8217;ARCOmadrid al Thyssen <\/strong>\n<\/p>\n\n\n<p>La relaci\u00f3 entre ART Situacions i Irma \u00c1lvarez-Laviada es va consolidar l&#8217;any 2022, quan l&#8217;artista va ser  guardonada amb el Premi Pilar Forcada ART Situacions a la fira ARCOmadrid. Aquest reconeixement,  valorat en 15.000 \u20ac, no sols va suposar la incorporaci\u00f3 de peces de l&#8217;artista a la col\u00b7lecci\u00f3 de la  fundaci\u00f3, sin\u00f3 que va reafirmar la missi\u00f3 d&#8217;ART Situacions com a motor de visibilitat per al talent  emergent. \n<\/p>\n\n\n<p>&#8220;Veure com una de les nostres artistes premiades arriba a una instituci\u00f3 de prestigi mundial com el  Museu Thyssen \u00e9s la confirmaci\u00f3 que el nostre model de mecenatge funciona&#8221;, afirma Marcel Pascual,  director d&#8217;ART Situacions. &#8220;El Premi Pilar Forcada va n\u00e9ixer amb la voluntat de detectar i impulsar  creadors amb una visi\u00f3 singular, i el recorregut de la Irma n&#8217;\u00e9s el millor exemple.&#8221;\n<\/p>\n\n\n<p>L&#8217;exposici\u00f3 es podr\u00e0 visitar a les sales Postpop del museu (planta primera) i romandr\u00e0 oberta fins al 3  de maig de 2026. <\/p>\n\n\n<p><strong>Dades d\u2019inter\u00e8s: <\/strong>\n<\/p>\n\n\u2022 Exposici\u00f3: Irma \u00c1lvarez-Laviada. Dentro y fuera del marco. <br \/>\n\u2022 Dates: Del 23 de febrerr al 3 de maig de 2026. <br \/>\n\u2022 Ubicaci\u00f3: Museu Nacional Thyssen-Bornemisza, Madrid. <br \/>\n\u2022 M\u00e9s informaci\u00f3: www.artsituacions.com | www.museothyssen.org <br \/>\n\n<h3 class=\"wp-block-heading\">&nbsp;<\/h3>\n\n\n\n<figure class=\"wp-block-image size-full\"><img decoding=\"async\" loading=\"lazy\" width=\"1200\" height=\"900\" src=\"https:\/\/www.artsituacions.com\/wp-content\/uploads\/2022\/03\/foto_prensa1_irmaalvarezlaviada.jpg\" alt=\"\" class=\"wp-image-1974\"\/><figcaption class=\"wp-element-caption\">Irma \u00c1lvarez-Laviada amb l\u2019obra guanyadora del Premi Pilar Forcada ART Situacions l\u2019any 2022.<\/figcaption><\/figure>\n\n<p><strong>Un projecte de mecenatge i passi\u00f3 per l&#8217;art<\/strong><\/p>\n\n\n<p>Conscients de l&#8217;escassetat d&#8217;oportunitats que afronta el sector m\u00e9s jove de l&#8217;art actual, ART Situacions, que sorgeix del desig personal del matrimoni de col\u00b7leccionistes catalans Pilar Forcada i Marcel Pascual de contribuir a dinamitzar el teixit art\u00edstic, el 2011 neix per promocionar l&#8217;art emergent mitjan\u00e7ant un suport econ\u00f2mic destinat a la creaci\u00f3. Fruit d&#8217;aix\u00f2 ja s&#8217;han celebrat dues edicions. La primera va tenir lloc el 2012 amb Portugal com a pa\u00eds convidat i va comptar amb la participaci\u00f3 dels artistes espanyols Patricia Dauder, Pepe Cifuentes, Francesc Ruiz, Juan L\u00f3pez D\u00edez, Miki Leal, Jaume de la Jara, Santiago Giralda, Nuria Fuster i els portuguesos Mauro Cerqueira i Carla Filipe. La segona es va celebrar el 2016 amb els artistes italians Ludovica Carbotta, Gabriele de Santis, Anna Franceschini, Diego Marcon i Alek O. i els espanyols Miren Doiz, Jos\u00e9 Guerrero, Rub\u00e9n Guerrero, Teresa Solar Abboud i Anna Talens. Finalment, la tercera va estr\u00e8nyer lla\u00e7os amb Fran\u00e7a i va posar en di\u00e0leg l&#8217;obra de cinc artistes espanyols i cinc francesos: Elena&nbsp;Aitzkoa, Nora Aurrekoetxea, Luc\u00eda Bay\u00f3n, Aleix Plademunt i Pablo Capit\u00e1n del R\u00edo i els francesos&nbsp; Salom\u00e9 Chatriot, Marie-Luce Nadal, Pi\u00e9ron, Elsa Br\u00e8s i Yoan Sorin, que van ser seleccionades per un comit\u00e8 format per Maria de Corral, Lorena Mart\u00ednez de Corral, Chus Mart\u00ednez i Vicent Todol\u00ed.<\/p>\n\n\n<p>Despr\u00e9s de la mort de Pilar Forcada el 2021, el seu marit Marcel Pascual, col\u00b7leccionista i director general d&#8217;Honda-Greens, ha assumit la direcci\u00f3 d&#8217;ART Situacions amb la voluntat de donar continu\u00eftat al projecte en mem\u00f2ria de la dona i la passi\u00f3 compartida per l&#8217;art durant m\u00e9s de 50 anys. \u201cDurant gaireb\u00e9 mig segle hem constru\u00eft junts una col\u00b7lecci\u00f3 ecl\u00e8ctica i diversa, on al costat d&#8217;artistes reconeguts hi incorporem feines de promeses emergents\u201d, afirma Marcel Pascual. &#8220;Ens ha donat moltes alegries haver contribu\u00eft amb el nostre suport perqu\u00e8 un bon grapat d&#8217;artistes hagin pogut dedicar-se exclusivament a la creaci\u00f3&#8221;.<\/p>\n\n\n<p>A m\u00e9s, entre el 2017 i el 2022 ART Situacions va convocar el premi anual ART Situacions ARCOmadrid  per premiar la millor obra d&#8217;art emergent de la fira. Els seus premiats han estat: Antonio Ballester  Moreno (2017), Carlos Irijalba (2018), Patricia G\u00f3mez i Mar\u00eda Jes\u00fas Gonz\u00e1lez (2019), Asunci\u00f3n Molinos  Gordo (2020), Irma \u00c1lvarez-Laviada (2022) i Lara Flux\u00e0 (2025). <br><\/p>\n\n\n<p><\/p>\n\n\n<p><\/p>\n\n\n<p><\/p>\n\n<\/div>\n<\/div>\n\n\n\n<p><\/p>\n","protected":false},"excerpt":{"rendered":"<p>ART Situacions col\u00b7labora amb el Museu Nacional Thyssen Bornemisza en la nova exposici\u00f3 d&#8217;Irma \u00c1lvarez-Laviada L\u2019artista, que va rebre el Premi Pilar Forcada ART Situacions a ARCOmadrid 2022, protagonitza la novena entrega del programa Kora del museu madrileny. ART Situacions<span class=\"ellipsis\">&hellip;<\/span><\/p>\n<div class=\"read-more\"><a href=\"https:\/\/www.artsituacions.com\/ca\/noticias\/esart-situacions-colabora-con-el-museo-nacional-thyssen-bornemisza-en-la-nueva-exposicion-de-irma-alvarez-laviadacapremi-pilar-forcada-art-situacions-arcomadrid-2026enpilar-forcada\/\">Llegir m\u00e9s &#8250;<\/a><\/div>\n<p><!-- end of .read-more --><\/p>\n","protected":false},"author":1,"featured_media":1974,"comment_status":"closed","ping_status":"closed","sticky":false,"template":"","format":"standard","meta":[],"categories":[12],"tags":[],"post_formats":[],"yoast_head":"<!-- This site is optimized with the Yoast SEO plugin v17.8 - https:\/\/yoast.com\/wordpress\/plugins\/seo\/ -->\n<meta name=\"robots\" content=\"index, follow, max-snippet:-1, max-image-preview:large, max-video-preview:-1\" \/>\n<link rel=\"canonical\" href=\"https:\/\/www.artsituacions.com\/es\/noticias\/esart-situacions-colabora-con-el-museo-nacional-thyssen-bornemisza-en-la-nueva-exposicion-de-irma-alvarez-laviadacapremi-pilar-forcada-art-situacions-arcomadrid-2026enpilar-forcada\/\" \/>\n<meta property=\"og:locale\" content=\"ca_ES\" \/>\n<meta property=\"og:type\" content=\"article\" \/>\n<meta property=\"og:title\" content=\"ART Situacions col\u00b7labora amb el Museu Nacional Thyssen Bornemisza en la nova exposici\u00f3 d&#039;Irma \u00c1lvarez-Laviada\" \/>\n<meta property=\"og:description\" content=\"ART Situacions col\u00b7labora amb el Museu Nacional Thyssen Bornemisza en la nova exposici\u00f3 d&#8217;Irma \u00c1lvarez-Laviada L\u2019artista, que va rebre el Premi Pilar Forcada ART Situacions a ARCOmadrid 2022, protagonitza la novena entrega del programa Kora del museu madrileny. ART Situacions&hellip;Llegir m\u00e9s &#8250;\" \/>\n<meta property=\"og:url\" content=\"https:\/\/www.artsituacions.com\/ca\/noticias\/esart-situacions-colabora-con-el-museo-nacional-thyssen-bornemisza-en-la-nueva-exposicion-de-irma-alvarez-laviadacapremi-pilar-forcada-art-situacions-arcomadrid-2026enpilar-forcada\/\" \/>\n<meta property=\"og:site_name\" content=\"Artsituacions\" \/>\n<meta property=\"article:published_time\" content=\"2026-02-18T19:40:46+00:00\" \/>\n<meta property=\"article:modified_time\" content=\"2026-02-18T19:59:11+00:00\" \/>\n<meta property=\"og:image\" content=\"https:\/\/www.artsituacions.com\/wp-content\/uploads\/2022\/03\/foto_prensa1_irmaalvarezlaviada.jpg\" \/>\n\t<meta property=\"og:image:width\" content=\"1200\" \/>\n\t<meta property=\"og:image:height\" content=\"900\" \/>\n<meta name=\"twitter:card\" content=\"summary_large_image\" \/>\n<meta name=\"twitter:label1\" content=\"Escrit per\" \/>\n\t<meta name=\"twitter:data1\" content=\"maria\" \/>\n\t<meta name=\"twitter:label2\" content=\"Temps estimat de lectura\" \/>\n\t<meta name=\"twitter:data2\" content=\"3 minuts\" \/>\n<script type=\"application\/ld+json\" class=\"yoast-schema-graph\">{\"@context\":\"https:\/\/schema.org\",\"@graph\":[{\"@type\":\"WebSite\",\"@id\":\"https:\/\/www.artsituacions.com\/es\/#website\",\"url\":\"https:\/\/www.artsituacions.com\/es\/\",\"name\":\"Artsituacions\",\"description\":\"\",\"potentialAction\":[{\"@type\":\"SearchAction\",\"target\":{\"@type\":\"EntryPoint\",\"urlTemplate\":\"https:\/\/www.artsituacions.com\/es\/?s={search_term_string}\"},\"query-input\":\"required name=search_term_string\"}],\"inLanguage\":\"ca\"},{\"@type\":\"ImageObject\",\"@id\":\"https:\/\/www.artsituacions.com\/es\/noticias\/esart-situacions-colabora-con-el-museo-nacional-thyssen-bornemisza-en-la-nueva-exposicion-de-irma-alvarez-laviadacapremi-pilar-forcada-art-situacions-arcomadrid-2026enpilar-forcada\/#primaryimage\",\"inLanguage\":\"ca\",\"url\":\"https:\/\/www.artsituacions.com\/wp-content\/uploads\/2022\/03\/foto_prensa1_irmaalvarezlaviada.jpg\",\"contentUrl\":\"https:\/\/www.artsituacions.com\/wp-content\/uploads\/2022\/03\/foto_prensa1_irmaalvarezlaviada.jpg\",\"width\":1200,\"height\":900,\"caption\":\"[:es]Irma \\u00c1lvarez-Laviada con la obra ganadora del Premio Pilar Forcada ART Situacions en 2022[:]\"},{\"@type\":\"WebPage\",\"@id\":\"https:\/\/www.artsituacions.com\/es\/noticias\/esart-situacions-colabora-con-el-museo-nacional-thyssen-bornemisza-en-la-nueva-exposicion-de-irma-alvarez-laviadacapremi-pilar-forcada-art-situacions-arcomadrid-2026enpilar-forcada\/#webpage\",\"url\":\"https:\/\/www.artsituacions.com\/es\/noticias\/esart-situacions-colabora-con-el-museo-nacional-thyssen-bornemisza-en-la-nueva-exposicion-de-irma-alvarez-laviadacapremi-pilar-forcada-art-situacions-arcomadrid-2026enpilar-forcada\/\",\"name\":\"[:es]ART Situacions colabora con el Museo Nacional Thyssen Bornemisza en la nueva exposici\\u00f3n de Irma \\u00c1lvarez Laviada[:ca]ART Situacions col\\u00b7labora amb el Museu Nacional Thyssen Bornemisza en la nova exposici\\u00f3 d&#039;Irma \\u00c1lvarez-Laviada[:en]ART Situacions collaborates with the Museo Nacional\\u00a0Thyssen-Bornemisza on Irma \\u00c1lvarez-Laviada\\u2019s new\\u00a0exhibition[:] - Artsituacions\",\"isPartOf\":{\"@id\":\"https:\/\/www.artsituacions.com\/es\/#website\"},\"primaryImageOfPage\":{\"@id\":\"https:\/\/www.artsituacions.com\/es\/noticias\/esart-situacions-colabora-con-el-museo-nacional-thyssen-bornemisza-en-la-nueva-exposicion-de-irma-alvarez-laviadacapremi-pilar-forcada-art-situacions-arcomadrid-2026enpilar-forcada\/#primaryimage\"},\"datePublished\":\"2026-02-18T19:40:46+00:00\",\"dateModified\":\"2026-02-18T19:59:11+00:00\",\"author\":{\"@id\":\"https:\/\/www.artsituacions.com\/es\/#\/schema\/person\/3d37438f4bd373cb842fb92a55dae3d0\"},\"breadcrumb\":{\"@id\":\"https:\/\/www.artsituacions.com\/es\/noticias\/esart-situacions-colabora-con-el-museo-nacional-thyssen-bornemisza-en-la-nueva-exposicion-de-irma-alvarez-laviadacapremi-pilar-forcada-art-situacions-arcomadrid-2026enpilar-forcada\/#breadcrumb\"},\"inLanguage\":\"ca\",\"potentialAction\":[{\"@type\":\"ReadAction\",\"target\":[\"https:\/\/www.artsituacions.com\/es\/noticias\/esart-situacions-colabora-con-el-museo-nacional-thyssen-bornemisza-en-la-nueva-exposicion-de-irma-alvarez-laviadacapremi-pilar-forcada-art-situacions-arcomadrid-2026enpilar-forcada\/\"]}]},{\"@type\":\"BreadcrumbList\",\"@id\":\"https:\/\/www.artsituacions.com\/es\/noticias\/esart-situacions-colabora-con-el-museo-nacional-thyssen-bornemisza-en-la-nueva-exposicion-de-irma-alvarez-laviadacapremi-pilar-forcada-art-situacions-arcomadrid-2026enpilar-forcada\/#breadcrumb\",\"itemListElement\":[{\"@type\":\"ListItem\",\"position\":1,\"name\":\"Home\",\"item\":\"https:\/\/www.artsituacions.com\/es\/\"},{\"@type\":\"ListItem\",\"position\":2,\"name\":\"Noticias\",\"item\":\"https:\/\/www.artsituacions.com\/it\/category\/noticias\/\"},{\"@type\":\"ListItem\",\"position\":3,\"name\":\"ART Situacions colabora con el Museo Nacional Thyssen Bornemisza en la nueva exposici\\u00f3n de Irma \\u00c1lvarez Laviada\"}]},{\"@type\":\"Person\",\"@id\":\"https:\/\/www.artsituacions.com\/es\/#\/schema\/person\/3d37438f4bd373cb842fb92a55dae3d0\",\"name\":\"maria\",\"image\":{\"@type\":\"ImageObject\",\"@id\":\"https:\/\/www.artsituacions.com\/es\/#personlogo\",\"inLanguage\":\"ca\",\"url\":\"https:\/\/secure.gravatar.com\/avatar\/5e917d4d501b3a16916d469da41efaf8?s=96&d=mm&r=g\",\"contentUrl\":\"https:\/\/secure.gravatar.com\/avatar\/5e917d4d501b3a16916d469da41efaf8?s=96&d=mm&r=g\",\"caption\":\"maria\"},\"url\":\"https:\/\/www.artsituacions.com\/ca\/author\/maria\/\"}]}<\/script>\n<!-- \/ Yoast SEO plugin. -->","yoast_head_json":{"robots":{"index":"index","follow":"follow","max-snippet":"max-snippet:-1","max-image-preview":"max-image-preview:large","max-video-preview":"max-video-preview:-1"},"canonical":"https:\/\/www.artsituacions.com\/es\/noticias\/esart-situacions-colabora-con-el-museo-nacional-thyssen-bornemisza-en-la-nueva-exposicion-de-irma-alvarez-laviadacapremi-pilar-forcada-art-situacions-arcomadrid-2026enpilar-forcada\/","og_locale":"ca_ES","og_type":"article","og_title":"[:es]ART Situacions colabora con el Museo Nacional Thyssen Bornemisza en la nueva exposici\u00f3n de Irma \u00c1lvarez Laviada[:ca]ART Situacions col\u00b7labora amb el Museu Nacional Thyssen Bornemisza en la nova exposici\u00f3 d&#039;Irma \u00c1lvarez-Laviada[:en]ART Situacions collaborates with the Museo Nacional\u00a0Thyssen-Bornemisza on Irma \u00c1lvarez-Laviada\u2019s new\u00a0exhibition[:] - Artsituacions","og_description":"ART Situacions col\u00b7labora amb el Museu Nacional Thyssen Bornemisza en la nova exposici\u00f3 d&#8217;Irma \u00c1lvarez-Laviada L\u2019artista, que va rebre el Premi Pilar Forcada ART Situacions a ARCOmadrid 2022, protagonitza la novena entrega del programa Kora del museu madrileny. ART Situacions&hellip;Llegir m\u00e9s &#8250;","og_url":"https:\/\/www.artsituacions.com\/ca\/noticias\/esart-situacions-colabora-con-el-museo-nacional-thyssen-bornemisza-en-la-nueva-exposicion-de-irma-alvarez-laviadacapremi-pilar-forcada-art-situacions-arcomadrid-2026enpilar-forcada\/","og_site_name":"Artsituacions","article_published_time":"2026-02-18T19:40:46+00:00","article_modified_time":"2026-02-18T19:59:11+00:00","og_image":[{"width":1200,"height":900,"url":"https:\/\/www.artsituacions.com\/wp-content\/uploads\/2022\/03\/foto_prensa1_irmaalvarezlaviada.jpg","type":"image\/jpeg"}],"twitter_card":"summary_large_image","twitter_misc":{"Escrit per":"maria","Temps estimat de lectura":"3 minuts"},"schema":{"@context":"https:\/\/schema.org","@graph":[{"@type":"WebSite","@id":"https:\/\/www.artsituacions.com\/es\/#website","url":"https:\/\/www.artsituacions.com\/es\/","name":"Artsituacions","description":"","potentialAction":[{"@type":"SearchAction","target":{"@type":"EntryPoint","urlTemplate":"https:\/\/www.artsituacions.com\/es\/?s={search_term_string}"},"query-input":"required name=search_term_string"}],"inLanguage":"ca"},{"@type":"ImageObject","@id":"https:\/\/www.artsituacions.com\/es\/noticias\/esart-situacions-colabora-con-el-museo-nacional-thyssen-bornemisza-en-la-nueva-exposicion-de-irma-alvarez-laviadacapremi-pilar-forcada-art-situacions-arcomadrid-2026enpilar-forcada\/#primaryimage","inLanguage":"ca","url":"https:\/\/www.artsituacions.com\/wp-content\/uploads\/2022\/03\/foto_prensa1_irmaalvarezlaviada.jpg","contentUrl":"https:\/\/www.artsituacions.com\/wp-content\/uploads\/2022\/03\/foto_prensa1_irmaalvarezlaviada.jpg","width":1200,"height":900,"caption":"[:es]Irma \u00c1lvarez-Laviada con la obra ganadora del Premio Pilar Forcada ART Situacions en 2022[:]"},{"@type":"WebPage","@id":"https:\/\/www.artsituacions.com\/es\/noticias\/esart-situacions-colabora-con-el-museo-nacional-thyssen-bornemisza-en-la-nueva-exposicion-de-irma-alvarez-laviadacapremi-pilar-forcada-art-situacions-arcomadrid-2026enpilar-forcada\/#webpage","url":"https:\/\/www.artsituacions.com\/es\/noticias\/esart-situacions-colabora-con-el-museo-nacional-thyssen-bornemisza-en-la-nueva-exposicion-de-irma-alvarez-laviadacapremi-pilar-forcada-art-situacions-arcomadrid-2026enpilar-forcada\/","name":"[:es]ART Situacions colabora con el Museo Nacional Thyssen Bornemisza en la nueva exposici\u00f3n de Irma \u00c1lvarez Laviada[:ca]ART Situacions col\u00b7labora amb el Museu Nacional Thyssen Bornemisza en la nova exposici\u00f3 d&#039;Irma \u00c1lvarez-Laviada[:en]ART Situacions collaborates with the Museo Nacional\u00a0Thyssen-Bornemisza on Irma \u00c1lvarez-Laviada\u2019s new\u00a0exhibition[:] - Artsituacions","isPartOf":{"@id":"https:\/\/www.artsituacions.com\/es\/#website"},"primaryImageOfPage":{"@id":"https:\/\/www.artsituacions.com\/es\/noticias\/esart-situacions-colabora-con-el-museo-nacional-thyssen-bornemisza-en-la-nueva-exposicion-de-irma-alvarez-laviadacapremi-pilar-forcada-art-situacions-arcomadrid-2026enpilar-forcada\/#primaryimage"},"datePublished":"2026-02-18T19:40:46+00:00","dateModified":"2026-02-18T19:59:11+00:00","author":{"@id":"https:\/\/www.artsituacions.com\/es\/#\/schema\/person\/3d37438f4bd373cb842fb92a55dae3d0"},"breadcrumb":{"@id":"https:\/\/www.artsituacions.com\/es\/noticias\/esart-situacions-colabora-con-el-museo-nacional-thyssen-bornemisza-en-la-nueva-exposicion-de-irma-alvarez-laviadacapremi-pilar-forcada-art-situacions-arcomadrid-2026enpilar-forcada\/#breadcrumb"},"inLanguage":"ca","potentialAction":[{"@type":"ReadAction","target":["https:\/\/www.artsituacions.com\/es\/noticias\/esart-situacions-colabora-con-el-museo-nacional-thyssen-bornemisza-en-la-nueva-exposicion-de-irma-alvarez-laviadacapremi-pilar-forcada-art-situacions-arcomadrid-2026enpilar-forcada\/"]}]},{"@type":"BreadcrumbList","@id":"https:\/\/www.artsituacions.com\/es\/noticias\/esart-situacions-colabora-con-el-museo-nacional-thyssen-bornemisza-en-la-nueva-exposicion-de-irma-alvarez-laviadacapremi-pilar-forcada-art-situacions-arcomadrid-2026enpilar-forcada\/#breadcrumb","itemListElement":[{"@type":"ListItem","position":1,"name":"Home","item":"https:\/\/www.artsituacions.com\/es\/"},{"@type":"ListItem","position":2,"name":"Noticias","item":"https:\/\/www.artsituacions.com\/it\/category\/noticias\/"},{"@type":"ListItem","position":3,"name":"ART Situacions colabora con el Museo Nacional Thyssen Bornemisza en la nueva exposici\u00f3n de Irma \u00c1lvarez Laviada"}]},{"@type":"Person","@id":"https:\/\/www.artsituacions.com\/es\/#\/schema\/person\/3d37438f4bd373cb842fb92a55dae3d0","name":"maria","image":{"@type":"ImageObject","@id":"https:\/\/www.artsituacions.com\/es\/#personlogo","inLanguage":"ca","url":"https:\/\/secure.gravatar.com\/avatar\/5e917d4d501b3a16916d469da41efaf8?s=96&d=mm&r=g","contentUrl":"https:\/\/secure.gravatar.com\/avatar\/5e917d4d501b3a16916d469da41efaf8?s=96&d=mm&r=g","caption":"maria"},"url":"https:\/\/www.artsituacions.com\/ca\/author\/maria\/"}]}},"AFP_featured_media_urls":{"full":["https:\/\/www.artsituacions.com\/wp-content\/uploads\/2022\/03\/foto_prensa1_irmaalvarezlaviada.jpg",1200,900,false],"thumbnail":["https:\/\/www.artsituacions.com\/wp-content\/uploads\/2022\/03\/foto_prensa1_irmaalvarezlaviada.jpg",100,75,false],"medium":["https:\/\/www.artsituacions.com\/wp-content\/uploads\/2022\/03\/foto_prensa1_irmaalvarezlaviada.jpg",300,225,false],"medium_large":["https:\/\/www.artsituacions.com\/wp-content\/uploads\/2022\/03\/foto_prensa1_irmaalvarezlaviada.jpg",605,454,false],"large":["https:\/\/www.artsituacions.com\/wp-content\/uploads\/2022\/03\/foto_prensa1_irmaalvarezlaviada.jpg",605,454,false]},"AFP_attachments":[],"AFP_videos":[],"AFP_video_blocks":"","AFP_category_names":["Not\u00edcies"],"_links":{"self":[{"href":"https:\/\/www.artsituacions.com\/ca\/wp-json\/wp\/v2\/posts\/3217"}],"collection":[{"href":"https:\/\/www.artsituacions.com\/ca\/wp-json\/wp\/v2\/posts"}],"about":[{"href":"https:\/\/www.artsituacions.com\/ca\/wp-json\/wp\/v2\/types\/post"}],"author":[{"embeddable":true,"href":"https:\/\/www.artsituacions.com\/ca\/wp-json\/wp\/v2\/users\/1"}],"replies":[{"embeddable":true,"href":"https:\/\/www.artsituacions.com\/ca\/wp-json\/wp\/v2\/comments?post=3217"}],"version-history":[{"count":10,"href":"https:\/\/www.artsituacions.com\/ca\/wp-json\/wp\/v2\/posts\/3217\/revisions"}],"predecessor-version":[{"id":3232,"href":"https:\/\/www.artsituacions.com\/ca\/wp-json\/wp\/v2\/posts\/3217\/revisions\/3232"}],"wp:featuredmedia":[{"embeddable":true,"href":"https:\/\/www.artsituacions.com\/ca\/wp-json\/wp\/v2\/media\/1974"}],"wp:attachment":[{"href":"https:\/\/www.artsituacions.com\/ca\/wp-json\/wp\/v2\/media?parent=3217"}],"wp:term":[{"taxonomy":"category","embeddable":true,"href":"https:\/\/www.artsituacions.com\/ca\/wp-json\/wp\/v2\/categories?post=3217"},{"taxonomy":"post_tag","embeddable":true,"href":"https:\/\/www.artsituacions.com\/ca\/wp-json\/wp\/v2\/tags?post=3217"},{"taxonomy":"post_format","embeddable":true,"href":"https:\/\/www.artsituacions.com\/ca\/wp-json\/wp\/v2\/post_formats?post=3217"}],"curies":[{"name":"wp","href":"https:\/\/api.w.org\/{rel}","templated":true}]}}