{"id":519,"date":"2014-11-26T18:31:06","date_gmt":"2014-11-26T18:31:06","guid":{"rendered":"http:\/\/elb-artsituacions-com-1145311841.eu-west-1.elb.amazonaws.com\/?p=519"},"modified":"2023-02-06T10:03:55","modified_gmt":"2023-02-06T10:03:55","slug":"maria-corral","status":"publish","type":"post","link":"https:\/\/www.artsituacions.com\/ca\/comite\/maria-corral\/","title":{"rendered":"Mar\u00eda Corral"},"content":{"rendered":"<div class=\"commiteeDetail clearfix\">\n<div class=\"c1\">\n<img decoding=\"async\" loading=\"lazy\" src=\"https:\/\/www.artsituacions.com\/wp-content\/uploads\/2022\/01\/foto-maria_grande.jpg\" alt=\"maria-corral-300-px_author_image\" width=\"200\" height=\"200\" class=\"alignnone size-full wp-image-521\" \/>\n<\/div>\n<div class=\"c2\">\n<h2 class=\"title\">Mar\u00eda Corral<\/h2>\n<p>Cr\u00edtica d&#8217;Art i Comiss\u00e0ria independent, assessora diverses col\u00b7leccions privades i institucionals a Espanya i als Estats Units.<\/p>\n<p>Directora de la Col\u00b7lecci\u00f3 Associaci\u00f3 Art Contemporani, dipositada al Museu Pati Herreriano de Valladolid, i codirigeix \u200b\u200bExpo Actual SL<\/p>\n<p>Directora del Museu Nacional Centre d&#8217;Art Reina Sofia (1991-1994), Senior Curator del Dallas Museum of Art, USA (2005-2009). Directora del Comit\u00e8 Assessor de les Col\u00b7leccions de la Fundaci\u00f3 Telef\u00f2nica (2003-2006) i directora del Departament d&#8217;Arts Pl\u00e0stiques de la Fundaci\u00f3 \u201cla Caixa\u201d, directora del programa d&#8217;exposicions de la Fundaci\u00f3 tant a Madrid com a Barcelona (1981-1991) i de la seva Col\u00b7lecci\u00f3 d&#8217;Art Contemporani fins a l&#8217;any 2002. Aix\u00ed mateix, va dirigir la 51 Biennale di Venezia (2005) i dues vegades la Biennal de Pontevedra (2000 i 2002). Membre del Consorci Guanyador del Projecte de Valoraci\u00f3 de la Col\u00b7lecci\u00f3 del Parlament Europeu, 2012-2013. Comiss\u00e0ria del Pavell\u00f3 Portugu\u00e8s de la 56 Biennale di Venezia (2015).<\/p>\n<p>Al llarg de la seva dilatada traject\u00f2ria al m\u00f3n de l&#8217;art ha comissariat m\u00e9s de dos centenars d&#8217;exposicions tant a Espanya com a l&#8217;estranger.<\/p>\n<p>\u00c9s membre del Comit\u00e8 Assessor del Museu Nacional Reina Sofia i Patr\u00f3 de la Fundaci\u00f3 Thyssen-Bornemisza. Patr\u00f3 de la Fundaci\u00f3 Arquitectura i Societat. Patr\u00f3 de la Fundaci\u00f3 MNAC, Cadis i Patr\u00f3 de la Fundaci\u00f3 Aragonesa Col\u00b7lecci\u00f3 CIRCA XX Pilara Citoler. <\/p>\n<p>Membre del jurat del Premi Princesa d&#8217;Ast\u00faries de les Arts 2019, 2020 i 2021.<\/p>\n<p>Des de l&#8217;any 1990 \u00e9s Chevalier de l&#8217;Ordre des Arts et des Lettres i des del 2004 Officier de l&#8217;Ordre des Arts et des Lettres. Medalla d&#8217;Or del Cercle de Belles Arts, 2007. El 2012 va rebre la \u201cEncomienda de N\u00famero de la Orden de 2 de mayo\u201d de la Comunitat de Madrid. El 2015 rep la Medalla d&#8217;Or al M\u00e8rit a les Belles Arts 2014, concedida pel Ministeri d&#8217;Educaci\u00f3, Cultura i Esport del Govern espanyol. Premi d&#8217;Honor Plaza Porticada 2016. Ha rebut les distincions LEO Award, New York 1992; Premi ART COLOGNE. Col\u00f2nia. 1994; Premi KOIN\u00c9 a la traject\u00f2ria art\u00edstica professional, Verona. Premi a la traject\u00f2ria professional de la publicaci\u00f3 \u201cDescubrir el arte\u201d.<\/p>\n<p class=\"backToList\"><a href=\"..\/comite\">Tornar al llistat<\/a><\/p>\n<\/p>\n<\/div>\n<\/div>\n","protected":false},"excerpt":{"rendered":"<p>Mar\u00eda Corral Cr\u00edtica d&#8217;Art i Comiss\u00e0ria independent, assessora diverses col\u00b7leccions privades i institucionals a Espanya i als Estats Units. Directora de la Col\u00b7lecci\u00f3 Associaci\u00f3 Art Contemporani, dipositada al Museu Pati Herreriano de Valladolid, i codirigeix \u200b\u200bExpo Actual SL Directora del<span class=\"ellipsis\">&hellip;<\/span><\/p>\n<div class=\"read-more\"><a href=\"https:\/\/www.artsituacions.com\/ca\/comite\/maria-corral\/\">Llegir m\u00e9s &#8250;<\/a><\/div>\n<p><!-- end of .read-more --><\/p>\n","protected":false},"author":1,"featured_media":0,"comment_status":"closed","ping_status":"closed","sticky":false,"template":"","format":"standard","meta":[],"categories":[6],"tags":[],"post_formats":[],"yoast_head":"<!-- This site is optimized with the Yoast SEO plugin v17.8 - https:\/\/yoast.com\/wordpress\/plugins\/seo\/ -->\n<meta name=\"robots\" content=\"index, follow, max-snippet:-1, max-image-preview:large, max-video-preview:-1\" \/>\n<link rel=\"canonical\" href=\"https:\/\/www.artsituacions.com\/es\/comite\/maria-corral\/\" \/>\n<meta property=\"og:locale\" content=\"ca_ES\" \/>\n<meta property=\"og:type\" content=\"article\" \/>\n<meta property=\"og:title\" content=\"Mar\u00eda Corral\" \/>\n<meta property=\"og:description\" content=\"Mar\u00eda Corral Cr\u00edtica d&#8217;Art i Comiss\u00e0ria independent, assessora diverses col\u00b7leccions privades i institucionals a Espanya i als Estats Units. Directora de la Col\u00b7lecci\u00f3 Associaci\u00f3 Art Contemporani, dipositada al Museu Pati Herreriano de Valladolid, i codirigeix \u200b\u200bExpo Actual SL Directora del&hellip;Llegir m\u00e9s &#8250;\" \/>\n<meta property=\"og:url\" content=\"https:\/\/www.artsituacions.com\/ca\/comite\/maria-corral\/\" \/>\n<meta property=\"og:site_name\" content=\"Artsituacions\" \/>\n<meta property=\"article:published_time\" content=\"2014-11-26T18:31:06+00:00\" \/>\n<meta property=\"article:modified_time\" content=\"2023-02-06T10:03:55+00:00\" \/>\n<meta property=\"og:image\" content=\"https:\/\/www.artsituacions.com\/wp-content\/uploads\/2022\/01\/foto-maria_grande.jpg\" \/>\n<meta name=\"twitter:card\" content=\"summary_large_image\" \/>\n<meta name=\"twitter:label1\" content=\"Escrit per\" \/>\n\t<meta name=\"twitter:data1\" content=\"maria\" \/>\n\t<meta name=\"twitter:label2\" content=\"Temps estimat de lectura\" \/>\n\t<meta name=\"twitter:data2\" content=\"8 minuts\" \/>\n<script type=\"application\/ld+json\" class=\"yoast-schema-graph\">{\"@context\":\"https:\/\/schema.org\",\"@graph\":[{\"@type\":\"WebSite\",\"@id\":\"https:\/\/www.artsituacions.com\/es\/#website\",\"url\":\"https:\/\/www.artsituacions.com\/es\/\",\"name\":\"Artsituacions\",\"description\":\"\",\"potentialAction\":[{\"@type\":\"SearchAction\",\"target\":{\"@type\":\"EntryPoint\",\"urlTemplate\":\"https:\/\/www.artsituacions.com\/es\/?s={search_term_string}\"},\"query-input\":\"required name=search_term_string\"}],\"inLanguage\":\"ca\"},{\"@type\":\"ImageObject\",\"@id\":\"https:\/\/www.artsituacions.com\/es\/comite\/maria-corral\/#primaryimage\",\"inLanguage\":\"ca\",\"url\":\"https:\/\/www.artsituacions.com\/wp-content\/uploads\/2022\/01\/foto-maria_grande.jpg\",\"contentUrl\":\"https:\/\/www.artsituacions.com\/wp-content\/uploads\/2022\/01\/foto-maria_grande.jpg\"},{\"@type\":\"WebPage\",\"@id\":\"https:\/\/www.artsituacions.com\/es\/comite\/maria-corral\/#webpage\",\"url\":\"https:\/\/www.artsituacions.com\/es\/comite\/maria-corral\/\",\"name\":\"[:es]Mar\\u00eda Corral[:ca]Mar\\u00eda Corral[:en]Mar\\u00eda Corral[:] - Artsituacions\",\"isPartOf\":{\"@id\":\"https:\/\/www.artsituacions.com\/es\/#website\"},\"primaryImageOfPage\":{\"@id\":\"https:\/\/www.artsituacions.com\/es\/comite\/maria-corral\/#primaryimage\"},\"datePublished\":\"2014-11-26T18:31:06+00:00\",\"dateModified\":\"2023-02-06T10:03:55+00:00\",\"author\":{\"@id\":\"https:\/\/www.artsituacions.com\/es\/#\/schema\/person\/3d37438f4bd373cb842fb92a55dae3d0\"},\"breadcrumb\":{\"@id\":\"https:\/\/www.artsituacions.com\/es\/comite\/maria-corral\/#breadcrumb\"},\"inLanguage\":\"ca\",\"potentialAction\":[{\"@type\":\"ReadAction\",\"target\":[\"https:\/\/www.artsituacions.com\/es\/comite\/maria-corral\/\"]}]},{\"@type\":\"BreadcrumbList\",\"@id\":\"https:\/\/www.artsituacions.com\/es\/comite\/maria-corral\/#breadcrumb\",\"itemListElement\":[{\"@type\":\"ListItem\",\"position\":1,\"name\":\"Home\",\"item\":\"https:\/\/www.artsituacions.com\/es\/\"},{\"@type\":\"ListItem\",\"position\":2,\"name\":\"Comit\\u00e9\",\"item\":\"https:\/\/www.artsituacions.com\/es\/category\/comite\/\"},{\"@type\":\"ListItem\",\"position\":3,\"name\":\"Mar\\u00eda Corral\"}]},{\"@type\":\"Person\",\"@id\":\"https:\/\/www.artsituacions.com\/es\/#\/schema\/person\/3d37438f4bd373cb842fb92a55dae3d0\",\"name\":\"maria\",\"image\":{\"@type\":\"ImageObject\",\"@id\":\"https:\/\/www.artsituacions.com\/es\/#personlogo\",\"inLanguage\":\"ca\",\"url\":\"https:\/\/secure.gravatar.com\/avatar\/5e917d4d501b3a16916d469da41efaf8?s=96&d=mm&r=g\",\"contentUrl\":\"https:\/\/secure.gravatar.com\/avatar\/5e917d4d501b3a16916d469da41efaf8?s=96&d=mm&r=g\",\"caption\":\"maria\"},\"url\":\"https:\/\/www.artsituacions.com\/ca\/author\/maria\/\"}]}<\/script>\n<!-- \/ Yoast SEO plugin. -->","yoast_head_json":{"robots":{"index":"index","follow":"follow","max-snippet":"max-snippet:-1","max-image-preview":"max-image-preview:large","max-video-preview":"max-video-preview:-1"},"canonical":"https:\/\/www.artsituacions.com\/es\/comite\/maria-corral\/","og_locale":"ca_ES","og_type":"article","og_title":"[:es]Mar\u00eda Corral[:ca]Mar\u00eda Corral[:en]Mar\u00eda Corral[:] - Artsituacions","og_description":"Mar\u00eda Corral Cr\u00edtica d&#8217;Art i Comiss\u00e0ria independent, assessora diverses col\u00b7leccions privades i institucionals a Espanya i als Estats Units. Directora de la Col\u00b7lecci\u00f3 Associaci\u00f3 Art Contemporani, dipositada al Museu Pati Herreriano de Valladolid, i codirigeix \u200b\u200bExpo Actual SL Directora del&hellip;Llegir m\u00e9s &#8250;","og_url":"https:\/\/www.artsituacions.com\/ca\/comite\/maria-corral\/","og_site_name":"Artsituacions","article_published_time":"2014-11-26T18:31:06+00:00","article_modified_time":"2023-02-06T10:03:55+00:00","og_image":[{"url":"https:\/\/www.artsituacions.com\/wp-content\/uploads\/2022\/01\/foto-maria_grande.jpg"}],"twitter_card":"summary_large_image","twitter_misc":{"Escrit per":"maria","Temps estimat de lectura":"8 minuts"},"schema":{"@context":"https:\/\/schema.org","@graph":[{"@type":"WebSite","@id":"https:\/\/www.artsituacions.com\/es\/#website","url":"https:\/\/www.artsituacions.com\/es\/","name":"Artsituacions","description":"","potentialAction":[{"@type":"SearchAction","target":{"@type":"EntryPoint","urlTemplate":"https:\/\/www.artsituacions.com\/es\/?s={search_term_string}"},"query-input":"required name=search_term_string"}],"inLanguage":"ca"},{"@type":"ImageObject","@id":"https:\/\/www.artsituacions.com\/es\/comite\/maria-corral\/#primaryimage","inLanguage":"ca","url":"https:\/\/www.artsituacions.com\/wp-content\/uploads\/2022\/01\/foto-maria_grande.jpg","contentUrl":"https:\/\/www.artsituacions.com\/wp-content\/uploads\/2022\/01\/foto-maria_grande.jpg"},{"@type":"WebPage","@id":"https:\/\/www.artsituacions.com\/es\/comite\/maria-corral\/#webpage","url":"https:\/\/www.artsituacions.com\/es\/comite\/maria-corral\/","name":"[:es]Mar\u00eda Corral[:ca]Mar\u00eda Corral[:en]Mar\u00eda Corral[:] - Artsituacions","isPartOf":{"@id":"https:\/\/www.artsituacions.com\/es\/#website"},"primaryImageOfPage":{"@id":"https:\/\/www.artsituacions.com\/es\/comite\/maria-corral\/#primaryimage"},"datePublished":"2014-11-26T18:31:06+00:00","dateModified":"2023-02-06T10:03:55+00:00","author":{"@id":"https:\/\/www.artsituacions.com\/es\/#\/schema\/person\/3d37438f4bd373cb842fb92a55dae3d0"},"breadcrumb":{"@id":"https:\/\/www.artsituacions.com\/es\/comite\/maria-corral\/#breadcrumb"},"inLanguage":"ca","potentialAction":[{"@type":"ReadAction","target":["https:\/\/www.artsituacions.com\/es\/comite\/maria-corral\/"]}]},{"@type":"BreadcrumbList","@id":"https:\/\/www.artsituacions.com\/es\/comite\/maria-corral\/#breadcrumb","itemListElement":[{"@type":"ListItem","position":1,"name":"Home","item":"https:\/\/www.artsituacions.com\/es\/"},{"@type":"ListItem","position":2,"name":"Comit\u00e9","item":"https:\/\/www.artsituacions.com\/es\/category\/comite\/"},{"@type":"ListItem","position":3,"name":"Mar\u00eda Corral"}]},{"@type":"Person","@id":"https:\/\/www.artsituacions.com\/es\/#\/schema\/person\/3d37438f4bd373cb842fb92a55dae3d0","name":"maria","image":{"@type":"ImageObject","@id":"https:\/\/www.artsituacions.com\/es\/#personlogo","inLanguage":"ca","url":"https:\/\/secure.gravatar.com\/avatar\/5e917d4d501b3a16916d469da41efaf8?s=96&d=mm&r=g","contentUrl":"https:\/\/secure.gravatar.com\/avatar\/5e917d4d501b3a16916d469da41efaf8?s=96&d=mm&r=g","caption":"maria"},"url":"https:\/\/www.artsituacions.com\/ca\/author\/maria\/"}]}},"AFP_featured_media_urls":{"full":false,"thumbnail":false,"medium":false,"medium_large":false,"large":false},"AFP_attachments":{"full":["https:\/\/www.artsituacions.com\/wp-content\/uploads\/2014\/11\/maria-corral-300-px_author_image.jpg",200,200,false],"thumbnail":["https:\/\/www.artsituacions.com\/wp-content\/uploads\/2014\/11\/maria-corral-300-px_author_image-100x100.jpg",100,100,true],"medium":["https:\/\/www.artsituacions.com\/wp-content\/uploads\/2014\/11\/maria-corral-300-px_author_image.jpg",200,200,false],"medium_large":["https:\/\/www.artsituacions.com\/wp-content\/uploads\/2014\/11\/maria-corral-300-px_author_image.jpg",200,200,false],"large":["https:\/\/www.artsituacions.com\/wp-content\/uploads\/2014\/11\/maria-corral-300-px_author_image.jpg",200,200,false]},"AFP_videos":[],"AFP_video_blocks":"","AFP_category_names":["Comit\u00e8"],"_links":{"self":[{"href":"https:\/\/www.artsituacions.com\/ca\/wp-json\/wp\/v2\/posts\/519"}],"collection":[{"href":"https:\/\/www.artsituacions.com\/ca\/wp-json\/wp\/v2\/posts"}],"about":[{"href":"https:\/\/www.artsituacions.com\/ca\/wp-json\/wp\/v2\/types\/post"}],"author":[{"embeddable":true,"href":"https:\/\/www.artsituacions.com\/ca\/wp-json\/wp\/v2\/users\/1"}],"replies":[{"embeddable":true,"href":"https:\/\/www.artsituacions.com\/ca\/wp-json\/wp\/v2\/comments?post=519"}],"version-history":[{"count":14,"href":"https:\/\/www.artsituacions.com\/ca\/wp-json\/wp\/v2\/posts\/519\/revisions"}],"predecessor-version":[{"id":2317,"href":"https:\/\/www.artsituacions.com\/ca\/wp-json\/wp\/v2\/posts\/519\/revisions\/2317"}],"wp:attachment":[{"href":"https:\/\/www.artsituacions.com\/ca\/wp-json\/wp\/v2\/media?parent=519"}],"wp:term":[{"taxonomy":"category","embeddable":true,"href":"https:\/\/www.artsituacions.com\/ca\/wp-json\/wp\/v2\/categories?post=519"},{"taxonomy":"post_tag","embeddable":true,"href":"https:\/\/www.artsituacions.com\/ca\/wp-json\/wp\/v2\/tags?post=519"},{"taxonomy":"post_format","embeddable":true,"href":"https:\/\/www.artsituacions.com\/ca\/wp-json\/wp\/v2\/post_formats?post=519"}],"curies":[{"name":"wp","href":"https:\/\/api.w.org\/{rel}","templated":true}]}}