{"id":1850,"date":"2015-10-06T12:12:00","date_gmt":"2015-10-06T12:12:00","guid":{"rendered":"https:\/\/www.artsituacions.com\/ca\/?p=1850"},"modified":"2022-01-08T12:30:32","modified_gmt":"2022-01-08T12:30:32","slug":"art-situacions-presenta-la-seva-segona-edicio-en-el-villa-croce-de-genova","status":"publish","type":"post","link":"https:\/\/www.artsituacions.com\/en\/noticias\/art-situacions-presenta-la-seva-segona-edicio-en-el-villa-croce-de-genova\/","title":{"rendered":"ART Situacions presents its second edition at Villa Croce in Genoa"},"content":{"rendered":"\n<div class=\"wp-block-columns is-layout-flex wp-container-3\">\n<div class=\"wp-block-column is-layout-flow\" style=\"flex-basis:25%\">\n<figure class=\"wp-block-image size-full\"><img decoding=\"async\" loading=\"lazy\" width=\"300\" height=\"300\" src=\"https:\/\/www.artsituacions.com\/wp-content\/uploads\/2022\/01\/vilacrocce.jpeg\" alt=\"\" class=\"wp-image-1851\"\/><\/figure>\n<\/div>\n\n\n\n<div class=\"wp-block-column is-layout-flow\" style=\"flex-basis:75%\">\n<h2 class=\"wp-block-heading\"><strong><strong>ART Situacions presents its second edition at Villa Croce in Genoa<\/strong><\/strong><\/h2>\n\n\n\n<p><strong>ART Situacions is thrilled to present its second edition featuring works by Ludovica Carbotta, Gabriele De Santis, Miren Doiz, Anna Franceschini, Jos\u00e9 Guerrero, Rub\u00e9n Guerrero, Diego Marcon, Alek O., Teresa Solar Abboud, Anna Talens.<\/strong><\/p>\n\n\n\n<p>The exhibition \u2013 which will be touring between the Museo d\u2019Arte Contempranea Villa Croce, Genova, the Museo di Arte Contemporanea di Roma (MACRO), and the Matadero, Madrid, intends to be a stimulating multifaceted landscape offering a privileged point of view on some of the most well structured, poetic and coherent practices operating today, at the same time conveying different articulate interpretations of the time we are living.<\/p>\n\n\n\n<figure class=\"wp-block-image size-full\"><img decoding=\"async\" loading=\"lazy\" width=\"1000\" height=\"652\" src=\"https:\/\/www.artsituacions.com\/wp-content\/uploads\/2017\/05\/img_2013.jpg\" alt=\"\" class=\"wp-image-1064\" srcset=\"https:\/\/www.artsituacions.com\/wp-content\/uploads\/2017\/05\/img_2013.jpg 1000w, https:\/\/www.artsituacions.com\/wp-content\/uploads\/2017\/05\/img_2013-100x65.jpg 100w, https:\/\/www.artsituacions.com\/wp-content\/uploads\/2017\/05\/img_2013-300x196.jpg 300w, https:\/\/www.artsituacions.com\/wp-content\/uploads\/2017\/05\/img_2013-768x501.jpg 768w, https:\/\/www.artsituacions.com\/wp-content\/uploads\/2017\/05\/img_2013-150x98.jpg 150w, https:\/\/www.artsituacions.com\/wp-content\/uploads\/2017\/05\/img_2013-200x130.jpg 200w, https:\/\/www.artsituacions.com\/wp-content\/uploads\/2017\/05\/img_2013-450x293.jpg 450w, https:\/\/www.artsituacions.com\/wp-content\/uploads\/2017\/05\/img_2013-600x391.jpg 600w, https:\/\/www.artsituacions.com\/wp-content\/uploads\/2017\/05\/img_2013-900x587.jpg 900w\" sizes=\"(max-width: 1000px) 100vw, 1000px\" \/><figcaption>Villa Croce, Genoa<\/figcaption><\/figure>\n\n\n\n<p><\/p>\n<\/div>\n<\/div>\n","protected":false},"excerpt":{"rendered":"<p>ART Situacions presents its second edition at Villa Croce in Genoa ART Situacions is thrilled to present its second edition featuring works by Ludovica Carbotta, Gabriele De Santis, Miren Doiz, Anna Franceschini, Jos\u00e9 Guerrero, Rub\u00e9n Guerrero, Diego Marcon, Alek O.,<span class=\"ellipsis\">&hellip;<\/span><\/p>\n<div class=\"read-more\"><a href=\"https:\/\/www.artsituacions.com\/en\/noticias\/art-situacions-presenta-la-seva-segona-edicio-en-el-villa-croce-de-genova\/\">Read more &#8250;<\/a><\/div>\n<p><!-- end of .read-more --><\/p>\n","protected":false},"author":1,"featured_media":1064,"comment_status":"closed","ping_status":"closed","sticky":false,"template":"","format":"standard","meta":[],"categories":[12],"tags":[],"post_formats":[],"yoast_head":"<!-- This site is optimized with the Yoast SEO plugin v17.8 - https:\/\/yoast.com\/wordpress\/plugins\/seo\/ -->\n<meta name=\"robots\" content=\"index, follow, max-snippet:-1, max-image-preview:large, max-video-preview:-1\" \/>\n<link rel=\"canonical\" href=\"https:\/\/www.artsituacions.com\/en\/noticias\/art-situacions-presenta-la-seva-segona-edicio-en-el-villa-croce-de-genova\/\" \/>\n<meta property=\"og:locale\" content=\"en_US\" \/>\n<meta property=\"og:type\" content=\"article\" \/>\n<meta property=\"og:title\" content=\"ART Situacions presents its second edition at Villa Croce in Genoa\" \/>\n<meta property=\"og:description\" content=\"ART Situacions presents its second edition at Villa Croce in Genoa ART Situacions is thrilled to present its second edition featuring works by Ludovica Carbotta, Gabriele De Santis, Miren Doiz, Anna Franceschini, Jos\u00e9 Guerrero, Rub\u00e9n Guerrero, Diego Marcon, Alek O.,&hellip;Read more &#8250;\" \/>\n<meta property=\"og:url\" content=\"https:\/\/www.artsituacions.com\/en\/noticias\/art-situacions-presenta-la-seva-segona-edicio-en-el-villa-croce-de-genova\/\" \/>\n<meta property=\"og:site_name\" content=\"Artsituacions\" \/>\n<meta property=\"article:published_time\" content=\"2015-10-06T12:12:00+00:00\" \/>\n<meta property=\"article:modified_time\" content=\"2022-01-08T12:30:32+00:00\" \/>\n<meta property=\"og:image\" content=\"https:\/\/www.artsituacions.com\/wp-content\/uploads\/2017\/05\/img_2013.jpg\" \/>\n\t<meta property=\"og:image:width\" content=\"1000\" \/>\n\t<meta property=\"og:image:height\" content=\"652\" \/>\n<meta name=\"twitter:card\" content=\"summary_large_image\" \/>\n<meta name=\"twitter:label1\" content=\"Written by\" \/>\n\t<meta name=\"twitter:data1\" content=\"maria\" \/>\n\t<meta name=\"twitter:label2\" content=\"Est. reading time\" \/>\n\t<meta name=\"twitter:data2\" content=\"1 minute\" \/>\n<script type=\"application\/ld+json\" class=\"yoast-schema-graph\">{\"@context\":\"https:\/\/schema.org\",\"@graph\":[{\"@type\":\"WebSite\",\"@id\":\"https:\/\/www.artsituacions.com\/es\/#website\",\"url\":\"https:\/\/www.artsituacions.com\/es\/\",\"name\":\"Artsituacions\",\"description\":\"\",\"potentialAction\":[{\"@type\":\"SearchAction\",\"target\":{\"@type\":\"EntryPoint\",\"urlTemplate\":\"https:\/\/www.artsituacions.com\/es\/?s={search_term_string}\"},\"query-input\":\"required name=search_term_string\"}],\"inLanguage\":\"en-US\"},{\"@type\":\"ImageObject\",\"@id\":\"https:\/\/www.artsituacions.com\/en\/noticias\/art-situacions-presenta-la-seva-segona-edicio-en-el-villa-croce-de-genova\/#primaryimage\",\"inLanguage\":\"en-US\",\"url\":\"https:\/\/www.artsituacions.com\/wp-content\/uploads\/2017\/05\/img_2013.jpg\",\"contentUrl\":\"https:\/\/www.artsituacions.com\/wp-content\/uploads\/2017\/05\/img_2013.jpg\",\"width\":1000,\"height\":652},{\"@type\":\"WebPage\",\"@id\":\"https:\/\/www.artsituacions.com\/en\/noticias\/art-situacions-presenta-la-seva-segona-edicio-en-el-villa-croce-de-genova\/#webpage\",\"url\":\"https:\/\/www.artsituacions.com\/en\/noticias\/art-situacions-presenta-la-seva-segona-edicio-en-el-villa-croce-de-genova\/\",\"name\":\"[:es]ART Situacions presenta su segunda edici\\u00f3n en el Villa Croce de G\\u00e9nova[:ca]ART Situacions presenta la seva segona edici\\u00f3 en el Villa Croce de G\\u00e8nova[:en]ART Situacions presents its second edition at Villa Croce in Genoa[:] - Artsituacions\",\"isPartOf\":{\"@id\":\"https:\/\/www.artsituacions.com\/es\/#website\"},\"primaryImageOfPage\":{\"@id\":\"https:\/\/www.artsituacions.com\/en\/noticias\/art-situacions-presenta-la-seva-segona-edicio-en-el-villa-croce-de-genova\/#primaryimage\"},\"datePublished\":\"2015-10-06T12:12:00+00:00\",\"dateModified\":\"2022-01-08T12:30:32+00:00\",\"author\":{\"@id\":\"https:\/\/www.artsituacions.com\/es\/#\/schema\/person\/3d37438f4bd373cb842fb92a55dae3d0\"},\"breadcrumb\":{\"@id\":\"https:\/\/www.artsituacions.com\/en\/noticias\/art-situacions-presenta-la-seva-segona-edicio-en-el-villa-croce-de-genova\/#breadcrumb\"},\"inLanguage\":\"en-US\",\"potentialAction\":[{\"@type\":\"ReadAction\",\"target\":[\"https:\/\/www.artsituacions.com\/en\/noticias\/art-situacions-presenta-la-seva-segona-edicio-en-el-villa-croce-de-genova\/\"]}]},{\"@type\":\"BreadcrumbList\",\"@id\":\"https:\/\/www.artsituacions.com\/en\/noticias\/art-situacions-presenta-la-seva-segona-edicio-en-el-villa-croce-de-genova\/#breadcrumb\",\"itemListElement\":[{\"@type\":\"ListItem\",\"position\":1,\"name\":\"Home\",\"item\":\"https:\/\/www.artsituacions.com\/es\/\"},{\"@type\":\"ListItem\",\"position\":2,\"name\":\"Noticias\",\"item\":\"https:\/\/www.artsituacions.com\/it\/category\/noticias\/\"},{\"@type\":\"ListItem\",\"position\":3,\"name\":\"ART Situacions presents its second edition at Villa Croce in Genoa\"}]},{\"@type\":\"Person\",\"@id\":\"https:\/\/www.artsituacions.com\/es\/#\/schema\/person\/3d37438f4bd373cb842fb92a55dae3d0\",\"name\":\"maria\",\"image\":{\"@type\":\"ImageObject\",\"@id\":\"https:\/\/www.artsituacions.com\/es\/#personlogo\",\"inLanguage\":\"en-US\",\"url\":\"https:\/\/secure.gravatar.com\/avatar\/5e917d4d501b3a16916d469da41efaf8?s=96&d=mm&r=g\",\"contentUrl\":\"https:\/\/secure.gravatar.com\/avatar\/5e917d4d501b3a16916d469da41efaf8?s=96&d=mm&r=g\",\"caption\":\"maria\"},\"url\":\"https:\/\/www.artsituacions.com\/en\/author\/maria\/\"}]}<\/script>\n<!-- \/ Yoast SEO plugin. -->","yoast_head_json":{"robots":{"index":"index","follow":"follow","max-snippet":"max-snippet:-1","max-image-preview":"max-image-preview:large","max-video-preview":"max-video-preview:-1"},"canonical":"https:\/\/www.artsituacions.com\/en\/noticias\/art-situacions-presenta-la-seva-segona-edicio-en-el-villa-croce-de-genova\/","og_locale":"en_US","og_type":"article","og_title":"[:es]ART Situacions presenta su segunda edici\u00f3n en el Villa Croce de G\u00e9nova[:ca]ART Situacions presenta la seva segona edici\u00f3 en el Villa Croce de G\u00e8nova[:en]ART Situacions presents its second edition at Villa Croce in Genoa[:] - Artsituacions","og_description":"ART Situacions presents its second edition at Villa Croce in Genoa ART Situacions is thrilled to present its second edition featuring works by Ludovica Carbotta, Gabriele De Santis, Miren Doiz, Anna Franceschini, Jos\u00e9 Guerrero, Rub\u00e9n Guerrero, Diego Marcon, Alek O.,&hellip;Read more &#8250;","og_url":"https:\/\/www.artsituacions.com\/en\/noticias\/art-situacions-presenta-la-seva-segona-edicio-en-el-villa-croce-de-genova\/","og_site_name":"Artsituacions","article_published_time":"2015-10-06T12:12:00+00:00","article_modified_time":"2022-01-08T12:30:32+00:00","og_image":[{"width":1000,"height":652,"url":"https:\/\/www.artsituacions.com\/wp-content\/uploads\/2017\/05\/img_2013.jpg","type":"image\/jpeg"}],"twitter_card":"summary_large_image","twitter_misc":{"Written by":"maria","Est. reading time":"1 minute"},"schema":{"@context":"https:\/\/schema.org","@graph":[{"@type":"WebSite","@id":"https:\/\/www.artsituacions.com\/es\/#website","url":"https:\/\/www.artsituacions.com\/es\/","name":"Artsituacions","description":"","potentialAction":[{"@type":"SearchAction","target":{"@type":"EntryPoint","urlTemplate":"https:\/\/www.artsituacions.com\/es\/?s={search_term_string}"},"query-input":"required name=search_term_string"}],"inLanguage":"en-US"},{"@type":"ImageObject","@id":"https:\/\/www.artsituacions.com\/en\/noticias\/art-situacions-presenta-la-seva-segona-edicio-en-el-villa-croce-de-genova\/#primaryimage","inLanguage":"en-US","url":"https:\/\/www.artsituacions.com\/wp-content\/uploads\/2017\/05\/img_2013.jpg","contentUrl":"https:\/\/www.artsituacions.com\/wp-content\/uploads\/2017\/05\/img_2013.jpg","width":1000,"height":652},{"@type":"WebPage","@id":"https:\/\/www.artsituacions.com\/en\/noticias\/art-situacions-presenta-la-seva-segona-edicio-en-el-villa-croce-de-genova\/#webpage","url":"https:\/\/www.artsituacions.com\/en\/noticias\/art-situacions-presenta-la-seva-segona-edicio-en-el-villa-croce-de-genova\/","name":"[:es]ART Situacions presenta su segunda edici\u00f3n en el Villa Croce de G\u00e9nova[:ca]ART Situacions presenta la seva segona edici\u00f3 en el Villa Croce de G\u00e8nova[:en]ART Situacions presents its second edition at Villa Croce in Genoa[:] - Artsituacions","isPartOf":{"@id":"https:\/\/www.artsituacions.com\/es\/#website"},"primaryImageOfPage":{"@id":"https:\/\/www.artsituacions.com\/en\/noticias\/art-situacions-presenta-la-seva-segona-edicio-en-el-villa-croce-de-genova\/#primaryimage"},"datePublished":"2015-10-06T12:12:00+00:00","dateModified":"2022-01-08T12:30:32+00:00","author":{"@id":"https:\/\/www.artsituacions.com\/es\/#\/schema\/person\/3d37438f4bd373cb842fb92a55dae3d0"},"breadcrumb":{"@id":"https:\/\/www.artsituacions.com\/en\/noticias\/art-situacions-presenta-la-seva-segona-edicio-en-el-villa-croce-de-genova\/#breadcrumb"},"inLanguage":"en-US","potentialAction":[{"@type":"ReadAction","target":["https:\/\/www.artsituacions.com\/en\/noticias\/art-situacions-presenta-la-seva-segona-edicio-en-el-villa-croce-de-genova\/"]}]},{"@type":"BreadcrumbList","@id":"https:\/\/www.artsituacions.com\/en\/noticias\/art-situacions-presenta-la-seva-segona-edicio-en-el-villa-croce-de-genova\/#breadcrumb","itemListElement":[{"@type":"ListItem","position":1,"name":"Home","item":"https:\/\/www.artsituacions.com\/es\/"},{"@type":"ListItem","position":2,"name":"Noticias","item":"https:\/\/www.artsituacions.com\/it\/category\/noticias\/"},{"@type":"ListItem","position":3,"name":"ART Situacions presents its second edition at Villa Croce in Genoa"}]},{"@type":"Person","@id":"https:\/\/www.artsituacions.com\/es\/#\/schema\/person\/3d37438f4bd373cb842fb92a55dae3d0","name":"maria","image":{"@type":"ImageObject","@id":"https:\/\/www.artsituacions.com\/es\/#personlogo","inLanguage":"en-US","url":"https:\/\/secure.gravatar.com\/avatar\/5e917d4d501b3a16916d469da41efaf8?s=96&d=mm&r=g","contentUrl":"https:\/\/secure.gravatar.com\/avatar\/5e917d4d501b3a16916d469da41efaf8?s=96&d=mm&r=g","caption":"maria"},"url":"https:\/\/www.artsituacions.com\/en\/author\/maria\/"}]}},"AFP_featured_media_urls":{"full":["https:\/\/www.artsituacions.com\/wp-content\/uploads\/2017\/05\/img_2013.jpg",1000,652,false],"thumbnail":["https:\/\/www.artsituacions.com\/wp-content\/uploads\/2017\/05\/img_2013-100x65.jpg",100,65,true],"medium":["https:\/\/www.artsituacions.com\/wp-content\/uploads\/2017\/05\/img_2013-300x196.jpg",300,196,true],"medium_large":["https:\/\/www.artsituacions.com\/wp-content\/uploads\/2017\/05\/img_2013-768x501.jpg",605,395,true],"large":["https:\/\/www.artsituacions.com\/wp-content\/uploads\/2017\/05\/img_2013.jpg",605,394,false]},"AFP_attachments":{"full":["https:\/\/www.artsituacions.com\/wp-content\/uploads\/2022\/01\/vilacrocce.jpeg",300,300,false],"thumbnail":["https:\/\/www.artsituacions.com\/wp-content\/uploads\/2022\/01\/vilacrocce.jpeg",100,100,false],"medium":["https:\/\/www.artsituacions.com\/wp-content\/uploads\/2022\/01\/vilacrocce.jpeg",300,300,false],"medium_large":["https:\/\/www.artsituacions.com\/wp-content\/uploads\/2022\/01\/vilacrocce.jpeg",300,300,false],"large":["https:\/\/www.artsituacions.com\/wp-content\/uploads\/2022\/01\/vilacrocce.jpeg",300,300,false]},"AFP_videos":[],"AFP_video_blocks":"","AFP_category_names":["News"],"_links":{"self":[{"href":"https:\/\/www.artsituacions.com\/en\/wp-json\/wp\/v2\/posts\/1850"}],"collection":[{"href":"https:\/\/www.artsituacions.com\/en\/wp-json\/wp\/v2\/posts"}],"about":[{"href":"https:\/\/www.artsituacions.com\/en\/wp-json\/wp\/v2\/types\/post"}],"author":[{"embeddable":true,"href":"https:\/\/www.artsituacions.com\/en\/wp-json\/wp\/v2\/users\/1"}],"replies":[{"embeddable":true,"href":"https:\/\/www.artsituacions.com\/en\/wp-json\/wp\/v2\/comments?post=1850"}],"version-history":[{"count":8,"href":"https:\/\/www.artsituacions.com\/en\/wp-json\/wp\/v2\/posts\/1850\/revisions"}],"predecessor-version":[{"id":1862,"href":"https:\/\/www.artsituacions.com\/en\/wp-json\/wp\/v2\/posts\/1850\/revisions\/1862"}],"wp:featuredmedia":[{"embeddable":true,"href":"https:\/\/www.artsituacions.com\/en\/wp-json\/wp\/v2\/media\/1064"}],"wp:attachment":[{"href":"https:\/\/www.artsituacions.com\/en\/wp-json\/wp\/v2\/media?parent=1850"}],"wp:term":[{"taxonomy":"category","embeddable":true,"href":"https:\/\/www.artsituacions.com\/en\/wp-json\/wp\/v2\/categories?post=1850"},{"taxonomy":"post_tag","embeddable":true,"href":"https:\/\/www.artsituacions.com\/en\/wp-json\/wp\/v2\/tags?post=1850"},{"taxonomy":"post_format","embeddable":true,"href":"https:\/\/www.artsituacions.com\/en\/wp-json\/wp\/v2\/post_formats?post=1850"}],"curies":[{"name":"wp","href":"https:\/\/api.w.org\/{rel}","templated":true}]}}