{"id":2048,"date":"2022-11-15T19:23:30","date_gmt":"2022-11-15T19:23:30","guid":{"rendered":"https:\/\/www.artsituacions.com\/es\/?p=2048"},"modified":"2023-02-22T18:38:44","modified_gmt":"2023-02-22T18:38:44","slug":"elena-aitzkoa","status":"publish","type":"post","link":"https:\/\/www.artsituacions.com\/en\/artistas\/elena-aitzkoa\/","title":{"rendered":"Elena Aitzkoa"},"content":{"rendered":"<div id=\"authorInfo\">\n<div class=\"c1\">\n<p><img decoding=\"async\" loading=\"lazy\" class=\"alignnone size-full\" src=\"http:\/\/www.artsituacions.com\/wp-content\/uploads\/2022\/11\/elena-aitzkoa.jpg\" alt=\"elena-aitzkoa\" width=\"200\" height=\"200\" \/><\/p>\n<ul class=\"tabs\">\n<li><a href=\"#\">Information<\/a><\/li>\n<li><a href=\"#\">Artwork<\/a><\/li>\n<li><a href=\"#\">CV<\/a><\/li>\n<\/ul>\n<\/div>\n<div class=\"c2\">\n<div class=\"panes informacion\">\n<div class=\"scroll-pane\">\n<h3 class=\"title\">Information<\/h3>\n<p>Elena Aitzkoa\u00a0es artista. Su pr\u00e1ctica incluye la escultura, el dibujo, la poes\u00eda, la\u00a0performance\u00a0y el cine. Sus creaciones son un ecosistema heterog\u00e9neo que se nutre de\u00a0elementos f\u00edsicos y emocionales del entorno y de la experiencia vital. Pone el foco y la\u00a0energ\u00eda creativa en la configuraci\u00f3n po\u00e9tica de la materia y en la belleza como elemento\u00a0que vincula a los seres.<\/p>\n<p>De entre sus \u00faltimos proyectos destacan el ciclo de\u00a0performances\u00a0Headscarfs Close to the Ground, en el marco de Oslo Pilot (2016); la\u00a0pel\u00edcula\u00a0Nuestro amor naci\u00f3 en la Edad Media\u00a0(2018); el vinilo de poemas y\u00a0silbidos\u00a0Para\u00edso terrenal\u00a0(2019); y las exposiciones \u00abBrote de Peral\u00bb (Centro de Arte La Panera,Lleida, 2022),\u00abZarza Coraz\u00f3n\u00bb (Museo Patio\u00a0Herreriano de Valladolid, 2019), \u00abTerrapl\u00e9n\u00bb (galer\u00eda Rosa Santos de Madrid, 2021)\u00a0y \u00abLendia Song\u00bb (Azkuna Zentroa, en Bilbao, 2021). En 2021 Participa en \u00abEstudio III. Salir al\u00a0Encuentro. Hablar al lugar\u00bb, ciclo comisariado por Isabel de Naver\u00e1n en el Museo Reina\u00a0Sof\u00eda. Actualmente es artista asociada a Azkuna Zentroa con su proyecto Ur Aitzak. En 2015 fue Premio Gure Artea a la actividad creativa.<\/p>\n<p><!--info--><\/p>\n<\/div>\n<style>.scroll-pane{width: 800px;height:350px;overflow: auto;}<\/style>\n<\/div>\n<div class=\"panes aboutWork\">\n<div class=\"scroll-pane\">\n<h3 class=\"title\">Artwork<\/h3>\n<p><span style=\"font-weight: 400;\">Accompanying oneself on an unknown and unique journey.<\/span><\/p>\n<p><span style=\"font-weight: 400;\">Via matter, getting to know oneself. Giving oneself up to the process of configuration, letting a new time blossom. An encounter, in motion, between the rhythm of the sculpture\u2019s appearance and biological rhythm itself, which begins to feel free. A double birth.<\/span><\/p>\n<p><span style=\"font-weight: 400;\">Each time, to know not. Form is born as the limit of action. Error is sediment and opening. The image drenches us when it arrives.\u00a0<\/span><\/p>\n<p><span style=\"font-weight: 400;\">Sculptural work opens up space through bodies that occupy a place. A breakdown in communication, amid the density of nonsense. Losing and finding oneself simultaneously: this is the approach of the image-body that convenes the world to the very edge of its expression. Getting closer to any old nothing.<\/span><\/p>\n<p><span style=\"font-weight: 400;\">Balanced between active listening and non-reflexive physical action, the surprise of the material accident is strung together with all the subtlety of the trait. It elevates the tone, the surface, the colour, the size\u2026<\/span><\/p>\n<\/div>\n<style>.scroll-pane{width: 800px;height:450px;overflow: auto;}<\/style>\n<\/div>\n<div class=\"panes cv\">\n<div class=\"scroll-pane\">\n<h3 class=\"title\">CV<\/h3>\n<p><b><i>Elena Aitzkoa<\/i><\/b><span style=\"font-weight: 400;\">,\u00a0<\/span><\/p>\n<p><span style=\"font-weight: 400;\">1984, Apodaka (Araba)<\/span><\/p>\n<p><span style=\"font-weight: 400;\">Vive y trabaja entre Apodaka y Bilbao<\/span><\/p>\n<p>&nbsp;<\/p>\n<p><b>ESTUDIOS<\/b><\/p>\n<p><span style=\"font-weight: 400;\">Licenciada en Bellas Artes. UPV, Leioa, 2007.<\/span><\/p>\n<p>&nbsp;<\/p>\n<p><b>BECAS Y PREMIOS<\/b><\/p>\n<p><b>-Artista asociada a Azkuna Zentroa, Proyecto <\/b><b><i>Ur aitzak, <\/i><\/b><span style=\"font-weight: 400;\">2022-2023<\/span><\/p>\n<p><b>-Beca Babestu, <\/b><span style=\"font-weight: 400;\">Azkuna Zentroa 2020<\/span><\/p>\n<p><b>-Premio Estampa de Casa Vel\u00e1zquez, <\/b><span style=\"font-weight: 400;\">2019.<\/span><\/p>\n<p><b>-Premio Gure Artea a la actividad creativa, <\/b><span style=\"font-weight: 400;\">2015<\/span><b>.<\/b><\/p>\n<p><b>-Premio Generaci\u00f3n 2015 Caja Madrid.<\/b><\/p>\n<p><b>-Ayudas a la creaci\u00f3n-Artes Visuales, Gobierno Vasco, <\/b><span style=\"font-weight: 400;\">2015 y 2016<\/span><\/p>\n<p><b>-3\u00ba Premio Eskulturastea, <\/b><span style=\"font-weight: 400;\">2012.<\/span><\/p>\n<p><b>-Eremuak, proyecto Lalavandera, <\/b><span style=\"font-weight: 400;\">2012.<\/span><\/p>\n<p><b>-Beca Krea joven, <\/b><span style=\"font-weight: 400;\">Vitoria 2007<\/span><\/p>\n<p>&nbsp;<\/p>\n<p><b>RESIDENCIAS<\/b><\/p>\n<p><b>-Habitaci\u00f3n, <\/b><span style=\"font-weight: 400;\">Centro Huarte, Pamplona 2020-2021<\/span><\/p>\n<p><b>-Casa Vel\u00e1zquez, <\/b><span style=\"font-weight: 400;\">Madrid<\/span> <span style=\"font-weight: 400;\">2020<\/span><\/p>\n<p><b>-Oslo Pilot, <\/b><span style=\"font-weight: 400;\">Oslo 2016<\/span><\/p>\n<p><b>-La Fragua, <\/b><span style=\"font-weight: 400;\">Belalc\u00e1zar 2016 (proyecto com\u00fan con June Crespo, Lorea Alfaro, Rosa Parma, Elba Mart\u00ednez)<\/span><\/p>\n<p><b>-Praxis, <\/b><span style=\"font-weight: 400;\">Artium 2013<\/span><\/p>\n<p><b>-Azala,<\/b><span style=\"font-weight: 400;\"> Araba 2011<\/span><\/p>\n<p>&nbsp;<\/p>\n<p><b>EXPOSICIONES INDIVIDUALES<\/b><\/p>\n<p><b>-Ala de saltamontes.<\/b><span style=\"font-weight: 400;\"> Galer\u00eda Altxerri, Donosti, 2022<\/span><\/p>\n<p><b>-Brote de Peral. <\/b><span style=\"font-weight: 400;\">Centre d\u2019Art La Panera, Lleida,2022<\/span><\/p>\n<p><b>-Terrapl\u00e9n. <\/b><span style=\"font-weight: 400;\">Galer\u00eda Rosa Santos, Madrid 2021<\/span><\/p>\n<p><b>-Lendia Song. <\/b><span style=\"font-weight: 400;\">Azkuna Zentroa, Bilbao 2021<\/span><\/p>\n<p><b>-El placer del origen, t\u00fa. <\/b><span style=\"font-weight: 400;\">Habitaci\u00f3n, Centro Huarte, 2020-2021<\/span><\/p>\n<p><b>-Zarza Coraz\u00f3n. <\/b><span style=\"font-weight: 400;\">Museo Patio Herreriano, Valladolid 2019<\/span><\/p>\n<p><b>-Sustrato dinamita. <\/b><span style=\"font-weight: 400;\">Galer\u00eda Rosa Santos, Valencia, 2017<\/span><\/p>\n<p><b>-C\u00e9lula, gorri\u00f3n, lago rupestre. <\/b><span style=\"font-weight: 400;\">Galer\u00eda Carreras M\u00fagica, Bilbao,2016<\/span><\/p>\n<p><b>-Mujer Primitiva, <\/b><span style=\"font-weight: 400;\">PRAXIS. Museo Artium, Vitoria-Gasteiz 2013<\/span><\/p>\n<p><b>-Tras tu luna brilla un sol.<\/b><span style=\"font-weight: 400;\"> Club Le Larraskito, Bilbao 2009<\/span><\/p>\n<p>&nbsp;<\/p>\n<p><b>EXPOSICIONES COLECTIVAS<\/b><\/p>\n<p><b>-Al alcance. <\/b><span style=\"font-weight: 400;\">Dilalica, Barcelona, 2022<\/span><\/p>\n<p><b>-Itinerarios. <\/b><span style=\"font-weight: 400;\">Museo de Bellas Artes de Bilbao, 2021-2022<\/span><\/p>\n<p><b>-BBK Ateak. <\/b><span style=\"font-weight: 400;\">Museo de Bellas Artes de Bilbao, 2022<\/span><\/p>\n<p><b>&#8211;<\/b><b>Being pulled all over the place. <\/b><span style=\"font-weight: 400;\">Scan Project, Londres 2020<\/span><\/p>\n<p><b>-Between things and debris. <\/b><span style=\"font-weight: 400;\">Centro cultural del Carmen, Valencia 2020<\/span><\/p>\n<p><b><i>&#8211;<\/i><\/b><b>Part of the laberinth. <\/b><span style=\"font-weight: 400;\">GIBCA, G\u00f6teborg International Biennal for Contemporany Art 2019.<\/span><\/p>\n<p><b><i>&#8211;<\/i><\/b><b>Despu\u00e9s del 68.<\/b><span style=\"font-weight: 400;\">\u00a0 Museo de Bellas Artes de Bilbao, 2018-2019<\/span><\/p>\n<p><b>-Oroi, queda mucho pasado por delante. <\/b><span style=\"font-weight: 400;\">Museo Artium, Vitoria, 2019<\/span><\/p>\n<p><b>-ARTres, el museo como deba ser. <\/b><span style=\"font-weight: 400;\">Museo Artium, Vitoria, 2018<\/span><\/p>\n<p><b>-Cale, cale, cale! Caale!! <\/b><span style=\"font-weight: 400;\">Tabakalera, Donosti, 2017<\/span><\/p>\n<p><b>-Hybris. <\/b><span style=\"font-weight: 400;\">Musac, 2017.<\/span><\/p>\n<p><b>-El curso natural de las cosas. <\/b><span style=\"font-weight: 400;\">La Casa Encendida, Madrid 2016-2017<\/span><\/p>\n<p><b><i>&#8211;<\/i><\/b><b>Otzan<\/b><span style=\"font-weight: 400;\">. Galer\u00eda Elba Ben\u00edtez, Madrid, 2016<\/span><\/p>\n<p><b>-Generaci\u00f3n 2015. <\/b><span style=\"font-weight: 400;\">Sala Revolver, Lisboa, 2015<\/span><\/p>\n<p><b>-Generaci\u00f3n 2015<\/b><span style=\"font-weight: 400;\">. La Casa Encendida, Madrid, 2015<\/span><\/p>\n<p><b>-Suturak, cerca de lo pr\u00f3ximo<\/b><span style=\"font-weight: 400;\">. Museo San Telmo, Donostia, 2015<\/span><\/p>\n<p><b>-El contrato. <\/b><span style=\"font-weight: 400;\">Azkuna Zentroa, Bilbao, 2014.<\/span><\/p>\n<p><b>-First thought best<\/b><span style=\"font-weight: 400;\">. Museo Artium, Vitoria-Gasteiz, 2014.<\/span><\/p>\n<p><b>-Mitya, Elena Aitzkoa y June Crespo. <\/b><span style=\"font-weight: 400;\">Ciudadela, Sala Polvor\u00edn, Pamplona 2012<\/span><\/p>\n<p><b>-Cohetes, Elena Aitzkoa y Kiko P\u00e9rez. <\/b><span style=\"font-weight: 400;\">Torre de Ariz, Basauri 2011<\/span><\/p>\n<p><b>-Acontecer tonto, Elena Aitzkoa y Ra\u00fal Dom\u00ednguez<\/b><span style=\"font-weight: 400;\">. Casa de cultura Ignacio Aldecoa, Vitoria-Gasteiz, 2009<\/span><\/p>\n<p><b>-Entornos Pr\u00f3ximos. <\/b><span style=\"font-weight: 400;\">Artium, Vitoria-Gasteiz 2008<\/span><\/p>\n<p>&nbsp;<\/p>\n<p><b>PERFORMANCES<\/b><\/p>\n<p><b>-P\u00e1jaros negros (luz prematura). <\/b><span style=\"font-weight: 400;\">Museo de Bellas Artes de Bilbao, 2022<\/span><\/p>\n<p><b>-Andr\u00f3meda t\u00fanel. <\/b><span style=\"font-weight: 400;\">Estudio III, Museo Reina Sof\u00eda, Madrid 2021 y Azkuna Zentroa, Bilbao, 2021<\/span><\/p>\n<p><b>-El placer del origen, t\u00fa.<\/b><span style=\"font-weight: 400;\"> Teatro Gayarre, Pamplona, 2021.\u00a0<\/span><\/p>\n<p><b>-En la roca turquesa el papo. <\/b><span style=\"font-weight: 400;\">Centre del Carme, Valencia, 2020<\/span><\/p>\n<p><b>-Para\u00edso Terrenal, viene y va. <\/b><span style=\"font-weight: 400;\">Frecuencia Singular Plural, CentroCentro, Madrid 2019.<\/span><\/p>\n<p><b>-Para\u00edso Terrenal.<\/b><span style=\"font-weight: 400;\"> Jard\u00edn Bot\u00e1nico de Granada, FACBA , Granada 2019.<\/span><\/p>\n<p><b>-Para\u00edso Terrenal Aire. <\/b><span style=\"font-weight: 400;\">The Studio, Beijing \/ Audible Area, Chengdu \/ Saal, Inter-Face, Hong Kong 2018.<\/span><\/p>\n<p><b>-Un lago se vac\u00eda y otro se llena. <\/b><span style=\"font-weight: 400;\">El Respiradero, Getxo 2018.<\/span><\/p>\n<p><b>-C\u00e9lula amor.<\/b><span style=\"font-weight: 400;\"> Ftarri -Tokio \/\u00a0 Yugue \u2013 Kyoto \/ Environment og [zero-gauge] \u2013 Osaka \/ Art space tetra \u2013 Fukuoka <\/span><b>\u00a0<\/b><span style=\"font-weight: 400;\">ikenoue garigari \u2013 Tokio, 2017.<\/span><\/p>\n<p><b>-Agujero de r\u00edo. <\/b><span style=\"font-weight: 400;\">Tabakalera, Donosti 2017<\/span><\/p>\n<p><b>-Headscarfs close to de Ground. <\/b><span style=\"font-weight: 400;\">Oslo Pilot, Oslo, 2016.<\/span><\/p>\n<p><b>-Mi madre me dijo que un \u00e1tomo es cuando una cosa vive dentro de otra cosa, por ejemplo:<\/b><\/p>\n<p><b>nosotras, naturaleza. <\/b><span style=\"font-weight: 400;\">Half House, Barcelona 2015.<\/span><\/p>\n<p><b>-Tela. <\/b><span style=\"font-weight: 400;\">Museo San Telmo, Donostia, 2015.<\/span><\/p>\n<p><b>-P\u00e1jaros huevo<\/b><span style=\"font-weight: 400;\">. ZARATA FEST, Bilbao, 2014.<\/span><\/p>\n<p><b>-Desde el principio de la historia, <\/b><span style=\"font-weight: 400;\">ciclo de 3 performances: <\/span><b>Posici\u00f3n para jarr\u00f3n \/ Nuestro amor naci\u00f3 en la Edad Media \/ Metopas Soleadas, <\/b><span style=\"font-weight: 400;\">Museo Artium, Vitoria Gasteiz, 2013.<\/span><\/p>\n<p><b>-Espero estar bien serena para decirte al o\u00eddo t\u00fa s\u00ed que vales mi nena. Llamamiento a todas y<\/b><\/p>\n<p><b>todos los artistas de Bilbao y alrededores al consejo de paz de Elena Aitzkoa<\/b><span style=\"font-weight: 400;\">. Bulegoa,zb, Bilbao, 2011.<\/span><\/p>\n<p><b>-El baile de la culebra<\/b><span style=\"font-weight: 400;\">. Centro de creaci\u00f3n AZALA. 2011<\/span><\/p>\n<p><b>-Ll\u00e1mame Luz Mercedes como mi madre y mi abuela<\/b><span style=\"font-weight: 400;\">. Festival Sonic Circuits, Washington D.C. \/ The Super Coda, Nueva York, 2011.<\/span><\/p>\n<p>&nbsp;<\/p>\n<p><b>PEL\u00cdCULAS PROYECTADAS<\/b><\/p>\n<p><b>Nuestro Amor naci\u00f3 en la Edad Media.<\/b><\/p>\n<p><span style=\"font-weight: 400;\">KINU, cineclub FAS, BILBAO 2019<\/span><\/p>\n<p><span style=\"font-weight: 400;\">Pantalla Fantasma 6, C\u00edrculo de Bellas Artes, Madrid, 2018.<\/span><\/p>\n<p><b>Family Plan<\/b><span style=\"font-weight: 400;\">. Pantalla Fantasma 2012-2013, en: Cineteca Matadero, Madrid y BibaoArte, Bilbao.<\/span><\/p>\n<p><b>Eskultura txiki bat egiten ikasteko Bilbon recording 2011.<\/b><\/p>\n<p><i><span style=\"font-weight: 400;\">-Lagunak, <\/span><\/i><span style=\"font-weight: 400;\">proyecto MLDJ.<\/span><\/p>\n<p><i><span style=\"font-weight: 400;\">-Pantalla Fantasma. <\/span><\/i><span style=\"font-weight: 400;\">Espacio Cruce, Madrid \/ Fundaci\u00f3n Bilbao Arte, Bilbao.<\/span><\/p>\n<p><span style=\"font-weight: 400;\">-Pantalla L\u00edmite. Universidad de Bellas Artes de Leioa.<\/span><\/p>\n<p><b>-Momento musical Madrid 2011. <\/b><span style=\"font-weight: 400;\">Erreakzioa, Bilbao, 2011.<\/span><\/p>\n<p>&nbsp;<\/p>\n<p><b>OBRA EN COLECCIONES<\/b><\/p>\n<p><b>-Museo de Bellas Artes de Bilbao<\/b><\/p>\n<p><b>-DKV. Salud y seguros m\u00e9dicos<\/b><\/p>\n<p><b>-Artium-Centro Museo Vasco de arte Contempor\u00e1neo<\/b><\/p>\n<p><b>-Fundaci\u00f3n Caja Madrid.<\/b><\/p>\n<p>&nbsp;<\/p>\n<p><b>CHARLAS, TALLERES, ENSE\u00d1ANZA<\/b><\/p>\n<p><b>-Lo que solo sucede una vez. <\/b><span style=\"font-weight: 400;\">La Casa On, La Casa Encendida 2022<\/span><\/p>\n<p><b>-Estudio III en conversaci\u00f3n, <\/b><span style=\"font-weight: 400;\">con Soledad Guti\u00e9rrez sobre Andr\u00f3meda T\u00fanel.<\/span> <span style=\"font-weight: 400;\">Museo Reina Sof\u00eda 2021<\/span><\/p>\n<p><b>-Encuentros con Artistas: Elena Aitzkoa. <\/b><span style=\"font-weight: 400;\">Artium, Vitoria Gasteiz 2019<\/span><\/p>\n<p><b>-Redonda Cuna. <\/b><span style=\"font-weight: 400;\">Charla y taller de escultura, Facultad de Bellas Artes UPV, Leioa, 2018<\/span><\/p>\n<p><b>-Viajera Mimosa \/ Sopa de piedras<\/b><span style=\"font-weight: 400;\">, AZALA 2013-2014 Rodaje de pel\u00edcula <\/span><i><span style=\"font-weight: 400;\">Nuestro<\/span><\/i> <i><span style=\"font-weight: 400;\">Amor naci\u00f3 en la Edad Media.<\/span><\/i><\/p>\n<p><b>-Harrikumeak. <\/b><span style=\"font-weight: 400;\">Proyecto escult\u00f3rico para una plaza con los ni\u00f1os de Tolosa. Eskulturastea, 2012.<\/span><\/p>\n<p><b>-Pantalla L\u00edmite<\/b><span style=\"font-weight: 400;\">. Ponencia en el sal\u00f3n de grados de la Universidad de Bellas Artes de Leioa, 2011.<\/span><\/p>\n<p><b>-C\u00f3mo hacer entre todas y todos una nave espacial, taller de creaci\u00f3n infantil. <\/b><span style=\"font-weight: 400;\">Centro Cultural<\/span><\/p>\n<p><span style=\"font-weight: 400;\">Montehermoso, Dentro del programa talleres con artistas, 2011.<\/span><\/p>\n<p>&nbsp;<\/p>\n<p><b>PUBLICACIONES<\/b><\/p>\n<p><b>-Para\u00edso Terrenal. <\/b><span style=\"font-weight: 400;\">Disco de vinilo de poemas y silbidos. Ed: TRN-Grupo de Fe, 2019<\/span><\/p>\n<p><b>-Headscarfs close to the ground. <\/b><span style=\"font-weight: 400;\">Ed: Oslo Pilot, 2017<\/span><\/p>\n<p><b>-La Revoluci\u00f3n de las Extremidades. <\/b><span style=\"font-weight: 400;\">Ed: <\/span><i><span style=\"font-weight: 400;\">Lalavandera<\/span><\/i><span style=\"font-weight: 400;\">, Bilbao, 2013<\/span><\/p>\n<p><b>-Mujer primitive Praxis Elena Aitzkoa Reinoso. <\/b><span style=\"font-weight: 400;\">Ed: Museo Artium, 2013<\/span><\/p>\n<p>&nbsp;<\/p>\n<p><b>FERIAS<\/b><\/p>\n<p><b>-ARCO <\/b><span style=\"font-weight: 400;\">2017, 2018, 2019, 2020, 2021, 2022<\/span><\/p>\n<p><b>-Artissima <\/b><span style=\"font-weight: 400;\">2018, 2020, 2022<\/span><\/p>\n<p><b>&#8211;<\/b><b>Untitled Miami <\/b><span style=\"font-weight: 400;\">2017,2018<\/span><\/p>\n<p><b>-Estampa <\/b><span style=\"font-weight: 400;\">2017,2019<\/span><\/p>\n<\/div>\n<style>.scroll-pane{width: 800px;height:450px;overflow: auto;}<\/style>\n<\/div>\n<\/div>\n<p><br style=\"clear: both;\" \/><\/p>\n<h2 class=\"hdrSection\">Artwork in Exhibition<\/h2>\n<div class=\"gallery\">\n\t<ul id=\"slideshowgallery50289\" class=\"slideshowgallery50289\" style=\"display:none;\">\n\t\t\t\t\t<!-- From all slides or gallery slides -->\n\t\t\t\t\t\t\t\n\t\t\t\t<li>\n\t\t\t\t\t<h3 style=\"opacity:70;\">BROTE DE PERAL<\/h3>\n\t\t\t\t\t\t\t\t\t\t\t<span data-alt=\"brote-de-peral\">https:\/\/www.artsituacions.com\/wp-content\/uploads\/2023\/02\/filtracion.jpg<\/span>\n\t\t\t\t\t\t\t\t\t\t<p><\/p>\n\t\t\t\t\t\t\t\t\t\t\t\t\t\t\t\t\t\t<a><img class=\"skip-lazy\" src=\"https:\/\/www.artsituacions.com\/wp-content\/uploads\/2023\/02\/filtracion.jpg\" alt=\"brote-de-peral\" \/><\/a>\n\t\t\t\t\t\t\t\t\t\t\t\t\t\t\t<\/li>\n\t\t\t\t\t\t\t\n\t\t\t\t<li>\n\t\t\t\t\t<h3 style=\"opacity:70;\">BROTE DE PERAL<\/h3>\n\t\t\t\t\t\t\t\t\t\t\t<span data-alt=\"brote-de-peral\">https:\/\/www.artsituacions.com\/wp-content\/uploads\/2023\/02\/hebra.jpg<\/span>\n\t\t\t\t\t\t\t\t\t\t<p><\/p>\n\t\t\t\t\t\t\t\t\t\t\t\t\t\t\t\t\t\t<a><img class=\"skip-lazy\" src=\"https:\/\/www.artsituacions.com\/wp-content\/uploads\/2023\/02\/hebra.jpg\" alt=\"brote-de-peral\" \/><\/a>\n\t\t\t\t\t\t\t\t\t\t\t\t\t\t\t<\/li>\n\t\t\t\t\t\t\t\n\t\t\t\t<li>\n\t\t\t\t\t<h3 style=\"opacity:70;\">ObraNueva_Lago Luz-plata<\/h3>\n\t\t\t\t\t\t\t\t\t\t\t<span data-alt=\"obranuevalago-luz-plata\">https:\/\/www.artsituacions.com\/wp-content\/uploads\/2023\/02\/obranueva_lago-luz-plata.jpg<\/span>\n\t\t\t\t\t\t\t\t\t\t<p><\/p>\n\t\t\t\t\t\t\t\t\t\t\t\t\t\t\t\t\t\t<a><img class=\"skip-lazy\" src=\"https:\/\/www.artsituacions.com\/wp-content\/uploads\/2023\/02\/obranueva_lago-luz-plata.jpg\" alt=\"obranuevalago-luz-plata\" \/><\/a>\n\t\t\t\t\t\t\t\t\t\t\t\t\t\t\t<\/li>\n\t\t\t\t\t\t\t\n\t\t\t\t<li>\n\t\t\t\t\t<h3 style=\"opacity:70;\">BROTE DE PERAL<\/h3>\n\t\t\t\t\t\t\t\t\t\t\t<span data-alt=\"brote-de-peral\">https:\/\/www.artsituacions.com\/wp-content\/uploads\/2023\/02\/promontorio-monte-mar.jpg<\/span>\n\t\t\t\t\t\t\t\t\t\t<p><\/p>\n\t\t\t\t\t\t\t\t\t\t\t\t\t\t\t\t\t\t<a><img class=\"skip-lazy\" src=\"https:\/\/www.artsituacions.com\/wp-content\/uploads\/2023\/02\/promontorio-monte-mar.jpg\" alt=\"brote-de-peral\" \/><\/a>\n\t\t\t\t\t\t\t\t\t\t\t\t\t\t\t<\/li>\n\t\t\t\t\t\t\t\n\t\t\t\t<li>\n\t\t\t\t\t<h3 style=\"opacity:70;\">BROTE DE PERAL<\/h3>\n\t\t\t\t\t\t\t\t\t\t\t<span data-alt=\"brote-de-peral\">https:\/\/www.artsituacions.com\/wp-content\/uploads\/2023\/02\/pupa.jpg<\/span>\n\t\t\t\t\t\t\t\t\t\t<p><\/p>\n\t\t\t\t\t\t\t\t\t\t\t\t\t\t\t\t\t\t<a><img class=\"skip-lazy\" src=\"https:\/\/www.artsituacions.com\/wp-content\/uploads\/2023\/02\/pupa.jpg\" alt=\"brote-de-peral\" \/><\/a>\n\t\t\t\t\t\t\t\t\t\t\t\t\t\t\t<\/li>\n\t\t\t\t\t\t<\/ul>\n\t\n\t<div id=\"slideshow-wrappergallery50289\" class=\"slideshow-wrapper\">\n\t\t\t\n\t\t<div class=\"slideshow-fullsize\" id=\"fullsizegallery50289\">\n\t\t\t\t\t\t\t\t\t\t\t\t\t\t<div id=\"imgprevgallery50289\" class=\"slideshow-imgprev imgnav\" title=\"Previous Image\">Previous Image<\/div>\n\t\t\t\t\t\t<a id=\"imglinkgallery50289\" class=\"slideshow-imglink imglink\"><!-- link --><\/a>\n\t\t\t\t\t\t\t\t\t\t\t<div id=\"imgnextgallery50289\" class=\"slideshow-imgnext imgnav\" title=\"Next Image\">Next Image<\/div>\n\t\t\t\t\t\t<div id=\"imagegallery50289\" class=\"slideshow-image\"><\/div>\n\t\t\t<div class=\"slideshow-information infobottom\" id=\"informationgallery50289\">\n\t\t\t\t<h3 class=\"slideshow-info-heading\">info heading<\/h3>\n\t\t\t\t<p class=\"slideshow-info-content\">info content<\/p>\n\t\t\t<\/div>\n\t\t<\/div>\n\t\t\n\t\t\t\t\t<div id=\"thumbnailsgallery50289\" class=\"slideshow-thumbnails thumbsbot\">\n\t\t\t\t<div class=\"slideshow-slideleft\" id=\"slideleftgallery50289\" title=\"Slide Left\"><\/div>\n\t\t\t\t<div class=\"slideshow-slidearea\" id=\"slideareagallery50289\">\n\t\t\t\t\t<div class=\"slideshow-slider\" id=\"slidergallery50289\"><\/div>\n\t\t\t\t<\/div>\n\t\t\t\t<div class=\"slideshow-slideright\" id=\"sliderightgallery50289\" title=\"Slide Right\"><\/div>\n\t\t\t\t<br style=\"clear:both; visibility:hidden; height:1px;\" \/>\n\t\t\t<\/div>\n\t\t\t<\/div>\n\t\n\t\n\t<!-- Slideshow Gallery Javascript BEG -->\t\t<script type=\"text\/javascript\">\tjQuery.noConflict();\ttid('slideshowgallery50289').style.display = \"none\";\ttid('slideshow-wrappergallery50289').style.display = 'block';\ttid('slideshow-wrappergallery50289').style.visibility = 'hidden';\tvar spinnerDiv = document.createElement('div');\tspinnerDiv.setAttribute('id', 'spinnergallery50289');\tspinnerDiv.innerHTML = '<i class=\"fa fa-cog fa-spin\"><\/i>';\tjQuery(spinnerDiv).appendTo('#fullsizegallery50289');\ttid('spinnergallery50289').style.visibility = 'visible';\tvar slideshowgallery50289 = new TINY.slideshow(\"slideshowgallery50289\");\tjQuery(document).ready(function() {\t\tslideshowgallery50289.auto = true;\t\tslideshowgallery50289.speed = 10;\t\tslideshowgallery50289.effect = \"fade\";\t\tslideshowgallery50289.slide_direction = \"lr\";\t\tslideshowgallery50289.easing = \"swing\";\t\tslideshowgallery50289.alwaysauto = true;\t\tslideshowgallery50289.autoheight = true;\t\tslideshowgallery50289.autoheight_max = false;\t\tslideshowgallery50289.imgSpeed = 10;\t\tslideshowgallery50289.navOpacity = 25;\t\tslideshowgallery50289.navHover = 70;\t\tslideshowgallery50289.letterbox = \"#000000\";\t\tslideshowgallery50289.linkclass = \"linkhover\";\t\tslideshowgallery50289.imagesid = \"imagesgallery50289\";\t\tslideshowgallery50289.info = \"informationgallery50289\";\t\tslideshowgallery50289.infoonhover = 0;\t\tslideshowgallery50289.infoSpeed = 10;\t\tslideshowgallery50289.infodelay = 0;\t\tslideshowgallery50289.infofade = 0;\t\tslideshowgallery50289.infofadedelay = 0;\t\tslideshowgallery50289.thumbs = \"slidergallery50289\";\t\tslideshowgallery50289.thumbOpacity = 70;\t\tslideshowgallery50289.left = \"slideleftgallery50289\";\t\tslideshowgallery50289.right = \"sliderightgallery50289\";\t\tslideshowgallery50289.scrollSpeed = 5;\t\tslideshowgallery50289.spacing = 5;\t\tslideshowgallery50289.active = \"#ffffff\";\t\tslideshowgallery50289.imagesthickbox = \"false\";\t\tjQuery(\"#spinnergallery50289\").remove();\t\tslideshowgallery50289.init(\"slideshowgallery50289\",\"imagegallery50289\",\"imgprevgallery50289\",\"imgnextgallery50289\",\"imglinkgallery50289\");\t\ttid('slideshow-wrappergallery50289').style.visibility = 'visible';\t\tjQuery(window).trigger('resize');\t\t\t\t\t});\t\t\t<\/script>\t\t<!-- Slideshow Gallery Javascript END --><!-- Slideshow Gallery CSS BEG --><style id=\"style-gallery50289\">\t\tul.slideshowgallery50289 { list-style:none !important; color:#fff; }\n\t\tul.slideshowgallery50289 span { display:none; }\n\t\t#slideshow-wrappergallery50289 { overflow: hidden; position:relative; width:100%; background:#020202; padding:0 0 0 0; border:; margin:0; display:none; }\n\t\t#slideshow-wrappergallery50289 * { margin:0; padding:0; }\n\t\t#slideshow-wrappergallery50289 #fullsizegallery50289 { position:relative; z-index:1; overflow:hidden; width:100%; height:460px; clear:both; border: none; }\n\t\t#slideshow-wrappergallery50289 #informationgallery50289 { text-align:left; font-family:Verdana, Arial, Helvetica, sans-serif !important; position:absolute; width:100%; height:0; background:#000000; color:#ffffff; overflow:hidden; z-index:300; opacity:.7; filter:alpha(opacity=70); }\n\t\t#slideshow-wrappergallery50289 #informationgallery50289 h3 { color:#ffffff; padding:4px 8px 3px; margin:0 !important; font-size:16px; font-weight:bold; }\n\t\t#slideshow-wrappergallery50289 #informationgallery50289 a { color:#ffffff; }\n\t\t#slideshow-wrappergallery50289 #informationgallery50289 p { color:#ffffff; padding:0 8px 8px; margin:0 !important; font-size: 14px; font-weight:normal; }\n\t\t#slideshow-wrappergallery50289 .infotop { margin-bottom:8px !important; top:0!important; }\n\t\t#slideshow-wrappergallery50289 .infobottom { margin-top:8px !important; bottom:0!important; }\n\t\t\t\t\t#slideshow-wrappergallery50289 #imagegallery50289 { width:100%; }\n\t\t\t#slideshow-wrappergallery50289 #imagegallery50289 img { border:none; border-radius:0; box-shadow:none; position:absolute; left:0%; right:0%; max-height:100%; max-width:100%; margin:0 auto; display:block; }\n\t\t\t\t#slideshow-wrappergallery50289 .imgnav { position:absolute; width:25%; height:100%; cursor:pointer; z-index:250; }\n\t\t#slideshow-wrappergallery50289 #imgprevgallery50289:before { font-family:FontAwesome; content:\"\\f053\"; font-size:30px; color:white; visibility:visible; left:0; text-align:left; width: auto; height:auto; line-height:160%; top:50%; margin:-30px 0 0 0; border-radius:0 10px 10px 0; background:black; padding:3px 10px 0 10px; position: absolute; display: inline-block; \t}\n\t\t#slideshow-wrappergallery50289 #imgprevgallery50289 { display:none; -moz-user-select: none; -khtml-user-select: none; -webkit-user-select: none; -o-user-select: none; left:0; font-size:0px; }\n\t\t#slideshow-wrappergallery50289 #imgnextgallery50289:before { font-family:FontAwesome; content:\"\\f054\"; font-size:30px; color:white; visibility:visible; right:0; text-align:right; width: auto; height:auto; line-height:160%; top:50%; margin:-30px 0 0 0; border-radius:10px 0 0 10px; background:black; padding:3px 10px 0 10px; position: absolute; display: inline-block; }\n\t\t#slideshow-wrappergallery50289 #imgnextgallery50289 { display:none; -moz-user-select: none; -khtml-user-select: none; -webkit-user-select: none; -o-user-select: none; right:0; font-size:0px; }\n\t\t#slideshow-wrappergallery50289 #imglinkgallery50289 { position:absolute; zoom:1; background-color:#ffffff; height:100%; width:100%; left:0; z-index:149; opacity:0; filter:alpha(opacity=0); }\n\t\t#slideshow-wrappergallery50289 .linkhover:before { font-family:FontAwesome; content:\"\\f14c\"; font-size:30px; text-align:center; height:auto; line-height:160%; width:auto; top:50%; left:auto; right:auto; margin:-30px 0 0 0; padding:0px 12px; display: inline-block; position: relative; background:black; color:white; border-radius:10px; }\n\t\t#slideshow-wrappergallery50289 .linkhover { background:transparent !important; opacity:.4 !important; filter:alpha(opacity=40) !important; text-align:center; font-size:0px; }\n\t\t#slideshow-wrappergallery50289 #thumbnailsgallery50289 { background:#020202; height:89px; width:100%; position:relative; overflow:hidden; }\n\t\t#slideshow-wrappergallery50289 .thumbstop { margin-bottom:8px !important; }\n\t\t#slideshow-wrappergallery50289 .thumbsbot { margin-top:8px !important; }\n\t\t#slideshow-wrappergallery50289 #slideleftgallery50289:before { font-family:FontAwesome; content: \"\\f104\"; color:#999; position: absolute; height: auto; line-height:160%; width: auto; display: inline-block; top: 50%; font-size: 30px; margin: -30px 0 0 0; padding: 0 5px; }\n\t\t#slideshow-wrappergallery50289 #slideleftgallery50289 { text-align:left; float:left; position:absolute; left:0; z-index:150; width:20px; height:89px; background:#222; }\n\t\t#slideshow-wrappergallery50289 #slideleftgallery50289:hover { background-color:#333; }\n\t\t#slideshow-wrappergallery50289 #sliderightgallery50289:before { font-family:FontAwesome; content: \"\\f105\"; color:#999; position: absolute; height: auto; line-height:160%; width: auto; display: inline-block; top: 50%; font-size: 30px; margin: -30px 0 0 0; padding: 0 5px; }\n\t\t#slideshow-wrappergallery50289 #sliderightgallery50289 { text-align:left; float:right; position:absolute; right:0; z-index:150; width:20px; height:89px; background:#222; }\n\t\t#slideshow-wrappergallery50289 #sliderightgallery50289:hover { background-color:#333; }\n\t\t#slideshow-wrappergallery50289 #slideareagallery50289 { float:left; position:absolute; z-index:149; background:#020202; width:100%; margin:0; height:89px; overflow:hidden; }\n\t\t#slideshow-wrappergallery50289 #slidergallery50289 { position:absolute; width:615px !important; left:0; height:89px; padding:3px 20px 0 25px; }\n\t\t#slideshow-wrappergallery50289 #slidergallery50289 img { width:100px; height:75px; cursor:pointer; border:1px solid #666; padding:2px; float:left !important; }\n\t\t#slideshow-wrappergallery50289 #spinnergallery50289 { position:relative; top:50%; left:45%; text-align:left; font-size:30px; }\n\t\t#slideshow-wrappergallery50289 #spinnergallery50289 img { border:none; }\n\t\n\t\t\t\t@media (max-width:480px) { \t.slideshow-information { display: none !important; } }\n\t\t\t\t\t\t@media (max-width:480px) { \t.slideshow-thumbnails { display: none !important; } }\n\t\t\t<\/style><!-- Slideshow Gallery CSS END -->.<\/div>\n<\/div>\n","protected":false},"excerpt":{"rendered":"<p>Information Artwork CV Information Elena Aitzkoa\u00a0es artista. Su pr\u00e1ctica incluye la escultura, el dibujo, la poes\u00eda, la\u00a0performance\u00a0y el cine. Sus creaciones son un ecosistema heterog\u00e9neo que se nutre de\u00a0elementos f\u00edsicos y emocionales del entorno y de la experiencia vital. Pone<span class=\"ellipsis\">&hellip;<\/span><\/p>\n<div class=\"read-more\"><a href=\"https:\/\/www.artsituacions.com\/en\/artistas\/elena-aitzkoa\/\">Read more &#8250;<\/a><\/div>\n<p><!-- end of .read-more --><\/p>\n","protected":false},"author":1,"featured_media":0,"comment_status":"closed","ping_status":"closed","sticky":false,"template":"","format":"standard","meta":[],"categories":[5],"tags":[],"post_formats":[],"yoast_head":"<!-- This site is optimized with the Yoast SEO plugin v17.8 - https:\/\/yoast.com\/wordpress\/plugins\/seo\/ -->\n<meta name=\"robots\" content=\"index, follow, max-snippet:-1, max-image-preview:large, max-video-preview:-1\" \/>\n<link rel=\"canonical\" href=\"https:\/\/www.artsituacions.com\/en\/artistas\/elena-aitzkoa\/\" \/>\n<meta property=\"og:locale\" content=\"en_US\" \/>\n<meta property=\"og:type\" content=\"article\" \/>\n<meta property=\"og:title\" content=\"Elena Aitzkoa\" \/>\n<meta property=\"og:description\" content=\"Information Artwork CV Information Elena Aitzkoa\u00a0es artista. Su pr\u00e1ctica incluye la escultura, el dibujo, la poes\u00eda, la\u00a0performance\u00a0y el cine. Sus creaciones son un ecosistema heterog\u00e9neo que se nutre de\u00a0elementos f\u00edsicos y emocionales del entorno y de la experiencia vital. Pone&hellip;Read more &#8250;\" \/>\n<meta property=\"og:url\" content=\"https:\/\/www.artsituacions.com\/en\/artistas\/elena-aitzkoa\/\" \/>\n<meta property=\"og:site_name\" content=\"Artsituacions\" \/>\n<meta property=\"article:published_time\" content=\"2022-11-15T19:23:30+00:00\" \/>\n<meta property=\"article:modified_time\" content=\"2023-02-22T18:38:44+00:00\" \/>\n<meta property=\"og:image\" content=\"http:\/\/www.artsituacions.com\/wp-content\/uploads\/2022\/11\/elena-aitzkoa.jpg\" \/>\n<meta name=\"twitter:card\" content=\"summary_large_image\" \/>\n<meta name=\"twitter:label1\" content=\"Written by\" \/>\n\t<meta name=\"twitter:data1\" content=\"maria\" \/>\n\t<meta name=\"twitter:label2\" content=\"Est. reading time\" \/>\n\t<meta name=\"twitter:data2\" content=\"7 minutes\" \/>\n<script type=\"application\/ld+json\" class=\"yoast-schema-graph\">{\"@context\":\"https:\/\/schema.org\",\"@graph\":[{\"@type\":\"WebSite\",\"@id\":\"https:\/\/www.artsituacions.com\/es\/#website\",\"url\":\"https:\/\/www.artsituacions.com\/es\/\",\"name\":\"Artsituacions\",\"description\":\"\",\"potentialAction\":[{\"@type\":\"SearchAction\",\"target\":{\"@type\":\"EntryPoint\",\"urlTemplate\":\"https:\/\/www.artsituacions.com\/es\/?s={search_term_string}\"},\"query-input\":\"required name=search_term_string\"}],\"inLanguage\":\"en-US\"},{\"@type\":\"ImageObject\",\"@id\":\"https:\/\/www.artsituacions.com\/en\/artistas\/elena-aitzkoa\/#primaryimage\",\"inLanguage\":\"en-US\",\"url\":\"http:\/\/www.artsituacions.com\/wp-content\/uploads\/2022\/11\/elena-aitzkoa.jpg\",\"contentUrl\":\"http:\/\/www.artsituacions.com\/wp-content\/uploads\/2022\/11\/elena-aitzkoa.jpg\"},{\"@type\":\"WebPage\",\"@id\":\"https:\/\/www.artsituacions.com\/en\/artistas\/elena-aitzkoa\/#webpage\",\"url\":\"https:\/\/www.artsituacions.com\/en\/artistas\/elena-aitzkoa\/\",\"name\":\"[:es]Elena Aitzkoa[:ca]Elena Aitzkoa[:en]Elena Aitzkoa[:it]Elena Aitzkoa[:] - Artsituacions\",\"isPartOf\":{\"@id\":\"https:\/\/www.artsituacions.com\/es\/#website\"},\"primaryImageOfPage\":{\"@id\":\"https:\/\/www.artsituacions.com\/en\/artistas\/elena-aitzkoa\/#primaryimage\"},\"datePublished\":\"2022-11-15T19:23:30+00:00\",\"dateModified\":\"2023-02-22T18:38:44+00:00\",\"author\":{\"@id\":\"https:\/\/www.artsituacions.com\/es\/#\/schema\/person\/3d37438f4bd373cb842fb92a55dae3d0\"},\"breadcrumb\":{\"@id\":\"https:\/\/www.artsituacions.com\/en\/artistas\/elena-aitzkoa\/#breadcrumb\"},\"inLanguage\":\"en-US\",\"potentialAction\":[{\"@type\":\"ReadAction\",\"target\":[\"https:\/\/www.artsituacions.com\/en\/artistas\/elena-aitzkoa\/\"]}]},{\"@type\":\"BreadcrumbList\",\"@id\":\"https:\/\/www.artsituacions.com\/en\/artistas\/elena-aitzkoa\/#breadcrumb\",\"itemListElement\":[{\"@type\":\"ListItem\",\"position\":1,\"name\":\"Home\",\"item\":\"https:\/\/www.artsituacions.com\/es\/\"},{\"@type\":\"ListItem\",\"position\":2,\"name\":\"Artistas\",\"item\":\"https:\/\/www.artsituacions.com\/es\/category\/artistas\/\"},{\"@type\":\"ListItem\",\"position\":3,\"name\":\"Elena Aitzkoa\"}]},{\"@type\":\"Person\",\"@id\":\"https:\/\/www.artsituacions.com\/es\/#\/schema\/person\/3d37438f4bd373cb842fb92a55dae3d0\",\"name\":\"maria\",\"image\":{\"@type\":\"ImageObject\",\"@id\":\"https:\/\/www.artsituacions.com\/es\/#personlogo\",\"inLanguage\":\"en-US\",\"url\":\"https:\/\/secure.gravatar.com\/avatar\/5e917d4d501b3a16916d469da41efaf8?s=96&d=mm&r=g\",\"contentUrl\":\"https:\/\/secure.gravatar.com\/avatar\/5e917d4d501b3a16916d469da41efaf8?s=96&d=mm&r=g\",\"caption\":\"maria\"},\"url\":\"https:\/\/www.artsituacions.com\/en\/author\/maria\/\"}]}<\/script>\n<!-- \/ Yoast SEO plugin. -->","yoast_head_json":{"robots":{"index":"index","follow":"follow","max-snippet":"max-snippet:-1","max-image-preview":"max-image-preview:large","max-video-preview":"max-video-preview:-1"},"canonical":"https:\/\/www.artsituacions.com\/en\/artistas\/elena-aitzkoa\/","og_locale":"en_US","og_type":"article","og_title":"[:es]Elena Aitzkoa[:ca]Elena Aitzkoa[:en]Elena Aitzkoa[:it]Elena Aitzkoa[:] - Artsituacions","og_description":"Information Artwork CV Information Elena Aitzkoa\u00a0es artista. Su pr\u00e1ctica incluye la escultura, el dibujo, la poes\u00eda, la\u00a0performance\u00a0y el cine. Sus creaciones son un ecosistema heterog\u00e9neo que se nutre de\u00a0elementos f\u00edsicos y emocionales del entorno y de la experiencia vital. Pone&hellip;Read more &#8250;","og_url":"https:\/\/www.artsituacions.com\/en\/artistas\/elena-aitzkoa\/","og_site_name":"Artsituacions","article_published_time":"2022-11-15T19:23:30+00:00","article_modified_time":"2023-02-22T18:38:44+00:00","og_image":[{"url":"http:\/\/www.artsituacions.com\/wp-content\/uploads\/2022\/11\/elena-aitzkoa.jpg"}],"twitter_card":"summary_large_image","twitter_misc":{"Written by":"maria","Est. reading time":"7 minutes"},"schema":{"@context":"https:\/\/schema.org","@graph":[{"@type":"WebSite","@id":"https:\/\/www.artsituacions.com\/es\/#website","url":"https:\/\/www.artsituacions.com\/es\/","name":"Artsituacions","description":"","potentialAction":[{"@type":"SearchAction","target":{"@type":"EntryPoint","urlTemplate":"https:\/\/www.artsituacions.com\/es\/?s={search_term_string}"},"query-input":"required name=search_term_string"}],"inLanguage":"en-US"},{"@type":"ImageObject","@id":"https:\/\/www.artsituacions.com\/en\/artistas\/elena-aitzkoa\/#primaryimage","inLanguage":"en-US","url":"http:\/\/www.artsituacions.com\/wp-content\/uploads\/2022\/11\/elena-aitzkoa.jpg","contentUrl":"http:\/\/www.artsituacions.com\/wp-content\/uploads\/2022\/11\/elena-aitzkoa.jpg"},{"@type":"WebPage","@id":"https:\/\/www.artsituacions.com\/en\/artistas\/elena-aitzkoa\/#webpage","url":"https:\/\/www.artsituacions.com\/en\/artistas\/elena-aitzkoa\/","name":"[:es]Elena Aitzkoa[:ca]Elena Aitzkoa[:en]Elena Aitzkoa[:it]Elena Aitzkoa[:] - Artsituacions","isPartOf":{"@id":"https:\/\/www.artsituacions.com\/es\/#website"},"primaryImageOfPage":{"@id":"https:\/\/www.artsituacions.com\/en\/artistas\/elena-aitzkoa\/#primaryimage"},"datePublished":"2022-11-15T19:23:30+00:00","dateModified":"2023-02-22T18:38:44+00:00","author":{"@id":"https:\/\/www.artsituacions.com\/es\/#\/schema\/person\/3d37438f4bd373cb842fb92a55dae3d0"},"breadcrumb":{"@id":"https:\/\/www.artsituacions.com\/en\/artistas\/elena-aitzkoa\/#breadcrumb"},"inLanguage":"en-US","potentialAction":[{"@type":"ReadAction","target":["https:\/\/www.artsituacions.com\/en\/artistas\/elena-aitzkoa\/"]}]},{"@type":"BreadcrumbList","@id":"https:\/\/www.artsituacions.com\/en\/artistas\/elena-aitzkoa\/#breadcrumb","itemListElement":[{"@type":"ListItem","position":1,"name":"Home","item":"https:\/\/www.artsituacions.com\/es\/"},{"@type":"ListItem","position":2,"name":"Artistas","item":"https:\/\/www.artsituacions.com\/es\/category\/artistas\/"},{"@type":"ListItem","position":3,"name":"Elena Aitzkoa"}]},{"@type":"Person","@id":"https:\/\/www.artsituacions.com\/es\/#\/schema\/person\/3d37438f4bd373cb842fb92a55dae3d0","name":"maria","image":{"@type":"ImageObject","@id":"https:\/\/www.artsituacions.com\/es\/#personlogo","inLanguage":"en-US","url":"https:\/\/secure.gravatar.com\/avatar\/5e917d4d501b3a16916d469da41efaf8?s=96&d=mm&r=g","contentUrl":"https:\/\/secure.gravatar.com\/avatar\/5e917d4d501b3a16916d469da41efaf8?s=96&d=mm&r=g","caption":"maria"},"url":"https:\/\/www.artsituacions.com\/en\/author\/maria\/"}]}},"AFP_featured_media_urls":{"full":false,"thumbnail":false,"medium":false,"medium_large":false,"large":false},"AFP_attachments":[],"AFP_videos":[],"AFP_video_blocks":"","AFP_category_names":["Artists"],"_links":{"self":[{"href":"https:\/\/www.artsituacions.com\/en\/wp-json\/wp\/v2\/posts\/2048"}],"collection":[{"href":"https:\/\/www.artsituacions.com\/en\/wp-json\/wp\/v2\/posts"}],"about":[{"href":"https:\/\/www.artsituacions.com\/en\/wp-json\/wp\/v2\/types\/post"}],"author":[{"embeddable":true,"href":"https:\/\/www.artsituacions.com\/en\/wp-json\/wp\/v2\/users\/1"}],"replies":[{"embeddable":true,"href":"https:\/\/www.artsituacions.com\/en\/wp-json\/wp\/v2\/comments?post=2048"}],"version-history":[{"count":23,"href":"https:\/\/www.artsituacions.com\/en\/wp-json\/wp\/v2\/posts\/2048\/revisions"}],"predecessor-version":[{"id":2415,"href":"https:\/\/www.artsituacions.com\/en\/wp-json\/wp\/v2\/posts\/2048\/revisions\/2415"}],"wp:attachment":[{"href":"https:\/\/www.artsituacions.com\/en\/wp-json\/wp\/v2\/media?parent=2048"}],"wp:term":[{"taxonomy":"category","embeddable":true,"href":"https:\/\/www.artsituacions.com\/en\/wp-json\/wp\/v2\/categories?post=2048"},{"taxonomy":"post_tag","embeddable":true,"href":"https:\/\/www.artsituacions.com\/en\/wp-json\/wp\/v2\/tags?post=2048"},{"taxonomy":"post_format","embeddable":true,"href":"https:\/\/www.artsituacions.com\/en\/wp-json\/wp\/v2\/post_formats?post=2048"}],"curies":[{"name":"wp","href":"https:\/\/api.w.org\/{rel}","templated":true}]}}