{"id":2078,"date":"2022-11-16T18:47:58","date_gmt":"2022-11-16T18:47:58","guid":{"rendered":"https:\/\/www.artsituacions.com\/es\/?p=2078"},"modified":"2023-02-22T18:44:50","modified_gmt":"2023-02-22T18:44:50","slug":"aleix-plademunt","status":"publish","type":"post","link":"https:\/\/www.artsituacions.com\/en\/artistas\/aleix-plademunt\/","title":{"rendered":"Aleix Plademunt"},"content":{"rendered":"<div id=\"authorInfo\">\n<div class=\"c1\">\n<p><img decoding=\"async\" loading=\"lazy\" class=\"alignnone size-full wp-image-1296\" src=\"http:\/\/www.artsituacions.com\/wp-content\/uploads\/2022\/11\/aleixplademunt.jpg\" alt=\"aleix-plademunt\" width=\"200\" height=\"200\" \/><\/p>\n<ul class=\"tabs\">\n<li><a href=\"#\">Information<\/a><\/li>\n<li><a href=\"#\">Artwork<\/a><\/li>\n<li><a href=\"#\">CV<\/a><\/li>\n<\/ul>\n<\/div>\n<div class=\"c2\">\n<div class=\"panes informacion\">\n<div class=\"scroll-pane\">\n<h3 class=\"title\">Informaci\u00f3n<\/h3>\n<div class=\"page\" title=\"Page 1\">\n<div class=\"layoutArea\">\n<div class=\"column\">\n<p>Girona, 1980<\/p>\n<p>Abandona sus estudios de ingenieri\u0301a te\u0301cnica en la Universitat de Girona (UdG) para dedicarse de pleno con la fotografi\u0301a. En 2003 se licencia en fotografi\u0301a en el CTIM (UPC).<\/p>\n<p>Durante todos estos an\u0303os no ha dejado de trabajar en proyectos fotogra\u0301ficos personales de los que destaca: Espectadores (2006), Nada (2007), DubaiLand (2008), Tot (2009), Almost There (2010-2013), \u68ee\u4e0b Morishita (2016) y Un Passaggio (2017), Trafalgar (2019), Iberia (2019) y Matter (2013-2022)<\/p>\n<p>Es autor de 9 libros:<\/p>\n<ul>\n<li>Matter. Publicado por Ca l\u2019Isidret + Spector Books. Mayo 2022<\/li>\n<li>Antimatter. Publicado por Ca l\u2019Isidret + Comunidad de Madrid. Mayo 2022<\/li>\n<li>Intempe\u0300ries ~ Hinterlands. Publicado por Ca l\u2019Isidret + Galerie Olivier Waltman. Enero 2021 \u00b7 Iberia. Publicado por Ca l\u2019Isidret. Octubre 2019<\/li>\n<li>Un Passaggio. Publicado por Ca l\u2019Isidret. Mayo 2017<\/li>\n<li>\u68ee\u4e0b Morishita. Publicado por Ca l\u2019Isidret. Febrero 2017<\/li>\n<li>Almost There. Publicado por Ca l\u2019Isidret + MACK. Octubre 2013<\/li>\n<li>Ca l\u2019Isidret. Publicado por Ca l\u2019Isidret. Occtubre 2012<\/li>\n<li>Moviemientos de suelo. Publicado por Ca l\u2019Isidret. Mayo 2011<\/li>\n<\/ul>\n<p>Ha realizado residencias arti\u0301sticas y ha recibido distintas becas para desarrollar o continuar con sus proyectos. Destaca:<\/p>\n<ul>\n<li>2022. Beca Leonardo. BBVA<\/li>\n<li>2017. Residencia Hangar \/ ADM Me\u0301xico<\/li>\n<li>2015. Residencia Sapporo Tenjinyama Art Studio, Japo\u0301n<\/li>\n<li>2015. Residencia Tokyo Wonder Site \/ El Ranchito, Japo\u0301n \u00b7 2015. Beca Artes Pla\u0301sticas Fundacio\u0301n Boti\u0301n<\/li>\n<li>2105. Premio Revelacio\u0301n Photo Espan\u0303a<\/li>\n<li>2008. Beca Fotopress La Caixa<\/li>\n<li>2006. Premio Injuve<\/li>\n<li>2003. Beca Universidad de las Ame\u0301ricas (UDLA), Me\u0301xico<\/li>\n<\/ul>\n<p>Es co-fundador del proyecto editorial Ca l&#8217;Isidret creado en 2013. Hasta han publicado ma\u0301s de 25 ti\u0301tulos, con especial intere\u0301s y sensibilidad por la fotografi\u0301a, cri\u0301tica, ensayo y lenguaje visual.<\/p>\n<p>Desde el 2003 ha realizado ma\u0301s de 25 exposiciones individuales y ma\u0301s de 50 colectivas, de las que destaca la exposicio\u0301n individual Matter en la Sala Canal Isabel II de Madrid, comisariada por Antonio M. Xoubanova, la participacio\u0301n en la exposicio\u0301n \u201cApunts per a un incendi dels ulls\u201d. Panorama 21. Comisariada por Hiuwai Chu + Latitudes. MACBA. Museu d\u2019art contempora\u0300ni de Barcelona. [22-10-21 \/ 27-2-22], y la exposicio\u0301n del proyecto Almost There en la sala Le Bal, Paris [2013], y IMA Gallery, Tokio [2014].<\/p>\n<\/div>\n<\/div>\n<\/div>\n<p><!--info--><\/p>\n<\/div>\n<style>.scroll-pane{width: 800px;height:4<span data-mce-type=\"bookmark\" style=\"display: inline-block; width: 0px; overflow: hidden; line-height: 0;\" class=\"mce_SELRES_start\">\ufeff<\/span>50px;overflow: auto;}<\/style>\n<\/div>\n<div class=\"panes aboutWork\">\n<div class=\"scroll-pane\">\n<h3 class=\"title\">Artwork<\/h3>\n<p><span style=\"font-weight: 400;\">Ever since his first projects, Aleix Plademunt has shown a keen interest in territory, landscape and space, paying particular attention to their formations, transformations, modifications, manipulations, alterations, extractions, uses, abuses and waste. His early works are presented as series, with a focus on the journey, accumulation and the semiotic recognition of certain signs, as detected in the landscape via the medium and practice of photography.<\/span><\/p>\n<p><span style=\"font-weight: 400;\">Some parts of these images remain constant in order to emphasise the changes; these series can be read in a linear (rather than narrative) fashion.<\/span><\/p>\n<p><span style=\"font-weight: 400;\">The perspective, process and methodology all change in <\/span><i><span style=\"font-weight: 400;\">Almost There <\/span><\/i><span style=\"font-weight: 400;\">(2010-13): in this project, beyond photographing situations, places or objects, Aleix is more interested in weaving a web of associations and links between them. The thread (more so than a structure or system) that unites all these seemingly random elements and moments seeks to track a relationship of forces that are in constant motion, and which are thus hard to pin down. Aleix is especially fascinated by the language and narrative of photography, and he searches for the tension between images, their rhythms and their internal structures. <\/span><i><span style=\"font-weight: 400;\">Almost There <\/span><\/i><span style=\"font-weight: 400;\">addresses the theme of distance in a broad sense, taking into account physical, spatial, temporal, emotional and photographic distances. Unlike the distance that separates spaces, the distance that separates places cannot be traversed. A space is a mere physical observation, a chance intersection of coordinates, a plane. A place comes into being when one inhabits such a space, when it gets lived in, explored, filled with discourses. Space exists regardless of our own existence; places do not. Maps are made of spaces; memories are made of places.<\/span><\/p>\n<p><span style=\"font-weight: 400;\">Between 2013 and 2022, Aleix embarks upon his most ambitious project to date, namely <\/span><i><span style=\"font-weight: 400;\">Matter <\/span><\/i><span style=\"font-weight: 400;\">(a word derived from the Latin <\/span><i><span style=\"font-weight: 400;\">mater<\/span><\/i><span style=\"font-weight: 400;\">, i.e. \u201cmother\u201d, as well as the sense of \u201csource\u201d, \u201corigin\u201d, \u201cmaterial\u201d).<\/span> <span style=\"font-weight: 400;\">\u00a0In English, the meaning of \u201cmatter\u201d has broadened out over time, and now also refers to a problem, a subject, something of import. The photographs in <\/span><i><span style=\"font-weight: 400;\">Matter <\/span><\/i><span style=\"font-weight: 400;\">depict the remains, traces and signs of numerous issues that keep transforming. The results are indeed images, but they emanate from a series of themes that are not in fact visual. Each image is a fragment. Each fragment aims to displace, disturb, delve into the kind of diverse and multiple temporalities that shape us, without us realizing or even wanting to find out. This matter is undoubtedly shot through with social and political history, but also with geological, climate-based, biological and zoological history too\u2026 In this particular project, matter becomes a sign, and each photograph in turn operates like an index, icon and symbol (albeit not always in the same direction), with the will to explore new ways of receiving and relating with information. <\/span><i><span style=\"font-weight: 400;\">Matter <\/span><\/i><span style=\"font-weight: 400;\">understands the symbol as an object split in two, a rupture. To decipher it is to find that friction between the resulting parts.<\/span><\/p>\n<p><span style=\"font-weight: 400;\">The objective of Aleix Plademunt\u2019s work is not to resolve, draw conclusions or even enlighten the observer, but rather to offer up and circulate images, to make an attempt at communication and to explore new ways for relating to information and narration.<\/span><\/p>\n<\/div>\n<style>.scroll-pane{width: 800px;height:450px;overflow: auto;}<\/style>\n<\/div>\n<div class=\"panes cv\">\n<div class=\"scroll-pane\">\n<h3 class=\"title\">CV<\/h3>\n<p><b>Aleix Plademunt<\/b><\/p>\n<p><span style=\"font-weight: 400;\">1980, Girona, Spain<\/span><\/p>\n<p><span style=\"font-weight: 400;\">Lives and works in Barcelona<\/span><\/p>\n<p>&nbsp;<\/p>\n<p><b>Education<\/b><\/p>\n<p><span style=\"font-weight: 400;\">2004 M.A. in Photography (UDLA Fellowship). Universidad de las Am\u00e9ricas, Puebla \/ B.A. in Photography. Universidad Polit\u00e9cnica de Cataluna, Terrassa<\/span><\/p>\n<p>&nbsp;<\/p>\n<p><b>Grants &#038; Awards<\/b><\/p>\n<p><span style=\"font-weight: 400;\">2023 Art Situacions III Award. Honda-Green Powers<\/span><\/p>\n<p><span style=\"font-weight: 400;\">2015 Visual Arts Grant. Fundaci\u00f3n Bot\u00edn \/ Discovery Award. PHotoEspana<\/span><\/p>\n<p><span style=\"font-weight: 400;\">2013 First Book Award, Finalist. National Media Museum of London &#038; Mack Books<\/span><\/p>\n<p><span style=\"font-weight: 400;\">2012 Oficina de Suport a la Iniciativa Cultural Grant. Generalitat de Catalunya<\/span><\/p>\n<p><span style=\"font-weight: 400;\">2010 Purificaci\u00f3n Garc\u00eda Photography Award. Purificaci\u00f3n Garcia<\/span><\/p>\n<p><span style=\"font-weight: 400;\">2009 \u201cPropuestas 2009\u201d Visual Creation Grant. Visual Entidad de Gesti\u00f3n de Artistas Pl\u00e1sticos \/ \u201cAgita\u201d Grant for Artistic Projects. Ayuntamiento de Figueres<\/span><\/p>\n<p><span style=\"font-weight: 400;\">2008 FotoPres \u201cla Caixa\u201d Award<\/span><\/p>\n<p><span style=\"font-weight: 400;\">2006 \u201c\u00c1ngel\u201d Photography Grant. Ayuntamiento de C\u00f3rdoba \/ \u201cINJUVE 2006\u201d Photography Award. Ministry of Culture of Spain<\/span><\/p>\n<p>&nbsp;<\/p>\n<p><b>Residencies<\/b><\/p>\n<p><span style=\"font-weight: 400;\">2017 Hangar-ADM, Mexico City<\/span><\/p>\n<p><span style=\"font-weight: 400;\">2016 Sapporo Tenjinyama Art Studio, Sapporo<\/span><\/p>\n<p><span style=\"font-weight: 400;\">2015 El Ranchito-Tokyo Wonder Site, Tokyo<\/span><\/p>\n<p><span style=\"font-weight: 400;\">2014 CERN (Conseil Europ\u00e9en pour la Recherche Nucl\u00e9aire), Geneva<\/span><\/p>\n<p><span style=\"font-weight: 400;\">2006 CELAUJ-Injuve, Mollina<\/span><\/p>\n<p><span style=\"font-weight: 400;\">2004 Universidad de las Am\u00e9ricas, Cholula<\/span><\/p>\n<p>&nbsp;<\/p>\n<p><b>Solo Shows (Selection)<\/b><\/p>\n<p><span style=\"font-weight: 400;\">2022 <\/span><i><span style=\"font-weight: 400;\">Matter<\/span><\/i><span style=\"font-weight: 400;\">. Sala Canal de Isabel II, Madrid<\/span><\/p>\n<p><span style=\"font-weight: 400;\">2021 <\/span><i><span style=\"font-weight: 400;\">\u00c0 propos du temps<\/span><\/i><span style=\"font-weight: 400;\">. Olivier Waltman Gallery, Paris<\/span><\/p>\n<p><span style=\"font-weight: 400;\">2018 <\/span><i><span style=\"font-weight: 400;\">Works from the Matter Project<\/span><\/i><span style=\"font-weight: 400;\">. FG2, G\u00f6tegorg<\/span><\/p>\n<p><span style=\"font-weight: 400;\">2017 <\/span><i><span style=\"font-weight: 400;\">Un Passaggio. Fotografia Europea<\/span><\/i><span style=\"font-weight: 400;\">. Reggio Emilia<\/span><\/p>\n<p><span style=\"font-weight: 400;\">2016 <\/span><i><span style=\"font-weight: 400;\">Almost There<\/span><\/i><span style=\"font-weight: 400;\">. Centro de Arte Alcobendas, Madrid<\/span><\/p>\n<p><span style=\"font-weight: 400;\">2015 <\/span><i><span style=\"font-weight: 400;\">Almost There<\/span><\/i><span style=\"font-weight: 400;\">. CFC, Bilbao \/ <\/span><i><span style=\"font-weight: 400;\">Almost There<\/span><\/i><span style=\"font-weight: 400;\">. La New Gallery, Madrid<\/span><\/p>\n<p><span style=\"font-weight: 400;\">2014 <\/span><i><span style=\"font-weight: 400;\">DubaiLand. <\/span><\/i><span style=\"font-weight: 400;\">Fot\u00f3h\u00f3nap. TOBE Gallery, Budapest \/ <\/span><i><span style=\"font-weight: 400;\">Almost There<\/span><\/i><span style=\"font-weight: 400;\">. Tagomago Gallery, Barcelona<\/span><\/p>\n<p><span style=\"font-weight: 400;\">2013 <\/span><i><span style=\"font-weight: 400;\">Almost There<\/span><\/i><span style=\"font-weight: 400;\">. Olivier Waltman Gallery, Paris<\/span><\/p>\n<p><span style=\"font-weight: 400;\">2012 <\/span><i><span style=\"font-weight: 400;\">DubaiLand. <\/span><\/i><span style=\"font-weight: 400;\">M\u00f3dulo Gallery, Lisbon \/ <\/span><i><span style=\"font-weight: 400;\">We Are Here<\/span><\/i><span style=\"font-weight: 400;\">. RMTF-Proyecto Trocadero. Caracas, Venezuela<\/span><\/p>\n<p><span style=\"font-weight: 400;\">2011 <\/span><i><span style=\"font-weight: 400;\">DubaiLand et Autres consequences<\/span><\/i><span style=\"font-weight: 400;\">. Olivier Waltman Gallery, Paris \/ <\/span><i><span style=\"font-weight: 400;\">Peque\u00f1as<\/span><\/i> <i><span style=\"font-weight: 400;\">interpretaciones<\/span><\/i><span style=\"font-weight: 400;\">. Valle Ort\u00ed Gallery, Valencia<\/span><\/p>\n<p><span style=\"font-weight: 400;\">2010 <\/span><i><span style=\"font-weight: 400;\">DubaiLand<\/span><\/i><span style=\"font-weight: 400;\">. Passanant Foto, Passanant<\/span><\/p>\n<p><span style=\"font-weight: 400;\">2009 <\/span><i><span style=\"font-weight: 400;\">Nada\/Todo<\/span><\/i><span style=\"font-weight: 400;\">. Olivier Waltman Gallery, Paris \/ Art Paris 2009. Olivier Waltman Gallery, Paris<\/span><\/p>\n<p><span style=\"font-weight: 400;\">2008 <\/span><i><span style=\"font-weight: 400;\">Espectadores<\/span><\/i><span style=\"font-weight: 400;\">. Olivier Waltman Gallery, Paris \/ <\/span><i><span style=\"font-weight: 400;\">Nada<\/span><\/i><span style=\"font-weight: 400;\">. Valle Ort\u00ed Gallery,Valencia \/ <\/span><i><span style=\"font-weight: 400;\">Espectadores<\/span><\/i><span style=\"font-weight: 400;\">. London Art Fair, London<\/span><\/p>\n<p><span style=\"font-weight: 400;\">2007 <\/span><i><span style=\"font-weight: 400;\">Espectadores<\/span><\/i><span style=\"font-weight: 400;\">. Sala La Kursala, Universidad de C\u00e1diz, C\u00e1diz<\/span><\/p>\n<p><span style=\"font-weight: 400;\">2006 <\/span><i><span style=\"font-weight: 400;\">Espacios comunes<\/span><\/i><span style=\"font-weight: 400;\">. Col.legi d\u2019Arquitectes de Catalunya, Barcelona \/ <\/span><i><span style=\"font-weight: 400;\">Espacios comunes<\/span><\/i><span style=\"font-weight: 400;\">. Olivier Waltman Gallery, Paris<\/span><\/p>\n<p><span style=\"font-weight: 400;\">2004 <\/span><i><span style=\"font-weight: 400;\">Des-habitat<\/span><\/i><span style=\"font-weight: 400;\">. Festival Fotopsia, Castellbilbal<\/span><\/p>\n<p>&nbsp;<\/p>\n<p><b>Group Shows (Selection)<\/b><\/p>\n<p><span style=\"font-weight: 400;\">2023 <\/span><i><span style=\"font-weight: 400;\">Art Situacions III<\/span><\/i><span style=\"font-weight: 400;\">. ARCO Madrid 2023, Madrid<\/span><\/p>\n<p><span style=\"font-weight: 400;\">2021 <\/span><i><span style=\"font-weight: 400;\">Apuntes para un incendio de los ojos. Panorama 21<\/span><\/i><span style=\"font-weight: 400;\">. Museu d\u2019Art Contemporani<\/span> <span style=\"font-weight: 400;\">de Barcelona, Barcelona \/ <\/span><i><span style=\"font-weight: 400;\">Ecolog\u00edas Radicales<\/span><\/i><span style=\"font-weight: 400;\">. Bienal Sur. Museo Arte<\/span> <span style=\"font-weight: 400;\">Contempor\u00e1neo de la Boca, Buenos Aires<\/span><\/p>\n<p><span style=\"font-weight: 400;\">2020 <\/span><i><span style=\"font-weight: 400;\">El m\u00f3n ser\u00e0 Tl\u00f6n<\/span><\/i><span style=\"font-weight: 400;\">. Bolit Centre d\u2019Art Contemporani, Girona<\/span><\/p>\n<p><span style=\"font-weight: 400;\">2019 <\/span><i><span style=\"font-weight: 400;\">Trafalgar<\/span><\/i><span style=\"font-weight: 400;\">. Dilalica Gallery, Barcelona<\/span><\/p>\n<p><span style=\"font-weight: 400;\">2018 Ca l\u2019Isidret. Photoforum Pasquart, Biel\/Bienne<\/span><\/p>\n<p><span style=\"font-weight: 400;\">2017 <\/span><i><span style=\"font-weight: 400;\">Signus<\/span><\/i><span style=\"font-weight: 400;\">. Museu de Granollers, Granollers \/ <\/span><i><span style=\"font-weight: 400;\">A Myriad of Voices<\/span><\/i><span style=\"font-weight: 400;\">. CCE Miami, Miami \/ <\/span><i><span style=\"font-weight: 400;\">Itinerarios XXIII<\/span><\/i><span style=\"font-weight: 400;\">. Fundaci\u00f3n Bot\u00edn, Santander<\/span><\/p>\n<p><span style=\"font-weight: 400;\">2016 <\/span><i><span style=\"font-weight: 400;\">Look up at the Sky. Geografies. <\/span><\/i><span style=\"font-weight: 400;\">Espaidos, Sala Moncunill, Terrassa \/ <\/span><i><span style=\"font-weight: 400;\">A Myriad of Voices<\/span><\/i><span style=\"font-weight: 400;\">. Photo Week DC 2016,<\/span> <span style=\"font-weight: 400;\">Washington DC \/ <\/span><i><span style=\"font-weight: 400;\">A Great Sum (In Parts)<\/span><\/i><span style=\"font-weight: 400;\">.<\/span> <span style=\"font-weight: 400;\">Osanova Gallery, Moscow \/ <\/span><i><span style=\"font-weight: 400;\">Geologia de l\u2019inefable<\/span><\/i><span style=\"font-weight: 400;\">. Can Felipa, Barcelona \/<\/span><i><span style=\"font-weight: 400;\"> Fotollibres: Aqu\u00ed i ara<\/span><\/i><span style=\"font-weight: 400;\">. Bolit Centre d\u2019Art<\/span> <span style=\"font-weight: 400;\">Contemporani, Girona<\/span><\/p>\n<p><span style=\"font-weight: 400;\">2015 <\/span><i><span style=\"font-weight: 400;\">Aqu\u00ed hay dragones. In\u00e9ditos 2015<\/span><\/i><span style=\"font-weight: 400;\">. La Casa Encendida, Madrid \/ <\/span><i><span style=\"font-weight: 400;\">L<\/span><\/i><span style=\"font-weight: 400;\">. Sala Kursala, Universidad de C\u00e1diz, C\u00e1diz \/ <\/span><i><span style=\"font-weight: 400;\">Photoforum PasquArt<\/span><\/i><span style=\"font-weight: 400;\">. Multiple venues, Biel \/ <\/span><i><span style=\"font-weight: 400;\">Photography Now! Vol.2: Spanish New<\/span><\/i> <i><span style=\"font-weight: 400;\">Horizon<\/span><\/i><span style=\"font-weight: 400;\">. IMA Concept Store, Tokyo<\/span><\/p>\n<p><span style=\"font-weight: 400;\">2014 <\/span><i><span style=\"font-weight: 400;\">Unseen Photo Fair<\/span><\/i><span style=\"font-weight: 400;\">. Multiple venues, Amsterdam \/ <\/span><i><span style=\"font-weight: 400;\">Corrent continu. Lectures de<\/span><\/i> <i><span style=\"font-weight: 400;\">paisatges<\/span><\/i><span style=\"font-weight: 400;\">. Bolit Centre d\u2019Art Contemporani, Girona \/ <\/span><i><span style=\"font-weight: 400;\">GIGANTE<\/span><\/i><span style=\"font-weight: 400;\">. Galerie du 10, Instituto Franc\u00e9s Madrid \/ <\/span><i><span style=\"font-weight: 400;\">Movimientos de Suelo<\/span><\/i><span style=\"font-weight: 400;\">. Ca l\u2019Isidret Exhibition. Temple Gallery, Paris \/ <\/span><i><span style=\"font-weight: 400;\">Fotollibres: Aqu\u00ed i ara<\/span><\/i><span style=\"font-weight: 400;\">. Foto Colectania, Barcelona \/ <\/span><i><span style=\"font-weight: 400;\">New Spanish Photography<\/span><\/i><span style=\"font-weight: 400;\">. New York University, New York \/ Dallas Biennial. Oliver Francis Gallery, Dallas<\/span><\/p>\n<p><span style=\"font-weight: 400;\">2013 <\/span><i><span style=\"font-weight: 400;\">Una nouvelle g\u00e9n\u00e9ration de photographes<\/span><\/i><span style=\"font-weight: 400;\">. Le Bal, Paris \/ <\/span><i><span style=\"font-weight: 400;\">Contexto Cr\u00edtico<\/span><\/i><span style=\"font-weight: 400;\">. Tabacalera, Madrid \/ <\/span><i><span style=\"font-weight: 400;\">Paisajes: Naturaleza y artificio<\/span><\/i><span style=\"font-weight: 400;\">. Colecci\u00f3n DKV. La<\/span> <span style=\"font-weight: 400;\">Lonja, Zaragoza \/ Pulse Art Fair Miami.<\/span> <span style=\"font-weight: 400;\">Olivier Waltman Gallery, Miami \/ <\/span><i><span style=\"font-weight: 400;\">Arquitectura invertida. <\/span><\/i><span style=\"font-weight: 400;\">DKV Collection. Museo de Arte<\/span> <span style=\"font-weight: 400;\">Contempor\u00e1neo de Alicante, Alicante \/ Pulse<\/span> <span style=\"font-weight: 400;\">Art Fair New York. Olivier Waltman Gallery,<\/span> <span style=\"font-weight: 400;\">New York \/ <\/span><i><span style=\"font-weight: 400;\">Espectadores<\/span><\/i><span style=\"font-weight: 400;\">. Waltman Ortega<\/span> <span style=\"font-weight: 400;\">Gallery. Miami \/ <\/span><i><span style=\"font-weight: 400;\">Perspectives of Landscape<\/span><\/i><span style=\"font-weight: 400;\">.<\/span> <span style=\"font-weight: 400;\">Browning Gallery, Asolo \/ Art13 London.<\/span> <span style=\"font-weight: 400;\">Olivier Waltman Gallery, London \/ London Art<\/span> <span style=\"font-weight: 400;\">Fair. Olivier Waltman Gallery, London<\/span><\/p>\n<p><span style=\"font-weight: 400;\">2012 Art Miami 2012. Olivier Waltman Gallery, Miami \/ <\/span><i><span style=\"font-weight: 400;\">Cree. Lugares de tr\u00e1nsito<\/span><\/i><span style=\"font-weight: 400;\">. Tabacalera, Madrid \/ Art Paris 2012. Olivier Waltman Gallery, Paris \/ ARCO Madrid 2012. Valle Ort\u00ed Gallery, Madrid \/ <\/span><i><span style=\"font-weight: 400;\">La Camera Gran<\/span><\/i><span style=\"font-weight: 400;\">. Museu de l\u2019Emporda, Figueres<\/span><\/p>\n<p><span style=\"font-weight: 400;\">2011 Scope Art Show. Waltman-Ortega Gallery, Miami \/ <\/span><i><span style=\"font-weight: 400;\">VOLTA7<\/span><\/i><span style=\"font-weight: 400;\">. Valle Ort\u00ed Gallery, Basel \/ <\/span><i><span style=\"font-weight: 400;\">New Cities: Utopia &#038; Dystopia<\/span><\/i><span style=\"font-weight: 400;\">. Recyclart, Brussels \/ Art Chicago 2011. Olivier Waltman Gallery, Chicago \/ Art Paris<\/span><\/p>\n<ol start=\"2011\">\n<li><span style=\"font-weight: 400;\"> Olivier Waltman Gallery, Paris \/ ARCO Madrid 2011. Valle Ort\u00ed Gallery, Madrid<\/span><\/li>\n<\/ol>\n<p><span style=\"font-weight: 400;\">2010 <\/span><i><span style=\"font-weight: 400;\">Naturae<\/span><\/i><span style=\"font-weight: 400;\">. Benetton Foundation, Treviso \/ Pulse Miami 2010. Valle Ort\u00ed Gallery, Miami \/ Art Miami 2010. Olivier Waltman Gallery, Miami \/ <\/span><i><span style=\"font-weight: 400;\">Paisatges de la periferia<\/span><\/i><span style=\"font-weight: 400;\">. Observatorio del Paisaje de Catalunya, Olot \/ <\/span><i><span style=\"font-weight: 400;\">Naturae<\/span><\/i><span style=\"font-weight: 400;\">. LAMeC, Vicenza \/ Art London 2010. Olivier Waltman Gallery, London \/ <\/span><i><span style=\"font-weight: 400;\">Interrumpted<\/span><\/i> <i><span style=\"font-weight: 400;\">Landscapes<\/span><\/i><span style=\"font-weight: 400;\">. Champion Gallery, Austin \/ Purificaci\u00f3n Garc\u00eda Awards Exhibition. C\u00edrculo de Bellas Artes, Madrid \/ Fotopres \u201809. Caixaforum, Madrid \/ Fotofreo Festival. PS 22 Pakenham Street, Walyalup\/Fremantle \/ Bafa Gallery, Geneva \/ London Art Fair 2010. Olivier Waltman Gallery, London<\/span><\/p>\n<p><span style=\"font-weight: 400;\">2009 Art Miami 2009. Olivier Waltman Gallery, Miami \/ Photo Phnom Pen Festival. Multiple venues, Photo Phnom Pen \/ Collective Exhibition. Universidad TECMilenio, Monterrey \/ Fotopres \u201809. Caixaforum, Barcelona \/ Art London 2009. Olivier Waltman Gallery, London \/ Internazionale a Ferrara Festival. Multiple venues, Ferrara \/ Festival Internazionale di Roma. Multiple venues, Roma \/ Volta Art Fair. Valle Ort\u00ed Gallery, Basel \/ <\/span><i><span style=\"font-weight: 400;\">Talent Latent<\/span><\/i><span style=\"font-weight: 400;\">. Bolit Centre d\u2019Art Contemporani, Girona<\/span><\/p>\n<p><span style=\"font-weight: 400;\">2008 Scope Art Show. Olivier Waltman Gallery, Miami \/ Art London 2008. Olivier Waltman Gallery, London \/ <\/span><i><span style=\"font-weight: 400;\">Talent Latent<\/span><\/i><span style=\"font-weight: 400;\">. Sala Palauet, Matar\u00f3 \/ Purificaci\u00f3n Garc\u00eda Awards Exhibition. C\u00edrculo de Bellas Artes, Madrid \/ <\/span><i><span style=\"font-weight: 400;\">Talent Latent<\/span><\/i><span style=\"font-weight: 400;\">. SCAN 08, Tarragona \/ Lille Art Fair. Olivier Waltman Gallery, Lille \/ ARCO Madrid 2008. Valle Ort\u00ed Gallery, Madrid<\/span><\/p>\n<p>&nbsp;<\/p>\n<p><b>Editorial Projects<\/b><\/p>\n<p><span style=\"font-weight: 400;\">Co-founder of Ca l\u2019Isidret, a publishing project in collaboration with Roger Guaus &#038; Juan Diego Valera<\/span><\/p>\n<p><span style=\"font-weight: 400;\">2022 <\/span><i><span style=\"font-weight: 400;\">Antimatter<\/span><\/i><span style=\"font-weight: 400;\">. Sala Canal Isabel II. Barcelona, Ca l\u2019Isidret \/ <\/span><i><span style=\"font-weight: 400;\">Matter<\/span><\/i><span style=\"font-weight: 400;\">. Barcelona, Ca l\u2019Isidret &#038; Spector Books<\/span><\/p>\n<p><span style=\"font-weight: 400;\">2021 <\/span><i><span style=\"font-weight: 400;\">Intemp\u00e8ries ~ Hinterlands<\/span><\/i><span style=\"font-weight: 400;\">. Olivier Waltman Gallery. Barcelona, Ca l\u2019Isidret<\/span><\/p>\n<p><span style=\"font-weight: 400;\">2019 <\/span><i><span style=\"font-weight: 400;\">Iberia<\/span><\/i><span style=\"font-weight: 400;\">. Barcelona, Ca l\u2019Isidret<\/span><\/p>\n<p><span style=\"font-weight: 400;\">2017 <\/span><i><span style=\"font-weight: 400;\">Un passaggio<\/span><\/i><span style=\"font-weight: 400;\">. Barcelona, Ca l\u2019Isidret<\/span><\/p>\n<p><span style=\"font-weight: 400;\">2016 <\/span><span style=\"font-weight: 400;\">\u68ee\u4e0b<\/span> <i><span style=\"font-weight: 400;\">Morishita<\/span><\/i><span style=\"font-weight: 400;\">. Barcelona, Ca l\u2019Isidret<\/span><\/p>\n<p><span style=\"font-weight: 400;\">2013 <\/span><i><span style=\"font-weight: 400;\">Almost There<\/span><\/i><span style=\"font-weight: 400;\">. MACK. Barcelona, Ca l\u2019Isidret<\/span><\/p>\n<p><span style=\"font-weight: 400;\">2011 <\/span><i><span style=\"font-weight: 400;\">Movimientos de suelo<\/span><\/i><span style=\"font-weight: 400;\">. Barcelona, Ca l\u2019Isidret<\/span><\/p>\n<p>&nbsp;<\/p>\n<p><b>Publications<\/b><\/p>\n<p><span style=\"font-weight: 400;\">2022 <\/span><i><span style=\"font-weight: 400;\">Passi\u00f3 i cartografia per a un incendi dels ulls<\/span><\/i><span style=\"font-weight: 400;\">. Barcelona, Museu d\u2019Art<\/span> <span style=\"font-weight: 400;\">Contemporani de Barcelona<\/span><\/p>\n<p><span style=\"font-weight: 400;\">2020 <\/span><i><span style=\"font-weight: 400;\">Look up at the Sky<\/span><\/i><span style=\"font-weight: 400;\">. Terrassa, Sala Montcunill<\/span><\/p>\n<p><span style=\"font-weight: 400;\">2019 <\/span><i><span style=\"font-weight: 400;\">Carn de cap<\/span><\/i><span style=\"font-weight: 400;\">. Barcelona, Escola Bloom<\/span><\/p>\n<p><span style=\"font-weight: 400;\">2017 <\/span><i><span style=\"font-weight: 400;\">Fotograf\u00eda en Espa\u00f1a (1839-2015)<\/span><\/i><span style=\"font-weight: 400;\">. Madrid, C\u00e1tedra<\/span><\/p>\n<p><span style=\"font-weight: 400;\">2015 <\/span><i><span style=\"font-weight: 400;\">Photography Now! Vol.2: Spanish New Horizon<\/span><\/i><span style=\"font-weight: 400;\">. Tokyo, Amana<\/span><\/p>\n<p><span style=\"font-weight: 400;\">2014 <\/span><i><span style=\"font-weight: 400;\">The Photographers\u2019s Playbook. <\/span><\/i><span style=\"font-weight: 400;\">New York, Aperture \/ <\/span><i><span style=\"font-weight: 400;\">Diccionario de fot\u00f3grafos<\/span><\/i> <i><span style=\"font-weight: 400;\">espa\u00f1oles. <\/span><\/i><span style=\"font-weight: 400;\">Madrid, La F\u00e1brica<\/span><\/p>\n<p><span style=\"font-weight: 400;\">2013 <\/span><i><span style=\"font-weight: 400;\">Arte Espa\u00f1ol Contempor\u00e1neo 1992-<\/span><\/i><\/p>\n<ol start=\"2013\">\n<li><i><span style=\"font-weight: 400;\">2013<\/span><\/i><span style=\"font-weight: 400;\">. Madrid, La F\u00e1brica<\/span><\/li>\n<\/ol>\n<p><span style=\"font-weight: 400;\">2012 <\/span><i><span style=\"font-weight: 400;\">BCN Crea<\/span><\/i><span style=\"font-weight: 400;\">. Madrid, La F\u00e1brica \/ <\/span><i><span style=\"font-weight: 400;\">Lugares de tr\u00e1nsito<\/span><\/i><span style=\"font-weight: 400;\">. Barcelona, RM Verlag<\/span><\/p>\n<p><span style=\"font-weight: 400;\">2011 <\/span><i><span style=\"font-weight: 400;\">100 New Artists<\/span><\/i><span style=\"font-weight: 400;\">. London, Laurence King Publishing<\/span><\/p>\n<\/div>\n<style>.scroll-pane{width: 800px;height:450px;overflow: auto;}<\/style>\n<\/div>\n<\/div>\n<p><br style=\"clear: both;\" \/><\/p>\n<h2 class=\"hdrSection\">Artwork in Exhibition<\/h2>\n<div class=\"gallery\">\n\t<ul id=\"slideshowgallery58579\" class=\"slideshowgallery58579\" style=\"display:none;\">\n\t\t\t\t\t<!-- From all slides or gallery slides -->\n\t\t\t\t\t\t\t\n\t\t\t\t<li>\n\t\t\t\t\t<h3 style=\"opacity:70;\">Old Tjikko<\/h3>\n\t\t\t\t\t\t\t\t\t\t\t<span data-alt=\"old-tjikko\">https:\/\/www.artsituacions.com\/wp-content\/uploads\/2023\/02\/old-tjikko.jpg<\/span>\n\t\t\t\t\t\t\t\t\t\t<p><\/p>\n\t\t\t\t\t\t\t\t\t\t\t\t\t\t\t\t\t\t<a><img class=\"skip-lazy\" src=\"https:\/\/www.artsituacions.com\/wp-content\/uploads\/2023\/02\/old-tjikko.jpg\" alt=\"old-tjikko\" \/><\/a>\n\t\t\t\t\t\t\t\t\t\t\t\t\t\t\t<\/li>\n\t\t\t\t\t\t\t\n\t\t\t\t<li>\n\t\t\t\t\t<h3 style=\"opacity:70;\">audiencia-papa<\/h3>\n\t\t\t\t\t\t\t\t\t\t\t<span data-alt=\"audiencia-papa\">https:\/\/www.artsituacions.com\/wp-content\/uploads\/2023\/02\/audiencia-papa.jpg<\/span>\n\t\t\t\t\t\t\t\t\t\t<p><\/p>\n\t\t\t\t\t\t\t\t\t\t\t\t\t\t\t\t\t\t<a><img class=\"skip-lazy\" src=\"https:\/\/www.artsituacions.com\/wp-content\/uploads\/2023\/02\/audiencia-papa.jpg\" alt=\"audiencia-papa\" \/><\/a>\n\t\t\t\t\t\t\t\t\t\t\t\t\t\t\t<\/li>\n\t\t\t\t\t\t\t\n\t\t\t\t<li>\n\t\t\t\t\t<h3 style=\"opacity:70;\">bruselas<\/h3>\n\t\t\t\t\t\t\t\t\t\t\t<span data-alt=\"bruselas\">https:\/\/www.artsituacions.com\/wp-content\/uploads\/2023\/02\/bruselas.jpg<\/span>\n\t\t\t\t\t\t\t\t\t\t<p><\/p>\n\t\t\t\t\t\t\t\t\t\t\t\t\t\t\t\t\t\t<a><img class=\"skip-lazy\" src=\"https:\/\/www.artsituacions.com\/wp-content\/uploads\/2023\/02\/bruselas.jpg\" alt=\"bruselas\" \/><\/a>\n\t\t\t\t\t\t\t\t\t\t\t\t\t\t\t<\/li>\n\t\t\t\t\t\t\t\n\t\t\t\t<li>\n\t\t\t\t\t<h3 style=\"opacity:70;\">laboratorio_Columbus<\/h3>\n\t\t\t\t\t\t\t\t\t\t\t<span data-alt=\"laboratoriocolumbus\">https:\/\/www.artsituacions.com\/wp-content\/uploads\/2023\/02\/laboratorio_columbus.jpg<\/span>\n\t\t\t\t\t\t\t\t\t\t<p><\/p>\n\t\t\t\t\t\t\t\t\t\t\t\t\t\t\t\t\t\t<a><img class=\"skip-lazy\" src=\"https:\/\/www.artsituacions.com\/wp-content\/uploads\/2023\/02\/laboratorio_columbus.jpg\" alt=\"laboratoriocolumbus\" \/><\/a>\n\t\t\t\t\t\t\t\t\t\t\t\t\t\t\t<\/li>\n\t\t\t\t\t\t\t\n\t\t\t\t<li>\n\t\t\t\t\t<h3 style=\"opacity:70;\">ObraNueva_Surtsey<\/h3>\n\t\t\t\t\t\t\t\t\t\t\t<span data-alt=\"obranuevasurtsey\">https:\/\/www.artsituacions.com\/wp-content\/uploads\/2023\/02\/obranueva_surtsey.jpg<\/span>\n\t\t\t\t\t\t\t\t\t\t<p><\/p>\n\t\t\t\t\t\t\t\t\t\t\t\t\t\t\t\t\t\t<a><img class=\"skip-lazy\" src=\"https:\/\/www.artsituacions.com\/wp-content\/uploads\/2023\/02\/obranueva_surtsey.jpg\" alt=\"obranuevasurtsey\" \/><\/a>\n\t\t\t\t\t\t\t\t\t\t\t\t\t\t\t<\/li>\n\t\t\t\t\t\t<\/ul>\n\t\n\t<div id=\"slideshow-wrappergallery58579\" class=\"slideshow-wrapper\">\n\t\t\t\n\t\t<div class=\"slideshow-fullsize\" id=\"fullsizegallery58579\">\n\t\t\t\t\t\t\t\t\t\t\t\t\t\t<div id=\"imgprevgallery58579\" class=\"slideshow-imgprev imgnav\" title=\"Previous Image\">Previous Image<\/div>\n\t\t\t\t\t\t<a id=\"imglinkgallery58579\" class=\"slideshow-imglink imglink\"><!-- link --><\/a>\n\t\t\t\t\t\t\t\t\t\t\t<div id=\"imgnextgallery58579\" class=\"slideshow-imgnext imgnav\" title=\"Next Image\">Next Image<\/div>\n\t\t\t\t\t\t<div id=\"imagegallery58579\" class=\"slideshow-image\"><\/div>\n\t\t\t<div class=\"slideshow-information infobottom\" id=\"informationgallery58579\">\n\t\t\t\t<h3 class=\"slideshow-info-heading\">info heading<\/h3>\n\t\t\t\t<p class=\"slideshow-info-content\">info content<\/p>\n\t\t\t<\/div>\n\t\t<\/div>\n\t\t\n\t\t\t\t\t<div id=\"thumbnailsgallery58579\" class=\"slideshow-thumbnails thumbsbot\">\n\t\t\t\t<div class=\"slideshow-slideleft\" id=\"slideleftgallery58579\" title=\"Slide Left\"><\/div>\n\t\t\t\t<div class=\"slideshow-slidearea\" id=\"slideareagallery58579\">\n\t\t\t\t\t<div class=\"slideshow-slider\" id=\"slidergallery58579\"><\/div>\n\t\t\t\t<\/div>\n\t\t\t\t<div class=\"slideshow-slideright\" id=\"sliderightgallery58579\" title=\"Slide Right\"><\/div>\n\t\t\t\t<br style=\"clear:both; visibility:hidden; height:1px;\" \/>\n\t\t\t<\/div>\n\t\t\t<\/div>\n\t\n\t\n\t<!-- Slideshow Gallery Javascript BEG -->\t\t<script type=\"text\/javascript\">\tjQuery.noConflict();\ttid('slideshowgallery58579').style.display = \"none\";\ttid('slideshow-wrappergallery58579').style.display = 'block';\ttid('slideshow-wrappergallery58579').style.visibility = 'hidden';\tvar spinnerDiv = document.createElement('div');\tspinnerDiv.setAttribute('id', 'spinnergallery58579');\tspinnerDiv.innerHTML = '<i class=\"fa fa-cog fa-spin\"><\/i>';\tjQuery(spinnerDiv).appendTo('#fullsizegallery58579');\ttid('spinnergallery58579').style.visibility = 'visible';\tvar slideshowgallery58579 = new TINY.slideshow(\"slideshowgallery58579\");\tjQuery(document).ready(function() {\t\tslideshowgallery58579.auto = true;\t\tslideshowgallery58579.speed = 10;\t\tslideshowgallery58579.effect = \"fade\";\t\tslideshowgallery58579.slide_direction = \"lr\";\t\tslideshowgallery58579.easing = \"swing\";\t\tslideshowgallery58579.alwaysauto = true;\t\tslideshowgallery58579.autoheight = true;\t\tslideshowgallery58579.autoheight_max = false;\t\tslideshowgallery58579.imgSpeed = 10;\t\tslideshowgallery58579.navOpacity = 25;\t\tslideshowgallery58579.navHover = 70;\t\tslideshowgallery58579.letterbox = \"#000000\";\t\tslideshowgallery58579.linkclass = \"linkhover\";\t\tslideshowgallery58579.imagesid = \"imagesgallery58579\";\t\tslideshowgallery58579.info = \"informationgallery58579\";\t\tslideshowgallery58579.infoonhover = 0;\t\tslideshowgallery58579.infoSpeed = 10;\t\tslideshowgallery58579.infodelay = 0;\t\tslideshowgallery58579.infofade = 0;\t\tslideshowgallery58579.infofadedelay = 0;\t\tslideshowgallery58579.thumbs = \"slidergallery58579\";\t\tslideshowgallery58579.thumbOpacity = 70;\t\tslideshowgallery58579.left = \"slideleftgallery58579\";\t\tslideshowgallery58579.right = \"sliderightgallery58579\";\t\tslideshowgallery58579.scrollSpeed = 5;\t\tslideshowgallery58579.spacing = 5;\t\tslideshowgallery58579.active = \"#ffffff\";\t\tslideshowgallery58579.imagesthickbox = \"false\";\t\tjQuery(\"#spinnergallery58579\").remove();\t\tslideshowgallery58579.init(\"slideshowgallery58579\",\"imagegallery58579\",\"imgprevgallery58579\",\"imgnextgallery58579\",\"imglinkgallery58579\");\t\ttid('slideshow-wrappergallery58579').style.visibility = 'visible';\t\tjQuery(window).trigger('resize');\t\t\t\t\t});\t\t\t<\/script>\t\t<!-- Slideshow Gallery Javascript END --><!-- Slideshow Gallery CSS BEG --><style id=\"style-gallery58579\">\t\tul.slideshowgallery58579 { list-style:none !important; color:#fff; }\n\t\tul.slideshowgallery58579 span { display:none; }\n\t\t#slideshow-wrappergallery58579 { overflow: hidden; position:relative; width:100%; background:#020202; padding:0 0 0 0; border:; margin:0; display:none; }\n\t\t#slideshow-wrappergallery58579 * { margin:0; padding:0; }\n\t\t#slideshow-wrappergallery58579 #fullsizegallery58579 { position:relative; z-index:1; overflow:hidden; width:100%; height:460px; clear:both; border: none; }\n\t\t#slideshow-wrappergallery58579 #informationgallery58579 { text-align:left; font-family:Verdana, Arial, Helvetica, sans-serif !important; position:absolute; width:100%; height:0; background:#000000; color:#ffffff; overflow:hidden; z-index:300; opacity:.7; filter:alpha(opacity=70); }\n\t\t#slideshow-wrappergallery58579 #informationgallery58579 h3 { color:#ffffff; padding:4px 8px 3px; margin:0 !important; font-size:16px; font-weight:bold; }\n\t\t#slideshow-wrappergallery58579 #informationgallery58579 a { color:#ffffff; }\n\t\t#slideshow-wrappergallery58579 #informationgallery58579 p { color:#ffffff; padding:0 8px 8px; margin:0 !important; font-size: 14px; font-weight:normal; }\n\t\t#slideshow-wrappergallery58579 .infotop { margin-bottom:8px !important; top:0!important; }\n\t\t#slideshow-wrappergallery58579 .infobottom { margin-top:8px !important; bottom:0!important; }\n\t\t\t\t\t#slideshow-wrappergallery58579 #imagegallery58579 { width:100%; }\n\t\t\t#slideshow-wrappergallery58579 #imagegallery58579 img { border:none; border-radius:0; box-shadow:none; position:absolute; left:0%; right:0%; max-height:100%; max-width:100%; margin:0 auto; display:block; }\n\t\t\t\t#slideshow-wrappergallery58579 .imgnav { position:absolute; width:25%; height:100%; cursor:pointer; z-index:250; }\n\t\t#slideshow-wrappergallery58579 #imgprevgallery58579:before { font-family:FontAwesome; content:\"\\f053\"; font-size:30px; color:white; visibility:visible; left:0; text-align:left; width: auto; height:auto; line-height:160%; top:50%; margin:-30px 0 0 0; border-radius:0 10px 10px 0; background:black; padding:3px 10px 0 10px; position: absolute; display: inline-block; \t}\n\t\t#slideshow-wrappergallery58579 #imgprevgallery58579 { display:none; -moz-user-select: none; -khtml-user-select: none; -webkit-user-select: none; -o-user-select: none; left:0; font-size:0px; }\n\t\t#slideshow-wrappergallery58579 #imgnextgallery58579:before { font-family:FontAwesome; content:\"\\f054\"; font-size:30px; color:white; visibility:visible; right:0; text-align:right; width: auto; height:auto; line-height:160%; top:50%; margin:-30px 0 0 0; border-radius:10px 0 0 10px; background:black; padding:3px 10px 0 10px; position: absolute; display: inline-block; }\n\t\t#slideshow-wrappergallery58579 #imgnextgallery58579 { display:none; -moz-user-select: none; -khtml-user-select: none; -webkit-user-select: none; -o-user-select: none; right:0; font-size:0px; }\n\t\t#slideshow-wrappergallery58579 #imglinkgallery58579 { position:absolute; zoom:1; background-color:#ffffff; height:100%; width:100%; left:0; z-index:149; opacity:0; filter:alpha(opacity=0); }\n\t\t#slideshow-wrappergallery58579 .linkhover:before { font-family:FontAwesome; content:\"\\f14c\"; font-size:30px; text-align:center; height:auto; line-height:160%; width:auto; top:50%; left:auto; right:auto; margin:-30px 0 0 0; padding:0px 12px; display: inline-block; position: relative; background:black; color:white; border-radius:10px; }\n\t\t#slideshow-wrappergallery58579 .linkhover { background:transparent !important; opacity:.4 !important; filter:alpha(opacity=40) !important; text-align:center; font-size:0px; }\n\t\t#slideshow-wrappergallery58579 #thumbnailsgallery58579 { background:#020202; height:89px; width:100%; position:relative; overflow:hidden; }\n\t\t#slideshow-wrappergallery58579 .thumbstop { margin-bottom:8px !important; }\n\t\t#slideshow-wrappergallery58579 .thumbsbot { margin-top:8px !important; }\n\t\t#slideshow-wrappergallery58579 #slideleftgallery58579:before { font-family:FontAwesome; content: \"\\f104\"; color:#999; position: absolute; height: auto; line-height:160%; width: auto; display: inline-block; top: 50%; font-size: 30px; margin: -30px 0 0 0; padding: 0 5px; }\n\t\t#slideshow-wrappergallery58579 #slideleftgallery58579 { text-align:left; float:left; position:absolute; left:0; z-index:150; width:20px; height:89px; background:#222; }\n\t\t#slideshow-wrappergallery58579 #slideleftgallery58579:hover { background-color:#333; }\n\t\t#slideshow-wrappergallery58579 #sliderightgallery58579:before { font-family:FontAwesome; content: \"\\f105\"; color:#999; position: absolute; height: auto; line-height:160%; width: auto; display: inline-block; top: 50%; font-size: 30px; margin: -30px 0 0 0; padding: 0 5px; }\n\t\t#slideshow-wrappergallery58579 #sliderightgallery58579 { text-align:left; float:right; position:absolute; right:0; z-index:150; width:20px; height:89px; background:#222; }\n\t\t#slideshow-wrappergallery58579 #sliderightgallery58579:hover { background-color:#333; }\n\t\t#slideshow-wrappergallery58579 #slideareagallery58579 { float:left; position:absolute; z-index:149; background:#020202; width:100%; margin:0; height:89px; overflow:hidden; }\n\t\t#slideshow-wrappergallery58579 #slidergallery58579 { position:absolute; width:615px !important; left:0; height:89px; padding:3px 20px 0 25px; }\n\t\t#slideshow-wrappergallery58579 #slidergallery58579 img { width:100px; height:75px; cursor:pointer; border:1px solid #666; padding:2px; float:left !important; }\n\t\t#slideshow-wrappergallery58579 #spinnergallery58579 { position:relative; top:50%; left:45%; text-align:left; font-size:30px; }\n\t\t#slideshow-wrappergallery58579 #spinnergallery58579 img { border:none; }\n\t\n\t\t\t\t@media (max-width:480px) { \t.slideshow-information { display: none !important; } }\n\t\t\t\t\t\t@media (max-width:480px) { \t.slideshow-thumbnails { display: none !important; } }\n\t\t\t<\/style><!-- Slideshow Gallery CSS END -->.<\/div>\n<\/div>\n","protected":false},"excerpt":{"rendered":"<p>Information Artwork CV Informaci\u00f3n Girona, 1980 Abandona sus estudios de ingenieri\u0301a te\u0301cnica en la Universitat de Girona (UdG) para dedicarse de pleno con la fotografi\u0301a. En 2003 se licencia en fotografi\u0301a en el CTIM (UPC). Durante todos estos an\u0303os no<span class=\"ellipsis\">&hellip;<\/span><\/p>\n<div class=\"read-more\"><a href=\"https:\/\/www.artsituacions.com\/en\/artistas\/aleix-plademunt\/\">Read more &#8250;<\/a><\/div>\n<p><!-- end of .read-more --><\/p>\n","protected":false},"author":1,"featured_media":0,"comment_status":"closed","ping_status":"closed","sticky":false,"template":"","format":"standard","meta":[],"categories":[5],"tags":[],"post_formats":[],"yoast_head":"<!-- This site is optimized with the Yoast SEO plugin v17.8 - https:\/\/yoast.com\/wordpress\/plugins\/seo\/ -->\n<meta name=\"robots\" content=\"index, follow, max-snippet:-1, max-image-preview:large, max-video-preview:-1\" \/>\n<link rel=\"canonical\" href=\"https:\/\/www.artsituacions.com\/ca\/artistas\/aleix-plademunt\/\" \/>\n<meta property=\"og:locale\" content=\"en_US\" \/>\n<meta property=\"og:type\" content=\"article\" \/>\n<meta property=\"og:title\" content=\"Aleix Plademunt\" \/>\n<meta property=\"og:description\" content=\"Information Artwork CV Informaci\u00f3n Girona, 1980 Abandona sus estudios de ingenieri\u0301a te\u0301cnica en la Universitat de Girona (UdG) para dedicarse de pleno con la fotografi\u0301a. En 2003 se licencia en fotografi\u0301a en el CTIM (UPC). Durante todos estos an\u0303os no&hellip;Read more &#8250;\" \/>\n<meta property=\"og:url\" content=\"https:\/\/www.artsituacions.com\/en\/artistas\/aleix-plademunt\/\" \/>\n<meta property=\"og:site_name\" content=\"Artsituacions\" \/>\n<meta property=\"article:published_time\" content=\"2022-11-16T18:47:58+00:00\" \/>\n<meta property=\"article:modified_time\" content=\"2023-02-22T18:44:50+00:00\" \/>\n<meta property=\"og:image\" content=\"http:\/\/www.artsituacions.com\/wp-content\/uploads\/2022\/11\/aleixplademunt.jpg\" \/>\n<meta name=\"twitter:card\" content=\"summary_large_image\" \/>\n<meta name=\"twitter:label1\" content=\"Written by\" \/>\n\t<meta name=\"twitter:data1\" content=\"maria\" \/>\n\t<meta name=\"twitter:label2\" content=\"Est. reading time\" \/>\n\t<meta name=\"twitter:data2\" content=\"10 minutes\" \/>\n<script type=\"application\/ld+json\" class=\"yoast-schema-graph\">{\"@context\":\"https:\/\/schema.org\",\"@graph\":[{\"@type\":\"WebSite\",\"@id\":\"https:\/\/www.artsituacions.com\/es\/#website\",\"url\":\"https:\/\/www.artsituacions.com\/es\/\",\"name\":\"Artsituacions\",\"description\":\"\",\"potentialAction\":[{\"@type\":\"SearchAction\",\"target\":{\"@type\":\"EntryPoint\",\"urlTemplate\":\"https:\/\/www.artsituacions.com\/es\/?s={search_term_string}\"},\"query-input\":\"required name=search_term_string\"}],\"inLanguage\":\"en-US\"},{\"@type\":\"ImageObject\",\"@id\":\"https:\/\/www.artsituacions.com\/ca\/artistas\/aleix-plademunt\/#primaryimage\",\"inLanguage\":\"en-US\",\"url\":\"http:\/\/www.artsituacions.com\/wp-content\/uploads\/2022\/11\/aleixplademunt.jpg\",\"contentUrl\":\"http:\/\/www.artsituacions.com\/wp-content\/uploads\/2022\/11\/aleixplademunt.jpg\"},{\"@type\":\"WebPage\",\"@id\":\"https:\/\/www.artsituacions.com\/ca\/artistas\/aleix-plademunt\/#webpage\",\"url\":\"https:\/\/www.artsituacions.com\/ca\/artistas\/aleix-plademunt\/\",\"name\":\"[:es]Aleix Plademunt[:en]Aleix Plademunt[:] - Artsituacions\",\"isPartOf\":{\"@id\":\"https:\/\/www.artsituacions.com\/es\/#website\"},\"primaryImageOfPage\":{\"@id\":\"https:\/\/www.artsituacions.com\/ca\/artistas\/aleix-plademunt\/#primaryimage\"},\"datePublished\":\"2022-11-16T18:47:58+00:00\",\"dateModified\":\"2023-02-22T18:44:50+00:00\",\"author\":{\"@id\":\"https:\/\/www.artsituacions.com\/es\/#\/schema\/person\/3d37438f4bd373cb842fb92a55dae3d0\"},\"breadcrumb\":{\"@id\":\"https:\/\/www.artsituacions.com\/ca\/artistas\/aleix-plademunt\/#breadcrumb\"},\"inLanguage\":\"en-US\",\"potentialAction\":[{\"@type\":\"ReadAction\",\"target\":[\"https:\/\/www.artsituacions.com\/ca\/artistas\/aleix-plademunt\/\"]}]},{\"@type\":\"BreadcrumbList\",\"@id\":\"https:\/\/www.artsituacions.com\/ca\/artistas\/aleix-plademunt\/#breadcrumb\",\"itemListElement\":[{\"@type\":\"ListItem\",\"position\":1,\"name\":\"Home\",\"item\":\"https:\/\/www.artsituacions.com\/es\/\"},{\"@type\":\"ListItem\",\"position\":2,\"name\":\"Artistas\",\"item\":\"https:\/\/www.artsituacions.com\/es\/category\/artistas\/\"},{\"@type\":\"ListItem\",\"position\":3,\"name\":\"Aleix Plademunt\"}]},{\"@type\":\"Person\",\"@id\":\"https:\/\/www.artsituacions.com\/es\/#\/schema\/person\/3d37438f4bd373cb842fb92a55dae3d0\",\"name\":\"maria\",\"image\":{\"@type\":\"ImageObject\",\"@id\":\"https:\/\/www.artsituacions.com\/es\/#personlogo\",\"inLanguage\":\"en-US\",\"url\":\"https:\/\/secure.gravatar.com\/avatar\/5e917d4d501b3a16916d469da41efaf8?s=96&d=mm&r=g\",\"contentUrl\":\"https:\/\/secure.gravatar.com\/avatar\/5e917d4d501b3a16916d469da41efaf8?s=96&d=mm&r=g\",\"caption\":\"maria\"},\"url\":\"https:\/\/www.artsituacions.com\/en\/author\/maria\/\"}]}<\/script>\n<!-- \/ Yoast SEO plugin. -->","yoast_head_json":{"robots":{"index":"index","follow":"follow","max-snippet":"max-snippet:-1","max-image-preview":"max-image-preview:large","max-video-preview":"max-video-preview:-1"},"canonical":"https:\/\/www.artsituacions.com\/ca\/artistas\/aleix-plademunt\/","og_locale":"en_US","og_type":"article","og_title":"[:es]Aleix Plademunt[:en]Aleix Plademunt[:] - Artsituacions","og_description":"Information Artwork CV Informaci\u00f3n Girona, 1980 Abandona sus estudios de ingenieri\u0301a te\u0301cnica en la Universitat de Girona (UdG) para dedicarse de pleno con la fotografi\u0301a. En 2003 se licencia en fotografi\u0301a en el CTIM (UPC). Durante todos estos an\u0303os no&hellip;Read more &#8250;","og_url":"https:\/\/www.artsituacions.com\/en\/artistas\/aleix-plademunt\/","og_site_name":"Artsituacions","article_published_time":"2022-11-16T18:47:58+00:00","article_modified_time":"2023-02-22T18:44:50+00:00","og_image":[{"url":"http:\/\/www.artsituacions.com\/wp-content\/uploads\/2022\/11\/aleixplademunt.jpg"}],"twitter_card":"summary_large_image","twitter_misc":{"Written by":"maria","Est. reading time":"10 minutes"},"schema":{"@context":"https:\/\/schema.org","@graph":[{"@type":"WebSite","@id":"https:\/\/www.artsituacions.com\/es\/#website","url":"https:\/\/www.artsituacions.com\/es\/","name":"Artsituacions","description":"","potentialAction":[{"@type":"SearchAction","target":{"@type":"EntryPoint","urlTemplate":"https:\/\/www.artsituacions.com\/es\/?s={search_term_string}"},"query-input":"required name=search_term_string"}],"inLanguage":"en-US"},{"@type":"ImageObject","@id":"https:\/\/www.artsituacions.com\/ca\/artistas\/aleix-plademunt\/#primaryimage","inLanguage":"en-US","url":"http:\/\/www.artsituacions.com\/wp-content\/uploads\/2022\/11\/aleixplademunt.jpg","contentUrl":"http:\/\/www.artsituacions.com\/wp-content\/uploads\/2022\/11\/aleixplademunt.jpg"},{"@type":"WebPage","@id":"https:\/\/www.artsituacions.com\/ca\/artistas\/aleix-plademunt\/#webpage","url":"https:\/\/www.artsituacions.com\/ca\/artistas\/aleix-plademunt\/","name":"[:es]Aleix Plademunt[:en]Aleix Plademunt[:] - Artsituacions","isPartOf":{"@id":"https:\/\/www.artsituacions.com\/es\/#website"},"primaryImageOfPage":{"@id":"https:\/\/www.artsituacions.com\/ca\/artistas\/aleix-plademunt\/#primaryimage"},"datePublished":"2022-11-16T18:47:58+00:00","dateModified":"2023-02-22T18:44:50+00:00","author":{"@id":"https:\/\/www.artsituacions.com\/es\/#\/schema\/person\/3d37438f4bd373cb842fb92a55dae3d0"},"breadcrumb":{"@id":"https:\/\/www.artsituacions.com\/ca\/artistas\/aleix-plademunt\/#breadcrumb"},"inLanguage":"en-US","potentialAction":[{"@type":"ReadAction","target":["https:\/\/www.artsituacions.com\/ca\/artistas\/aleix-plademunt\/"]}]},{"@type":"BreadcrumbList","@id":"https:\/\/www.artsituacions.com\/ca\/artistas\/aleix-plademunt\/#breadcrumb","itemListElement":[{"@type":"ListItem","position":1,"name":"Home","item":"https:\/\/www.artsituacions.com\/es\/"},{"@type":"ListItem","position":2,"name":"Artistas","item":"https:\/\/www.artsituacions.com\/es\/category\/artistas\/"},{"@type":"ListItem","position":3,"name":"Aleix Plademunt"}]},{"@type":"Person","@id":"https:\/\/www.artsituacions.com\/es\/#\/schema\/person\/3d37438f4bd373cb842fb92a55dae3d0","name":"maria","image":{"@type":"ImageObject","@id":"https:\/\/www.artsituacions.com\/es\/#personlogo","inLanguage":"en-US","url":"https:\/\/secure.gravatar.com\/avatar\/5e917d4d501b3a16916d469da41efaf8?s=96&d=mm&r=g","contentUrl":"https:\/\/secure.gravatar.com\/avatar\/5e917d4d501b3a16916d469da41efaf8?s=96&d=mm&r=g","caption":"maria"},"url":"https:\/\/www.artsituacions.com\/en\/author\/maria\/"}]}},"AFP_featured_media_urls":{"full":false,"thumbnail":false,"medium":false,"medium_large":false,"large":false},"AFP_attachments":[],"AFP_videos":[],"AFP_video_blocks":"","AFP_category_names":["Artists"],"_links":{"self":[{"href":"https:\/\/www.artsituacions.com\/en\/wp-json\/wp\/v2\/posts\/2078"}],"collection":[{"href":"https:\/\/www.artsituacions.com\/en\/wp-json\/wp\/v2\/posts"}],"about":[{"href":"https:\/\/www.artsituacions.com\/en\/wp-json\/wp\/v2\/types\/post"}],"author":[{"embeddable":true,"href":"https:\/\/www.artsituacions.com\/en\/wp-json\/wp\/v2\/users\/1"}],"replies":[{"embeddable":true,"href":"https:\/\/www.artsituacions.com\/en\/wp-json\/wp\/v2\/comments?post=2078"}],"version-history":[{"count":23,"href":"https:\/\/www.artsituacions.com\/en\/wp-json\/wp\/v2\/posts\/2078\/revisions"}],"predecessor-version":[{"id":2423,"href":"https:\/\/www.artsituacions.com\/en\/wp-json\/wp\/v2\/posts\/2078\/revisions\/2423"}],"wp:attachment":[{"href":"https:\/\/www.artsituacions.com\/en\/wp-json\/wp\/v2\/media?parent=2078"}],"wp:term":[{"taxonomy":"category","embeddable":true,"href":"https:\/\/www.artsituacions.com\/en\/wp-json\/wp\/v2\/categories?post=2078"},{"taxonomy":"post_tag","embeddable":true,"href":"https:\/\/www.artsituacions.com\/en\/wp-json\/wp\/v2\/tags?post=2078"},{"taxonomy":"post_format","embeddable":true,"href":"https:\/\/www.artsituacions.com\/en\/wp-json\/wp\/v2\/post_formats?post=2078"}],"curies":[{"name":"wp","href":"https:\/\/api.w.org\/{rel}","templated":true}]}}