{"id":2305,"date":"2023-02-08T09:27:00","date_gmt":"2023-02-08T09:27:00","guid":{"rendered":"https:\/\/www.artsituacions.com\/es\/?p=2305"},"modified":"2023-02-06T09:55:59","modified_gmt":"2023-02-06T09:55:59","slug":"art-situacions-reafirma-el-seu-suport-la-creacio-emergent-i-presentara-a-arcomadrid-la-tercera-exposicio-del-projecte-de-mecenatge","status":"publish","type":"post","link":"https:\/\/www.artsituacions.com\/en\/noticias\/art-situacions-reafirma-el-seu-suport-la-creacio-emergent-i-presentara-a-arcomadrid-la-tercera-exposicio-del-projecte-de-mecenatge\/","title":{"rendered":"ART Situacions reaffirms its support for emerging creation and will present the third exhibition of its patronage project at ARCOmadrid"},"content":{"rendered":"\n<div class=\"wp-block-columns is-layout-flex wp-container-3\">\n<div class=\"wp-block-column is-layout-flow\" style=\"flex-basis:25%\">\n<figure class=\"wp-block-image size-full\"><img decoding=\"async\" loading=\"lazy\" width=\"300\" height=\"289\" src=\"https:\/\/www.artsituacions.com\/wp-content\/uploads\/2020\/02\/logo_arco_madrid.jpeg\" alt=\"\" class=\"wp-image-1756\"\/><\/figure>\n<\/div>\n\n\n\n<div class=\"wp-block-column is-layout-flow\" style=\"flex-basis:75%\">\n<h2 class=\"wp-block-heading\"><strong><strong>ART Situacions reaffirms its support for emerging creation and will present the third exhibition of its patronage project at ARCOmadrid<\/strong><\/strong><\/h2>\n\n\n\n<p><strong><em>ART Situacions III<\/em> will be displayed in a 500-square-meter space in Hall 7 of the Recinto Ferial IFEMA\u00a0<\/strong><\/p>\n\n\n\n<p><strong>Five emerging Spanish and five French artists have been selected by Mar\u00eda de Corral, Lorena Mart\u00ednez de Corral, Chus Mart\u00ednez and Vicent Todol\u00ed<\/strong><\/p>\n\n\n\n<p><strong>At the end of the fair, the exhibition will begin its tour in Barcelona and in various venues in France<\/strong><\/p>\n\n\n\n<p><strong>Madrid, February 8, 2023.- <\/strong>ART Situacions, the patronage project that has been promoting the dissemination of the youngest sector of current art for more than a decade, will present its third exhibition, ART Situacions III, coinciding with ARCOmadrid 2023 from February 22 to 26.<\/p>\n\n\n\n<p>The exhibition, which will put the work of five Spanish and five French artists in dialogue, will be displayed in a 500-square-meter space attached to Hall 7 of the IFEMA MADRID Fairgrounds. The emerging creators participating in this edition are the Spanish <strong>Elena Aitzkoa, Nora Aurrekoetxea, Luc\u00eda Bay\u00f3n, Aleix Plademunt and Pablo Capit\u00e1n del R\u00edo<\/strong> and the French <strong>Salom\u00e9 Chatriot, Marie-Luce Nadal, Beno\u00eet Pi\u00e9ron, Elsa Br\u00e8s and Yoan Sorin<\/strong>. These artists have been selected by a committee made up of <strong>Mar\u00eda de Corral, Lorena Mart\u00ednez de Corral, Chus Mart\u00ednez and Vicent Todol\u00ed<\/strong>.<\/p>\n\n\n\n<p>The ART Situacions project has supported each of them to produce a total of 10 new works created for the occasion, which will be displayed together with a selection of representative pieces from the artists.<\/p>\n\n\n\n<p>The exhibition space has been scenographically designed by Olga Subir\u00f3s, an architect who has worked on setting up exhibitions in museums such as MACBA or the Museo Nacional Thyssen-Bornemisza. Because the occasion of the exhibition, ART Situacions has the support of the Turner publishing house for the publication of a book whose common thread is a text by Chus Mart\u00ednez. &#8220;The artists reviewed form an eclectic group, both formally and materially, that seeks to address the need for tenderness and care, as well as a new love for life,&#8221; says Mart\u00ednez.<\/p>\n\n\n\n<p>After ARCO ends, the exhibition will tour Barcelona and various venues in France over the next two years, with the mission of supporting culture and the participating artists, contributing to revitalize the current artistic fabric.<\/p>\n\n\n\n<figure class=\"wp-block-image size-full\"><img decoding=\"async\" loading=\"lazy\" width=\"975\" height=\"538\" src=\"https:\/\/www.artsituacions.com\/wp-content\/uploads\/2023\/02\/arco2023-artsituacions.jpg\" alt=\"\" class=\"wp-image-2306\"\/><figcaption>Render of the installation of ART Situacions III at ARCOmadrid<\/figcaption><\/figure>\n\n\n\n<p><\/p>\n\n\n\n<p><strong>A project of patronage and passion for art<\/strong><\/p>\n\n\n\n<p>Aware of the scarcity of opportunities faced by the youngest sector of current art, ART Situacions, which arises from the personal desire of the married couple of Catalan collectors Pilar Forcada and Marcel Pascual who contribute to revitalizing the artistic fabric, was created in 2011 to promote emerging art through financial support for creation. As a result, two editions have already been held. The first took place in 2012 with Portugal as the guest country and included the participation of Spanish artists Patricia Dauder, Pepe Cifuentes, Francesc Ruiz, Juan L\u00f3pez D\u00edez, Miki Leal, Jaime de la Jara, Santiago Giralda, Nuria Fuster and the Portuguese Mauro Cerqueira and Carla Filipe. The second was held in 2016 with the Italian artists Ludovica Carbotta, Gabriele de Santis, Anna Franceschini, Diego Marcon and Alek O. and the Spaniards Miren Doiz, Jos\u00e9 Guerrero, Rub\u00e9n Guerrero, Teresa Solar Abboud and Anna Talens.<\/p>\n\n\n\n<p>After the passing of Pilar Forcada in 2021, her husband Marcel Pascual, collector and general director of Honda-Greens, has assumed the direction of ART Situacions with the desire to continue the project in memory of his wife and their shared passion for art. \u201cFor almost half a century we have built together an eclectic and diverse collection, where together with recognized artists we incorporate works of emerging promises\u201d, says Marcel Pascual. &#8220;It has given us great joy to have contributed with our support so that a good handful of artists have been able to dedicate themselves exclusively to creation.&#8221;<\/p>\n\n\n\n<p>In addition, between 2017 and 2022 ART Situacions convened the annual ART Situacions ARCOmadrid award to reward the best emerging work of art at the fair. Its winners have been: Antonio Ballester Moreno (2017), Carlos Irijalba (2018), Patricia G\u00f3mez and Mar\u00eda Jes\u00fas Gonz\u00e1lez (2019), Asunci\u00f3n Molinos Gordo (2020) and Irma \u00c1lvarez-Laviada (2022).<\/p>\n<\/div>\n<\/div>\n","protected":false},"excerpt":{"rendered":"<p>ART Situacions reaffirms its support for emerging creation and will present the third exhibition of its patronage project at ARCOmadrid ART Situacions III will be displayed in a 500-square-meter space in Hall 7 of the Recinto Ferial IFEMA\u00a0 Five emerging<span class=\"ellipsis\">&hellip;<\/span><\/p>\n<div class=\"read-more\"><a href=\"https:\/\/www.artsituacions.com\/en\/noticias\/art-situacions-reafirma-el-seu-suport-la-creacio-emergent-i-presentara-a-arcomadrid-la-tercera-exposicio-del-projecte-de-mecenatge\/\">Read more &#8250;<\/a><\/div>\n<p><!-- end of .read-more --><\/p>\n","protected":false},"author":1,"featured_media":2306,"comment_status":"closed","ping_status":"closed","sticky":false,"template":"","format":"standard","meta":[],"categories":[12],"tags":[],"post_formats":[],"yoast_head":"<!-- This site is optimized with the Yoast SEO plugin v17.8 - https:\/\/yoast.com\/wordpress\/plugins\/seo\/ -->\n<meta name=\"robots\" content=\"index, follow, max-snippet:-1, max-image-preview:large, max-video-preview:-1\" \/>\n<link rel=\"canonical\" href=\"https:\/\/www.artsituacions.com\/es\/noticias\/art-situacions-reafirma-el-seu-suport-la-creacio-emergent-i-presentara-a-arcomadrid-la-tercera-exposicio-del-projecte-de-mecenatge\/\" \/>\n<meta property=\"og:locale\" content=\"en_US\" \/>\n<meta property=\"og:type\" content=\"article\" \/>\n<meta property=\"og:title\" content=\"ART Situacions reaffirms its support for emerging creation and will present the third exhibition of its patronage project at ARCOmadrid\" \/>\n<meta property=\"og:description\" content=\"ART Situacions reaffirms its support for emerging creation and will present the third exhibition of its patronage project at ARCOmadrid ART Situacions III will be displayed in a 500-square-meter space in Hall 7 of the Recinto Ferial IFEMA\u00a0 Five emerging&hellip;Read more &#8250;\" \/>\n<meta property=\"og:url\" content=\"https:\/\/www.artsituacions.com\/en\/noticias\/art-situacions-reafirma-el-seu-suport-la-creacio-emergent-i-presentara-a-arcomadrid-la-tercera-exposicio-del-projecte-de-mecenatge\/\" \/>\n<meta property=\"og:site_name\" content=\"Artsituacions\" \/>\n<meta property=\"article:published_time\" content=\"2023-02-08T09:27:00+00:00\" \/>\n<meta property=\"article:modified_time\" content=\"2023-02-06T09:55:59+00:00\" \/>\n<meta property=\"og:image\" content=\"https:\/\/www.artsituacions.com\/wp-content\/uploads\/2023\/02\/arco2023-artsituacions.jpg\" \/>\n\t<meta property=\"og:image:width\" content=\"975\" \/>\n\t<meta property=\"og:image:height\" content=\"538\" \/>\n<meta name=\"twitter:card\" content=\"summary_large_image\" \/>\n<meta name=\"twitter:label1\" content=\"Written by\" \/>\n\t<meta name=\"twitter:data1\" content=\"maria\" \/>\n\t<meta name=\"twitter:label2\" content=\"Est. reading time\" \/>\n\t<meta name=\"twitter:data2\" content=\"4 minutes\" \/>\n<script type=\"application\/ld+json\" class=\"yoast-schema-graph\">{\"@context\":\"https:\/\/schema.org\",\"@graph\":[{\"@type\":\"WebSite\",\"@id\":\"https:\/\/www.artsituacions.com\/es\/#website\",\"url\":\"https:\/\/www.artsituacions.com\/es\/\",\"name\":\"Artsituacions\",\"description\":\"\",\"potentialAction\":[{\"@type\":\"SearchAction\",\"target\":{\"@type\":\"EntryPoint\",\"urlTemplate\":\"https:\/\/www.artsituacions.com\/es\/?s={search_term_string}\"},\"query-input\":\"required name=search_term_string\"}],\"inLanguage\":\"en-US\"},{\"@type\":\"ImageObject\",\"@id\":\"https:\/\/www.artsituacions.com\/es\/noticias\/art-situacions-reafirma-el-seu-suport-la-creacio-emergent-i-presentara-a-arcomadrid-la-tercera-exposicio-del-projecte-de-mecenatge\/#primaryimage\",\"inLanguage\":\"en-US\",\"url\":\"https:\/\/www.artsituacions.com\/wp-content\/uploads\/2023\/02\/arco2023-artsituacions.jpg\",\"contentUrl\":\"https:\/\/www.artsituacions.com\/wp-content\/uploads\/2023\/02\/arco2023-artsituacions.jpg\",\"width\":975,\"height\":538},{\"@type\":\"WebPage\",\"@id\":\"https:\/\/www.artsituacions.com\/es\/noticias\/art-situacions-reafirma-el-seu-suport-la-creacio-emergent-i-presentara-a-arcomadrid-la-tercera-exposicio-del-projecte-de-mecenatge\/#webpage\",\"url\":\"https:\/\/www.artsituacions.com\/es\/noticias\/art-situacions-reafirma-el-seu-suport-la-creacio-emergent-i-presentara-a-arcomadrid-la-tercera-exposicio-del-projecte-de-mecenatge\/\",\"name\":\"[:es]ART Situacions reafirma su apoyo la creaci\\u00f3n emergente y presentar\\u00e1 en ARCOmadrid la tercera exposici\\u00f3n de su proyecto de mecenazgo[:ca]ART Situacions reafirma el seu suport la creaci\\u00f3 emergent i presentar\\u00e0 a ARCOmadrid la tercera exposici\\u00f3 del projecte de mecenatge[:en]ART Situacions reaffirms its support for emerging creation and will present the third exhibition of its patronage project at ARCOmadrid[:] - Artsituacions\",\"isPartOf\":{\"@id\":\"https:\/\/www.artsituacions.com\/es\/#website\"},\"primaryImageOfPage\":{\"@id\":\"https:\/\/www.artsituacions.com\/es\/noticias\/art-situacions-reafirma-el-seu-suport-la-creacio-emergent-i-presentara-a-arcomadrid-la-tercera-exposicio-del-projecte-de-mecenatge\/#primaryimage\"},\"datePublished\":\"2023-02-08T09:27:00+00:00\",\"dateModified\":\"2023-02-06T09:55:59+00:00\",\"author\":{\"@id\":\"https:\/\/www.artsituacions.com\/es\/#\/schema\/person\/3d37438f4bd373cb842fb92a55dae3d0\"},\"breadcrumb\":{\"@id\":\"https:\/\/www.artsituacions.com\/es\/noticias\/art-situacions-reafirma-el-seu-suport-la-creacio-emergent-i-presentara-a-arcomadrid-la-tercera-exposicio-del-projecte-de-mecenatge\/#breadcrumb\"},\"inLanguage\":\"en-US\",\"potentialAction\":[{\"@type\":\"ReadAction\",\"target\":[\"https:\/\/www.artsituacions.com\/es\/noticias\/art-situacions-reafirma-el-seu-suport-la-creacio-emergent-i-presentara-a-arcomadrid-la-tercera-exposicio-del-projecte-de-mecenatge\/\"]}]},{\"@type\":\"BreadcrumbList\",\"@id\":\"https:\/\/www.artsituacions.com\/es\/noticias\/art-situacions-reafirma-el-seu-suport-la-creacio-emergent-i-presentara-a-arcomadrid-la-tercera-exposicio-del-projecte-de-mecenatge\/#breadcrumb\",\"itemListElement\":[{\"@type\":\"ListItem\",\"position\":1,\"name\":\"Home\",\"item\":\"https:\/\/www.artsituacions.com\/es\/\"},{\"@type\":\"ListItem\",\"position\":2,\"name\":\"Noticias\",\"item\":\"https:\/\/www.artsituacions.com\/it\/category\/noticias\/\"},{\"@type\":\"ListItem\",\"position\":3,\"name\":\"ART Situacions reafirma su apoyo la creaci\\u00f3n emergente y presentar\\u00e1 en ARCOmadrid la tercera exposici\\u00f3n de su proyecto de mecenazgo\"}]},{\"@type\":\"Person\",\"@id\":\"https:\/\/www.artsituacions.com\/es\/#\/schema\/person\/3d37438f4bd373cb842fb92a55dae3d0\",\"name\":\"maria\",\"image\":{\"@type\":\"ImageObject\",\"@id\":\"https:\/\/www.artsituacions.com\/es\/#personlogo\",\"inLanguage\":\"en-US\",\"url\":\"https:\/\/secure.gravatar.com\/avatar\/5e917d4d501b3a16916d469da41efaf8?s=96&d=mm&r=g\",\"contentUrl\":\"https:\/\/secure.gravatar.com\/avatar\/5e917d4d501b3a16916d469da41efaf8?s=96&d=mm&r=g\",\"caption\":\"maria\"},\"url\":\"https:\/\/www.artsituacions.com\/en\/author\/maria\/\"}]}<\/script>\n<!-- \/ Yoast SEO plugin. -->","yoast_head_json":{"robots":{"index":"index","follow":"follow","max-snippet":"max-snippet:-1","max-image-preview":"max-image-preview:large","max-video-preview":"max-video-preview:-1"},"canonical":"https:\/\/www.artsituacions.com\/es\/noticias\/art-situacions-reafirma-el-seu-suport-la-creacio-emergent-i-presentara-a-arcomadrid-la-tercera-exposicio-del-projecte-de-mecenatge\/","og_locale":"en_US","og_type":"article","og_title":"[:es]ART Situacions reafirma su apoyo la creaci\u00f3n emergente y presentar\u00e1 en ARCOmadrid la tercera exposici\u00f3n de su proyecto de mecenazgo[:ca]ART Situacions reafirma el seu suport la creaci\u00f3 emergent i presentar\u00e0 a ARCOmadrid la tercera exposici\u00f3 del projecte de mecenatge[:en]ART Situacions reaffirms its support for emerging creation and will present the third exhibition of its patronage project at ARCOmadrid[:] - Artsituacions","og_description":"ART Situacions reaffirms its support for emerging creation and will present the third exhibition of its patronage project at ARCOmadrid ART Situacions III will be displayed in a 500-square-meter space in Hall 7 of the Recinto Ferial IFEMA\u00a0 Five emerging&hellip;Read more &#8250;","og_url":"https:\/\/www.artsituacions.com\/en\/noticias\/art-situacions-reafirma-el-seu-suport-la-creacio-emergent-i-presentara-a-arcomadrid-la-tercera-exposicio-del-projecte-de-mecenatge\/","og_site_name":"Artsituacions","article_published_time":"2023-02-08T09:27:00+00:00","article_modified_time":"2023-02-06T09:55:59+00:00","og_image":[{"width":975,"height":538,"url":"https:\/\/www.artsituacions.com\/wp-content\/uploads\/2023\/02\/arco2023-artsituacions.jpg","type":"image\/jpeg"}],"twitter_card":"summary_large_image","twitter_misc":{"Written by":"maria","Est. reading time":"4 minutes"},"schema":{"@context":"https:\/\/schema.org","@graph":[{"@type":"WebSite","@id":"https:\/\/www.artsituacions.com\/es\/#website","url":"https:\/\/www.artsituacions.com\/es\/","name":"Artsituacions","description":"","potentialAction":[{"@type":"SearchAction","target":{"@type":"EntryPoint","urlTemplate":"https:\/\/www.artsituacions.com\/es\/?s={search_term_string}"},"query-input":"required name=search_term_string"}],"inLanguage":"en-US"},{"@type":"ImageObject","@id":"https:\/\/www.artsituacions.com\/es\/noticias\/art-situacions-reafirma-el-seu-suport-la-creacio-emergent-i-presentara-a-arcomadrid-la-tercera-exposicio-del-projecte-de-mecenatge\/#primaryimage","inLanguage":"en-US","url":"https:\/\/www.artsituacions.com\/wp-content\/uploads\/2023\/02\/arco2023-artsituacions.jpg","contentUrl":"https:\/\/www.artsituacions.com\/wp-content\/uploads\/2023\/02\/arco2023-artsituacions.jpg","width":975,"height":538},{"@type":"WebPage","@id":"https:\/\/www.artsituacions.com\/es\/noticias\/art-situacions-reafirma-el-seu-suport-la-creacio-emergent-i-presentara-a-arcomadrid-la-tercera-exposicio-del-projecte-de-mecenatge\/#webpage","url":"https:\/\/www.artsituacions.com\/es\/noticias\/art-situacions-reafirma-el-seu-suport-la-creacio-emergent-i-presentara-a-arcomadrid-la-tercera-exposicio-del-projecte-de-mecenatge\/","name":"[:es]ART Situacions reafirma su apoyo la creaci\u00f3n emergente y presentar\u00e1 en ARCOmadrid la tercera exposici\u00f3n de su proyecto de mecenazgo[:ca]ART Situacions reafirma el seu suport la creaci\u00f3 emergent i presentar\u00e0 a ARCOmadrid la tercera exposici\u00f3 del projecte de mecenatge[:en]ART Situacions reaffirms its support for emerging creation and will present the third exhibition of its patronage project at ARCOmadrid[:] - Artsituacions","isPartOf":{"@id":"https:\/\/www.artsituacions.com\/es\/#website"},"primaryImageOfPage":{"@id":"https:\/\/www.artsituacions.com\/es\/noticias\/art-situacions-reafirma-el-seu-suport-la-creacio-emergent-i-presentara-a-arcomadrid-la-tercera-exposicio-del-projecte-de-mecenatge\/#primaryimage"},"datePublished":"2023-02-08T09:27:00+00:00","dateModified":"2023-02-06T09:55:59+00:00","author":{"@id":"https:\/\/www.artsituacions.com\/es\/#\/schema\/person\/3d37438f4bd373cb842fb92a55dae3d0"},"breadcrumb":{"@id":"https:\/\/www.artsituacions.com\/es\/noticias\/art-situacions-reafirma-el-seu-suport-la-creacio-emergent-i-presentara-a-arcomadrid-la-tercera-exposicio-del-projecte-de-mecenatge\/#breadcrumb"},"inLanguage":"en-US","potentialAction":[{"@type":"ReadAction","target":["https:\/\/www.artsituacions.com\/es\/noticias\/art-situacions-reafirma-el-seu-suport-la-creacio-emergent-i-presentara-a-arcomadrid-la-tercera-exposicio-del-projecte-de-mecenatge\/"]}]},{"@type":"BreadcrumbList","@id":"https:\/\/www.artsituacions.com\/es\/noticias\/art-situacions-reafirma-el-seu-suport-la-creacio-emergent-i-presentara-a-arcomadrid-la-tercera-exposicio-del-projecte-de-mecenatge\/#breadcrumb","itemListElement":[{"@type":"ListItem","position":1,"name":"Home","item":"https:\/\/www.artsituacions.com\/es\/"},{"@type":"ListItem","position":2,"name":"Noticias","item":"https:\/\/www.artsituacions.com\/it\/category\/noticias\/"},{"@type":"ListItem","position":3,"name":"ART Situacions reafirma su apoyo la creaci\u00f3n emergente y presentar\u00e1 en ARCOmadrid la tercera exposici\u00f3n de su proyecto de mecenazgo"}]},{"@type":"Person","@id":"https:\/\/www.artsituacions.com\/es\/#\/schema\/person\/3d37438f4bd373cb842fb92a55dae3d0","name":"maria","image":{"@type":"ImageObject","@id":"https:\/\/www.artsituacions.com\/es\/#personlogo","inLanguage":"en-US","url":"https:\/\/secure.gravatar.com\/avatar\/5e917d4d501b3a16916d469da41efaf8?s=96&d=mm&r=g","contentUrl":"https:\/\/secure.gravatar.com\/avatar\/5e917d4d501b3a16916d469da41efaf8?s=96&d=mm&r=g","caption":"maria"},"url":"https:\/\/www.artsituacions.com\/en\/author\/maria\/"}]}},"AFP_featured_media_urls":{"full":["https:\/\/www.artsituacions.com\/wp-content\/uploads\/2023\/02\/arco2023-artsituacions.jpg",975,538,false],"thumbnail":["https:\/\/www.artsituacions.com\/wp-content\/uploads\/2023\/02\/arco2023-artsituacions.jpg",100,55,false],"medium":["https:\/\/www.artsituacions.com\/wp-content\/uploads\/2023\/02\/arco2023-artsituacions.jpg",300,166,false],"medium_large":["https:\/\/www.artsituacions.com\/wp-content\/uploads\/2023\/02\/arco2023-artsituacions.jpg",605,334,false],"large":["https:\/\/www.artsituacions.com\/wp-content\/uploads\/2023\/02\/arco2023-artsituacions.jpg",605,334,false]},"AFP_attachments":{"full":["https:\/\/www.artsituacions.com\/wp-content\/uploads\/2023\/02\/arco2023-artsituacions.jpg",975,538,false],"thumbnail":["https:\/\/www.artsituacions.com\/wp-content\/uploads\/2023\/02\/arco2023-artsituacions.jpg",100,55,false],"medium":["https:\/\/www.artsituacions.com\/wp-content\/uploads\/2023\/02\/arco2023-artsituacions.jpg",300,166,false],"medium_large":["https:\/\/www.artsituacions.com\/wp-content\/uploads\/2023\/02\/arco2023-artsituacions.jpg",605,334,false],"large":["https:\/\/www.artsituacions.com\/wp-content\/uploads\/2023\/02\/arco2023-artsituacions.jpg",605,334,false]},"AFP_videos":[],"AFP_video_blocks":"","AFP_category_names":["News"],"_links":{"self":[{"href":"https:\/\/www.artsituacions.com\/en\/wp-json\/wp\/v2\/posts\/2305"}],"collection":[{"href":"https:\/\/www.artsituacions.com\/en\/wp-json\/wp\/v2\/posts"}],"about":[{"href":"https:\/\/www.artsituacions.com\/en\/wp-json\/wp\/v2\/types\/post"}],"author":[{"embeddable":true,"href":"https:\/\/www.artsituacions.com\/en\/wp-json\/wp\/v2\/users\/1"}],"replies":[{"embeddable":true,"href":"https:\/\/www.artsituacions.com\/en\/wp-json\/wp\/v2\/comments?post=2305"}],"version-history":[{"count":5,"href":"https:\/\/www.artsituacions.com\/en\/wp-json\/wp\/v2\/posts\/2305\/revisions"}],"predecessor-version":[{"id":2315,"href":"https:\/\/www.artsituacions.com\/en\/wp-json\/wp\/v2\/posts\/2305\/revisions\/2315"}],"wp:featuredmedia":[{"embeddable":true,"href":"https:\/\/www.artsituacions.com\/en\/wp-json\/wp\/v2\/media\/2306"}],"wp:attachment":[{"href":"https:\/\/www.artsituacions.com\/en\/wp-json\/wp\/v2\/media?parent=2305"}],"wp:term":[{"taxonomy":"category","embeddable":true,"href":"https:\/\/www.artsituacions.com\/en\/wp-json\/wp\/v2\/categories?post=2305"},{"taxonomy":"post_tag","embeddable":true,"href":"https:\/\/www.artsituacions.com\/en\/wp-json\/wp\/v2\/tags?post=2305"},{"taxonomy":"post_format","embeddable":true,"href":"https:\/\/www.artsituacions.com\/en\/wp-json\/wp\/v2\/post_formats?post=2305"}],"curies":[{"name":"wp","href":"https:\/\/api.w.org\/{rel}","templated":true}]}}