{"id":3217,"date":"2026-02-18T19:40:46","date_gmt":"2026-02-18T19:40:46","guid":{"rendered":"https:\/\/www.artsituacions.com\/es\/?p=3217"},"modified":"2026-02-18T19:59:11","modified_gmt":"2026-02-18T19:59:11","slug":"esart-situacions-colabora-con-el-museo-nacional-thyssen-bornemisza-en-la-nueva-exposicion-de-irma-alvarez-laviadacapremi-pilar-forcada-art-situacions-arcomadrid-2026enpilar-forcada","status":"publish","type":"post","link":"https:\/\/www.artsituacions.com\/en\/noticias\/esart-situacions-colabora-con-el-museo-nacional-thyssen-bornemisza-en-la-nueva-exposicion-de-irma-alvarez-laviadacapremi-pilar-forcada-art-situacions-arcomadrid-2026enpilar-forcada\/","title":{"rendered":"ART Situacions collaborates with the Museo Nacional\u00a0Thyssen-Bornemisza on Irma \u00c1lvarez-Laviada\u2019s new\u00a0exhibition"},"content":{"rendered":"\n<div class=\"wp-block-columns is-layout-flex wp-container-3\">\n<div class=\"wp-block-column is-layout-flow\" style=\"flex-basis:300px\">\n<figure class=\"wp-block-image size-full\"><img decoding=\"async\" loading=\"lazy\" width=\"250\" height=\"250\" src=\"https:\/\/www.artsituacions.com\/wp-content\/uploads\/2022\/01\/artsituacions.jpeg\" alt=\"\" class=\"wp-image-1795\"\/><\/figure>\n<\/div>\n\n\n\n<div class=\"wp-block-column is-layout-flow\" style=\"flex-basis:85%\">\n<h2 class=\"wp-block-heading\"><strong>ART Situacions collaborates with the Museo Nacional Thyssen-Bornemisza on Irma \u00c1lvarez-Laviada\u2019s new  exhibition  <\/strong><\/h2>\n\n\n\n<p><em>The artist, who received the Pilar Forcada ART Situacions Prize at ARCOmadrid  2022, leads the ninth edition of the museum\u2019s Kora program. <\/em><\/p>\n\n\n\n<p><em>ART Situacions reaffirms its commitment to emerging patronage by lending two  key works from its collection to the exhibition &#8221; Inside and outside the Frame&#8221;.  \n<\/em><\/p>\n\n\n\n<p><strong>Madrid\/La Garriga,  February 19, 2026<\/strong> ART Situacions is proud to announce its collaboration in the  upcoming temporary exhibition by Irma \u00c1lvarez-Laviada, titled Inside and Outside the Frame, which  will take place at the Museo Nacional Thyssen-Bornemisza from February 23 to May 3, 2026. For this  special occasion, ART Situacions will lend two works from its own collection, thus consolidating its  continued support for one of the most relevant voices in contemporary art today. \n <\/p>\n\n\n\n<p>The exhibition, curated by Roc\u00edo de la Villa as part of the Kora program (dedicated to projects with a  gender perspective), proposes a dialogue between industrial materials and the hierarchies of Western  art. In this context, the works lent by ART Situacions are essential to understanding the artist\u2019s  evolution toward a critical geometric abstraction that questions the limits of the frame and the  materiality of painting. \n<\/p>\n\n\n\n<p><strong>A successful connection: from ARCOmadrid to the Thyssen. <\/strong>\n<\/p>\n\n\n\n<p>The relationship between ART  Situacions and Irma \u00c1lvarez-Laviada was consolidated in 2022, when the artist was awarded the Pilar  Forcada ART Situacions Prize at the ARCOmadrid fair. This recognition, valued at \u20ac15,000, not only led  to the inclusion of the artist\u2019s works in the foundation\u2019s collection, but also reaffirmed ART Situacions\u2019  mission as a driver of visibility for emerging talent. \n<\/p>\n\n\n\n<p>\u201cSeeing one of our award-winning artists reach a world-renowned institution such as the Thyssen  Museum confirms that our patronage model works,\u201d says Marcel Pascual, director of ART Situacions.  \u201cThe Pilar Forcada Prize was created with the aim of identifying and supporting creators with a singular  vision, and Irma\u2019s trajectory is the best example of this.\u201d\n<\/p>\n\n\n\n<p>The exhibition will be on view in the museum\u2019s Postpop rooms (first floor) and will remain open until  May 3, 2026. \n <\/p>\n\n\n\n<p><strong>Key information: <\/strong><\/p>\n\n\n\n<p>\u2022 Exhibition: Irma \u00c1lvarez-Laviada. Inside and outside the Frame&nbsp;<br>\u2022 Dates: February 23 to May 3, 2026&nbsp;<br>\u2022 Venue: Museo Nacional Thyssen-Bornemisza, Madrid&nbsp;<br>\u2022 More information:www.artsituacions.com | www.museothyssen.org<\/p>\n\n\n\n<figure class=\"wp-block-image size-full\"><img decoding=\"async\" loading=\"lazy\" width=\"1200\" height=\"900\" src=\"https:\/\/www.artsituacions.com\/wp-content\/uploads\/2022\/03\/foto_prensa1_irmaalvarezlaviada.jpg\" alt=\"\" class=\"wp-image-1974\"\/><figcaption class=\"wp-element-caption\">Irma \u00c1lvarez-Laviada with the winning artwork of the Pilar Forcada ART Situacions Prize in 2022.<\/figcaption><\/figure>\n\n\n\n<p><strong> <\/strong> <\/p>\n\n\n\n<h3 class=\"wp-block-heading\">&nbsp;<\/h3>\n\n\n\n<p>&nbsp;<br><strong>A Project of Patronage and Passion for Art<\/strong><\/p>\n\n\n\n<p>Aware of the scarcity of opportunities facing the youngest sector of contemporary art, ART Situacions, which arose from the personal desire of the Catalan collector couple Pilar Forcada and Marcel Pascual to contribute to invigorating the artistic fabric, was born in 2011 to promote emerging art through economic support for creation. As a result, two editions have already been held. The first took place in 2012 with Portugal as the guest country and featured the participation of Spanish artists Patricia Dauder, Pepe Cifuentes, Francesc Ruiz, Juan L\u00f3pez D\u00edez, Miki Leal, Jaime de la Jara, Santiago Giralda, Nuria Fuster, and the Portuguese artists Mauro Cerqueira and Carla Filipe. The second was held in 2016 with the Italian artists Ludovica Carbotta, Gabriele de Santis, Anna Franceschini, Diego Marcon, and Alek O. and the Spanish artists Miren Doiz, Jos\u00e9 Guerrero, Rub\u00e9n Guerrero, Teresa Solar Abboud, and Anna Talens. Finally, the third initiative strengthened ties with France and brought together the work of five Spanish artists and five French artists: Elena Aitzkoa, Nora Aurrekoetxea, Luc\u00eda Bay\u00f3n, Aleix Plademunt, and Pablo Capit\u00e1n del R\u00edo, along with the French artists Salom\u00e9 Chatriot, Marie-Luce Nadal, Beno\u00eet Pi\u00e9ron, Elsa Br\u00e8s, and Yoan Sorin. They were selected by a committee formed by Mar\u00eda de Corral, Lorena Mart\u00ednez de Corral, Chus Mart\u00ednez, and Vicent Todol\u00ed.<\/p>\n\n\n\n<p>Following the passing of Pilar Forcada in 2021, her husband Marcel Pascual, collector and general manager of Honda-Greens, has taken over the direction of ART Situacions with the will to give continuity to the project in memory of his wife and their shared passion for art for over 50 years. \u201cFor almost half a century we have built together an eclectic and diverse collection, where alongside renowned artists we incorporate works by emerging promises,\u201d says Marcel Pascual. \u201cIt has given us great joy to have contributed with our support to ensuring that a good number of artists have been able to dedicate themselves exclusively to creation.\u201d<\/p>\n\n\n\n<p>In addition, between 2017 and 2022, ART Situacions convened the annual ART Situacions ARCOmadrid  prize to recognize the best work of emerging art at the fair. Its winners have been: Antonio Ballester  Moreno (2017), Carlos Irijalba (2018), Patricia G\u00f3mez and Mar\u00eda Jes\u00fas Gonz\u00e1lez (2019), Asunci\u00f3n  Molinos Gordo (2020), Irma \u00c1lvarez-Laviada (2022) and Lara Flux\u00e0 (2025).  <\/p>\n\n\n\n<p><\/p>\n\n\n\n<p><\/p>\n\n\n\n<p><\/p>\n\n\n\n<p><\/p>\n<\/div>\n<\/div>\n\n\n\n<p><\/p>\n","protected":false},"excerpt":{"rendered":"<p>ART Situacions collaborates with the Museo Nacional Thyssen-Bornemisza on Irma \u00c1lvarez-Laviada\u2019s new exhibition The artist, who received the Pilar Forcada ART Situacions Prize at ARCOmadrid 2022, leads the ninth edition of the museum\u2019s Kora program. ART Situacions reaffirms its commitment<span class=\"ellipsis\">&hellip;<\/span><\/p>\n<div class=\"read-more\"><a href=\"https:\/\/www.artsituacions.com\/en\/noticias\/esart-situacions-colabora-con-el-museo-nacional-thyssen-bornemisza-en-la-nueva-exposicion-de-irma-alvarez-laviadacapremi-pilar-forcada-art-situacions-arcomadrid-2026enpilar-forcada\/\">Read more &#8250;<\/a><\/div>\n<p><!-- end of .read-more --><\/p>\n","protected":false},"author":1,"featured_media":1974,"comment_status":"closed","ping_status":"closed","sticky":false,"template":"","format":"standard","meta":[],"categories":[12],"tags":[],"post_formats":[],"yoast_head":"<!-- This site is optimized with the Yoast SEO plugin v17.8 - https:\/\/yoast.com\/wordpress\/plugins\/seo\/ -->\n<meta name=\"robots\" content=\"index, follow, max-snippet:-1, max-image-preview:large, max-video-preview:-1\" \/>\n<link rel=\"canonical\" href=\"https:\/\/www.artsituacions.com\/es\/noticias\/esart-situacions-colabora-con-el-museo-nacional-thyssen-bornemisza-en-la-nueva-exposicion-de-irma-alvarez-laviadacapremi-pilar-forcada-art-situacions-arcomadrid-2026enpilar-forcada\/\" \/>\n<meta property=\"og:locale\" content=\"en_US\" \/>\n<meta property=\"og:type\" content=\"article\" \/>\n<meta property=\"og:title\" content=\"ART Situacions collaborates with the Museo Nacional\u00a0Thyssen-Bornemisza on Irma \u00c1lvarez-Laviada\u2019s new\u00a0exhibition\" \/>\n<meta property=\"og:description\" content=\"ART Situacions collaborates with the Museo Nacional Thyssen-Bornemisza on Irma \u00c1lvarez-Laviada\u2019s new exhibition The artist, who received the Pilar Forcada ART Situacions Prize at ARCOmadrid 2022, leads the ninth edition of the museum\u2019s Kora program. ART Situacions reaffirms its commitment&hellip;Read more &#8250;\" \/>\n<meta property=\"og:url\" content=\"https:\/\/www.artsituacions.com\/en\/noticias\/esart-situacions-colabora-con-el-museo-nacional-thyssen-bornemisza-en-la-nueva-exposicion-de-irma-alvarez-laviadacapremi-pilar-forcada-art-situacions-arcomadrid-2026enpilar-forcada\/\" \/>\n<meta property=\"og:site_name\" content=\"Artsituacions\" \/>\n<meta property=\"article:published_time\" content=\"2026-02-18T19:40:46+00:00\" \/>\n<meta property=\"article:modified_time\" content=\"2026-02-18T19:59:11+00:00\" \/>\n<meta property=\"og:image\" content=\"https:\/\/www.artsituacions.com\/wp-content\/uploads\/2022\/03\/foto_prensa1_irmaalvarezlaviada.jpg\" \/>\n\t<meta property=\"og:image:width\" content=\"1200\" \/>\n\t<meta property=\"og:image:height\" content=\"900\" \/>\n<meta name=\"twitter:card\" content=\"summary_large_image\" \/>\n<meta name=\"twitter:label1\" content=\"Written by\" \/>\n\t<meta name=\"twitter:data1\" content=\"maria\" \/>\n\t<meta name=\"twitter:label2\" content=\"Est. reading time\" \/>\n\t<meta name=\"twitter:data2\" content=\"3 minutes\" \/>\n<script type=\"application\/ld+json\" class=\"yoast-schema-graph\">{\"@context\":\"https:\/\/schema.org\",\"@graph\":[{\"@type\":\"WebSite\",\"@id\":\"https:\/\/www.artsituacions.com\/es\/#website\",\"url\":\"https:\/\/www.artsituacions.com\/es\/\",\"name\":\"Artsituacions\",\"description\":\"\",\"potentialAction\":[{\"@type\":\"SearchAction\",\"target\":{\"@type\":\"EntryPoint\",\"urlTemplate\":\"https:\/\/www.artsituacions.com\/es\/?s={search_term_string}\"},\"query-input\":\"required name=search_term_string\"}],\"inLanguage\":\"en-US\"},{\"@type\":\"ImageObject\",\"@id\":\"https:\/\/www.artsituacions.com\/es\/noticias\/esart-situacions-colabora-con-el-museo-nacional-thyssen-bornemisza-en-la-nueva-exposicion-de-irma-alvarez-laviadacapremi-pilar-forcada-art-situacions-arcomadrid-2026enpilar-forcada\/#primaryimage\",\"inLanguage\":\"en-US\",\"url\":\"https:\/\/www.artsituacions.com\/wp-content\/uploads\/2022\/03\/foto_prensa1_irmaalvarezlaviada.jpg\",\"contentUrl\":\"https:\/\/www.artsituacions.com\/wp-content\/uploads\/2022\/03\/foto_prensa1_irmaalvarezlaviada.jpg\",\"width\":1200,\"height\":900,\"caption\":\"[:es]Irma \\u00c1lvarez-Laviada con la obra ganadora del Premio Pilar Forcada ART Situacions en 2022[:]\"},{\"@type\":\"WebPage\",\"@id\":\"https:\/\/www.artsituacions.com\/es\/noticias\/esart-situacions-colabora-con-el-museo-nacional-thyssen-bornemisza-en-la-nueva-exposicion-de-irma-alvarez-laviadacapremi-pilar-forcada-art-situacions-arcomadrid-2026enpilar-forcada\/#webpage\",\"url\":\"https:\/\/www.artsituacions.com\/es\/noticias\/esart-situacions-colabora-con-el-museo-nacional-thyssen-bornemisza-en-la-nueva-exposicion-de-irma-alvarez-laviadacapremi-pilar-forcada-art-situacions-arcomadrid-2026enpilar-forcada\/\",\"name\":\"[:es]ART Situacions colabora con el Museo Nacional Thyssen Bornemisza en la nueva exposici\\u00f3n de Irma \\u00c1lvarez Laviada[:ca]ART Situacions col\\u00b7labora amb el Museu Nacional Thyssen Bornemisza en la nova exposici\\u00f3 d&#039;Irma \\u00c1lvarez-Laviada[:en]ART Situacions collaborates with the Museo Nacional\\u00a0Thyssen-Bornemisza on Irma \\u00c1lvarez-Laviada\\u2019s new\\u00a0exhibition[:] - Artsituacions\",\"isPartOf\":{\"@id\":\"https:\/\/www.artsituacions.com\/es\/#website\"},\"primaryImageOfPage\":{\"@id\":\"https:\/\/www.artsituacions.com\/es\/noticias\/esart-situacions-colabora-con-el-museo-nacional-thyssen-bornemisza-en-la-nueva-exposicion-de-irma-alvarez-laviadacapremi-pilar-forcada-art-situacions-arcomadrid-2026enpilar-forcada\/#primaryimage\"},\"datePublished\":\"2026-02-18T19:40:46+00:00\",\"dateModified\":\"2026-02-18T19:59:11+00:00\",\"author\":{\"@id\":\"https:\/\/www.artsituacions.com\/es\/#\/schema\/person\/3d37438f4bd373cb842fb92a55dae3d0\"},\"breadcrumb\":{\"@id\":\"https:\/\/www.artsituacions.com\/es\/noticias\/esart-situacions-colabora-con-el-museo-nacional-thyssen-bornemisza-en-la-nueva-exposicion-de-irma-alvarez-laviadacapremi-pilar-forcada-art-situacions-arcomadrid-2026enpilar-forcada\/#breadcrumb\"},\"inLanguage\":\"en-US\",\"potentialAction\":[{\"@type\":\"ReadAction\",\"target\":[\"https:\/\/www.artsituacions.com\/es\/noticias\/esart-situacions-colabora-con-el-museo-nacional-thyssen-bornemisza-en-la-nueva-exposicion-de-irma-alvarez-laviadacapremi-pilar-forcada-art-situacions-arcomadrid-2026enpilar-forcada\/\"]}]},{\"@type\":\"BreadcrumbList\",\"@id\":\"https:\/\/www.artsituacions.com\/es\/noticias\/esart-situacions-colabora-con-el-museo-nacional-thyssen-bornemisza-en-la-nueva-exposicion-de-irma-alvarez-laviadacapremi-pilar-forcada-art-situacions-arcomadrid-2026enpilar-forcada\/#breadcrumb\",\"itemListElement\":[{\"@type\":\"ListItem\",\"position\":1,\"name\":\"Home\",\"item\":\"https:\/\/www.artsituacions.com\/es\/\"},{\"@type\":\"ListItem\",\"position\":2,\"name\":\"Noticias\",\"item\":\"https:\/\/www.artsituacions.com\/it\/category\/noticias\/\"},{\"@type\":\"ListItem\",\"position\":3,\"name\":\"ART Situacions colabora con el Museo Nacional Thyssen Bornemisza en la nueva exposici\\u00f3n de Irma \\u00c1lvarez Laviada\"}]},{\"@type\":\"Person\",\"@id\":\"https:\/\/www.artsituacions.com\/es\/#\/schema\/person\/3d37438f4bd373cb842fb92a55dae3d0\",\"name\":\"maria\",\"image\":{\"@type\":\"ImageObject\",\"@id\":\"https:\/\/www.artsituacions.com\/es\/#personlogo\",\"inLanguage\":\"en-US\",\"url\":\"https:\/\/secure.gravatar.com\/avatar\/5e917d4d501b3a16916d469da41efaf8?s=96&d=mm&r=g\",\"contentUrl\":\"https:\/\/secure.gravatar.com\/avatar\/5e917d4d501b3a16916d469da41efaf8?s=96&d=mm&r=g\",\"caption\":\"maria\"},\"url\":\"https:\/\/www.artsituacions.com\/en\/author\/maria\/\"}]}<\/script>\n<!-- \/ Yoast SEO plugin. -->","yoast_head_json":{"robots":{"index":"index","follow":"follow","max-snippet":"max-snippet:-1","max-image-preview":"max-image-preview:large","max-video-preview":"max-video-preview:-1"},"canonical":"https:\/\/www.artsituacions.com\/es\/noticias\/esart-situacions-colabora-con-el-museo-nacional-thyssen-bornemisza-en-la-nueva-exposicion-de-irma-alvarez-laviadacapremi-pilar-forcada-art-situacions-arcomadrid-2026enpilar-forcada\/","og_locale":"en_US","og_type":"article","og_title":"[:es]ART Situacions colabora con el Museo Nacional Thyssen Bornemisza en la nueva exposici\u00f3n de Irma \u00c1lvarez Laviada[:ca]ART Situacions col\u00b7labora amb el Museu Nacional Thyssen Bornemisza en la nova exposici\u00f3 d&#039;Irma \u00c1lvarez-Laviada[:en]ART Situacions collaborates with the Museo Nacional\u00a0Thyssen-Bornemisza on Irma \u00c1lvarez-Laviada\u2019s new\u00a0exhibition[:] - Artsituacions","og_description":"ART Situacions collaborates with the Museo Nacional Thyssen-Bornemisza on Irma \u00c1lvarez-Laviada\u2019s new exhibition The artist, who received the Pilar Forcada ART Situacions Prize at ARCOmadrid 2022, leads the ninth edition of the museum\u2019s Kora program. ART Situacions reaffirms its commitment&hellip;Read more &#8250;","og_url":"https:\/\/www.artsituacions.com\/en\/noticias\/esart-situacions-colabora-con-el-museo-nacional-thyssen-bornemisza-en-la-nueva-exposicion-de-irma-alvarez-laviadacapremi-pilar-forcada-art-situacions-arcomadrid-2026enpilar-forcada\/","og_site_name":"Artsituacions","article_published_time":"2026-02-18T19:40:46+00:00","article_modified_time":"2026-02-18T19:59:11+00:00","og_image":[{"width":1200,"height":900,"url":"https:\/\/www.artsituacions.com\/wp-content\/uploads\/2022\/03\/foto_prensa1_irmaalvarezlaviada.jpg","type":"image\/jpeg"}],"twitter_card":"summary_large_image","twitter_misc":{"Written by":"maria","Est. reading time":"3 minutes"},"schema":{"@context":"https:\/\/schema.org","@graph":[{"@type":"WebSite","@id":"https:\/\/www.artsituacions.com\/es\/#website","url":"https:\/\/www.artsituacions.com\/es\/","name":"Artsituacions","description":"","potentialAction":[{"@type":"SearchAction","target":{"@type":"EntryPoint","urlTemplate":"https:\/\/www.artsituacions.com\/es\/?s={search_term_string}"},"query-input":"required name=search_term_string"}],"inLanguage":"en-US"},{"@type":"ImageObject","@id":"https:\/\/www.artsituacions.com\/es\/noticias\/esart-situacions-colabora-con-el-museo-nacional-thyssen-bornemisza-en-la-nueva-exposicion-de-irma-alvarez-laviadacapremi-pilar-forcada-art-situacions-arcomadrid-2026enpilar-forcada\/#primaryimage","inLanguage":"en-US","url":"https:\/\/www.artsituacions.com\/wp-content\/uploads\/2022\/03\/foto_prensa1_irmaalvarezlaviada.jpg","contentUrl":"https:\/\/www.artsituacions.com\/wp-content\/uploads\/2022\/03\/foto_prensa1_irmaalvarezlaviada.jpg","width":1200,"height":900,"caption":"[:es]Irma \u00c1lvarez-Laviada con la obra ganadora del Premio Pilar Forcada ART Situacions en 2022[:]"},{"@type":"WebPage","@id":"https:\/\/www.artsituacions.com\/es\/noticias\/esart-situacions-colabora-con-el-museo-nacional-thyssen-bornemisza-en-la-nueva-exposicion-de-irma-alvarez-laviadacapremi-pilar-forcada-art-situacions-arcomadrid-2026enpilar-forcada\/#webpage","url":"https:\/\/www.artsituacions.com\/es\/noticias\/esart-situacions-colabora-con-el-museo-nacional-thyssen-bornemisza-en-la-nueva-exposicion-de-irma-alvarez-laviadacapremi-pilar-forcada-art-situacions-arcomadrid-2026enpilar-forcada\/","name":"[:es]ART Situacions colabora con el Museo Nacional Thyssen Bornemisza en la nueva exposici\u00f3n de Irma \u00c1lvarez Laviada[:ca]ART Situacions col\u00b7labora amb el Museu Nacional Thyssen Bornemisza en la nova exposici\u00f3 d&#039;Irma \u00c1lvarez-Laviada[:en]ART Situacions collaborates with the Museo Nacional\u00a0Thyssen-Bornemisza on Irma \u00c1lvarez-Laviada\u2019s new\u00a0exhibition[:] - Artsituacions","isPartOf":{"@id":"https:\/\/www.artsituacions.com\/es\/#website"},"primaryImageOfPage":{"@id":"https:\/\/www.artsituacions.com\/es\/noticias\/esart-situacions-colabora-con-el-museo-nacional-thyssen-bornemisza-en-la-nueva-exposicion-de-irma-alvarez-laviadacapremi-pilar-forcada-art-situacions-arcomadrid-2026enpilar-forcada\/#primaryimage"},"datePublished":"2026-02-18T19:40:46+00:00","dateModified":"2026-02-18T19:59:11+00:00","author":{"@id":"https:\/\/www.artsituacions.com\/es\/#\/schema\/person\/3d37438f4bd373cb842fb92a55dae3d0"},"breadcrumb":{"@id":"https:\/\/www.artsituacions.com\/es\/noticias\/esart-situacions-colabora-con-el-museo-nacional-thyssen-bornemisza-en-la-nueva-exposicion-de-irma-alvarez-laviadacapremi-pilar-forcada-art-situacions-arcomadrid-2026enpilar-forcada\/#breadcrumb"},"inLanguage":"en-US","potentialAction":[{"@type":"ReadAction","target":["https:\/\/www.artsituacions.com\/es\/noticias\/esart-situacions-colabora-con-el-museo-nacional-thyssen-bornemisza-en-la-nueva-exposicion-de-irma-alvarez-laviadacapremi-pilar-forcada-art-situacions-arcomadrid-2026enpilar-forcada\/"]}]},{"@type":"BreadcrumbList","@id":"https:\/\/www.artsituacions.com\/es\/noticias\/esart-situacions-colabora-con-el-museo-nacional-thyssen-bornemisza-en-la-nueva-exposicion-de-irma-alvarez-laviadacapremi-pilar-forcada-art-situacions-arcomadrid-2026enpilar-forcada\/#breadcrumb","itemListElement":[{"@type":"ListItem","position":1,"name":"Home","item":"https:\/\/www.artsituacions.com\/es\/"},{"@type":"ListItem","position":2,"name":"Noticias","item":"https:\/\/www.artsituacions.com\/it\/category\/noticias\/"},{"@type":"ListItem","position":3,"name":"ART Situacions colabora con el Museo Nacional Thyssen Bornemisza en la nueva exposici\u00f3n de Irma \u00c1lvarez Laviada"}]},{"@type":"Person","@id":"https:\/\/www.artsituacions.com\/es\/#\/schema\/person\/3d37438f4bd373cb842fb92a55dae3d0","name":"maria","image":{"@type":"ImageObject","@id":"https:\/\/www.artsituacions.com\/es\/#personlogo","inLanguage":"en-US","url":"https:\/\/secure.gravatar.com\/avatar\/5e917d4d501b3a16916d469da41efaf8?s=96&d=mm&r=g","contentUrl":"https:\/\/secure.gravatar.com\/avatar\/5e917d4d501b3a16916d469da41efaf8?s=96&d=mm&r=g","caption":"maria"},"url":"https:\/\/www.artsituacions.com\/en\/author\/maria\/"}]}},"AFP_featured_media_urls":{"full":["https:\/\/www.artsituacions.com\/wp-content\/uploads\/2022\/03\/foto_prensa1_irmaalvarezlaviada.jpg",1200,900,false],"thumbnail":["https:\/\/www.artsituacions.com\/wp-content\/uploads\/2022\/03\/foto_prensa1_irmaalvarezlaviada.jpg",100,75,false],"medium":["https:\/\/www.artsituacions.com\/wp-content\/uploads\/2022\/03\/foto_prensa1_irmaalvarezlaviada.jpg",300,225,false],"medium_large":["https:\/\/www.artsituacions.com\/wp-content\/uploads\/2022\/03\/foto_prensa1_irmaalvarezlaviada.jpg",605,454,false],"large":["https:\/\/www.artsituacions.com\/wp-content\/uploads\/2022\/03\/foto_prensa1_irmaalvarezlaviada.jpg",605,454,false]},"AFP_attachments":[],"AFP_videos":[],"AFP_video_blocks":"","AFP_category_names":["News"],"_links":{"self":[{"href":"https:\/\/www.artsituacions.com\/en\/wp-json\/wp\/v2\/posts\/3217"}],"collection":[{"href":"https:\/\/www.artsituacions.com\/en\/wp-json\/wp\/v2\/posts"}],"about":[{"href":"https:\/\/www.artsituacions.com\/en\/wp-json\/wp\/v2\/types\/post"}],"author":[{"embeddable":true,"href":"https:\/\/www.artsituacions.com\/en\/wp-json\/wp\/v2\/users\/1"}],"replies":[{"embeddable":true,"href":"https:\/\/www.artsituacions.com\/en\/wp-json\/wp\/v2\/comments?post=3217"}],"version-history":[{"count":10,"href":"https:\/\/www.artsituacions.com\/en\/wp-json\/wp\/v2\/posts\/3217\/revisions"}],"predecessor-version":[{"id":3232,"href":"https:\/\/www.artsituacions.com\/en\/wp-json\/wp\/v2\/posts\/3217\/revisions\/3232"}],"wp:featuredmedia":[{"embeddable":true,"href":"https:\/\/www.artsituacions.com\/en\/wp-json\/wp\/v2\/media\/1974"}],"wp:attachment":[{"href":"https:\/\/www.artsituacions.com\/en\/wp-json\/wp\/v2\/media?parent=3217"}],"wp:term":[{"taxonomy":"category","embeddable":true,"href":"https:\/\/www.artsituacions.com\/en\/wp-json\/wp\/v2\/categories?post=3217"},{"taxonomy":"post_tag","embeddable":true,"href":"https:\/\/www.artsituacions.com\/en\/wp-json\/wp\/v2\/tags?post=3217"},{"taxonomy":"post_format","embeddable":true,"href":"https:\/\/www.artsituacions.com\/en\/wp-json\/wp\/v2\/post_formats?post=3217"}],"curies":[{"name":"wp","href":"https:\/\/api.w.org\/{rel}","templated":true}]}}