{"id":2017,"date":"2022-04-26T18:13:00","date_gmt":"2022-04-26T18:13:00","guid":{"rendered":"https:\/\/www.artsituacions.com\/es\/?p=2017"},"modified":"2022-08-07T19:00:21","modified_gmt":"2022-08-07T19:00:21","slug":"esse-publica-la-lista-de-artistas-de-art-situacions-iii","status":"publish","type":"post","link":"https:\/\/www.artsituacions.com\/es\/noticias\/esse-publica-la-lista-de-artistas-de-art-situacions-iii\/","title":{"rendered":"Se publica la lista de artistas de ART Situacions III"},"content":{"rendered":"\n<div class=\"wp-block-columns is-layout-flex wp-container-3\">\n<div class=\"wp-block-column is-layout-flow\" style=\"flex-basis:25%\">\n<figure class=\"wp-block-image size-full\"><img decoding=\"async\" loading=\"lazy\" width=\"949\" height=\"954\" src=\"https:\/\/www.artsituacions.com\/wp-content\/uploads\/2022\/02\/arco_2022_ok_02.jpg\" alt=\"\" class=\"wp-image-1949\"\/><\/figure>\n<\/div>\n\n\n\n<div class=\"wp-block-column is-layout-flow\" style=\"flex-basis:75%\">\n<h2 class=\"wp-block-heading\"><strong>Se publica la lista de artistas de ART Situacions III<\/strong><\/h2>\n\n\n\n<p>La organizaci\u00f3n de ART Situacions da a conocer la lista de los diez artistas escogidos para formar parte de su tercera edici\u00f3n<\/p>\n\n\n\n<ul><li>El comit\u00e9 de expertos formado por Vicent Todol\u00ed, Mar\u00eda de Corral, Lorena Mart\u00ednez de Corral y Chus Mart\u00ednez han realizado la selecci\u00f3n.&nbsp;<\/li><li>Los artistas escogidos representan la escena m\u00e1s emergente del arte en Espa\u00f1a y Francia.&nbsp;<\/li><li>La lista est\u00e1 formada por cinco artistas de cada pa\u00eds.<\/li><\/ul>\n\n\n\n<p>Barcelona, 26 de abril de 2022.-&nbsp;<strong>ART Situacions acaba de anunciar la lista de artistas que formar\u00e1n parte de su tercera edici\u00f3n<\/strong>. Los j\u00f3venes creadores, que representan a la escena m\u00e1s emergente del arte actual en Espa\u00f1a y Francia, han sido propuestos de forma consensuada por Vicent Todol\u00ed, Mar\u00eda de Corral, Lorena Mart\u00ednez de Corral y Chus Mart\u00ednez, especialistas de reconocido prestigio nacional e internacional.&nbsp;<\/p>\n\n\n\n<p>La relaci\u00f3n est\u00e1 compuesta por cinco artistas de cada pa\u00eds, conformando una incisiva panor\u00e1mica de las&nbsp;<strong>generaciones m\u00e1s j\u00f3venes en Espa\u00f1a y Francia<\/strong>.<\/p>\n\n\n\n<ul><li>Elena Aitzkoa.<\/li><li>Nora Aurrekoetxea.<\/li><li>Luc\u00eda Bay\u00f3n.<\/li><li>Elsa Br\u00e8s.<\/li><li>Pablo Capit\u00e1n del R\u00edo.<\/li><li>Salome Chatriot.<\/li><li>Marie-Luce Nadal.<\/li><li>Benoit Pi\u00e9ron.<\/li><li>Aleix Plademunt.<\/li><li>Yoan Sorin.<\/li><\/ul>\n\n\n\n<p>La&nbsp;<strong>exposici\u00f3n inaugural est\u00e1 prevista para enero de 2023 en Madrid<\/strong>, en un importante espacio cultural que ser\u00e1 revelado en los pr\u00f3ximos meses. El objetivo de ART Situacions es realizar varias muestras en Espa\u00f1a y Francia durante los dos pr\u00f3ximos a\u00f1os..<\/p>\n\n\n\n<p>Consciente de la escasez de oportunidades que afronta el sector m\u00e1s joven del arte actual, la iniciativa privada de mecenazgo ART Situacions tiene como misi\u00f3n&nbsp;<strong>apoyar la cultura y a los artistas participantes<\/strong>, contribuyendo a dinamizar el tejido art\u00edstico actual.<\/p>\n<\/div>\n<\/div>\n","protected":false},"excerpt":{"rendered":"<p>Se publica la lista de artistas de ART Situacions III La organizaci\u00f3n de ART Situacions da a conocer la lista de los diez artistas escogidos para formar parte de su tercera edici\u00f3n El comit\u00e9 de expertos formado por Vicent Todol\u00ed,<span class=\"ellipsis\">&hellip;<\/span><\/p>\n<div class=\"read-more\"><a href=\"https:\/\/www.artsituacions.com\/es\/noticias\/esse-publica-la-lista-de-artistas-de-art-situacions-iii\/\">Leer m\u00e1s \u203a<\/a><\/div>\n<p><!-- end of .read-more --><\/p>\n","protected":false},"author":1,"featured_media":1949,"comment_status":"closed","ping_status":"closed","sticky":true,"template":"","format":"standard","meta":[],"categories":[12],"tags":[],"post_formats":[],"yoast_head":"<!-- This site is optimized with the Yoast SEO plugin v17.8 - https:\/\/yoast.com\/wordpress\/plugins\/seo\/ -->\n<meta name=\"robots\" content=\"index, follow, max-snippet:-1, max-image-preview:large, max-video-preview:-1\" \/>\n<link rel=\"canonical\" href=\"https:\/\/www.artsituacions.com\/ca\/noticias\/esse-publica-la-lista-de-artistas-de-art-situacions-iii\/\" \/>\n<meta property=\"og:locale\" content=\"es_ES\" \/>\n<meta property=\"og:type\" content=\"article\" \/>\n<meta property=\"og:title\" content=\"Se publica la lista de artistas de ART Situacions III\" \/>\n<meta property=\"og:description\" content=\"Se publica la lista de artistas de ART Situacions III La organizaci\u00f3n de ART Situacions da a conocer la lista de los diez artistas escogidos para formar parte de su tercera edici\u00f3n El comit\u00e9 de expertos formado por Vicent Todol\u00ed,&hellip;Leer m\u00e1s \u203a\" \/>\n<meta property=\"og:url\" content=\"https:\/\/www.artsituacions.com\/es\/noticias\/esse-publica-la-lista-de-artistas-de-art-situacions-iii\/\" \/>\n<meta property=\"og:site_name\" content=\"Artsituacions\" \/>\n<meta property=\"article:published_time\" content=\"2022-04-26T18:13:00+00:00\" \/>\n<meta property=\"article:modified_time\" content=\"2022-08-07T19:00:21+00:00\" \/>\n<meta property=\"og:image\" content=\"https:\/\/www.artsituacions.com\/wp-content\/uploads\/2022\/02\/arco_2022_ok_02.jpg\" \/>\n\t<meta property=\"og:image:width\" content=\"949\" \/>\n\t<meta property=\"og:image:height\" content=\"954\" \/>\n<meta name=\"twitter:card\" content=\"summary_large_image\" \/>\n<meta name=\"twitter:label1\" content=\"Escrito por\" \/>\n\t<meta name=\"twitter:data1\" content=\"maria\" \/>\n\t<meta name=\"twitter:label2\" content=\"Tiempo de lectura\" \/>\n\t<meta name=\"twitter:data2\" content=\"2 minutos\" \/>\n<script type=\"application\/ld+json\" class=\"yoast-schema-graph\">{\"@context\":\"https:\/\/schema.org\",\"@graph\":[{\"@type\":\"WebSite\",\"@id\":\"https:\/\/www.artsituacions.com\/es\/#website\",\"url\":\"https:\/\/www.artsituacions.com\/es\/\",\"name\":\"Artsituacions\",\"description\":\"\",\"potentialAction\":[{\"@type\":\"SearchAction\",\"target\":{\"@type\":\"EntryPoint\",\"urlTemplate\":\"https:\/\/www.artsituacions.com\/es\/?s={search_term_string}\"},\"query-input\":\"required name=search_term_string\"}],\"inLanguage\":\"es-ES\"},{\"@type\":\"ImageObject\",\"@id\":\"https:\/\/www.artsituacions.com\/ca\/noticias\/esse-publica-la-lista-de-artistas-de-art-situacions-iii\/#primaryimage\",\"inLanguage\":\"es-ES\",\"url\":\"https:\/\/www.artsituacions.com\/wp-content\/uploads\/2022\/02\/arco_2022_ok_02.jpg\",\"contentUrl\":\"https:\/\/www.artsituacions.com\/wp-content\/uploads\/2022\/02\/arco_2022_ok_02.jpg\",\"width\":949,\"height\":954},{\"@type\":\"WebPage\",\"@id\":\"https:\/\/www.artsituacions.com\/ca\/noticias\/esse-publica-la-lista-de-artistas-de-art-situacions-iii\/#webpage\",\"url\":\"https:\/\/www.artsituacions.com\/ca\/noticias\/esse-publica-la-lista-de-artistas-de-art-situacions-iii\/\",\"name\":\"[:es]Se publica la lista de artistas de ART Situacions III[:ca]Es publica la llista d&#039;artistes ART Situacions III[:en]ART Situacions III Artist List gets Published[:] - Artsituacions\",\"isPartOf\":{\"@id\":\"https:\/\/www.artsituacions.com\/es\/#website\"},\"primaryImageOfPage\":{\"@id\":\"https:\/\/www.artsituacions.com\/ca\/noticias\/esse-publica-la-lista-de-artistas-de-art-situacions-iii\/#primaryimage\"},\"datePublished\":\"2022-04-26T18:13:00+00:00\",\"dateModified\":\"2022-08-07T19:00:21+00:00\",\"author\":{\"@id\":\"https:\/\/www.artsituacions.com\/es\/#\/schema\/person\/3d37438f4bd373cb842fb92a55dae3d0\"},\"breadcrumb\":{\"@id\":\"https:\/\/www.artsituacions.com\/ca\/noticias\/esse-publica-la-lista-de-artistas-de-art-situacions-iii\/#breadcrumb\"},\"inLanguage\":\"es-ES\",\"potentialAction\":[{\"@type\":\"ReadAction\",\"target\":[\"https:\/\/www.artsituacions.com\/ca\/noticias\/esse-publica-la-lista-de-artistas-de-art-situacions-iii\/\"]}]},{\"@type\":\"BreadcrumbList\",\"@id\":\"https:\/\/www.artsituacions.com\/ca\/noticias\/esse-publica-la-lista-de-artistas-de-art-situacions-iii\/#breadcrumb\",\"itemListElement\":[{\"@type\":\"ListItem\",\"position\":1,\"name\":\"Home\",\"item\":\"https:\/\/www.artsituacions.com\/es\/\"},{\"@type\":\"ListItem\",\"position\":2,\"name\":\"Noticias\",\"item\":\"https:\/\/www.artsituacions.com\/it\/category\/noticias\/\"},{\"@type\":\"ListItem\",\"position\":3,\"name\":\"Es publica la llista d&#039;artistes ART Situacions III\"}]},{\"@type\":\"Person\",\"@id\":\"https:\/\/www.artsituacions.com\/es\/#\/schema\/person\/3d37438f4bd373cb842fb92a55dae3d0\",\"name\":\"maria\",\"image\":{\"@type\":\"ImageObject\",\"@id\":\"https:\/\/www.artsituacions.com\/es\/#personlogo\",\"inLanguage\":\"es-ES\",\"url\":\"https:\/\/secure.gravatar.com\/avatar\/5e917d4d501b3a16916d469da41efaf8?s=96&d=mm&r=g\",\"contentUrl\":\"https:\/\/secure.gravatar.com\/avatar\/5e917d4d501b3a16916d469da41efaf8?s=96&d=mm&r=g\",\"caption\":\"maria\"},\"url\":\"https:\/\/www.artsituacions.com\/es\/author\/maria\/\"}]}<\/script>\n<!-- \/ Yoast SEO plugin. -->","yoast_head_json":{"robots":{"index":"index","follow":"follow","max-snippet":"max-snippet:-1","max-image-preview":"max-image-preview:large","max-video-preview":"max-video-preview:-1"},"canonical":"https:\/\/www.artsituacions.com\/ca\/noticias\/esse-publica-la-lista-de-artistas-de-art-situacions-iii\/","og_locale":"es_ES","og_type":"article","og_title":"[:es]Se publica la lista de artistas de ART Situacions III[:ca]Es publica la llista d&#039;artistes ART Situacions III[:en]ART Situacions III Artist List gets Published[:] - Artsituacions","og_description":"Se publica la lista de artistas de ART Situacions III La organizaci\u00f3n de ART Situacions da a conocer la lista de los diez artistas escogidos para formar parte de su tercera edici\u00f3n El comit\u00e9 de expertos formado por Vicent Todol\u00ed,&hellip;Leer m\u00e1s \u203a","og_url":"https:\/\/www.artsituacions.com\/es\/noticias\/esse-publica-la-lista-de-artistas-de-art-situacions-iii\/","og_site_name":"Artsituacions","article_published_time":"2022-04-26T18:13:00+00:00","article_modified_time":"2022-08-07T19:00:21+00:00","og_image":[{"width":949,"height":954,"url":"https:\/\/www.artsituacions.com\/wp-content\/uploads\/2022\/02\/arco_2022_ok_02.jpg","type":"image\/jpeg"}],"twitter_card":"summary_large_image","twitter_misc":{"Escrito por":"maria","Tiempo de lectura":"2 minutos"},"schema":{"@context":"https:\/\/schema.org","@graph":[{"@type":"WebSite","@id":"https:\/\/www.artsituacions.com\/es\/#website","url":"https:\/\/www.artsituacions.com\/es\/","name":"Artsituacions","description":"","potentialAction":[{"@type":"SearchAction","target":{"@type":"EntryPoint","urlTemplate":"https:\/\/www.artsituacions.com\/es\/?s={search_term_string}"},"query-input":"required name=search_term_string"}],"inLanguage":"es-ES"},{"@type":"ImageObject","@id":"https:\/\/www.artsituacions.com\/ca\/noticias\/esse-publica-la-lista-de-artistas-de-art-situacions-iii\/#primaryimage","inLanguage":"es-ES","url":"https:\/\/www.artsituacions.com\/wp-content\/uploads\/2022\/02\/arco_2022_ok_02.jpg","contentUrl":"https:\/\/www.artsituacions.com\/wp-content\/uploads\/2022\/02\/arco_2022_ok_02.jpg","width":949,"height":954},{"@type":"WebPage","@id":"https:\/\/www.artsituacions.com\/ca\/noticias\/esse-publica-la-lista-de-artistas-de-art-situacions-iii\/#webpage","url":"https:\/\/www.artsituacions.com\/ca\/noticias\/esse-publica-la-lista-de-artistas-de-art-situacions-iii\/","name":"[:es]Se publica la lista de artistas de ART Situacions III[:ca]Es publica la llista d&#039;artistes ART Situacions III[:en]ART Situacions III Artist List gets Published[:] - Artsituacions","isPartOf":{"@id":"https:\/\/www.artsituacions.com\/es\/#website"},"primaryImageOfPage":{"@id":"https:\/\/www.artsituacions.com\/ca\/noticias\/esse-publica-la-lista-de-artistas-de-art-situacions-iii\/#primaryimage"},"datePublished":"2022-04-26T18:13:00+00:00","dateModified":"2022-08-07T19:00:21+00:00","author":{"@id":"https:\/\/www.artsituacions.com\/es\/#\/schema\/person\/3d37438f4bd373cb842fb92a55dae3d0"},"breadcrumb":{"@id":"https:\/\/www.artsituacions.com\/ca\/noticias\/esse-publica-la-lista-de-artistas-de-art-situacions-iii\/#breadcrumb"},"inLanguage":"es-ES","potentialAction":[{"@type":"ReadAction","target":["https:\/\/www.artsituacions.com\/ca\/noticias\/esse-publica-la-lista-de-artistas-de-art-situacions-iii\/"]}]},{"@type":"BreadcrumbList","@id":"https:\/\/www.artsituacions.com\/ca\/noticias\/esse-publica-la-lista-de-artistas-de-art-situacions-iii\/#breadcrumb","itemListElement":[{"@type":"ListItem","position":1,"name":"Home","item":"https:\/\/www.artsituacions.com\/es\/"},{"@type":"ListItem","position":2,"name":"Noticias","item":"https:\/\/www.artsituacions.com\/it\/category\/noticias\/"},{"@type":"ListItem","position":3,"name":"Es publica la llista d&#039;artistes ART Situacions III"}]},{"@type":"Person","@id":"https:\/\/www.artsituacions.com\/es\/#\/schema\/person\/3d37438f4bd373cb842fb92a55dae3d0","name":"maria","image":{"@type":"ImageObject","@id":"https:\/\/www.artsituacions.com\/es\/#personlogo","inLanguage":"es-ES","url":"https:\/\/secure.gravatar.com\/avatar\/5e917d4d501b3a16916d469da41efaf8?s=96&d=mm&r=g","contentUrl":"https:\/\/secure.gravatar.com\/avatar\/5e917d4d501b3a16916d469da41efaf8?s=96&d=mm&r=g","caption":"maria"},"url":"https:\/\/www.artsituacions.com\/es\/author\/maria\/"}]}},"AFP_featured_media_urls":{"full":["https:\/\/www.artsituacions.com\/wp-content\/uploads\/2022\/02\/arco_2022_ok_02.jpg",949,954,false],"thumbnail":["https:\/\/www.artsituacions.com\/wp-content\/uploads\/2022\/02\/arco_2022_ok_02.jpg",100,100,false],"medium":["https:\/\/www.artsituacions.com\/wp-content\/uploads\/2022\/02\/arco_2022_ok_02.jpg",298,300,false],"medium_large":["https:\/\/www.artsituacions.com\/wp-content\/uploads\/2022\/02\/arco_2022_ok_02.jpg",605,608,false],"large":["https:\/\/www.artsituacions.com\/wp-content\/uploads\/2022\/02\/arco_2022_ok_02.jpg",605,608,false]},"AFP_attachments":[],"AFP_videos":[],"AFP_video_blocks":"","AFP_category_names":["Noticias"],"_links":{"self":[{"href":"https:\/\/www.artsituacions.com\/es\/wp-json\/wp\/v2\/posts\/2017"}],"collection":[{"href":"https:\/\/www.artsituacions.com\/es\/wp-json\/wp\/v2\/posts"}],"about":[{"href":"https:\/\/www.artsituacions.com\/es\/wp-json\/wp\/v2\/types\/post"}],"author":[{"embeddable":true,"href":"https:\/\/www.artsituacions.com\/es\/wp-json\/wp\/v2\/users\/1"}],"replies":[{"embeddable":true,"href":"https:\/\/www.artsituacions.com\/es\/wp-json\/wp\/v2\/comments?post=2017"}],"version-history":[{"count":4,"href":"https:\/\/www.artsituacions.com\/es\/wp-json\/wp\/v2\/posts\/2017\/revisions"}],"predecessor-version":[{"id":2023,"href":"https:\/\/www.artsituacions.com\/es\/wp-json\/wp\/v2\/posts\/2017\/revisions\/2023"}],"wp:featuredmedia":[{"embeddable":true,"href":"https:\/\/www.artsituacions.com\/es\/wp-json\/wp\/v2\/media\/1949"}],"wp:attachment":[{"href":"https:\/\/www.artsituacions.com\/es\/wp-json\/wp\/v2\/media?parent=2017"}],"wp:term":[{"taxonomy":"category","embeddable":true,"href":"https:\/\/www.artsituacions.com\/es\/wp-json\/wp\/v2\/categories?post=2017"},{"taxonomy":"post_tag","embeddable":true,"href":"https:\/\/www.artsituacions.com\/es\/wp-json\/wp\/v2\/tags?post=2017"},{"taxonomy":"post_format","embeddable":true,"href":"https:\/\/www.artsituacions.com\/es\/wp-json\/wp\/v2\/post_formats?post=2017"}],"curies":[{"name":"wp","href":"https:\/\/api.w.org\/{rel}","templated":true}]}}