{"id":2027,"date":"2022-11-15T16:51:49","date_gmt":"2022-11-15T16:51:49","guid":{"rendered":"https:\/\/www.artsituacions.com\/es\/?p=2027"},"modified":"2022-11-15T17:19:23","modified_gmt":"2022-11-15T17:19:23","slug":"se-anuncia-la-primera-exposicion-de-art-situacions-iii-en-arcomadrid","status":"publish","type":"post","link":"https:\/\/www.artsituacions.com\/es\/noticias\/se-anuncia-la-primera-exposicion-de-art-situacions-iii-en-arcomadrid\/","title":{"rendered":"Se anuncia la primera exposici\u00f3n de ART Situacions III en ARCOmadrid 2023"},"content":{"rendered":"\n<div class=\"wp-block-columns is-layout-flex wp-container-3\">\n<div class=\"wp-block-column is-layout-flow\" style=\"flex-basis:25%\">\n<figure class=\"wp-block-image size-full\"><img decoding=\"async\" loading=\"lazy\" width=\"300\" height=\"289\" src=\"https:\/\/www.artsituacions.com\/wp-content\/uploads\/2020\/02\/logo_arco_madrid.jpeg\" alt=\"\" class=\"wp-image-1756\"\/><\/figure>\n<\/div>\n\n\n\n<div class=\"wp-block-column is-layout-flow\" style=\"flex-basis:75%\">\n<h2 class=\"wp-block-heading\"><strong>Se anuncia la primera exposici\u00f3n de ART Situacions III en ARCOmadrid<\/strong><\/h2>\n\n\n\n<p><strong>Art Situacions regresa con una muestra en ARCO con obras de los artistas espa\u00f1oles Elena Aitzkoa, Nora Aurrekoetxea, Luc\u00eda Bay\u00f3n, Pablo Capit\u00e1n del R\u00edo y Aleix Plademunt; y los artistas franceses, Elsa Br\u00e8s, Salome Chatriot, Marie-Luce Nadal, Benoit Pi\u00e9ron y Yoan Sorin<\/strong><\/p>\n\n\n\n<p><em>La primera exposici\u00f3n de esta tercera edici\u00f3n se celebrar\u00e1 en ARCOmadrid 2023, del 22 al 26 de febrero de 2023<\/em><\/p>\n\n\n\n<ul><li>El pabell\u00f3n 7 de IFEMA acoger\u00e1 un espacio de 500m2 con las obras que forman parte de este encuentro de arte emergente.<\/li><li>La muestra incluir\u00e1 las 10 obras nuevas producidas para la ocasi\u00f3n, as\u00ed como diferentes piezas recientes de los artistas seleccionados.<\/li><li>En la inauguraci\u00f3n, que contar\u00e1 con la presencia de los artistas y miembros del comit\u00e9 de expertos, se presentar\u00e1 el libro escrito por Chus Mart\u00ednez y editado por Turner.<\/li><\/ul>\n\n\n\n<p>Barcelona, 15 de noviembre de 2022.- <strong>ART Situacions se complace en confirmar la primera exposici\u00f3n<\/strong> de la tercera edici\u00f3n de este importante encuentro de artistas de Espa\u00f1a y Francia. \u00c9sta tendr\u00e1 lugar en el marco de <strong>ARCOmadrid 2023, concretamente en el pabell\u00f3n 7 de IFEMA<\/strong>, y se podr\u00e1 visitar durante todos los d\u00edas de la feria.&nbsp;<\/p>\n\n\n\n<p>La exposici\u00f3n \u2013en homenaje a la fundadora de ART Situacions Pilar Forcada\u2014celebra su apoyo al arte y a los artistas, su <strong>compromiso con formas culturales de di\u00e1logo entre comunidades de artistas y profesionales,<\/strong> as\u00ed como una forma activa de patrocinio que sirva de motivaci\u00f3n en un tiempo dificil a los artistas de las generaciones m\u00e1s j\u00f3venes y a las audiencias que les rodean.&nbsp;<\/p>\n\n\n\n<p>En la muestra se presentan las <strong>obras de nueva creaci\u00f3n<\/strong> que cada uno de los artistas que forman parte de este proyecto han elaborado especialmente para ART Situacions III, junto a una selecci\u00f3n de otras obras suyas recientes. La exposicion la conforman cinco artistas espa\u00f1oles, <strong>Elena Aitzkoa, Nora Aurrekoetxea, Luc\u00eda Bay\u00f3n, Pablo Capit\u00e1n del R\u00edo y Aleix Plademunt<\/strong>; y cinco artistas franceses, <strong>Elsa Br\u00e8s, Salome Chatriot, Marie-Luce Nadal, Benoit Pi\u00e9ron y Yoan Sorin<\/strong>.<\/p>\n\n\n\n<p>Las obras de estos j\u00f3venes creadores, que representan a la escena m\u00e1s emergente del arte actual en Espa\u00f1a y Francia, han sido seleccionadas por el <strong>comit\u00e9 de expertos formado por Mar\u00eda de Corral, Lorena Mart\u00ednez, Chus Mart\u00ednez y Vicent Todol\u00ed<\/strong>, especialistas de reconocido prestigio nacional e internacional.<\/p>\n\n\n\n<p>La ceremonia de <strong>inauguraci\u00f3n tendr\u00e1 lugar el jueves 23 de febrero a las 17h<\/strong> y contar\u00e1 con la presencia de los artistas seleccionados, as\u00ed como del comit\u00e9 de expertos. Se presentar\u00e1 tambi\u00e9n el libro sobre la muestra, escrito por Chus Mart\u00ednez y editado por Turner.<\/p>\n\n\n\n<p>El objetivo de ART Situacions es realizar varias muestras en Espa\u00f1a y Francia durante los dos pr\u00f3ximos a\u00f1os, con la misi\u00f3n de apoyar la cultura y a los artistas participantes, contribuyendo a dinamizar el tejido art\u00edstico actual.<\/p>\n<\/div>\n<\/div>\n","protected":false},"excerpt":{"rendered":"<p>Se anuncia la primera exposici\u00f3n de ART Situacions III en ARCOmadrid Art Situacions regresa con una muestra en ARCO con obras de los artistas espa\u00f1oles Elena Aitzkoa, Nora Aurrekoetxea, Luc\u00eda Bay\u00f3n, Pablo Capit\u00e1n del R\u00edo y Aleix Plademunt; y los<span class=\"ellipsis\">&hellip;<\/span><\/p>\n<div class=\"read-more\"><a href=\"https:\/\/www.artsituacions.com\/es\/noticias\/se-anuncia-la-primera-exposicion-de-art-situacions-iii-en-arcomadrid\/\">Leer m\u00e1s \u203a<\/a><\/div>\n<p><!-- end of .read-more --><\/p>\n","protected":false},"author":1,"featured_media":1756,"comment_status":"closed","ping_status":"closed","sticky":false,"template":"","format":"standard","meta":[],"categories":[12],"tags":[],"post_formats":[],"yoast_head":"<!-- This site is optimized with the Yoast SEO plugin v17.8 - https:\/\/yoast.com\/wordpress\/plugins\/seo\/ -->\n<meta name=\"robots\" content=\"index, follow, max-snippet:-1, max-image-preview:large, max-video-preview:-1\" \/>\n<link rel=\"canonical\" href=\"https:\/\/www.artsituacions.com\/en\/noticias\/se-anuncia-la-primera-exposicion-de-art-situacions-iii-en-arcomadrid\/\" \/>\n<meta property=\"og:locale\" content=\"es_ES\" \/>\n<meta property=\"og:type\" content=\"article\" \/>\n<meta property=\"og:title\" content=\"Se anuncia la primera exposici\u00f3n de ART Situacions III en ARCOmadrid 2023\" \/>\n<meta property=\"og:description\" content=\"Se anuncia la primera exposici\u00f3n de ART Situacions III en ARCOmadrid Art Situacions regresa con una muestra en ARCO con obras de los artistas espa\u00f1oles Elena Aitzkoa, Nora Aurrekoetxea, Luc\u00eda Bay\u00f3n, Pablo Capit\u00e1n del R\u00edo y Aleix Plademunt; y los&hellip;Leer m\u00e1s \u203a\" \/>\n<meta property=\"og:url\" content=\"https:\/\/www.artsituacions.com\/es\/noticias\/se-anuncia-la-primera-exposicion-de-art-situacions-iii-en-arcomadrid\/\" \/>\n<meta property=\"og:site_name\" content=\"Artsituacions\" \/>\n<meta property=\"article:published_time\" content=\"2022-11-15T16:51:49+00:00\" \/>\n<meta property=\"article:modified_time\" content=\"2022-11-15T17:19:23+00:00\" \/>\n<meta property=\"og:image\" content=\"https:\/\/www.artsituacions.com\/wp-content\/uploads\/2020\/02\/logo_arco_madrid.jpeg\" \/>\n\t<meta property=\"og:image:width\" content=\"300\" \/>\n\t<meta property=\"og:image:height\" content=\"289\" \/>\n<meta name=\"twitter:card\" content=\"summary_large_image\" \/>\n<meta name=\"twitter:label1\" content=\"Escrito por\" \/>\n\t<meta name=\"twitter:data1\" content=\"maria\" \/>\n\t<meta name=\"twitter:label2\" content=\"Tiempo de lectura\" \/>\n\t<meta name=\"twitter:data2\" content=\"3 minutos\" \/>\n<script type=\"application\/ld+json\" class=\"yoast-schema-graph\">{\"@context\":\"https:\/\/schema.org\",\"@graph\":[{\"@type\":\"WebSite\",\"@id\":\"https:\/\/www.artsituacions.com\/es\/#website\",\"url\":\"https:\/\/www.artsituacions.com\/es\/\",\"name\":\"Artsituacions\",\"description\":\"\",\"potentialAction\":[{\"@type\":\"SearchAction\",\"target\":{\"@type\":\"EntryPoint\",\"urlTemplate\":\"https:\/\/www.artsituacions.com\/es\/?s={search_term_string}\"},\"query-input\":\"required name=search_term_string\"}],\"inLanguage\":\"es-ES\"},{\"@type\":\"ImageObject\",\"@id\":\"https:\/\/www.artsituacions.com\/en\/noticias\/se-anuncia-la-primera-exposicion-de-art-situacions-iii-en-arcomadrid\/#primaryimage\",\"inLanguage\":\"es-ES\",\"url\":\"https:\/\/www.artsituacions.com\/wp-content\/uploads\/2020\/02\/logo_arco_madrid.jpeg\",\"contentUrl\":\"https:\/\/www.artsituacions.com\/wp-content\/uploads\/2020\/02\/logo_arco_madrid.jpeg\",\"width\":300,\"height\":289},{\"@type\":\"WebPage\",\"@id\":\"https:\/\/www.artsituacions.com\/en\/noticias\/se-anuncia-la-primera-exposicion-de-art-situacions-iii-en-arcomadrid\/#webpage\",\"url\":\"https:\/\/www.artsituacions.com\/en\/noticias\/se-anuncia-la-primera-exposicion-de-art-situacions-iii-en-arcomadrid\/\",\"name\":\"[:es]Se anuncia la primera exposici\\u00f3n de ART Situacions III en ARCOmadrid 2023[:ca]S&#039;anuncia la primera exposici\\u00f3 d&#039;ART Situacions III a ARCOmadrid 2023[:en]ART Situacions III will have its first exhibition in ARCOmadrid 2023[:] - Artsituacions\",\"isPartOf\":{\"@id\":\"https:\/\/www.artsituacions.com\/es\/#website\"},\"primaryImageOfPage\":{\"@id\":\"https:\/\/www.artsituacions.com\/en\/noticias\/se-anuncia-la-primera-exposicion-de-art-situacions-iii-en-arcomadrid\/#primaryimage\"},\"datePublished\":\"2022-11-15T16:51:49+00:00\",\"dateModified\":\"2022-11-15T17:19:23+00:00\",\"author\":{\"@id\":\"https:\/\/www.artsituacions.com\/es\/#\/schema\/person\/3d37438f4bd373cb842fb92a55dae3d0\"},\"breadcrumb\":{\"@id\":\"https:\/\/www.artsituacions.com\/en\/noticias\/se-anuncia-la-primera-exposicion-de-art-situacions-iii-en-arcomadrid\/#breadcrumb\"},\"inLanguage\":\"es-ES\",\"potentialAction\":[{\"@type\":\"ReadAction\",\"target\":[\"https:\/\/www.artsituacions.com\/en\/noticias\/se-anuncia-la-primera-exposicion-de-art-situacions-iii-en-arcomadrid\/\"]}]},{\"@type\":\"BreadcrumbList\",\"@id\":\"https:\/\/www.artsituacions.com\/en\/noticias\/se-anuncia-la-primera-exposicion-de-art-situacions-iii-en-arcomadrid\/#breadcrumb\",\"itemListElement\":[{\"@type\":\"ListItem\",\"position\":1,\"name\":\"Home\",\"item\":\"https:\/\/www.artsituacions.com\/es\/\"},{\"@type\":\"ListItem\",\"position\":2,\"name\":\"Noticias\",\"item\":\"https:\/\/www.artsituacions.com\/it\/category\/noticias\/\"},{\"@type\":\"ListItem\",\"position\":3,\"name\":\"ART Situacions III will have its first exhibition in ARCOmadrid 2023\"}]},{\"@type\":\"Person\",\"@id\":\"https:\/\/www.artsituacions.com\/es\/#\/schema\/person\/3d37438f4bd373cb842fb92a55dae3d0\",\"name\":\"maria\",\"image\":{\"@type\":\"ImageObject\",\"@id\":\"https:\/\/www.artsituacions.com\/es\/#personlogo\",\"inLanguage\":\"es-ES\",\"url\":\"https:\/\/secure.gravatar.com\/avatar\/5e917d4d501b3a16916d469da41efaf8?s=96&d=mm&r=g\",\"contentUrl\":\"https:\/\/secure.gravatar.com\/avatar\/5e917d4d501b3a16916d469da41efaf8?s=96&d=mm&r=g\",\"caption\":\"maria\"},\"url\":\"https:\/\/www.artsituacions.com\/es\/author\/maria\/\"}]}<\/script>\n<!-- \/ Yoast SEO plugin. -->","yoast_head_json":{"robots":{"index":"index","follow":"follow","max-snippet":"max-snippet:-1","max-image-preview":"max-image-preview:large","max-video-preview":"max-video-preview:-1"},"canonical":"https:\/\/www.artsituacions.com\/en\/noticias\/se-anuncia-la-primera-exposicion-de-art-situacions-iii-en-arcomadrid\/","og_locale":"es_ES","og_type":"article","og_title":"[:es]Se anuncia la primera exposici\u00f3n de ART Situacions III en ARCOmadrid 2023[:ca]S&#039;anuncia la primera exposici\u00f3 d&#039;ART Situacions III a ARCOmadrid 2023[:en]ART Situacions III will have its first exhibition in ARCOmadrid 2023[:] - Artsituacions","og_description":"Se anuncia la primera exposici\u00f3n de ART Situacions III en ARCOmadrid Art Situacions regresa con una muestra en ARCO con obras de los artistas espa\u00f1oles Elena Aitzkoa, Nora Aurrekoetxea, Luc\u00eda Bay\u00f3n, Pablo Capit\u00e1n del R\u00edo y Aleix Plademunt; y los&hellip;Leer m\u00e1s \u203a","og_url":"https:\/\/www.artsituacions.com\/es\/noticias\/se-anuncia-la-primera-exposicion-de-art-situacions-iii-en-arcomadrid\/","og_site_name":"Artsituacions","article_published_time":"2022-11-15T16:51:49+00:00","article_modified_time":"2022-11-15T17:19:23+00:00","og_image":[{"width":300,"height":289,"url":"https:\/\/www.artsituacions.com\/wp-content\/uploads\/2020\/02\/logo_arco_madrid.jpeg","type":"image\/jpeg"}],"twitter_card":"summary_large_image","twitter_misc":{"Escrito por":"maria","Tiempo de lectura":"3 minutos"},"schema":{"@context":"https:\/\/schema.org","@graph":[{"@type":"WebSite","@id":"https:\/\/www.artsituacions.com\/es\/#website","url":"https:\/\/www.artsituacions.com\/es\/","name":"Artsituacions","description":"","potentialAction":[{"@type":"SearchAction","target":{"@type":"EntryPoint","urlTemplate":"https:\/\/www.artsituacions.com\/es\/?s={search_term_string}"},"query-input":"required name=search_term_string"}],"inLanguage":"es-ES"},{"@type":"ImageObject","@id":"https:\/\/www.artsituacions.com\/en\/noticias\/se-anuncia-la-primera-exposicion-de-art-situacions-iii-en-arcomadrid\/#primaryimage","inLanguage":"es-ES","url":"https:\/\/www.artsituacions.com\/wp-content\/uploads\/2020\/02\/logo_arco_madrid.jpeg","contentUrl":"https:\/\/www.artsituacions.com\/wp-content\/uploads\/2020\/02\/logo_arco_madrid.jpeg","width":300,"height":289},{"@type":"WebPage","@id":"https:\/\/www.artsituacions.com\/en\/noticias\/se-anuncia-la-primera-exposicion-de-art-situacions-iii-en-arcomadrid\/#webpage","url":"https:\/\/www.artsituacions.com\/en\/noticias\/se-anuncia-la-primera-exposicion-de-art-situacions-iii-en-arcomadrid\/","name":"[:es]Se anuncia la primera exposici\u00f3n de ART Situacions III en ARCOmadrid 2023[:ca]S&#039;anuncia la primera exposici\u00f3 d&#039;ART Situacions III a ARCOmadrid 2023[:en]ART Situacions III will have its first exhibition in ARCOmadrid 2023[:] - Artsituacions","isPartOf":{"@id":"https:\/\/www.artsituacions.com\/es\/#website"},"primaryImageOfPage":{"@id":"https:\/\/www.artsituacions.com\/en\/noticias\/se-anuncia-la-primera-exposicion-de-art-situacions-iii-en-arcomadrid\/#primaryimage"},"datePublished":"2022-11-15T16:51:49+00:00","dateModified":"2022-11-15T17:19:23+00:00","author":{"@id":"https:\/\/www.artsituacions.com\/es\/#\/schema\/person\/3d37438f4bd373cb842fb92a55dae3d0"},"breadcrumb":{"@id":"https:\/\/www.artsituacions.com\/en\/noticias\/se-anuncia-la-primera-exposicion-de-art-situacions-iii-en-arcomadrid\/#breadcrumb"},"inLanguage":"es-ES","potentialAction":[{"@type":"ReadAction","target":["https:\/\/www.artsituacions.com\/en\/noticias\/se-anuncia-la-primera-exposicion-de-art-situacions-iii-en-arcomadrid\/"]}]},{"@type":"BreadcrumbList","@id":"https:\/\/www.artsituacions.com\/en\/noticias\/se-anuncia-la-primera-exposicion-de-art-situacions-iii-en-arcomadrid\/#breadcrumb","itemListElement":[{"@type":"ListItem","position":1,"name":"Home","item":"https:\/\/www.artsituacions.com\/es\/"},{"@type":"ListItem","position":2,"name":"Noticias","item":"https:\/\/www.artsituacions.com\/it\/category\/noticias\/"},{"@type":"ListItem","position":3,"name":"ART Situacions III will have its first exhibition in ARCOmadrid 2023"}]},{"@type":"Person","@id":"https:\/\/www.artsituacions.com\/es\/#\/schema\/person\/3d37438f4bd373cb842fb92a55dae3d0","name":"maria","image":{"@type":"ImageObject","@id":"https:\/\/www.artsituacions.com\/es\/#personlogo","inLanguage":"es-ES","url":"https:\/\/secure.gravatar.com\/avatar\/5e917d4d501b3a16916d469da41efaf8?s=96&d=mm&r=g","contentUrl":"https:\/\/secure.gravatar.com\/avatar\/5e917d4d501b3a16916d469da41efaf8?s=96&d=mm&r=g","caption":"maria"},"url":"https:\/\/www.artsituacions.com\/es\/author\/maria\/"}]}},"AFP_featured_media_urls":{"full":["https:\/\/www.artsituacions.com\/wp-content\/uploads\/2020\/02\/logo_arco_madrid.jpeg",300,289,false],"thumbnail":["https:\/\/www.artsituacions.com\/wp-content\/uploads\/2020\/02\/logo_arco_madrid.jpeg",100,96,false],"medium":["https:\/\/www.artsituacions.com\/wp-content\/uploads\/2020\/02\/logo_arco_madrid.jpeg",300,289,false],"medium_large":["https:\/\/www.artsituacions.com\/wp-content\/uploads\/2020\/02\/logo_arco_madrid.jpeg",300,289,false],"large":["https:\/\/www.artsituacions.com\/wp-content\/uploads\/2020\/02\/logo_arco_madrid.jpeg",300,289,false]},"AFP_attachments":[],"AFP_videos":[],"AFP_video_blocks":"","AFP_category_names":["Noticias"],"_links":{"self":[{"href":"https:\/\/www.artsituacions.com\/es\/wp-json\/wp\/v2\/posts\/2027"}],"collection":[{"href":"https:\/\/www.artsituacions.com\/es\/wp-json\/wp\/v2\/posts"}],"about":[{"href":"https:\/\/www.artsituacions.com\/es\/wp-json\/wp\/v2\/types\/post"}],"author":[{"embeddable":true,"href":"https:\/\/www.artsituacions.com\/es\/wp-json\/wp\/v2\/users\/1"}],"replies":[{"embeddable":true,"href":"https:\/\/www.artsituacions.com\/es\/wp-json\/wp\/v2\/comments?post=2027"}],"version-history":[{"count":8,"href":"https:\/\/www.artsituacions.com\/es\/wp-json\/wp\/v2\/posts\/2027\/revisions"}],"predecessor-version":[{"id":2037,"href":"https:\/\/www.artsituacions.com\/es\/wp-json\/wp\/v2\/posts\/2027\/revisions\/2037"}],"wp:featuredmedia":[{"embeddable":true,"href":"https:\/\/www.artsituacions.com\/es\/wp-json\/wp\/v2\/media\/1756"}],"wp:attachment":[{"href":"https:\/\/www.artsituacions.com\/es\/wp-json\/wp\/v2\/media?parent=2027"}],"wp:term":[{"taxonomy":"category","embeddable":true,"href":"https:\/\/www.artsituacions.com\/es\/wp-json\/wp\/v2\/categories?post=2027"},{"taxonomy":"post_tag","embeddable":true,"href":"https:\/\/www.artsituacions.com\/es\/wp-json\/wp\/v2\/tags?post=2027"},{"taxonomy":"post_format","embeddable":true,"href":"https:\/\/www.artsituacions.com\/es\/wp-json\/wp\/v2\/post_formats?post=2027"}],"curies":[{"name":"wp","href":"https:\/\/api.w.org\/{rel}","templated":true}]}}