{"id":2305,"date":"2023-02-08T09:27:00","date_gmt":"2023-02-08T09:27:00","guid":{"rendered":"https:\/\/www.artsituacions.com\/es\/?p=2305"},"modified":"2023-02-06T09:55:59","modified_gmt":"2023-02-06T09:55:59","slug":"art-situacions-reafirma-el-seu-suport-la-creacio-emergent-i-presentara-a-arcomadrid-la-tercera-exposicio-del-projecte-de-mecenatge","status":"publish","type":"post","link":"https:\/\/www.artsituacions.com\/es\/noticias\/art-situacions-reafirma-el-seu-suport-la-creacio-emergent-i-presentara-a-arcomadrid-la-tercera-exposicio-del-projecte-de-mecenatge\/","title":{"rendered":"ART Situacions reafirma su apoyo la creaci\u00f3n emergente y presentar\u00e1 en ARCOmadrid la tercera exposici\u00f3n de su proyecto de mecenazgo"},"content":{"rendered":"\n<div class=\"wp-block-columns is-layout-flex wp-container-3\">\n<div class=\"wp-block-column is-layout-flow\" style=\"flex-basis:25%\">\n<figure class=\"wp-block-image size-full\"><img decoding=\"async\" loading=\"lazy\" width=\"300\" height=\"289\" src=\"https:\/\/www.artsituacions.com\/wp-content\/uploads\/2020\/02\/logo_arco_madrid.jpeg\" alt=\"\" class=\"wp-image-1756\"\/><\/figure>\n<\/div>\n\n\n\n<div class=\"wp-block-column is-layout-flow\" style=\"flex-basis:75%\">\n<h2 class=\"wp-block-heading\"><strong>ART Situacions reafirma su apoyo la creaci\u00f3n emergente y presentar\u00e1 en ARCOmadrid la tercera exposici\u00f3n de su proyecto de mecenazgo<\/strong><\/h2>\n\n\n\n<p><strong><em>ART Situacions III<\/em> se desplegar\u00e1 en un espacio de 500 metros cuadrados del Pabell\u00f3n 7 del Recinto Ferial IFEMA<\/strong><\/p>\n\n\n\n<p><strong>Cinco artistas emergentes espa\u00f1oles y cinco franceses han sido seleccionados por<\/strong> <strong>Mar\u00eda de Corral, Lorena Mart\u00ednez de Corral, Chus Mart\u00ednez y Vicent Todol\u00ed<\/strong><\/p>\n\n\n\n<p><strong>Al finalizar <\/strong><strong>la <\/strong><strong>feria, la exposici\u00f3n iniciar\u00e1 sus itinerancias en Barcelona y en diversas sedes en Francia<\/strong><\/p>\n\n\n\n<p><strong>Madrid, 8 de febrero de 2023.- <\/strong>ART Situacions, el proyecto de mecenazgo que lleva m\u00e1s de una d\u00e9cada promoviendo la difusi\u00f3n del sector m\u00e1s joven del arte actual, presentar\u00e1 su tercera exposici\u00f3n,<em> ART Situacions III<\/em>, coincidiendo con ARCOmadrid 2023 del 22 al 26 de febrero.&nbsp;<\/p>\n\n\n\n<p>La muestra, que pondr\u00e1 en di\u00e1logo la obra de cinco artistas espa\u00f1oles y cinco franceses, se desplegar\u00e1 en un espacio de 500 metros cuadrados anexo al Pabell\u00f3n 7 del Recinto Ferial de IFEMA MADRID. Los creadores emergentes que participan en esta edici\u00f3n son los espa\u00f1oles <strong>Elena Aitzkoa, Nora Aurrekoetxea, Luc\u00eda Bay\u00f3n, Aleix Plademunt y Pablo Capit\u00e1n del R\u00edo<\/strong> y los franceses <strong>Salom\u00e9 <\/strong><strong>Chatriot, Marie-Luce Nadal, Beno\u00eet Pi\u00e9ron, Elsa Br\u00e8s y Yoan Sorin<\/strong>. Estos artistas han sido seleccionados por un comit\u00e9 formado por <strong>Mar\u00eda de Corral, Lorena Mart\u00ednez de Corral, Chus Mart\u00ednez y Vicent Todol\u00ed<\/strong>.&nbsp;<\/p>\n\n\n\n<p>El proyecto ART Situacions ha apoyado a cada uno de ellos para la producci\u00f3n de un total de 10 obras nuevas creadas para la ocasi\u00f3n, que se mostrar\u00e1n junto a una selecci\u00f3n de piezas representativas de los artistas.<\/p>\n\n\n\n<p>El espacio expositivo ha sido dise\u00f1ado de manera escenogr\u00e1fica por Olga Subir\u00f3s, arquitecta que ha trabajado en el montaje de exposiciones en museos como el MACBA o el Museo Nacional Thyssen-Bornemisza. Con motivo de la muestra, ART Situacions cuenta con el apoyo de la&nbsp; editorial Turner para la edici\u00f3n de un libro cuyo hilo conductor es un texto de Chus Mart\u00ednez. \u201cLos artistas rese\u00f1ados forman un grupo ecl\u00e9ctico, tanto en lo formal como en lo material, que busca abordar la necesidad de ternura y cuidado, as\u00ed como un nuevo amor por la vida\u201d, asegura Mart\u00ednez.<\/p>\n\n\n\n<p>Tras finalizar ARCO, la exposici\u00f3n tendr\u00e1 una itinerancia en Barcelona y en diversas sedes en Francia durante los pr\u00f3ximos dos a\u00f1os, con la misi\u00f3n de apoyar la cultura y a los artistas participantes, contribuyendo a dinamizar el tejido art\u00edstico actual.<\/p>\n\n\n\n<figure class=\"wp-block-image size-full\"><img decoding=\"async\" loading=\"lazy\" width=\"975\" height=\"538\" src=\"https:\/\/www.artsituacions.com\/wp-content\/uploads\/2023\/02\/arco2023-artsituacions.jpg\" alt=\"\" class=\"wp-image-2306\"\/><figcaption>Render del montaje de ART Situacions III en ARCOmadrid<\/figcaption><\/figure>\n\n\n\n<p><\/p>\n\n\n\n<p><br><strong>Un proyecto de mecenazgo y pasi\u00f3n por el arte<\/strong><\/p>\n\n\n\n<p>Conscientes de la escasez de oportunidades que afronta el sector m\u00e1s joven del arte actual, ART Situacions, que surge del deseo personal del matrimonio de coleccionistas catalanes Pilar Forcada y Marcel Pascual de contribuir a dinamizar el tejido art\u00edstico, nace en 2011 para promocionar el arte emergente a trav\u00e9s de un apoyo econ\u00f3mico destinado a la creaci\u00f3n. Fruto de ello se han celebrado ya dos ediciones. La primera tuvo lugar en 2012 con Portugal como pa\u00eds invitado y cont\u00f3 con la participaci\u00f3n de los artistas espa\u00f1oles Patricia Dauder, Pepe Cifuentes, Francesc Ruiz, Juan L\u00f3pez D\u00edez, Miki Leal, Jaime de la Jara, Santiago Giralda, Nuria Fuster y los portugueses Mauro Cerqueira y Carla Filipe. La segunda se celebr\u00f3 en 2016 con los artistas italianos Ludovica Carbotta, Gabriele de Santis, Anna Franceschini, Diego Marcon y Alek O. y los espa\u00f1oles Miren Doiz, Jos\u00e9 Guerrero, Rub\u00e9n Guerrero, Teresa Solar Abboud y Anna Talens.<\/p>\n\n\n\n<p>Tras el fallecimiento de Pilar Forcada en 2021, su marido Marcel Pascual, coleccionista y director general de Honda-Greens, ha asumido la direcci\u00f3n de ART Situacions con la voluntad de dar continuidad al proyecto en memoria de su mujer y a su pasi\u00f3n compartida por el arte durante m\u00e1s de 50 a\u00f1os. \u201cDurante casi medio siglo hemos construido juntos una colecci\u00f3n ecl\u00e9ctica y diversa, donde al lado de artistas reconocidos incorporamos trabajos de promesas emergentes\u201d, afirma Marcel Pascual. \u201cNos ha dado muchas alegr\u00edas haber contribuido con nuestro respaldo a que un buen pu\u00f1ado de artistas hayan podido dedicarse exclusivamente a la creaci\u00f3n\u201d.<\/p>\n\n\n\n<p>Adem\u00e1s, entre 2017 y 2022 ART Situacions convoc\u00f3 el premio anual ART Situacions ARCOmadrid para premiar la mejor obra de arte emergente de la feria. Sus premiados han sido: Antonio Ballester Moreno (2017), Carlos Irijalba (2018), Patricia G\u00f3mez y Mar\u00eda Jes\u00fas Gonz\u00e1lez (2019), Asunci\u00f3n Molinos Gordo (2020) e Irma \u00c1lvarez-Laviada (2022).<\/p>\n<\/div>\n<\/div>\n","protected":false},"excerpt":{"rendered":"<p>ART Situacions reafirma su apoyo la creaci\u00f3n emergente y presentar\u00e1 en ARCOmadrid la tercera exposici\u00f3n de su proyecto de mecenazgo ART Situacions III se desplegar\u00e1 en un espacio de 500 metros cuadrados del Pabell\u00f3n 7 del Recinto Ferial IFEMA Cinco<span class=\"ellipsis\">&hellip;<\/span><\/p>\n<div class=\"read-more\"><a href=\"https:\/\/www.artsituacions.com\/es\/noticias\/art-situacions-reafirma-el-seu-suport-la-creacio-emergent-i-presentara-a-arcomadrid-la-tercera-exposicio-del-projecte-de-mecenatge\/\">Leer m\u00e1s \u203a<\/a><\/div>\n<p><!-- end of .read-more --><\/p>\n","protected":false},"author":1,"featured_media":2306,"comment_status":"closed","ping_status":"closed","sticky":false,"template":"","format":"standard","meta":[],"categories":[12],"tags":[],"post_formats":[],"yoast_head":"<!-- This site is optimized with the Yoast SEO plugin v17.8 - https:\/\/yoast.com\/wordpress\/plugins\/seo\/ -->\n<meta name=\"robots\" content=\"index, follow, max-snippet:-1, max-image-preview:large, max-video-preview:-1\" \/>\n<link rel=\"canonical\" href=\"https:\/\/www.artsituacions.com\/es\/noticias\/art-situacions-reafirma-el-seu-suport-la-creacio-emergent-i-presentara-a-arcomadrid-la-tercera-exposicio-del-projecte-de-mecenatge\/\" \/>\n<meta property=\"og:locale\" content=\"es_ES\" \/>\n<meta property=\"og:type\" content=\"article\" \/>\n<meta property=\"og:title\" content=\"ART Situacions reafirma su apoyo la creaci\u00f3n emergente y presentar\u00e1 en ARCOmadrid la tercera exposici\u00f3n de su proyecto de mecenazgo\" \/>\n<meta property=\"og:description\" content=\"ART Situacions reafirma su apoyo la creaci\u00f3n emergente y presentar\u00e1 en ARCOmadrid la tercera exposici\u00f3n de su proyecto de mecenazgo ART Situacions III se desplegar\u00e1 en un espacio de 500 metros cuadrados del Pabell\u00f3n 7 del Recinto Ferial IFEMA Cinco&hellip;Leer m\u00e1s \u203a\" \/>\n<meta property=\"og:url\" content=\"https:\/\/www.artsituacions.com\/es\/noticias\/art-situacions-reafirma-el-seu-suport-la-creacio-emergent-i-presentara-a-arcomadrid-la-tercera-exposicio-del-projecte-de-mecenatge\/\" \/>\n<meta property=\"og:site_name\" content=\"Artsituacions\" \/>\n<meta property=\"article:published_time\" content=\"2023-02-08T09:27:00+00:00\" \/>\n<meta property=\"article:modified_time\" content=\"2023-02-06T09:55:59+00:00\" \/>\n<meta property=\"og:image\" content=\"https:\/\/www.artsituacions.com\/wp-content\/uploads\/2023\/02\/arco2023-artsituacions.jpg\" \/>\n\t<meta property=\"og:image:width\" content=\"975\" \/>\n\t<meta property=\"og:image:height\" content=\"538\" \/>\n<meta name=\"twitter:card\" content=\"summary_large_image\" \/>\n<meta name=\"twitter:label1\" content=\"Escrito por\" \/>\n\t<meta name=\"twitter:data1\" content=\"maria\" \/>\n\t<meta name=\"twitter:label2\" content=\"Tiempo de lectura\" \/>\n\t<meta name=\"twitter:data2\" content=\"4 minutos\" \/>\n<script type=\"application\/ld+json\" class=\"yoast-schema-graph\">{\"@context\":\"https:\/\/schema.org\",\"@graph\":[{\"@type\":\"WebSite\",\"@id\":\"https:\/\/www.artsituacions.com\/es\/#website\",\"url\":\"https:\/\/www.artsituacions.com\/es\/\",\"name\":\"Artsituacions\",\"description\":\"\",\"potentialAction\":[{\"@type\":\"SearchAction\",\"target\":{\"@type\":\"EntryPoint\",\"urlTemplate\":\"https:\/\/www.artsituacions.com\/es\/?s={search_term_string}\"},\"query-input\":\"required name=search_term_string\"}],\"inLanguage\":\"es-ES\"},{\"@type\":\"ImageObject\",\"@id\":\"https:\/\/www.artsituacions.com\/es\/noticias\/art-situacions-reafirma-el-seu-suport-la-creacio-emergent-i-presentara-a-arcomadrid-la-tercera-exposicio-del-projecte-de-mecenatge\/#primaryimage\",\"inLanguage\":\"es-ES\",\"url\":\"https:\/\/www.artsituacions.com\/wp-content\/uploads\/2023\/02\/arco2023-artsituacions.jpg\",\"contentUrl\":\"https:\/\/www.artsituacions.com\/wp-content\/uploads\/2023\/02\/arco2023-artsituacions.jpg\",\"width\":975,\"height\":538},{\"@type\":\"WebPage\",\"@id\":\"https:\/\/www.artsituacions.com\/es\/noticias\/art-situacions-reafirma-el-seu-suport-la-creacio-emergent-i-presentara-a-arcomadrid-la-tercera-exposicio-del-projecte-de-mecenatge\/#webpage\",\"url\":\"https:\/\/www.artsituacions.com\/es\/noticias\/art-situacions-reafirma-el-seu-suport-la-creacio-emergent-i-presentara-a-arcomadrid-la-tercera-exposicio-del-projecte-de-mecenatge\/\",\"name\":\"[:es]ART Situacions reafirma su apoyo la creaci\\u00f3n emergente y presentar\\u00e1 en ARCOmadrid la tercera exposici\\u00f3n de su proyecto de mecenazgo[:ca]ART Situacions reafirma el seu suport la creaci\\u00f3 emergent i presentar\\u00e0 a ARCOmadrid la tercera exposici\\u00f3 del projecte de mecenatge[:en]ART Situacions reaffirms its support for emerging creation and will present the third exhibition of its patronage project at ARCOmadrid[:] - Artsituacions\",\"isPartOf\":{\"@id\":\"https:\/\/www.artsituacions.com\/es\/#website\"},\"primaryImageOfPage\":{\"@id\":\"https:\/\/www.artsituacions.com\/es\/noticias\/art-situacions-reafirma-el-seu-suport-la-creacio-emergent-i-presentara-a-arcomadrid-la-tercera-exposicio-del-projecte-de-mecenatge\/#primaryimage\"},\"datePublished\":\"2023-02-08T09:27:00+00:00\",\"dateModified\":\"2023-02-06T09:55:59+00:00\",\"author\":{\"@id\":\"https:\/\/www.artsituacions.com\/es\/#\/schema\/person\/3d37438f4bd373cb842fb92a55dae3d0\"},\"breadcrumb\":{\"@id\":\"https:\/\/www.artsituacions.com\/es\/noticias\/art-situacions-reafirma-el-seu-suport-la-creacio-emergent-i-presentara-a-arcomadrid-la-tercera-exposicio-del-projecte-de-mecenatge\/#breadcrumb\"},\"inLanguage\":\"es-ES\",\"potentialAction\":[{\"@type\":\"ReadAction\",\"target\":[\"https:\/\/www.artsituacions.com\/es\/noticias\/art-situacions-reafirma-el-seu-suport-la-creacio-emergent-i-presentara-a-arcomadrid-la-tercera-exposicio-del-projecte-de-mecenatge\/\"]}]},{\"@type\":\"BreadcrumbList\",\"@id\":\"https:\/\/www.artsituacions.com\/es\/noticias\/art-situacions-reafirma-el-seu-suport-la-creacio-emergent-i-presentara-a-arcomadrid-la-tercera-exposicio-del-projecte-de-mecenatge\/#breadcrumb\",\"itemListElement\":[{\"@type\":\"ListItem\",\"position\":1,\"name\":\"Home\",\"item\":\"https:\/\/www.artsituacions.com\/es\/\"},{\"@type\":\"ListItem\",\"position\":2,\"name\":\"Noticias\",\"item\":\"https:\/\/www.artsituacions.com\/it\/category\/noticias\/\"},{\"@type\":\"ListItem\",\"position\":3,\"name\":\"ART Situacions reafirma su apoyo la creaci\\u00f3n emergente y presentar\\u00e1 en ARCOmadrid la tercera exposici\\u00f3n de su proyecto de mecenazgo\"}]},{\"@type\":\"Person\",\"@id\":\"https:\/\/www.artsituacions.com\/es\/#\/schema\/person\/3d37438f4bd373cb842fb92a55dae3d0\",\"name\":\"maria\",\"image\":{\"@type\":\"ImageObject\",\"@id\":\"https:\/\/www.artsituacions.com\/es\/#personlogo\",\"inLanguage\":\"es-ES\",\"url\":\"https:\/\/secure.gravatar.com\/avatar\/5e917d4d501b3a16916d469da41efaf8?s=96&d=mm&r=g\",\"contentUrl\":\"https:\/\/secure.gravatar.com\/avatar\/5e917d4d501b3a16916d469da41efaf8?s=96&d=mm&r=g\",\"caption\":\"maria\"},\"url\":\"https:\/\/www.artsituacions.com\/es\/author\/maria\/\"}]}<\/script>\n<!-- \/ Yoast SEO plugin. -->","yoast_head_json":{"robots":{"index":"index","follow":"follow","max-snippet":"max-snippet:-1","max-image-preview":"max-image-preview:large","max-video-preview":"max-video-preview:-1"},"canonical":"https:\/\/www.artsituacions.com\/es\/noticias\/art-situacions-reafirma-el-seu-suport-la-creacio-emergent-i-presentara-a-arcomadrid-la-tercera-exposicio-del-projecte-de-mecenatge\/","og_locale":"es_ES","og_type":"article","og_title":"[:es]ART Situacions reafirma su apoyo la creaci\u00f3n emergente y presentar\u00e1 en ARCOmadrid la tercera exposici\u00f3n de su proyecto de mecenazgo[:ca]ART Situacions reafirma el seu suport la creaci\u00f3 emergent i presentar\u00e0 a ARCOmadrid la tercera exposici\u00f3 del projecte de mecenatge[:en]ART Situacions reaffirms its support for emerging creation and will present the third exhibition of its patronage project at ARCOmadrid[:] - Artsituacions","og_description":"ART Situacions reafirma su apoyo la creaci\u00f3n emergente y presentar\u00e1 en ARCOmadrid la tercera exposici\u00f3n de su proyecto de mecenazgo ART Situacions III se desplegar\u00e1 en un espacio de 500 metros cuadrados del Pabell\u00f3n 7 del Recinto Ferial IFEMA Cinco&hellip;Leer m\u00e1s \u203a","og_url":"https:\/\/www.artsituacions.com\/es\/noticias\/art-situacions-reafirma-el-seu-suport-la-creacio-emergent-i-presentara-a-arcomadrid-la-tercera-exposicio-del-projecte-de-mecenatge\/","og_site_name":"Artsituacions","article_published_time":"2023-02-08T09:27:00+00:00","article_modified_time":"2023-02-06T09:55:59+00:00","og_image":[{"width":975,"height":538,"url":"https:\/\/www.artsituacions.com\/wp-content\/uploads\/2023\/02\/arco2023-artsituacions.jpg","type":"image\/jpeg"}],"twitter_card":"summary_large_image","twitter_misc":{"Escrito por":"maria","Tiempo de lectura":"4 minutos"},"schema":{"@context":"https:\/\/schema.org","@graph":[{"@type":"WebSite","@id":"https:\/\/www.artsituacions.com\/es\/#website","url":"https:\/\/www.artsituacions.com\/es\/","name":"Artsituacions","description":"","potentialAction":[{"@type":"SearchAction","target":{"@type":"EntryPoint","urlTemplate":"https:\/\/www.artsituacions.com\/es\/?s={search_term_string}"},"query-input":"required name=search_term_string"}],"inLanguage":"es-ES"},{"@type":"ImageObject","@id":"https:\/\/www.artsituacions.com\/es\/noticias\/art-situacions-reafirma-el-seu-suport-la-creacio-emergent-i-presentara-a-arcomadrid-la-tercera-exposicio-del-projecte-de-mecenatge\/#primaryimage","inLanguage":"es-ES","url":"https:\/\/www.artsituacions.com\/wp-content\/uploads\/2023\/02\/arco2023-artsituacions.jpg","contentUrl":"https:\/\/www.artsituacions.com\/wp-content\/uploads\/2023\/02\/arco2023-artsituacions.jpg","width":975,"height":538},{"@type":"WebPage","@id":"https:\/\/www.artsituacions.com\/es\/noticias\/art-situacions-reafirma-el-seu-suport-la-creacio-emergent-i-presentara-a-arcomadrid-la-tercera-exposicio-del-projecte-de-mecenatge\/#webpage","url":"https:\/\/www.artsituacions.com\/es\/noticias\/art-situacions-reafirma-el-seu-suport-la-creacio-emergent-i-presentara-a-arcomadrid-la-tercera-exposicio-del-projecte-de-mecenatge\/","name":"[:es]ART Situacions reafirma su apoyo la creaci\u00f3n emergente y presentar\u00e1 en ARCOmadrid la tercera exposici\u00f3n de su proyecto de mecenazgo[:ca]ART Situacions reafirma el seu suport la creaci\u00f3 emergent i presentar\u00e0 a ARCOmadrid la tercera exposici\u00f3 del projecte de mecenatge[:en]ART Situacions reaffirms its support for emerging creation and will present the third exhibition of its patronage project at ARCOmadrid[:] - Artsituacions","isPartOf":{"@id":"https:\/\/www.artsituacions.com\/es\/#website"},"primaryImageOfPage":{"@id":"https:\/\/www.artsituacions.com\/es\/noticias\/art-situacions-reafirma-el-seu-suport-la-creacio-emergent-i-presentara-a-arcomadrid-la-tercera-exposicio-del-projecte-de-mecenatge\/#primaryimage"},"datePublished":"2023-02-08T09:27:00+00:00","dateModified":"2023-02-06T09:55:59+00:00","author":{"@id":"https:\/\/www.artsituacions.com\/es\/#\/schema\/person\/3d37438f4bd373cb842fb92a55dae3d0"},"breadcrumb":{"@id":"https:\/\/www.artsituacions.com\/es\/noticias\/art-situacions-reafirma-el-seu-suport-la-creacio-emergent-i-presentara-a-arcomadrid-la-tercera-exposicio-del-projecte-de-mecenatge\/#breadcrumb"},"inLanguage":"es-ES","potentialAction":[{"@type":"ReadAction","target":["https:\/\/www.artsituacions.com\/es\/noticias\/art-situacions-reafirma-el-seu-suport-la-creacio-emergent-i-presentara-a-arcomadrid-la-tercera-exposicio-del-projecte-de-mecenatge\/"]}]},{"@type":"BreadcrumbList","@id":"https:\/\/www.artsituacions.com\/es\/noticias\/art-situacions-reafirma-el-seu-suport-la-creacio-emergent-i-presentara-a-arcomadrid-la-tercera-exposicio-del-projecte-de-mecenatge\/#breadcrumb","itemListElement":[{"@type":"ListItem","position":1,"name":"Home","item":"https:\/\/www.artsituacions.com\/es\/"},{"@type":"ListItem","position":2,"name":"Noticias","item":"https:\/\/www.artsituacions.com\/it\/category\/noticias\/"},{"@type":"ListItem","position":3,"name":"ART Situacions reafirma su apoyo la creaci\u00f3n emergente y presentar\u00e1 en ARCOmadrid la tercera exposici\u00f3n de su proyecto de mecenazgo"}]},{"@type":"Person","@id":"https:\/\/www.artsituacions.com\/es\/#\/schema\/person\/3d37438f4bd373cb842fb92a55dae3d0","name":"maria","image":{"@type":"ImageObject","@id":"https:\/\/www.artsituacions.com\/es\/#personlogo","inLanguage":"es-ES","url":"https:\/\/secure.gravatar.com\/avatar\/5e917d4d501b3a16916d469da41efaf8?s=96&d=mm&r=g","contentUrl":"https:\/\/secure.gravatar.com\/avatar\/5e917d4d501b3a16916d469da41efaf8?s=96&d=mm&r=g","caption":"maria"},"url":"https:\/\/www.artsituacions.com\/es\/author\/maria\/"}]}},"AFP_featured_media_urls":{"full":["https:\/\/www.artsituacions.com\/wp-content\/uploads\/2023\/02\/arco2023-artsituacions.jpg",975,538,false],"thumbnail":["https:\/\/www.artsituacions.com\/wp-content\/uploads\/2023\/02\/arco2023-artsituacions.jpg",100,55,false],"medium":["https:\/\/www.artsituacions.com\/wp-content\/uploads\/2023\/02\/arco2023-artsituacions.jpg",300,166,false],"medium_large":["https:\/\/www.artsituacions.com\/wp-content\/uploads\/2023\/02\/arco2023-artsituacions.jpg",605,334,false],"large":["https:\/\/www.artsituacions.com\/wp-content\/uploads\/2023\/02\/arco2023-artsituacions.jpg",605,334,false]},"AFP_attachments":{"full":["https:\/\/www.artsituacions.com\/wp-content\/uploads\/2023\/02\/arco2023-artsituacions.jpg",975,538,false],"thumbnail":["https:\/\/www.artsituacions.com\/wp-content\/uploads\/2023\/02\/arco2023-artsituacions.jpg",100,55,false],"medium":["https:\/\/www.artsituacions.com\/wp-content\/uploads\/2023\/02\/arco2023-artsituacions.jpg",300,166,false],"medium_large":["https:\/\/www.artsituacions.com\/wp-content\/uploads\/2023\/02\/arco2023-artsituacions.jpg",605,334,false],"large":["https:\/\/www.artsituacions.com\/wp-content\/uploads\/2023\/02\/arco2023-artsituacions.jpg",605,334,false]},"AFP_videos":[],"AFP_video_blocks":"","AFP_category_names":["Noticias"],"_links":{"self":[{"href":"https:\/\/www.artsituacions.com\/es\/wp-json\/wp\/v2\/posts\/2305"}],"collection":[{"href":"https:\/\/www.artsituacions.com\/es\/wp-json\/wp\/v2\/posts"}],"about":[{"href":"https:\/\/www.artsituacions.com\/es\/wp-json\/wp\/v2\/types\/post"}],"author":[{"embeddable":true,"href":"https:\/\/www.artsituacions.com\/es\/wp-json\/wp\/v2\/users\/1"}],"replies":[{"embeddable":true,"href":"https:\/\/www.artsituacions.com\/es\/wp-json\/wp\/v2\/comments?post=2305"}],"version-history":[{"count":5,"href":"https:\/\/www.artsituacions.com\/es\/wp-json\/wp\/v2\/posts\/2305\/revisions"}],"predecessor-version":[{"id":2315,"href":"https:\/\/www.artsituacions.com\/es\/wp-json\/wp\/v2\/posts\/2305\/revisions\/2315"}],"wp:featuredmedia":[{"embeddable":true,"href":"https:\/\/www.artsituacions.com\/es\/wp-json\/wp\/v2\/media\/2306"}],"wp:attachment":[{"href":"https:\/\/www.artsituacions.com\/es\/wp-json\/wp\/v2\/media?parent=2305"}],"wp:term":[{"taxonomy":"category","embeddable":true,"href":"https:\/\/www.artsituacions.com\/es\/wp-json\/wp\/v2\/categories?post=2305"},{"taxonomy":"post_tag","embeddable":true,"href":"https:\/\/www.artsituacions.com\/es\/wp-json\/wp\/v2\/tags?post=2305"},{"taxonomy":"post_format","embeddable":true,"href":"https:\/\/www.artsituacions.com\/es\/wp-json\/wp\/v2\/post_formats?post=2305"}],"curies":[{"name":"wp","href":"https:\/\/api.w.org\/{rel}","templated":true}]}}