{"id":3080,"date":"2025-01-23T18:36:09","date_gmt":"2025-01-23T18:36:09","guid":{"rendered":"https:\/\/www.artsituacions.com\/es\/?p=3080"},"modified":"2025-01-23T19:09:41","modified_gmt":"2025-01-23T19:09:41","slug":"el-mural-de-dase-en-la-garriga-nominado-a-mejor-mural-del-mundo","status":"publish","type":"post","link":"https:\/\/www.artsituacions.com\/es\/noticias\/el-mural-de-dase-en-la-garriga-nominado-a-mejor-mural-del-mundo\/","title":{"rendered":"El mural de Dase, en la Garriga, nominado a Mejor Mural del Mundo 2024"},"content":{"rendered":"\n<div class=\"wp-block-columns is-layout-flex wp-container-3\">\n<div class=\"wp-block-column is-layout-flow\" style=\"flex-basis:5%\"><\/div>\n\n\n\n<div class=\"wp-block-column is-layout-flow\" style=\"flex-basis:85%\">\n<h2 class=\"wp-block-heading\"><strong>El mural de Dase, en la Garriga, nominado a Mejor Mural del Mundo 2024<\/strong><\/h2>\n\n\n\n<p><em>Titulado \u201cLa vida \u00e9s un vol\u201d ya fue premiado como Mejor Mural del Mundo del mes de agosto de 2024<\/em><\/p>\n\n\n\n<p><em>Un mural realizado a iniciativa de Marcel Pascual, Director General de Honda &#8211; Greens y de ART Situacions<\/em><\/p>\n\n\n\n<p><em>Esta obra, que cubre m\u00e1s de 100 m\u00b2, ha logrado destacar entre cientos de murales alrededor del mundo por su creatividad, magnitud e impacto en la comunidad<\/em><\/p>\n\n\n\n<figure class=\"wp-block-image alignwide size-full\"><img decoding=\"async\" loading=\"lazy\" width=\"909\" height=\"601\" src=\"https:\/\/www.artsituacions.com\/wp-content\/uploads\/2025\/01\/dase_01.jpg\" alt=\"\" class=\"wp-image-3081\"\/><figcaption class=\"wp-element-caption\">El artista Dase y sus murales en La Garriga (Barcelona). Foto: Toni Torrillas<\/figcaption><\/figure>\n\n\n\n<p>Marcel Pascual, director general de Honda &#8211; Greens y del proyecto de mecenazgo art\u00edstico ART Situacions, celebra el \u00e9xito internacional de <em>\u00abLa vida \u00e9s un vol\u00bb. <\/em>Su pasi\u00f3n por el arte y su compromiso con la comunidad han sido fundamentales para el \u00e9xito de esta iniciativa.&nbsp;<\/p>\n\n\n\n<p>El mural, realizado por el prestigioso artista urbano Dase en una c\u00e9ntrica calle de la Garriga, ya fue galardonado el pasado verano como el Mejor Mural del Mundo del mes de agosto de 2024. Ahora, la obra compite a nivel internacional por un nuevo reconocimiento que consolidar\u00eda su posici\u00f3n como una de las expresiones art\u00edsticas m\u00e1s destacadas del a\u00f1o.&nbsp;<\/p>\n\n\n\n<p>La monumental obra se ha convertido en un referente del arte urbano en la regi\u00f3n. Con m\u00e1s de 100 m\u00b2 de extensi\u00f3n, el mural embellece el paisaje urbano, transformando una pared en blanco en un espect\u00e1culo visual lleno de formas y colores vibrantes. En la obra, el artista ha integrado elementos que representan la historia y el entorno natural de La Garriga, combinando simbolog\u00eda local con su estilo \u00fanico y contempor\u00e1neo, destacando entre cientos de murales alrededor del mundo por su creatividad, magnitud e impacto en la comunidad.&nbsp;<\/p>\n\n\n\n<p>La pieza,&nbsp; tiutalada <em>\u201cLa vida \u00e9s un vol\u201d<\/em>, rinde homenaje a Pilar Forcada, quien falleci\u00f3 en 2021, por su destacado papel en el \u00e1mbito art\u00edstico y su legado perdurable tanto para su familia como para la comunidad art\u00edstica a nivel nacional. La inspiraci\u00f3n para este proyecto surgi\u00f3 cuando Jordi, el hijo de Pilar, mostr\u00f3 el trabajo de Dase a su padre, Marcel Pascual, quien decidi\u00f3 encargar la obra en honor a su esposa.<\/p>\n\n\n\n<p><em>\u00abEstamos muy orgullosos de que nuestro mural haya sido seleccionado entre tantos trabajos de gran calidad\u00bb,<\/em> afirma el Sr. Pascual. <em>\u00abEste reconocimiento es un reflejo de nuestro compromiso con el fomento del arte y la cultura, as\u00ed como de nuestra apuesta por proyectos que embellecen los espacios p\u00fablicos y enriquecen la vida de las comunidades\u00bb.<\/em><\/p>\n\n\n\n<p><strong>La votaci\u00f3n para elegir el Mejor Mural del Mundo en los Street Art Cities 2024 estar\u00e1 abierta hasta el pr\u00f3ximo el 31 de enero en el siguiente enlace <\/strong><a href=\"https:\/\/streetartcities.com\/awards\/2024\/nominees\"><strong>https:\/\/streetartcities.com\/awards\/2024\/nominees<\/strong><\/a><strong>.&nbsp;<\/strong><\/p>\n\n\n\n<p><\/p>\n\n\n\n<p><strong>Un proyecto de mecenazgo y pasi\u00f3n por el arte<\/strong><\/p>\n\n\n\n<p>Conscientes de la escasez de oportunidades que afronta el sector m\u00e1s joven del arte actual, ART Situacions, que surge del deseo personal del matrimonio de coleccionistas catalanes Pilar Forcada y Marcel Pascual de contribuir a dinamizar el tejido art\u00edstico, nace en 2011 para promocionar el arte emergente a trav\u00e9s de un apoyo econ\u00f3mico destinado a la creaci\u00f3n. Fruto de ello se han celebrado ya dos ediciones. La primera tuvo lugar en 2012 con Portugal como pa\u00eds invitado y cont\u00f3 con la participaci\u00f3n de los artistas espa\u00f1oles Patricia Dauder, Pepe Cifuentes, Francesc Ruiz, Juan L\u00f3pez D\u00edez, Miki Leal, Jaime de la Jara, Santiago Giralda, Nuria Fuster y los portugueses Mauro Cerqueira y Carla Filipe. La segunda se celebr\u00f3 en 2016 con los artistas italianos Ludovica Carbotta, Gabriele de Santis, Anna Franceschini, Diego Marcon y Alek O. y los espa\u00f1oles Miren Doiz, Jos\u00e9 Guerrero, Rub\u00e9n Guerrero, Teresa Solar Abboud y Anna Talens.<\/p>\n\n\n\n<p>Tras el fallecimiento de Pilar Forcada en 2021, su marido Marcel Pascual, coleccionista y director general de Honda-Greens, ha asumido la direcci\u00f3n de ART Situacions con la voluntad de dar continuidad al proyecto en memoria de su mujer y a su pasi\u00f3n compartida por el arte durante m\u00e1s de 50 a\u00f1os. \u201cDurante casi medio siglo hemos construido juntos una colecci\u00f3n ecl\u00e9ctica y diversa, donde al lado de artistas reconocidos incorporamos trabajos de promesas emergentes\u201d, afirma Marcel Pascual. \u201cNos ha dado muchas alegr\u00edas haber contribuido con nuestro respaldo a que un buen pu\u00f1ado de artistas hayan podido dedicarse exclusivamente a la creaci\u00f3n\u201d.<\/p>\n\n\n\n<p>Adem\u00e1s, entre 2017 y 2022 ART Situacions convoc\u00f3 el premio anual ART Situacions ARCOmadrid para premiar la mejor obra de arte emergente de la feria. Sus premiados han sido: Antonio Ballester Moreno (2017), Carlos Irijalba (2018), Patricia G\u00f3mez y Mar\u00eda Jes\u00fas Gonz\u00e1lez (2019), Asunci\u00f3n Molinos Gordo (2020) e Irma \u00c1lvarez-Laviada (2022).<\/p>\n\n\n\n<p><\/p>\n\n\n\n<p><\/p>\n\n\n\n<figure class=\"wp-block-table\"><table><tbody><tr><td><code>\n\t<ul id=\"slideshowgallery64349\" class=\"slideshowgallery64349\" style=\"display:none;\">\n\t\t\t\t\t<!-- From all slides or gallery slides -->\n\t\t\t\t\t\t\t\n\t\t\t\t<li>\n\t\t\t\t\t<h3 style=\"opacity:70;\">Dase_03<\/h3>\n\t\t\t\t\t\t\t\t\t\t\t<span data-alt=\"dase03\">https:\/\/www.artsituacions.com\/wp-content\/uploads\/2025\/01\/dase_03.jpg<\/span>\n\t\t\t\t\t\t\t\t\t\t<p><\/p>\n\t\t\t\t\t\t\t\t\t\t\t\t\t\t\t\t\t\t<a><img class=\"skip-lazy\" src=\"https:\/\/www.artsituacions.com\/wp-content\/uploads\/2025\/01\/dase_03.jpg\" alt=\"dase03\" \/><\/a>\n\t\t\t\t\t\t\t\t\t\t\t\t\t\t\t<\/li>\n\t\t\t\t\t\t\t\n\t\t\t\t<li>\n\t\t\t\t\t<h3 style=\"opacity:70;\">S<\/h3>\n\t\t\t\t\t\t\t\t\t\t\t<span data-alt=\"s\">https:\/\/www.artsituacions.com\/wp-content\/uploads\/2025\/01\/dase_07.jpg<\/span>\n\t\t\t\t\t\t\t\t\t\t<p><\/p>\n\t\t\t\t\t\t\t\t\t\t\t\t\t\t\t\t\t\t<a><img class=\"skip-lazy\" src=\"https:\/\/www.artsituacions.com\/wp-content\/uploads\/2025\/01\/dase_07.jpg\" alt=\"s\" \/><\/a>\n\t\t\t\t\t\t\t\t\t\t\t\t\t\t\t<\/li>\n\t\t\t\t\t\t\t\n\t\t\t\t<li>\n\t\t\t\t\t<h3 style=\"opacity:70;\">S<\/h3>\n\t\t\t\t\t\t\t\t\t\t\t<span data-alt=\"s\">https:\/\/www.artsituacions.com\/wp-content\/uploads\/2025\/01\/dase_06.jpg<\/span>\n\t\t\t\t\t\t\t\t\t\t<p><\/p>\n\t\t\t\t\t\t\t\t\t\t\t\t\t\t\t\t\t\t<a><img class=\"skip-lazy\" src=\"https:\/\/www.artsituacions.com\/wp-content\/uploads\/2025\/01\/dase_06.jpg\" alt=\"s\" \/><\/a>\n\t\t\t\t\t\t\t\t\t\t\t\t\t\t\t<\/li>\n\t\t\t\t\t\t\t\n\t\t\t\t<li>\n\t\t\t\t\t<h3 style=\"opacity:70;\">S<\/h3>\n\t\t\t\t\t\t\t\t\t\t\t<span data-alt=\"s\">https:\/\/www.artsituacions.com\/wp-content\/uploads\/2025\/01\/dase_05.jpg<\/span>\n\t\t\t\t\t\t\t\t\t\t<p><\/p>\n\t\t\t\t\t\t\t\t\t\t\t\t\t\t\t\t\t\t<a><img class=\"skip-lazy\" src=\"https:\/\/www.artsituacions.com\/wp-content\/uploads\/2025\/01\/dase_05.jpg\" alt=\"s\" \/><\/a>\n\t\t\t\t\t\t\t\t\t\t\t\t\t\t\t<\/li>\n\t\t\t\t\t\t\t\n\t\t\t\t<li>\n\t\t\t\t\t<h3 style=\"opacity:70;\">S<\/h3>\n\t\t\t\t\t\t\t\t\t\t\t<span data-alt=\"s\">https:\/\/www.artsituacions.com\/wp-content\/uploads\/2025\/01\/dase_04.jpg<\/span>\n\t\t\t\t\t\t\t\t\t\t<p><\/p>\n\t\t\t\t\t\t\t\t\t\t\t\t\t\t\t\t\t\t<a><img class=\"skip-lazy\" src=\"https:\/\/www.artsituacions.com\/wp-content\/uploads\/2025\/01\/dase_04.jpg\" alt=\"s\" \/><\/a>\n\t\t\t\t\t\t\t\t\t\t\t\t\t\t\t<\/li>\n\t\t\t\t\t\t\t\n\t\t\t\t<li>\n\t\t\t\t\t<h3 style=\"opacity:70;\">default<\/h3>\n\t\t\t\t\t\t\t\t\t\t\t<span data-alt=\"default\">https:\/\/www.artsituacions.com\/wp-content\/uploads\/2025\/01\/dase_02.jpg<\/span>\n\t\t\t\t\t\t\t\t\t\t<p><\/p>\n\t\t\t\t\t\t\t\t\t\t\t\t\t\t\t\t\t\t<a><img class=\"skip-lazy\" src=\"https:\/\/www.artsituacions.com\/wp-content\/uploads\/2025\/01\/dase_02.jpg\" alt=\"default\" \/><\/a>\n\t\t\t\t\t\t\t\t\t\t\t\t\t\t\t<\/li>\n\t\t\t\t\t\t<\/ul>\n\t\n\t<div id=\"slideshow-wrappergallery64349\" class=\"slideshow-wrapper\">\n\t\t\t\n\t\t<div class=\"slideshow-fullsize\" id=\"fullsizegallery64349\">\n\t\t\t\t\t\t\t\t\t\t\t\t\t\t<div id=\"imgprevgallery64349\" class=\"slideshow-imgprev imgnav\" title=\"Previous Image\">Previous Image<\/div>\n\t\t\t\t\t\t<a id=\"imglinkgallery64349\" class=\"slideshow-imglink imglink\"><!-- link --><\/a>\n\t\t\t\t\t\t\t\t\t\t\t<div id=\"imgnextgallery64349\" class=\"slideshow-imgnext imgnav\" title=\"Next Image\">Next Image<\/div>\n\t\t\t\t\t\t<div id=\"imagegallery64349\" class=\"slideshow-image\"><\/div>\n\t\t\t<div class=\"slideshow-information infobottom\" id=\"informationgallery64349\">\n\t\t\t\t<h3 class=\"slideshow-info-heading\">info heading<\/h3>\n\t\t\t\t<p class=\"slideshow-info-content\">info content<\/p>\n\t\t\t<\/div>\n\t\t<\/div>\n\t\t\n\t\t\t\t\t<div id=\"thumbnailsgallery64349\" class=\"slideshow-thumbnails thumbsbot\">\n\t\t\t\t<div class=\"slideshow-slideleft\" id=\"slideleftgallery64349\" title=\"Slide Left\"><\/div>\n\t\t\t\t<div class=\"slideshow-slidearea\" id=\"slideareagallery64349\">\n\t\t\t\t\t<div class=\"slideshow-slider\" id=\"slidergallery64349\"><\/div>\n\t\t\t\t<\/div>\n\t\t\t\t<div class=\"slideshow-slideright\" id=\"sliderightgallery64349\" title=\"Slide Right\"><\/div>\n\t\t\t\t<br style=\"clear:both; visibility:hidden; height:1px;\" \/>\n\t\t\t<\/div>\n\t\t\t<\/div>\n\t\n\t\n\t<!-- Slideshow Gallery Javascript BEG -->\t\t<script type=\"text\/javascript\">\tjQuery.noConflict();\ttid('slideshowgallery64349').style.display = \"none\";\ttid('slideshow-wrappergallery64349').style.display = 'block';\ttid('slideshow-wrappergallery64349').style.visibility = 'hidden';\tvar spinnerDiv = document.createElement('div');\tspinnerDiv.setAttribute('id', 'spinnergallery64349');\tspinnerDiv.innerHTML = '<i class=\"fa fa-cog fa-spin\"><\/i>';\tjQuery(spinnerDiv).appendTo('#fullsizegallery64349');\ttid('spinnergallery64349').style.visibility = 'visible';\tvar slideshowgallery64349 = new TINY.slideshow(\"slideshowgallery64349\");\tjQuery(document).ready(function() {\t\tslideshowgallery64349.auto = true;\t\tslideshowgallery64349.speed = 10;\t\tslideshowgallery64349.effect = \"fade\";\t\tslideshowgallery64349.slide_direction = \"lr\";\t\tslideshowgallery64349.easing = \"swing\";\t\tslideshowgallery64349.alwaysauto = true;\t\tslideshowgallery64349.autoheight = true;\t\tslideshowgallery64349.autoheight_max = false;\t\tslideshowgallery64349.imgSpeed = 10;\t\tslideshowgallery64349.navOpacity = 25;\t\tslideshowgallery64349.navHover = 70;\t\tslideshowgallery64349.letterbox = \"#000000\";\t\tslideshowgallery64349.linkclass = \"linkhover\";\t\tslideshowgallery64349.imagesid = \"imagesgallery64349\";\t\tslideshowgallery64349.info = \"\";\t\tslideshowgallery64349.infoonhover = 0;\t\tslideshowgallery64349.infoSpeed = 10;\t\tslideshowgallery64349.infodelay = 0;\t\tslideshowgallery64349.infofade = 0;\t\tslideshowgallery64349.infofadedelay = 0;\t\tslideshowgallery64349.thumbs = \"slidergallery64349\";\t\tslideshowgallery64349.thumbOpacity = 70;\t\tslideshowgallery64349.left = \"slideleftgallery64349\";\t\tslideshowgallery64349.right = \"sliderightgallery64349\";\t\tslideshowgallery64349.scrollSpeed = 5;\t\tslideshowgallery64349.spacing = 5;\t\tslideshowgallery64349.active = \"#ffffff\";\t\tslideshowgallery64349.imagesthickbox = \"false\";\t\tjQuery(\"#spinnergallery64349\").remove();\t\tslideshowgallery64349.init(\"slideshowgallery64349\",\"imagegallery64349\",\"imgprevgallery64349\",\"imgnextgallery64349\",\"imglinkgallery64349\");\t\ttid('slideshow-wrappergallery64349').style.visibility = 'visible';\t\tjQuery(window).trigger('resize');\t\t\t\t\t});\t\t\t<\/script>\t\t<!-- Slideshow Gallery Javascript END --><!-- Slideshow Gallery CSS BEG --><style id=\"style-gallery64349\">\t\tul.slideshowgallery64349 { list-style:none !important; color:#fff; }\n\t\tul.slideshowgallery64349 span { display:none; }\n\t\t#slideshow-wrappergallery64349 { overflow: hidden; position:relative; width:100%; background:#020202; padding:0 0 0 0; border:; margin:0; display:none; }\n\t\t#slideshow-wrappergallery64349 * { margin:0; padding:0; }\n\t\t#slideshow-wrappergallery64349 #fullsizegallery64349 { position:relative; z-index:1; overflow:hidden; width:100%; height:460px; clear:both; border: none; }\n\t\t#slideshow-wrappergallery64349 #informationgallery64349 { text-align:left; font-family:Verdana, Arial, Helvetica, sans-serif !important; position:absolute; width:100%; height:0; background:#000000; color:#ffffff; overflow:hidden; z-index:300; opacity:.7; filter:alpha(opacity=70); }\n\t\t#slideshow-wrappergallery64349 #informationgallery64349 h3 { color:#ffffff; padding:4px 8px 3px; margin:0 !important; font-size:16px; font-weight:bold; }\n\t\t#slideshow-wrappergallery64349 #informationgallery64349 a { color:#ffffff; }\n\t\t#slideshow-wrappergallery64349 #informationgallery64349 p { color:#ffffff; padding:0 8px 8px; margin:0 !important; font-size: 14px; font-weight:normal; }\n\t\t#slideshow-wrappergallery64349 .infotop { margin-bottom:8px !important; top:0!important; }\n\t\t#slideshow-wrappergallery64349 .infobottom { margin-top:8px !important; bottom:0!important; }\n\t\t\t\t\t#slideshow-wrappergallery64349 #imagegallery64349 { width:100%; }\n\t\t\t#slideshow-wrappergallery64349 #imagegallery64349 img { border:none; border-radius:0; box-shadow:none; position:absolute; left:0%; right:0%; max-height:100%; max-width:100%; margin:0 auto; display:block; }\n\t\t\t\t#slideshow-wrappergallery64349 .imgnav { position:absolute; width:25%; height:100%; cursor:pointer; z-index:250; }\n\t\t#slideshow-wrappergallery64349 #imgprevgallery64349:before { font-family:FontAwesome; content:\"\\f053\"; font-size:30px; color:white; visibility:visible; left:0; text-align:left; width: auto; height:auto; line-height:160%; top:50%; margin:-30px 0 0 0; border-radius:0 10px 10px 0; background:black; padding:3px 10px 0 10px; position: absolute; display: inline-block; \t}\n\t\t#slideshow-wrappergallery64349 #imgprevgallery64349 { display:none; -moz-user-select: none; -khtml-user-select: none; -webkit-user-select: none; -o-user-select: none; left:0; font-size:0px; }\n\t\t#slideshow-wrappergallery64349 #imgnextgallery64349:before { font-family:FontAwesome; content:\"\\f054\"; font-size:30px; color:white; visibility:visible; right:0; text-align:right; width: auto; height:auto; line-height:160%; top:50%; margin:-30px 0 0 0; border-radius:10px 0 0 10px; background:black; padding:3px 10px 0 10px; position: absolute; display: inline-block; }\n\t\t#slideshow-wrappergallery64349 #imgnextgallery64349 { display:none; -moz-user-select: none; -khtml-user-select: none; -webkit-user-select: none; -o-user-select: none; right:0; font-size:0px; }\n\t\t#slideshow-wrappergallery64349 #imglinkgallery64349 { position:absolute; zoom:1; background-color:#ffffff; height:100%; width:100%; left:0; z-index:149; opacity:0; filter:alpha(opacity=0); }\n\t\t#slideshow-wrappergallery64349 .linkhover:before { font-family:FontAwesome; content:\"\\f14c\"; font-size:30px; text-align:center; height:auto; line-height:160%; width:auto; top:50%; left:auto; right:auto; margin:-30px 0 0 0; padding:0px 12px; display: inline-block; position: relative; background:black; color:white; border-radius:10px; }\n\t\t#slideshow-wrappergallery64349 .linkhover { background:transparent !important; opacity:.4 !important; filter:alpha(opacity=40) !important; text-align:center; font-size:0px; }\n\t\t#slideshow-wrappergallery64349 #thumbnailsgallery64349 { background:#020202; height:89px; width:100%; position:relative; overflow:hidden; }\n\t\t#slideshow-wrappergallery64349 .thumbstop { margin-bottom:8px !important; }\n\t\t#slideshow-wrappergallery64349 .thumbsbot { margin-top:8px !important; }\n\t\t#slideshow-wrappergallery64349 #slideleftgallery64349:before { font-family:FontAwesome; content: \"\\f104\"; color:#999; position: absolute; height: auto; line-height:160%; width: auto; display: inline-block; top: 50%; font-size: 30px; margin: -30px 0 0 0; padding: 0 5px; }\n\t\t#slideshow-wrappergallery64349 #slideleftgallery64349 { text-align:left; float:left; position:absolute; left:0; z-index:150; width:20px; height:89px; background:#222; }\n\t\t#slideshow-wrappergallery64349 #slideleftgallery64349:hover { background-color:#333; }\n\t\t#slideshow-wrappergallery64349 #sliderightgallery64349:before { font-family:FontAwesome; content: \"\\f105\"; color:#999; position: absolute; height: auto; line-height:160%; width: auto; display: inline-block; top: 50%; font-size: 30px; margin: -30px 0 0 0; padding: 0 5px; }\n\t\t#slideshow-wrappergallery64349 #sliderightgallery64349 { text-align:left; float:right; position:absolute; right:0; z-index:150; width:20px; height:89px; background:#222; }\n\t\t#slideshow-wrappergallery64349 #sliderightgallery64349:hover { background-color:#333; }\n\t\t#slideshow-wrappergallery64349 #slideareagallery64349 { float:left; position:absolute; z-index:149; background:#020202; width:100%; margin:0; height:89px; overflow:hidden; }\n\t\t#slideshow-wrappergallery64349 #slidergallery64349 { position:absolute; width:726px !important; left:0; height:89px; padding:3px 20px 0 25px; }\n\t\t#slideshow-wrappergallery64349 #slidergallery64349 img { width:100px; height:75px; cursor:pointer; border:1px solid #666; padding:2px; float:left !important; }\n\t\t#slideshow-wrappergallery64349 #spinnergallery64349 { position:relative; top:50%; left:45%; text-align:left; font-size:30px; }\n\t\t#slideshow-wrappergallery64349 #spinnergallery64349 img { border:none; }\n\t\n\t\t\t\t@media (max-width:480px) { \t.slideshow-information { display: none !important; } }\n\t\t\t\t\t\t@media (max-width:480px) { \t.slideshow-thumbnails { display: none !important; } }\n\t\t\t<\/style><!-- Slideshow Gallery CSS END --><\/code><\/td><\/tr><\/tbody><\/table><figcaption class=\"wp-element-caption\">Fotos por Toni Torrillas i Alalon<\/figcaption><\/figure>\n<\/div>\n<\/div>\n\n\n\n<p><\/p>\n","protected":false},"excerpt":{"rendered":"<p>El mural de Dase, en la Garriga, nominado a Mejor Mural del Mundo 2024 Titulado \u201cLa vida \u00e9s un vol\u201d ya fue premiado como Mejor Mural del Mundo del mes de agosto de 2024 Un mural realizado a iniciativa de<span class=\"ellipsis\">&hellip;<\/span><\/p>\n<div class=\"read-more\"><a href=\"https:\/\/www.artsituacions.com\/es\/noticias\/el-mural-de-dase-en-la-garriga-nominado-a-mejor-mural-del-mundo\/\">Leer m\u00e1s \u203a<\/a><\/div>\n<p><!-- end of .read-more --><\/p>\n","protected":false},"author":1,"featured_media":3081,"comment_status":"closed","ping_status":"closed","sticky":false,"template":"","format":"standard","meta":[],"categories":[12],"tags":[],"post_formats":[],"yoast_head":"<!-- This site is optimized with the Yoast SEO plugin v17.8 - https:\/\/yoast.com\/wordpress\/plugins\/seo\/ -->\n<meta name=\"robots\" content=\"index, follow, max-snippet:-1, max-image-preview:large, max-video-preview:-1\" \/>\n<link rel=\"canonical\" href=\"https:\/\/www.artsituacions.com\/es\/noticias\/el-mural-de-dase-en-la-garriga-nominado-a-mejor-mural-del-mundo\/\" \/>\n<meta property=\"og:locale\" content=\"es_ES\" \/>\n<meta property=\"og:type\" content=\"article\" \/>\n<meta property=\"og:title\" content=\"El mural de Dase, en la Garriga, nominado a Mejor Mural del Mundo 2024\" \/>\n<meta property=\"og:description\" content=\"El mural de Dase, en la Garriga, nominado a Mejor Mural del Mundo 2024 Titulado \u201cLa vida \u00e9s un vol\u201d ya fue premiado como Mejor Mural del Mundo del mes de agosto de 2024 Un mural realizado a iniciativa de&hellip;Leer m\u00e1s \u203a\" \/>\n<meta property=\"og:url\" content=\"https:\/\/www.artsituacions.com\/es\/noticias\/el-mural-de-dase-en-la-garriga-nominado-a-mejor-mural-del-mundo\/\" \/>\n<meta property=\"og:site_name\" content=\"Artsituacions\" \/>\n<meta property=\"article:published_time\" content=\"2025-01-23T18:36:09+00:00\" \/>\n<meta property=\"article:modified_time\" content=\"2025-01-23T19:09:41+00:00\" \/>\n<meta property=\"og:image\" content=\"https:\/\/www.artsituacions.com\/wp-content\/uploads\/2025\/01\/dase_01.jpg\" \/>\n\t<meta property=\"og:image:width\" content=\"909\" \/>\n\t<meta property=\"og:image:height\" content=\"601\" \/>\n<meta name=\"twitter:card\" content=\"summary_large_image\" \/>\n<meta name=\"twitter:label1\" content=\"Escrito por\" \/>\n\t<meta name=\"twitter:data1\" content=\"maria\" \/>\n\t<meta name=\"twitter:label2\" content=\"Tiempo de lectura\" \/>\n\t<meta name=\"twitter:data2\" content=\"3 minutos\" \/>\n<script type=\"application\/ld+json\" class=\"yoast-schema-graph\">{\"@context\":\"https:\/\/schema.org\",\"@graph\":[{\"@type\":\"WebSite\",\"@id\":\"https:\/\/www.artsituacions.com\/es\/#website\",\"url\":\"https:\/\/www.artsituacions.com\/es\/\",\"name\":\"Artsituacions\",\"description\":\"\",\"potentialAction\":[{\"@type\":\"SearchAction\",\"target\":{\"@type\":\"EntryPoint\",\"urlTemplate\":\"https:\/\/www.artsituacions.com\/es\/?s={search_term_string}\"},\"query-input\":\"required name=search_term_string\"}],\"inLanguage\":\"es-ES\"},{\"@type\":\"ImageObject\",\"@id\":\"https:\/\/www.artsituacions.com\/es\/noticias\/el-mural-de-dase-en-la-garriga-nominado-a-mejor-mural-del-mundo\/#primaryimage\",\"inLanguage\":\"es-ES\",\"url\":\"https:\/\/www.artsituacions.com\/wp-content\/uploads\/2025\/01\/dase_01.jpg\",\"contentUrl\":\"https:\/\/www.artsituacions.com\/wp-content\/uploads\/2025\/01\/dase_01.jpg\",\"width\":909,\"height\":601},{\"@type\":\"WebPage\",\"@id\":\"https:\/\/www.artsituacions.com\/es\/noticias\/el-mural-de-dase-en-la-garriga-nominado-a-mejor-mural-del-mundo\/#webpage\",\"url\":\"https:\/\/www.artsituacions.com\/es\/noticias\/el-mural-de-dase-en-la-garriga-nominado-a-mejor-mural-del-mundo\/\",\"name\":\"[:es]El mural de Dase, en la Garriga, nominado a Mejor Mural del Mundo 2024[:ca]El mural de Dase, a la Garriga, nominat a Millor Mural del M\\u00f3n 2024[:en]Dase's Mural in La Garriga Nominated for Best Mural in the World 2024[:] - Artsituacions\",\"isPartOf\":{\"@id\":\"https:\/\/www.artsituacions.com\/es\/#website\"},\"primaryImageOfPage\":{\"@id\":\"https:\/\/www.artsituacions.com\/es\/noticias\/el-mural-de-dase-en-la-garriga-nominado-a-mejor-mural-del-mundo\/#primaryimage\"},\"datePublished\":\"2025-01-23T18:36:09+00:00\",\"dateModified\":\"2025-01-23T19:09:41+00:00\",\"author\":{\"@id\":\"https:\/\/www.artsituacions.com\/es\/#\/schema\/person\/3d37438f4bd373cb842fb92a55dae3d0\"},\"breadcrumb\":{\"@id\":\"https:\/\/www.artsituacions.com\/es\/noticias\/el-mural-de-dase-en-la-garriga-nominado-a-mejor-mural-del-mundo\/#breadcrumb\"},\"inLanguage\":\"es-ES\",\"potentialAction\":[{\"@type\":\"ReadAction\",\"target\":[\"https:\/\/www.artsituacions.com\/es\/noticias\/el-mural-de-dase-en-la-garriga-nominado-a-mejor-mural-del-mundo\/\"]}]},{\"@type\":\"BreadcrumbList\",\"@id\":\"https:\/\/www.artsituacions.com\/es\/noticias\/el-mural-de-dase-en-la-garriga-nominado-a-mejor-mural-del-mundo\/#breadcrumb\",\"itemListElement\":[{\"@type\":\"ListItem\",\"position\":1,\"name\":\"Home\",\"item\":\"https:\/\/www.artsituacions.com\/es\/\"},{\"@type\":\"ListItem\",\"position\":2,\"name\":\"Noticias\",\"item\":\"https:\/\/www.artsituacions.com\/it\/category\/noticias\/\"},{\"@type\":\"ListItem\",\"position\":3,\"name\":\"El mural de Dase, en la Garriga, nominado a Mejor Mural del Mundo 2024\"}]},{\"@type\":\"Person\",\"@id\":\"https:\/\/www.artsituacions.com\/es\/#\/schema\/person\/3d37438f4bd373cb842fb92a55dae3d0\",\"name\":\"maria\",\"image\":{\"@type\":\"ImageObject\",\"@id\":\"https:\/\/www.artsituacions.com\/es\/#personlogo\",\"inLanguage\":\"es-ES\",\"url\":\"https:\/\/secure.gravatar.com\/avatar\/5e917d4d501b3a16916d469da41efaf8?s=96&d=mm&r=g\",\"contentUrl\":\"https:\/\/secure.gravatar.com\/avatar\/5e917d4d501b3a16916d469da41efaf8?s=96&d=mm&r=g\",\"caption\":\"maria\"},\"url\":\"https:\/\/www.artsituacions.com\/es\/author\/maria\/\"}]}<\/script>\n<!-- \/ Yoast SEO plugin. -->","yoast_head_json":{"robots":{"index":"index","follow":"follow","max-snippet":"max-snippet:-1","max-image-preview":"max-image-preview:large","max-video-preview":"max-video-preview:-1"},"canonical":"https:\/\/www.artsituacions.com\/es\/noticias\/el-mural-de-dase-en-la-garriga-nominado-a-mejor-mural-del-mundo\/","og_locale":"es_ES","og_type":"article","og_title":"[:es]El mural de Dase, en la Garriga, nominado a Mejor Mural del Mundo 2024[:ca]El mural de Dase, a la Garriga, nominat a Millor Mural del M\u00f3n 2024[:en]Dase's Mural in La Garriga Nominated for Best Mural in the World 2024[:] - Artsituacions","og_description":"El mural de Dase, en la Garriga, nominado a Mejor Mural del Mundo 2024 Titulado \u201cLa vida \u00e9s un vol\u201d ya fue premiado como Mejor Mural del Mundo del mes de agosto de 2024 Un mural realizado a iniciativa de&hellip;Leer m\u00e1s \u203a","og_url":"https:\/\/www.artsituacions.com\/es\/noticias\/el-mural-de-dase-en-la-garriga-nominado-a-mejor-mural-del-mundo\/","og_site_name":"Artsituacions","article_published_time":"2025-01-23T18:36:09+00:00","article_modified_time":"2025-01-23T19:09:41+00:00","og_image":[{"width":909,"height":601,"url":"https:\/\/www.artsituacions.com\/wp-content\/uploads\/2025\/01\/dase_01.jpg","type":"image\/jpeg"}],"twitter_card":"summary_large_image","twitter_misc":{"Escrito por":"maria","Tiempo de lectura":"3 minutos"},"schema":{"@context":"https:\/\/schema.org","@graph":[{"@type":"WebSite","@id":"https:\/\/www.artsituacions.com\/es\/#website","url":"https:\/\/www.artsituacions.com\/es\/","name":"Artsituacions","description":"","potentialAction":[{"@type":"SearchAction","target":{"@type":"EntryPoint","urlTemplate":"https:\/\/www.artsituacions.com\/es\/?s={search_term_string}"},"query-input":"required name=search_term_string"}],"inLanguage":"es-ES"},{"@type":"ImageObject","@id":"https:\/\/www.artsituacions.com\/es\/noticias\/el-mural-de-dase-en-la-garriga-nominado-a-mejor-mural-del-mundo\/#primaryimage","inLanguage":"es-ES","url":"https:\/\/www.artsituacions.com\/wp-content\/uploads\/2025\/01\/dase_01.jpg","contentUrl":"https:\/\/www.artsituacions.com\/wp-content\/uploads\/2025\/01\/dase_01.jpg","width":909,"height":601},{"@type":"WebPage","@id":"https:\/\/www.artsituacions.com\/es\/noticias\/el-mural-de-dase-en-la-garriga-nominado-a-mejor-mural-del-mundo\/#webpage","url":"https:\/\/www.artsituacions.com\/es\/noticias\/el-mural-de-dase-en-la-garriga-nominado-a-mejor-mural-del-mundo\/","name":"[:es]El mural de Dase, en la Garriga, nominado a Mejor Mural del Mundo 2024[:ca]El mural de Dase, a la Garriga, nominat a Millor Mural del M\u00f3n 2024[:en]Dase's Mural in La Garriga Nominated for Best Mural in the World 2024[:] - Artsituacions","isPartOf":{"@id":"https:\/\/www.artsituacions.com\/es\/#website"},"primaryImageOfPage":{"@id":"https:\/\/www.artsituacions.com\/es\/noticias\/el-mural-de-dase-en-la-garriga-nominado-a-mejor-mural-del-mundo\/#primaryimage"},"datePublished":"2025-01-23T18:36:09+00:00","dateModified":"2025-01-23T19:09:41+00:00","author":{"@id":"https:\/\/www.artsituacions.com\/es\/#\/schema\/person\/3d37438f4bd373cb842fb92a55dae3d0"},"breadcrumb":{"@id":"https:\/\/www.artsituacions.com\/es\/noticias\/el-mural-de-dase-en-la-garriga-nominado-a-mejor-mural-del-mundo\/#breadcrumb"},"inLanguage":"es-ES","potentialAction":[{"@type":"ReadAction","target":["https:\/\/www.artsituacions.com\/es\/noticias\/el-mural-de-dase-en-la-garriga-nominado-a-mejor-mural-del-mundo\/"]}]},{"@type":"BreadcrumbList","@id":"https:\/\/www.artsituacions.com\/es\/noticias\/el-mural-de-dase-en-la-garriga-nominado-a-mejor-mural-del-mundo\/#breadcrumb","itemListElement":[{"@type":"ListItem","position":1,"name":"Home","item":"https:\/\/www.artsituacions.com\/es\/"},{"@type":"ListItem","position":2,"name":"Noticias","item":"https:\/\/www.artsituacions.com\/it\/category\/noticias\/"},{"@type":"ListItem","position":3,"name":"El mural de Dase, en la Garriga, nominado a Mejor Mural del Mundo 2024"}]},{"@type":"Person","@id":"https:\/\/www.artsituacions.com\/es\/#\/schema\/person\/3d37438f4bd373cb842fb92a55dae3d0","name":"maria","image":{"@type":"ImageObject","@id":"https:\/\/www.artsituacions.com\/es\/#personlogo","inLanguage":"es-ES","url":"https:\/\/secure.gravatar.com\/avatar\/5e917d4d501b3a16916d469da41efaf8?s=96&d=mm&r=g","contentUrl":"https:\/\/secure.gravatar.com\/avatar\/5e917d4d501b3a16916d469da41efaf8?s=96&d=mm&r=g","caption":"maria"},"url":"https:\/\/www.artsituacions.com\/es\/author\/maria\/"}]}},"AFP_featured_media_urls":{"full":["https:\/\/www.artsituacions.com\/wp-content\/uploads\/2025\/01\/dase_01.jpg",909,601,false],"thumbnail":["https:\/\/www.artsituacions.com\/wp-content\/uploads\/2025\/01\/dase_01.jpg",100,66,false],"medium":["https:\/\/www.artsituacions.com\/wp-content\/uploads\/2025\/01\/dase_01.jpg",300,198,false],"medium_large":["https:\/\/www.artsituacions.com\/wp-content\/uploads\/2025\/01\/dase_01.jpg",605,400,false],"large":["https:\/\/www.artsituacions.com\/wp-content\/uploads\/2025\/01\/dase_01.jpg",605,400,false]},"AFP_attachments":{"full":["https:\/\/www.artsituacions.com\/wp-content\/uploads\/2025\/01\/dase_01.jpg",909,601,false],"thumbnail":["https:\/\/www.artsituacions.com\/wp-content\/uploads\/2025\/01\/dase_01.jpg",100,66,false],"medium":["https:\/\/www.artsituacions.com\/wp-content\/uploads\/2025\/01\/dase_01.jpg",300,198,false],"medium_large":["https:\/\/www.artsituacions.com\/wp-content\/uploads\/2025\/01\/dase_01.jpg",605,400,false],"large":["https:\/\/www.artsituacions.com\/wp-content\/uploads\/2025\/01\/dase_01.jpg",605,400,false]},"AFP_videos":[],"AFP_video_blocks":"","AFP_category_names":["Noticias"],"_links":{"self":[{"href":"https:\/\/www.artsituacions.com\/es\/wp-json\/wp\/v2\/posts\/3080"}],"collection":[{"href":"https:\/\/www.artsituacions.com\/es\/wp-json\/wp\/v2\/posts"}],"about":[{"href":"https:\/\/www.artsituacions.com\/es\/wp-json\/wp\/v2\/types\/post"}],"author":[{"embeddable":true,"href":"https:\/\/www.artsituacions.com\/es\/wp-json\/wp\/v2\/users\/1"}],"replies":[{"embeddable":true,"href":"https:\/\/www.artsituacions.com\/es\/wp-json\/wp\/v2\/comments?post=3080"}],"version-history":[{"count":9,"href":"https:\/\/www.artsituacions.com\/es\/wp-json\/wp\/v2\/posts\/3080\/revisions"}],"predecessor-version":[{"id":3102,"href":"https:\/\/www.artsituacions.com\/es\/wp-json\/wp\/v2\/posts\/3080\/revisions\/3102"}],"wp:featuredmedia":[{"embeddable":true,"href":"https:\/\/www.artsituacions.com\/es\/wp-json\/wp\/v2\/media\/3081"}],"wp:attachment":[{"href":"https:\/\/www.artsituacions.com\/es\/wp-json\/wp\/v2\/media?parent=3080"}],"wp:term":[{"taxonomy":"category","embeddable":true,"href":"https:\/\/www.artsituacions.com\/es\/wp-json\/wp\/v2\/categories?post=3080"},{"taxonomy":"post_tag","embeddable":true,"href":"https:\/\/www.artsituacions.com\/es\/wp-json\/wp\/v2\/tags?post=3080"},{"taxonomy":"post_format","embeddable":true,"href":"https:\/\/www.artsituacions.com\/es\/wp-json\/wp\/v2\/post_formats?post=3080"}],"curies":[{"name":"wp","href":"https:\/\/api.w.org\/{rel}","templated":true}]}}