{"id":3217,"date":"2026-02-18T19:40:46","date_gmt":"2026-02-18T19:40:46","guid":{"rendered":"https:\/\/www.artsituacions.com\/es\/?p=3217"},"modified":"2026-02-18T19:59:11","modified_gmt":"2026-02-18T19:59:11","slug":"esart-situacions-colabora-con-el-museo-nacional-thyssen-bornemisza-en-la-nueva-exposicion-de-irma-alvarez-laviadacapremi-pilar-forcada-art-situacions-arcomadrid-2026enpilar-forcada","status":"publish","type":"post","link":"https:\/\/www.artsituacions.com\/es\/noticias\/esart-situacions-colabora-con-el-museo-nacional-thyssen-bornemisza-en-la-nueva-exposicion-de-irma-alvarez-laviadacapremi-pilar-forcada-art-situacions-arcomadrid-2026enpilar-forcada\/","title":{"rendered":"ART Situacions colabora con el Museo Nacional Thyssen Bornemisza en la nueva exposici\u00f3n de Irma \u00c1lvarez Laviada"},"content":{"rendered":"\n<div class=\"wp-block-columns is-layout-flex wp-container-3\">\n<div class=\"wp-block-column is-layout-flow\" style=\"flex-basis:300px\">\n<figure class=\"wp-block-image size-full\"><img decoding=\"async\" loading=\"lazy\" width=\"250\" height=\"250\" src=\"https:\/\/www.artsituacions.com\/wp-content\/uploads\/2022\/01\/artsituacions.jpeg\" alt=\"\" class=\"wp-image-1795\"\/><\/figure>\n<\/div>\n\n\n\n<div class=\"wp-block-column is-layout-flow\" style=\"flex-basis:85%\">\n<h2 class=\"wp-block-heading\"><strong>ART Situacions colabora con el Museo Nacional Thyssen Bornemisza en la nueva exposici\u00f3n de Irma \u00c1lvarez Laviada <\/strong><\/h2>\n\n\n\n<p><em>La artista, que recibi\u00f3 el Premio Pilar Forcada ART Situacions en ARCOmadrid  2022, protagoniza la novena entrega del programa Kora del museo madrile\u00f1o. <\/em><\/p>\n\n\n\n<p><em>ART Situacions reafirma su compromiso con el mecenazgo emergente cediendo  dos piezas clave de su colecci\u00f3n para la muestra \u00abDentro y fuera del marco\u00bb.  \n<\/em><\/p>\n\n\n\n<p><\/p>\n\n\n\n<p><strong>Madrid\/La Garriga, 19 de febrero de 2026.-<\/strong> ART Situacions se enorgullece de anunciar su  colaboraci\u00f3n en la pr\u00f3xima exposici\u00f3n temporal de Irma \u00c1lvarez-Laviada, titulada Dentro y fuera del  marco, que tendr\u00e1 lugar en el Museo Nacional Thyssen-Bornemisza del 23 de febrero al 3 de mayo de  2026. Para esta ocasi\u00f3n tan se\u00f1alada, ART Situacions ceder\u00e1 dos obras de su colecci\u00f3n propia,  consolidando as\u00ed su apoyo continuo a una de las voces m\u00e1s relevantes del arte contempor\u00e1neo  actual. \n<\/p>\n\n\n\n<p>\nLa exposici\u00f3n, comisariada por Roc\u00edo de la Villa en el marco del programa Kora (dedicado a proyectos  con perspectiva de g\u00e9nero), propone un di\u00e1logo entre los materiales industriales y las jerarqu\u00edas del  arte occidental. En este contexto, las obras cedidas por ART Situacions resultan fundamentales para  entender la evoluci\u00f3n de la artista hacia una abstracci\u00f3n geom\u00e9trica cr\u00edtica que cuestiona los l\u00edmites  del marco y la materialidad de la pintura. \n<\/p>\n\n\n\n<p><strong>Un v\u00ednculo de \u00e9xito: de ARCOmadrid al Thyssen. <\/strong>\n<\/p>\n\n\n\n<p>\nLa relaci\u00f3n entre ART Situacions e Irma \u00c1lvarez Laviada se consolid\u00f3 en el a\u00f1o 2022, cuando la artista fue galardonada con el Premio Pilar Forcada  ART Situacions en la feria ARCOmadrid. Este reconocimiento, valorado en 15.000 \u20ac, no solo supuso la  incorporaci\u00f3n de piezas de la artista a la colecci\u00f3n de la fundaci\u00f3n, sino que reafirm\u00f3 la misi\u00f3n de ART  Situacions como motor de visibilidad para el talento emergente. \n<\/p>\n\n\n\n<p>\n\u00abVer c\u00f3mo una de nuestras artistas premiadas llega a una instituci\u00f3n de prestigio mundial como el  Museo Thyssen es la confirmaci\u00f3n de que nuestro modelo de mecenazgo funciona\u00bb, afirma Marcel  Pascual, director de ART Situacions. \u00abEl Premio Pilar Forcada naci\u00f3 con la voluntad de detectar e  impulsar a creadores con una visi\u00f3n singular, y el recorrido de Irma es el mejor ejemplo de ello.\u00bb\n<\/p>\n\n\n\n<p>\nLa exposici\u00f3n podr\u00e1 visitarse en las salas Postpop del museo (planta primera) y permanecer\u00e1 abierta  hasta el 3 de mayo de 2026. \n<\/p>\n\n\n\n<p><strong>\nDatos de inter\u00e9s: \n<\/strong>\n<\/p>\n\n\n\n<p>\u2022 Exposici\u00f3n: Irma \u00c1lvarez-Laviada. Dentro y fuera del marco.  <br>\u2022 Fechas: Del 23 de febrero al 3 de mayo de 2026.  <br>\u2022 Lugar: Museo Nacional Thyssen-Bornemisza, Madrid.  <br>\u2022 M\u00e1s informaci\u00f3n: www.artsituacions.com | www.museothyssen.org <\/p>\n\n\n\n<figure class=\"wp-block-image size-full\"><img decoding=\"async\" loading=\"lazy\" width=\"1200\" height=\"900\" src=\"https:\/\/www.artsituacions.com\/wp-content\/uploads\/2022\/03\/foto_prensa1_irmaalvarezlaviada.jpg\" alt=\"\" class=\"wp-image-1974\"\/><figcaption class=\"wp-element-caption\">Irma \u00c1lvarez-Laviada con la obra ganadora del Premio Pilar Forcada ART Situacions en 2022<\/figcaption><\/figure>\n\n\n\n<p>&nbsp;<br><strong>Un proyecto de mecenazgo y pasi\u00f3n por el arte <\/strong><\/p>\n\n\n\n<p>Conscientes de la escasez de oportunidades que afronta el sector m\u00e1s joven del arte actual, ART  Situacions, que surge del deseo personal del matrimonio de coleccionistas catalanes Pilar Forcada y  Marcel Pascual de contribuir a dinamizar el tejido art\u00edstico, nace en 2011 para promocionar el arte  emergente a trav\u00e9s de un apoyo econ\u00f3mico destinado a la creaci\u00f3n. Fruto de ello se han celebrado ya  tres ediciones. La primera tuvo lugar en 2012 con Portugal como pa\u00eds invitado y cont\u00f3 con la  participaci\u00f3n de los artistas espa\u00f1oles Patricia Dauder, Pepe Cifuentes, Francesc Ruiz, Juan L\u00f3pez  D\u00edez, Miki Leal, Jaime de la Jara, Santiago Giralda, Nuria Fuster y los portugueses Mauro Cerqueira y  Carla Filipe. La segunda se celebr\u00f3 en 2016 con los artistas italianos Ludovica Carbotta, Gabriele de  Santis, Anna Franceschini, Diego Marcon y Alek O. y los espa\u00f1oles Miren Doiz, Jos\u00e9 Guerrero, Rub\u00e9n  Guerrero, Teresa Solar Abboud y Anna Talens. Finalmente, la tercera estrech\u00f3 lazos con Francia y puso  en di\u00e1logo la obra de cinco artistas espa\u00f1oles y cinco franceses: Elena Aitzkoa, Nora Aurrekoetxea,  Luc\u00eda Bay\u00f3n, Aleix Plademunt y Pablo Capit\u00e1n del R\u00edo y los franceses Salom\u00e9 Chatriot, Marie-Luce  Nadal, Beno\u00eet Pi\u00e9ron, Elsa Br\u00e8s y Yoan Sorin, que fueron seleccionades por un comit\u00e9 formado por  Mar\u00eda de Corral, Lorena Mart\u00ednez de Corral, Chus Mart\u00ednez y Vicent Todol\u00ed.  \n<\/p>\n\n\n\n<p>Tras el fallecimiento de Pilar Forcada en 2021, su marido Marcel Pascual, coleccionista y director  general de Honda-Greens, ha asumido la direcci\u00f3n de ART Situacions con la voluntad de dar  continuidad al proyecto en memoria de su mujer y a su pasi\u00f3n compartida por el arte durante m\u00e1s de  50 a\u00f1os. \u201cDurante casi medio siglo hemos construido juntos una colecci\u00f3n ecl\u00e9ctica y diversa, donde  al lado de artistas reconocidos incorporamos trabajos de promesas emergentes\u201d, afirma Marcel  Pascual. \u201cNos ha dado muchas alegr\u00edas haber contribuido con nuestro respaldo a que un buen  pu\u00f1ado de artistas hayan podido dedicarse exclusivamente a la creaci\u00f3n\u201d. \n<\/p>\n\n\n\n<p>Adem\u00e1s, entre 2017 y 2022 ART Situacions convoc\u00f3 el premio anual ART Situacions ARCOmadrid para  premiar la mejor obra de arte emergente de la feria. Sus premiados han sido: Antonio Ballester Moreno  (2017), Carlos Irijalba (2018), Patricia G\u00f3mez y Mar\u00eda Jes\u00fas Gonz\u00e1lez (2019), Asunci\u00f3n Molinos Gordo  (2020), Irma \u00c1lvarez-Laviada (2022) y Lara Flux\u00e0 (2025). \n<\/p>\n\n\n\n<h3 class=\"wp-block-heading\"> <\/h3>\n\n\n\n<h3 class=\"wp-block-heading\">&nbsp;<\/h3>\n\n\n\n<p><\/p>\n\n\n\n<p><\/p>\n<\/div>\n<\/div>\n\n\n\n<p><\/p>\n","protected":false},"excerpt":{"rendered":"<p>ART Situacions colabora con el Museo Nacional Thyssen Bornemisza en la nueva exposici\u00f3n de Irma \u00c1lvarez Laviada La artista, que recibi\u00f3 el Premio Pilar Forcada ART Situacions en ARCOmadrid 2022, protagoniza la novena entrega del programa Kora del museo madrile\u00f1o.<span class=\"ellipsis\">&hellip;<\/span><\/p>\n<div class=\"read-more\"><a href=\"https:\/\/www.artsituacions.com\/es\/noticias\/esart-situacions-colabora-con-el-museo-nacional-thyssen-bornemisza-en-la-nueva-exposicion-de-irma-alvarez-laviadacapremi-pilar-forcada-art-situacions-arcomadrid-2026enpilar-forcada\/\">Leer m\u00e1s \u203a<\/a><\/div>\n<p><!-- end of .read-more --><\/p>\n","protected":false},"author":1,"featured_media":1974,"comment_status":"closed","ping_status":"closed","sticky":false,"template":"","format":"standard","meta":[],"categories":[12],"tags":[],"post_formats":[],"yoast_head":"<!-- This site is optimized with the Yoast SEO plugin v17.8 - https:\/\/yoast.com\/wordpress\/plugins\/seo\/ -->\n<meta name=\"robots\" content=\"index, follow, max-snippet:-1, max-image-preview:large, max-video-preview:-1\" \/>\n<link rel=\"canonical\" href=\"https:\/\/www.artsituacions.com\/es\/noticias\/esart-situacions-colabora-con-el-museo-nacional-thyssen-bornemisza-en-la-nueva-exposicion-de-irma-alvarez-laviadacapremi-pilar-forcada-art-situacions-arcomadrid-2026enpilar-forcada\/\" \/>\n<meta property=\"og:locale\" content=\"es_ES\" \/>\n<meta property=\"og:type\" content=\"article\" \/>\n<meta property=\"og:title\" content=\"ART Situacions colabora con el Museo Nacional Thyssen Bornemisza en la nueva exposici\u00f3n de Irma \u00c1lvarez Laviada\" \/>\n<meta property=\"og:description\" content=\"ART Situacions colabora con el Museo Nacional Thyssen Bornemisza en la nueva exposici\u00f3n de Irma \u00c1lvarez Laviada La artista, que recibi\u00f3 el Premio Pilar Forcada ART Situacions en ARCOmadrid 2022, protagoniza la novena entrega del programa Kora del museo madrile\u00f1o.&hellip;Leer m\u00e1s \u203a\" \/>\n<meta property=\"og:url\" content=\"https:\/\/www.artsituacions.com\/es\/noticias\/esart-situacions-colabora-con-el-museo-nacional-thyssen-bornemisza-en-la-nueva-exposicion-de-irma-alvarez-laviadacapremi-pilar-forcada-art-situacions-arcomadrid-2026enpilar-forcada\/\" \/>\n<meta property=\"og:site_name\" content=\"Artsituacions\" \/>\n<meta property=\"article:published_time\" content=\"2026-02-18T19:40:46+00:00\" \/>\n<meta property=\"article:modified_time\" content=\"2026-02-18T19:59:11+00:00\" \/>\n<meta property=\"og:image\" content=\"https:\/\/www.artsituacions.com\/wp-content\/uploads\/2022\/03\/foto_prensa1_irmaalvarezlaviada.jpg\" \/>\n\t<meta property=\"og:image:width\" content=\"1200\" \/>\n\t<meta property=\"og:image:height\" content=\"900\" \/>\n<meta name=\"twitter:card\" content=\"summary_large_image\" \/>\n<meta name=\"twitter:label1\" content=\"Escrito por\" \/>\n\t<meta name=\"twitter:data1\" content=\"maria\" \/>\n\t<meta name=\"twitter:label2\" content=\"Tiempo de lectura\" \/>\n\t<meta name=\"twitter:data2\" content=\"3 minutos\" \/>\n<script type=\"application\/ld+json\" class=\"yoast-schema-graph\">{\"@context\":\"https:\/\/schema.org\",\"@graph\":[{\"@type\":\"WebSite\",\"@id\":\"https:\/\/www.artsituacions.com\/es\/#website\",\"url\":\"https:\/\/www.artsituacions.com\/es\/\",\"name\":\"Artsituacions\",\"description\":\"\",\"potentialAction\":[{\"@type\":\"SearchAction\",\"target\":{\"@type\":\"EntryPoint\",\"urlTemplate\":\"https:\/\/www.artsituacions.com\/es\/?s={search_term_string}\"},\"query-input\":\"required name=search_term_string\"}],\"inLanguage\":\"es-ES\"},{\"@type\":\"ImageObject\",\"@id\":\"https:\/\/www.artsituacions.com\/es\/noticias\/esart-situacions-colabora-con-el-museo-nacional-thyssen-bornemisza-en-la-nueva-exposicion-de-irma-alvarez-laviadacapremi-pilar-forcada-art-situacions-arcomadrid-2026enpilar-forcada\/#primaryimage\",\"inLanguage\":\"es-ES\",\"url\":\"https:\/\/www.artsituacions.com\/wp-content\/uploads\/2022\/03\/foto_prensa1_irmaalvarezlaviada.jpg\",\"contentUrl\":\"https:\/\/www.artsituacions.com\/wp-content\/uploads\/2022\/03\/foto_prensa1_irmaalvarezlaviada.jpg\",\"width\":1200,\"height\":900,\"caption\":\"[:es]Irma \\u00c1lvarez-Laviada con la obra ganadora del Premio Pilar Forcada ART Situacions en 2022[:]\"},{\"@type\":\"WebPage\",\"@id\":\"https:\/\/www.artsituacions.com\/es\/noticias\/esart-situacions-colabora-con-el-museo-nacional-thyssen-bornemisza-en-la-nueva-exposicion-de-irma-alvarez-laviadacapremi-pilar-forcada-art-situacions-arcomadrid-2026enpilar-forcada\/#webpage\",\"url\":\"https:\/\/www.artsituacions.com\/es\/noticias\/esart-situacions-colabora-con-el-museo-nacional-thyssen-bornemisza-en-la-nueva-exposicion-de-irma-alvarez-laviadacapremi-pilar-forcada-art-situacions-arcomadrid-2026enpilar-forcada\/\",\"name\":\"[:es]ART Situacions colabora con el Museo Nacional Thyssen Bornemisza en la nueva exposici\\u00f3n de Irma \\u00c1lvarez Laviada[:ca]ART Situacions col\\u00b7labora amb el Museu Nacional Thyssen Bornemisza en la nova exposici\\u00f3 d&#039;Irma \\u00c1lvarez-Laviada[:en]ART Situacions collaborates with the Museo Nacional\\u00a0Thyssen-Bornemisza on Irma \\u00c1lvarez-Laviada\\u2019s new\\u00a0exhibition[:] - Artsituacions\",\"isPartOf\":{\"@id\":\"https:\/\/www.artsituacions.com\/es\/#website\"},\"primaryImageOfPage\":{\"@id\":\"https:\/\/www.artsituacions.com\/es\/noticias\/esart-situacions-colabora-con-el-museo-nacional-thyssen-bornemisza-en-la-nueva-exposicion-de-irma-alvarez-laviadacapremi-pilar-forcada-art-situacions-arcomadrid-2026enpilar-forcada\/#primaryimage\"},\"datePublished\":\"2026-02-18T19:40:46+00:00\",\"dateModified\":\"2026-02-18T19:59:11+00:00\",\"author\":{\"@id\":\"https:\/\/www.artsituacions.com\/es\/#\/schema\/person\/3d37438f4bd373cb842fb92a55dae3d0\"},\"breadcrumb\":{\"@id\":\"https:\/\/www.artsituacions.com\/es\/noticias\/esart-situacions-colabora-con-el-museo-nacional-thyssen-bornemisza-en-la-nueva-exposicion-de-irma-alvarez-laviadacapremi-pilar-forcada-art-situacions-arcomadrid-2026enpilar-forcada\/#breadcrumb\"},\"inLanguage\":\"es-ES\",\"potentialAction\":[{\"@type\":\"ReadAction\",\"target\":[\"https:\/\/www.artsituacions.com\/es\/noticias\/esart-situacions-colabora-con-el-museo-nacional-thyssen-bornemisza-en-la-nueva-exposicion-de-irma-alvarez-laviadacapremi-pilar-forcada-art-situacions-arcomadrid-2026enpilar-forcada\/\"]}]},{\"@type\":\"BreadcrumbList\",\"@id\":\"https:\/\/www.artsituacions.com\/es\/noticias\/esart-situacions-colabora-con-el-museo-nacional-thyssen-bornemisza-en-la-nueva-exposicion-de-irma-alvarez-laviadacapremi-pilar-forcada-art-situacions-arcomadrid-2026enpilar-forcada\/#breadcrumb\",\"itemListElement\":[{\"@type\":\"ListItem\",\"position\":1,\"name\":\"Home\",\"item\":\"https:\/\/www.artsituacions.com\/es\/\"},{\"@type\":\"ListItem\",\"position\":2,\"name\":\"Noticias\",\"item\":\"https:\/\/www.artsituacions.com\/it\/category\/noticias\/\"},{\"@type\":\"ListItem\",\"position\":3,\"name\":\"ART Situacions colabora con el Museo Nacional Thyssen Bornemisza en la nueva exposici\\u00f3n de Irma \\u00c1lvarez Laviada\"}]},{\"@type\":\"Person\",\"@id\":\"https:\/\/www.artsituacions.com\/es\/#\/schema\/person\/3d37438f4bd373cb842fb92a55dae3d0\",\"name\":\"maria\",\"image\":{\"@type\":\"ImageObject\",\"@id\":\"https:\/\/www.artsituacions.com\/es\/#personlogo\",\"inLanguage\":\"es-ES\",\"url\":\"https:\/\/secure.gravatar.com\/avatar\/5e917d4d501b3a16916d469da41efaf8?s=96&d=mm&r=g\",\"contentUrl\":\"https:\/\/secure.gravatar.com\/avatar\/5e917d4d501b3a16916d469da41efaf8?s=96&d=mm&r=g\",\"caption\":\"maria\"},\"url\":\"https:\/\/www.artsituacions.com\/es\/author\/maria\/\"}]}<\/script>\n<!-- \/ Yoast SEO plugin. -->","yoast_head_json":{"robots":{"index":"index","follow":"follow","max-snippet":"max-snippet:-1","max-image-preview":"max-image-preview:large","max-video-preview":"max-video-preview:-1"},"canonical":"https:\/\/www.artsituacions.com\/es\/noticias\/esart-situacions-colabora-con-el-museo-nacional-thyssen-bornemisza-en-la-nueva-exposicion-de-irma-alvarez-laviadacapremi-pilar-forcada-art-situacions-arcomadrid-2026enpilar-forcada\/","og_locale":"es_ES","og_type":"article","og_title":"[:es]ART Situacions colabora con el Museo Nacional Thyssen Bornemisza en la nueva exposici\u00f3n de Irma \u00c1lvarez Laviada[:ca]ART Situacions col\u00b7labora amb el Museu Nacional Thyssen Bornemisza en la nova exposici\u00f3 d&#039;Irma \u00c1lvarez-Laviada[:en]ART Situacions collaborates with the Museo Nacional\u00a0Thyssen-Bornemisza on Irma \u00c1lvarez-Laviada\u2019s new\u00a0exhibition[:] - Artsituacions","og_description":"ART Situacions colabora con el Museo Nacional Thyssen Bornemisza en la nueva exposici\u00f3n de Irma \u00c1lvarez Laviada La artista, que recibi\u00f3 el Premio Pilar Forcada ART Situacions en ARCOmadrid 2022, protagoniza la novena entrega del programa Kora del museo madrile\u00f1o.&hellip;Leer m\u00e1s \u203a","og_url":"https:\/\/www.artsituacions.com\/es\/noticias\/esart-situacions-colabora-con-el-museo-nacional-thyssen-bornemisza-en-la-nueva-exposicion-de-irma-alvarez-laviadacapremi-pilar-forcada-art-situacions-arcomadrid-2026enpilar-forcada\/","og_site_name":"Artsituacions","article_published_time":"2026-02-18T19:40:46+00:00","article_modified_time":"2026-02-18T19:59:11+00:00","og_image":[{"width":1200,"height":900,"url":"https:\/\/www.artsituacions.com\/wp-content\/uploads\/2022\/03\/foto_prensa1_irmaalvarezlaviada.jpg","type":"image\/jpeg"}],"twitter_card":"summary_large_image","twitter_misc":{"Escrito por":"maria","Tiempo de lectura":"3 minutos"},"schema":{"@context":"https:\/\/schema.org","@graph":[{"@type":"WebSite","@id":"https:\/\/www.artsituacions.com\/es\/#website","url":"https:\/\/www.artsituacions.com\/es\/","name":"Artsituacions","description":"","potentialAction":[{"@type":"SearchAction","target":{"@type":"EntryPoint","urlTemplate":"https:\/\/www.artsituacions.com\/es\/?s={search_term_string}"},"query-input":"required name=search_term_string"}],"inLanguage":"es-ES"},{"@type":"ImageObject","@id":"https:\/\/www.artsituacions.com\/es\/noticias\/esart-situacions-colabora-con-el-museo-nacional-thyssen-bornemisza-en-la-nueva-exposicion-de-irma-alvarez-laviadacapremi-pilar-forcada-art-situacions-arcomadrid-2026enpilar-forcada\/#primaryimage","inLanguage":"es-ES","url":"https:\/\/www.artsituacions.com\/wp-content\/uploads\/2022\/03\/foto_prensa1_irmaalvarezlaviada.jpg","contentUrl":"https:\/\/www.artsituacions.com\/wp-content\/uploads\/2022\/03\/foto_prensa1_irmaalvarezlaviada.jpg","width":1200,"height":900,"caption":"[:es]Irma \u00c1lvarez-Laviada con la obra ganadora del Premio Pilar Forcada ART Situacions en 2022[:]"},{"@type":"WebPage","@id":"https:\/\/www.artsituacions.com\/es\/noticias\/esart-situacions-colabora-con-el-museo-nacional-thyssen-bornemisza-en-la-nueva-exposicion-de-irma-alvarez-laviadacapremi-pilar-forcada-art-situacions-arcomadrid-2026enpilar-forcada\/#webpage","url":"https:\/\/www.artsituacions.com\/es\/noticias\/esart-situacions-colabora-con-el-museo-nacional-thyssen-bornemisza-en-la-nueva-exposicion-de-irma-alvarez-laviadacapremi-pilar-forcada-art-situacions-arcomadrid-2026enpilar-forcada\/","name":"[:es]ART Situacions colabora con el Museo Nacional Thyssen Bornemisza en la nueva exposici\u00f3n de Irma \u00c1lvarez Laviada[:ca]ART Situacions col\u00b7labora amb el Museu Nacional Thyssen Bornemisza en la nova exposici\u00f3 d&#039;Irma \u00c1lvarez-Laviada[:en]ART Situacions collaborates with the Museo Nacional\u00a0Thyssen-Bornemisza on Irma \u00c1lvarez-Laviada\u2019s new\u00a0exhibition[:] - Artsituacions","isPartOf":{"@id":"https:\/\/www.artsituacions.com\/es\/#website"},"primaryImageOfPage":{"@id":"https:\/\/www.artsituacions.com\/es\/noticias\/esart-situacions-colabora-con-el-museo-nacional-thyssen-bornemisza-en-la-nueva-exposicion-de-irma-alvarez-laviadacapremi-pilar-forcada-art-situacions-arcomadrid-2026enpilar-forcada\/#primaryimage"},"datePublished":"2026-02-18T19:40:46+00:00","dateModified":"2026-02-18T19:59:11+00:00","author":{"@id":"https:\/\/www.artsituacions.com\/es\/#\/schema\/person\/3d37438f4bd373cb842fb92a55dae3d0"},"breadcrumb":{"@id":"https:\/\/www.artsituacions.com\/es\/noticias\/esart-situacions-colabora-con-el-museo-nacional-thyssen-bornemisza-en-la-nueva-exposicion-de-irma-alvarez-laviadacapremi-pilar-forcada-art-situacions-arcomadrid-2026enpilar-forcada\/#breadcrumb"},"inLanguage":"es-ES","potentialAction":[{"@type":"ReadAction","target":["https:\/\/www.artsituacions.com\/es\/noticias\/esart-situacions-colabora-con-el-museo-nacional-thyssen-bornemisza-en-la-nueva-exposicion-de-irma-alvarez-laviadacapremi-pilar-forcada-art-situacions-arcomadrid-2026enpilar-forcada\/"]}]},{"@type":"BreadcrumbList","@id":"https:\/\/www.artsituacions.com\/es\/noticias\/esart-situacions-colabora-con-el-museo-nacional-thyssen-bornemisza-en-la-nueva-exposicion-de-irma-alvarez-laviadacapremi-pilar-forcada-art-situacions-arcomadrid-2026enpilar-forcada\/#breadcrumb","itemListElement":[{"@type":"ListItem","position":1,"name":"Home","item":"https:\/\/www.artsituacions.com\/es\/"},{"@type":"ListItem","position":2,"name":"Noticias","item":"https:\/\/www.artsituacions.com\/it\/category\/noticias\/"},{"@type":"ListItem","position":3,"name":"ART Situacions colabora con el Museo Nacional Thyssen Bornemisza en la nueva exposici\u00f3n de Irma \u00c1lvarez Laviada"}]},{"@type":"Person","@id":"https:\/\/www.artsituacions.com\/es\/#\/schema\/person\/3d37438f4bd373cb842fb92a55dae3d0","name":"maria","image":{"@type":"ImageObject","@id":"https:\/\/www.artsituacions.com\/es\/#personlogo","inLanguage":"es-ES","url":"https:\/\/secure.gravatar.com\/avatar\/5e917d4d501b3a16916d469da41efaf8?s=96&d=mm&r=g","contentUrl":"https:\/\/secure.gravatar.com\/avatar\/5e917d4d501b3a16916d469da41efaf8?s=96&d=mm&r=g","caption":"maria"},"url":"https:\/\/www.artsituacions.com\/es\/author\/maria\/"}]}},"AFP_featured_media_urls":{"full":["https:\/\/www.artsituacions.com\/wp-content\/uploads\/2022\/03\/foto_prensa1_irmaalvarezlaviada.jpg",1200,900,false],"thumbnail":["https:\/\/www.artsituacions.com\/wp-content\/uploads\/2022\/03\/foto_prensa1_irmaalvarezlaviada.jpg",100,75,false],"medium":["https:\/\/www.artsituacions.com\/wp-content\/uploads\/2022\/03\/foto_prensa1_irmaalvarezlaviada.jpg",300,225,false],"medium_large":["https:\/\/www.artsituacions.com\/wp-content\/uploads\/2022\/03\/foto_prensa1_irmaalvarezlaviada.jpg",605,454,false],"large":["https:\/\/www.artsituacions.com\/wp-content\/uploads\/2022\/03\/foto_prensa1_irmaalvarezlaviada.jpg",605,454,false]},"AFP_attachments":[],"AFP_videos":[],"AFP_video_blocks":"","AFP_category_names":["Noticias"],"_links":{"self":[{"href":"https:\/\/www.artsituacions.com\/es\/wp-json\/wp\/v2\/posts\/3217"}],"collection":[{"href":"https:\/\/www.artsituacions.com\/es\/wp-json\/wp\/v2\/posts"}],"about":[{"href":"https:\/\/www.artsituacions.com\/es\/wp-json\/wp\/v2\/types\/post"}],"author":[{"embeddable":true,"href":"https:\/\/www.artsituacions.com\/es\/wp-json\/wp\/v2\/users\/1"}],"replies":[{"embeddable":true,"href":"https:\/\/www.artsituacions.com\/es\/wp-json\/wp\/v2\/comments?post=3217"}],"version-history":[{"count":10,"href":"https:\/\/www.artsituacions.com\/es\/wp-json\/wp\/v2\/posts\/3217\/revisions"}],"predecessor-version":[{"id":3232,"href":"https:\/\/www.artsituacions.com\/es\/wp-json\/wp\/v2\/posts\/3217\/revisions\/3232"}],"wp:featuredmedia":[{"embeddable":true,"href":"https:\/\/www.artsituacions.com\/es\/wp-json\/wp\/v2\/media\/1974"}],"wp:attachment":[{"href":"https:\/\/www.artsituacions.com\/es\/wp-json\/wp\/v2\/media?parent=3217"}],"wp:term":[{"taxonomy":"category","embeddable":true,"href":"https:\/\/www.artsituacions.com\/es\/wp-json\/wp\/v2\/categories?post=3217"},{"taxonomy":"post_tag","embeddable":true,"href":"https:\/\/www.artsituacions.com\/es\/wp-json\/wp\/v2\/tags?post=3217"},{"taxonomy":"post_format","embeddable":true,"href":"https:\/\/www.artsituacions.com\/es\/wp-json\/wp\/v2\/post_formats?post=3217"}],"curies":[{"name":"wp","href":"https:\/\/api.w.org\/{rel}","templated":true}]}}