{"id":523,"date":"2014-11-26T18:33:10","date_gmt":"2014-11-26T18:33:10","guid":{"rendered":"http:\/\/elb-artsituacions-com-1145311841.eu-west-1.elb.amazonaws.com\/?p=523"},"modified":"2014-11-30T15:42:42","modified_gmt":"2014-11-30T15:42:42","slug":"teresa-blanch","status":"publish","type":"post","link":"https:\/\/www.artsituacions.com\/es\/comite\/teresa-blanch\/","title":{"rendered":"Teresa Blanch"},"content":{"rendered":"<div class=\"commiteeDetail clearfix\">\n<div class=\"c1\">\n<img decoding=\"async\" loading=\"lazy\" src=\"\/wp-content\/uploads\/2014\/11\/teresa-blanch-300_author_image.jpg\" alt=\"teresa-blanch-300_author_image\" width=\"200\" height=\"200\" class=\"alignnone size-full wp-image-524\" srcset=\"https:\/\/www.artsituacions.com\/wp-content\/uploads\/2014\/11\/teresa-blanch-300_author_image.jpg 200w, https:\/\/www.artsituacions.com\/wp-content\/uploads\/2014\/11\/teresa-blanch-300_author_image-100x100.jpg 100w, https:\/\/www.artsituacions.com\/wp-content\/uploads\/2014\/11\/teresa-blanch-300_author_image-150x150.jpg 150w\" sizes=\"(max-width: 200px) 100vw, 200px\" \/>\n<\/div>\n<div class=\"c2\">\n<h2 class=\"title\">Teresa Blanch<\/h2>\n<p>Barcelona, 1952. Historiadora de Arte y Comisaria de exposiciones de arte contempor\u00e1neo. Doctora en Historia del Arte y profesora de la Facultad de Bellas Artes de la UB desde 1981. Ha sido Decana de la Facultad de BBAA, de 2004 a 2008.<\/p>\n<p>Escribe en revistas y ensayos para cat\u00e1logos de Museos desde finales de los a\u00f1os setenta. Imparte conferencias, seminarios y participa como miembro de Jurado en Convocatorias de Premios, Becas y Proyectos art\u00edsticos a nivel estatal. Asesora en Comit\u00e9s de Expertos de arte contempor\u00e1neo. <\/p>\n<p>Ha sido responsable de la Programaci\u00f3n en \u201cSala Montcada\u201d Fundaci\u00f3 \u201cla Caixa\u201d (Barcelona), proyectos art\u00edsticos experimentales, de 1989 a 1991. Desde 1986 realiza una intensa actividad como comisaria de exposiciones concebidas para Museos: FRAC-Champagne Ardenne, EXPO-ARTE Bari, MNCARS R.Sof\u00eda-Madrid, IVAM-Valencia, KUNSTHALLE-M\u00e4lmo, MACBA-Barcelona, Fd.SERRALVES-Porto, WHITECHAPEL Art Gallery-Londres, MAGASIN-Grenoble, REKALDE-Bilbao, CAJAMADRID \u2013 Salas Alcal\u00e0 Madrid, Fd.GULBENKIAN-Lisboa, TECLA SALA-l\u2019Hospitalet de Ll., CIUDADELA-Ayunt. Pamplona, CAAC-Sevilla, ARTIUM-Vitoria, Fd. JOAN MIR\u00d3-Barcelona.  <\/p>\n<p>Desde 1987 ha organizado \u201cWorkshops\u201d con artistas internacionales, ha colaborado en \u201cBienales de Arte\u201d y ha coordinado la producci\u00f3n de Intervenciones de \u201cArte P\u00fablico\u201d en distintas ciudades de Espa\u00f1a, Italia, Portugal y USA. En 1999 organiza el evento internacional \u201cDOBLES VIDAS. Intervenciones en 14 Museos Hist\u00f3ricos\u201d (con 23 artistas de distintos pa\u00edses), ICUB, Ayuntamiento de Barcelona. <\/p>\n<p class=\"backToList\"><a href=\"..\/comite\">Volver al listado del comit\u00e9<\/a><\/p>\n<\/p>\n<\/div>\n<\/div>\n","protected":false},"excerpt":{"rendered":"<p>Teresa Blanch Barcelona, 1952. Historiadora de Arte y Comisaria de exposiciones de arte contempor\u00e1neo. Doctora en Historia del Arte y profesora de la Facultad de Bellas Artes de la UB desde 1981. Ha sido Decana de la Facultad de BBAA,<span class=\"ellipsis\">&hellip;<\/span><\/p>\n<div class=\"read-more\"><a href=\"https:\/\/www.artsituacions.com\/es\/comite\/teresa-blanch\/\">Leer m\u00e1s \u203a<\/a><\/div>\n<p><!-- end of .read-more --><\/p>\n","protected":false},"author":1,"featured_media":0,"comment_status":"closed","ping_status":"closed","sticky":false,"template":"","format":"standard","meta":[],"categories":[6],"tags":[],"post_formats":[],"yoast_head":"<!-- This site is optimized with the Yoast SEO plugin v17.8 - https:\/\/yoast.com\/wordpress\/plugins\/seo\/ -->\n<meta name=\"robots\" content=\"index, follow, max-snippet:-1, max-image-preview:large, max-video-preview:-1\" \/>\n<link rel=\"canonical\" href=\"https:\/\/www.artsituacions.com\/it\/comite\/teresa-blanch\/\" \/>\n<meta property=\"og:locale\" content=\"es_ES\" \/>\n<meta property=\"og:type\" content=\"article\" \/>\n<meta property=\"og:title\" content=\"Teresa Blanch - Artsituacions\" \/>\n<meta property=\"og:description\" content=\"Teresa Blanch Barcelona, 1952. Historiadora de Arte y Comisaria de exposiciones de arte contempor\u00e1neo. Doctora en Historia del Arte y profesora de la Facultad de Bellas Artes de la UB desde 1981. Ha sido Decana de la Facultad de BBAA,&hellip;Leer m\u00e1s \u203a\" \/>\n<meta property=\"og:url\" content=\"https:\/\/www.artsituacions.com\/es\/comite\/teresa-blanch\/\" \/>\n<meta property=\"og:site_name\" content=\"Artsituacions\" \/>\n<meta property=\"article:published_time\" content=\"2014-11-26T18:33:10+00:00\" \/>\n<meta property=\"article:modified_time\" content=\"2014-11-30T15:42:42+00:00\" \/>\n<meta property=\"og:image\" content=\"https:\/\/www.artsituacions.com\/wp-content\/uploads\/2014\/11\/teresa-blanch-300_author_image.jpg\" \/>\n<meta name=\"twitter:card\" content=\"summary_large_image\" \/>\n<meta name=\"twitter:label1\" content=\"Escrito por\" \/>\n\t<meta name=\"twitter:data1\" content=\"maria\" \/>\n\t<meta name=\"twitter:label2\" content=\"Tiempo de lectura\" \/>\n\t<meta name=\"twitter:data2\" content=\"3 minutos\" \/>\n<script type=\"application\/ld+json\" class=\"yoast-schema-graph\">{\"@context\":\"https:\/\/schema.org\",\"@graph\":[{\"@type\":\"WebSite\",\"@id\":\"https:\/\/www.artsituacions.com\/es\/#website\",\"url\":\"https:\/\/www.artsituacions.com\/es\/\",\"name\":\"Artsituacions\",\"description\":\"\",\"potentialAction\":[{\"@type\":\"SearchAction\",\"target\":{\"@type\":\"EntryPoint\",\"urlTemplate\":\"https:\/\/www.artsituacions.com\/es\/?s={search_term_string}\"},\"query-input\":\"required name=search_term_string\"}],\"inLanguage\":\"es-ES\"},{\"@type\":\"ImageObject\",\"@id\":\"https:\/\/www.artsituacions.com\/it\/comite\/teresa-blanch\/#primaryimage\",\"inLanguage\":\"es-ES\",\"url\":\"\/wp-content\/uploads\/2014\/11\/teresa-blanch-300_author_image.jpg\",\"contentUrl\":\"\/wp-content\/uploads\/2014\/11\/teresa-blanch-300_author_image.jpg\"},{\"@type\":\"WebPage\",\"@id\":\"https:\/\/www.artsituacions.com\/it\/comite\/teresa-blanch\/#webpage\",\"url\":\"https:\/\/www.artsituacions.com\/it\/comite\/teresa-blanch\/\",\"name\":\"Teresa Blanch - Artsituacions\",\"isPartOf\":{\"@id\":\"https:\/\/www.artsituacions.com\/es\/#website\"},\"primaryImageOfPage\":{\"@id\":\"https:\/\/www.artsituacions.com\/it\/comite\/teresa-blanch\/#primaryimage\"},\"datePublished\":\"2014-11-26T18:33:10+00:00\",\"dateModified\":\"2014-11-30T15:42:42+00:00\",\"author\":{\"@id\":\"https:\/\/www.artsituacions.com\/es\/#\/schema\/person\/3d37438f4bd373cb842fb92a55dae3d0\"},\"breadcrumb\":{\"@id\":\"https:\/\/www.artsituacions.com\/it\/comite\/teresa-blanch\/#breadcrumb\"},\"inLanguage\":\"es-ES\",\"potentialAction\":[{\"@type\":\"ReadAction\",\"target\":[\"https:\/\/www.artsituacions.com\/it\/comite\/teresa-blanch\/\"]}]},{\"@type\":\"BreadcrumbList\",\"@id\":\"https:\/\/www.artsituacions.com\/it\/comite\/teresa-blanch\/#breadcrumb\",\"itemListElement\":[{\"@type\":\"ListItem\",\"position\":1,\"name\":\"Home\",\"item\":\"https:\/\/www.artsituacions.com\/es\/\"},{\"@type\":\"ListItem\",\"position\":2,\"name\":\"Comit\\u00e9\",\"item\":\"https:\/\/www.artsituacions.com\/es\/category\/comite\/\"},{\"@type\":\"ListItem\",\"position\":3,\"name\":\"Teresa Blanch\"}]},{\"@type\":\"Person\",\"@id\":\"https:\/\/www.artsituacions.com\/es\/#\/schema\/person\/3d37438f4bd373cb842fb92a55dae3d0\",\"name\":\"maria\",\"image\":{\"@type\":\"ImageObject\",\"@id\":\"https:\/\/www.artsituacions.com\/es\/#personlogo\",\"inLanguage\":\"es-ES\",\"url\":\"https:\/\/secure.gravatar.com\/avatar\/5e917d4d501b3a16916d469da41efaf8?s=96&d=mm&r=g\",\"contentUrl\":\"https:\/\/secure.gravatar.com\/avatar\/5e917d4d501b3a16916d469da41efaf8?s=96&d=mm&r=g\",\"caption\":\"maria\"},\"url\":\"https:\/\/www.artsituacions.com\/es\/author\/maria\/\"}]}<\/script>\n<!-- \/ Yoast SEO plugin. -->","yoast_head_json":{"robots":{"index":"index","follow":"follow","max-snippet":"max-snippet:-1","max-image-preview":"max-image-preview:large","max-video-preview":"max-video-preview:-1"},"canonical":"https:\/\/www.artsituacions.com\/it\/comite\/teresa-blanch\/","og_locale":"es_ES","og_type":"article","og_title":"Teresa Blanch - Artsituacions","og_description":"Teresa Blanch Barcelona, 1952. Historiadora de Arte y Comisaria de exposiciones de arte contempor\u00e1neo. Doctora en Historia del Arte y profesora de la Facultad de Bellas Artes de la UB desde 1981. Ha sido Decana de la Facultad de BBAA,&hellip;Leer m\u00e1s \u203a","og_url":"https:\/\/www.artsituacions.com\/es\/comite\/teresa-blanch\/","og_site_name":"Artsituacions","article_published_time":"2014-11-26T18:33:10+00:00","article_modified_time":"2014-11-30T15:42:42+00:00","og_image":[{"url":"https:\/\/www.artsituacions.com\/wp-content\/uploads\/2014\/11\/teresa-blanch-300_author_image.jpg"}],"twitter_card":"summary_large_image","twitter_misc":{"Escrito por":"maria","Tiempo de lectura":"3 minutos"},"schema":{"@context":"https:\/\/schema.org","@graph":[{"@type":"WebSite","@id":"https:\/\/www.artsituacions.com\/es\/#website","url":"https:\/\/www.artsituacions.com\/es\/","name":"Artsituacions","description":"","potentialAction":[{"@type":"SearchAction","target":{"@type":"EntryPoint","urlTemplate":"https:\/\/www.artsituacions.com\/es\/?s={search_term_string}"},"query-input":"required name=search_term_string"}],"inLanguage":"es-ES"},{"@type":"ImageObject","@id":"https:\/\/www.artsituacions.com\/it\/comite\/teresa-blanch\/#primaryimage","inLanguage":"es-ES","url":"\/wp-content\/uploads\/2014\/11\/teresa-blanch-300_author_image.jpg","contentUrl":"\/wp-content\/uploads\/2014\/11\/teresa-blanch-300_author_image.jpg"},{"@type":"WebPage","@id":"https:\/\/www.artsituacions.com\/it\/comite\/teresa-blanch\/#webpage","url":"https:\/\/www.artsituacions.com\/it\/comite\/teresa-blanch\/","name":"Teresa Blanch - Artsituacions","isPartOf":{"@id":"https:\/\/www.artsituacions.com\/es\/#website"},"primaryImageOfPage":{"@id":"https:\/\/www.artsituacions.com\/it\/comite\/teresa-blanch\/#primaryimage"},"datePublished":"2014-11-26T18:33:10+00:00","dateModified":"2014-11-30T15:42:42+00:00","author":{"@id":"https:\/\/www.artsituacions.com\/es\/#\/schema\/person\/3d37438f4bd373cb842fb92a55dae3d0"},"breadcrumb":{"@id":"https:\/\/www.artsituacions.com\/it\/comite\/teresa-blanch\/#breadcrumb"},"inLanguage":"es-ES","potentialAction":[{"@type":"ReadAction","target":["https:\/\/www.artsituacions.com\/it\/comite\/teresa-blanch\/"]}]},{"@type":"BreadcrumbList","@id":"https:\/\/www.artsituacions.com\/it\/comite\/teresa-blanch\/#breadcrumb","itemListElement":[{"@type":"ListItem","position":1,"name":"Home","item":"https:\/\/www.artsituacions.com\/es\/"},{"@type":"ListItem","position":2,"name":"Comit\u00e9","item":"https:\/\/www.artsituacions.com\/es\/category\/comite\/"},{"@type":"ListItem","position":3,"name":"Teresa Blanch"}]},{"@type":"Person","@id":"https:\/\/www.artsituacions.com\/es\/#\/schema\/person\/3d37438f4bd373cb842fb92a55dae3d0","name":"maria","image":{"@type":"ImageObject","@id":"https:\/\/www.artsituacions.com\/es\/#personlogo","inLanguage":"es-ES","url":"https:\/\/secure.gravatar.com\/avatar\/5e917d4d501b3a16916d469da41efaf8?s=96&d=mm&r=g","contentUrl":"https:\/\/secure.gravatar.com\/avatar\/5e917d4d501b3a16916d469da41efaf8?s=96&d=mm&r=g","caption":"maria"},"url":"https:\/\/www.artsituacions.com\/es\/author\/maria\/"}]}},"AFP_featured_media_urls":{"full":false,"thumbnail":false,"medium":false,"medium_large":false,"large":false},"AFP_attachments":{"full":["https:\/\/www.artsituacions.com\/wp-content\/uploads\/2014\/11\/teresa-blanch-300_author_image.jpg",200,200,false],"thumbnail":["https:\/\/www.artsituacions.com\/wp-content\/uploads\/2014\/11\/teresa-blanch-300_author_image-100x100.jpg",100,100,true],"medium":["https:\/\/www.artsituacions.com\/wp-content\/uploads\/2014\/11\/teresa-blanch-300_author_image.jpg",200,200,false],"medium_large":["https:\/\/www.artsituacions.com\/wp-content\/uploads\/2014\/11\/teresa-blanch-300_author_image.jpg",200,200,false],"large":["https:\/\/www.artsituacions.com\/wp-content\/uploads\/2014\/11\/teresa-blanch-300_author_image.jpg",200,200,false]},"AFP_videos":[],"AFP_video_blocks":"","AFP_category_names":["Comit\u00e9"],"_links":{"self":[{"href":"https:\/\/www.artsituacions.com\/es\/wp-json\/wp\/v2\/posts\/523"}],"collection":[{"href":"https:\/\/www.artsituacions.com\/es\/wp-json\/wp\/v2\/posts"}],"about":[{"href":"https:\/\/www.artsituacions.com\/es\/wp-json\/wp\/v2\/types\/post"}],"author":[{"embeddable":true,"href":"https:\/\/www.artsituacions.com\/es\/wp-json\/wp\/v2\/users\/1"}],"replies":[{"embeddable":true,"href":"https:\/\/www.artsituacions.com\/es\/wp-json\/wp\/v2\/comments?post=523"}],"version-history":[{"count":4,"href":"https:\/\/www.artsituacions.com\/es\/wp-json\/wp\/v2\/posts\/523\/revisions"}],"predecessor-version":[{"id":994,"href":"https:\/\/www.artsituacions.com\/es\/wp-json\/wp\/v2\/posts\/523\/revisions\/994"}],"wp:attachment":[{"href":"https:\/\/www.artsituacions.com\/es\/wp-json\/wp\/v2\/media?parent=523"}],"wp:term":[{"taxonomy":"category","embeddable":true,"href":"https:\/\/www.artsituacions.com\/es\/wp-json\/wp\/v2\/categories?post=523"},{"taxonomy":"post_tag","embeddable":true,"href":"https:\/\/www.artsituacions.com\/es\/wp-json\/wp\/v2\/tags?post=523"},{"taxonomy":"post_format","embeddable":true,"href":"https:\/\/www.artsituacions.com\/es\/wp-json\/wp\/v2\/post_formats?post=523"}],"curies":[{"name":"wp","href":"https:\/\/api.w.org\/{rel}","templated":true}]}}