{"id":1295,"date":"2015-02-12T23:16:20","date_gmt":"2015-02-12T23:16:20","guid":{"rendered":"http:\/\/www.artsituacions.com\/?p=1295"},"modified":"2017-05-21T21:30:37","modified_gmt":"2017-05-21T21:30:37","slug":"teresa-solar","status":"publish","type":"post","link":"https:\/\/www.artsituacions.com\/it\/artistas\/teresa-solar\/","title":{"rendered":"Teresa Solar"},"content":{"rendered":"<div id=\"authorInfo\">\n<div class=\"c1\">\n<p><img decoding=\"async\" loading=\"lazy\" class=\"alignnone size-full wp-image-1296\" src=\"http:\/\/www.artsituacions.com\/wp-content\/uploads\/2015\/02\/teresa-solar.jpg\" alt=\"teresa-solar\" width=\"200\" height=\"200\" \/><\/p>\n<ul class=\"tabs\">\n<li><a href=\"#\">Informazione<\/a><\/li>\n<li><a href=\"#\">Artwork<\/a><\/li>\n<li><a href=\"#\">CV<\/a><\/li>\n<\/ul>\n<\/div>\n<div class=\"c2\">\n<div class=\"panes informacion\">\n<div class='scroll-pane'>\n<h3 class=\"title\">Informazione<\/h3>\n<p>Teresa Solar Abboud (Madrid, 1985) afferma che nella sua opera esiste un interesse continuo per il linguaggio e i suoi processi di traduzione, in costante trasformazione.<\/p>\n<p>Figlia di padre spagnolo e madre egiziana, Teresa parla arabo, ma non sa leggerlo n\u00e9 scriverlo, e ha assunto questa circostanza come una condizione pi\u00f9 che determinante del suo lavoro, dedicato a esplorare il concetto di traduzione in un senso pi\u00f9 ampio di quello testuale; per il modo e la forma in cui compone i suoi racconti. Come dice lei stessa, \u00abper quanto si basi in fatti reali, niente di ci\u00f2 che qui si descrive \u00e8 vero \u2013 in realt\u00e0 niente di ci\u00f2 che qualcuno dice essere accaduto veramente, \u00e8 accaduto veramente. Eppure, quando viene descritto, \u00e8 accaduto nella misura in cui \u00e8 stato raccontato,<br \/>\ne pertanto \u00e8 vero in quanto raccontato\u00bb. La narrazione e il passato biografico si confondono in un unico discorso, in cuiTeresa si lascia coinvolgere nel momento stesso in cui se ne distanzia.<\/p>\n<p>La mostra riunisce opere corrispondenti a due distinti progetti. La serie fotografica Llano m\u00faltiple, 2012, raccoglie immagini di una casa di legno, situata in una valle in mezzo al nulla e semidiroccata, che continua a ospitare la memoria delle riprese che nel corso di quasi un quarto di secolo l\u00ec effettuarono John Ford, Sam Peckinpah e Wim Wenders; o su cui per lo meno si \u00e8 sovrapposta questa narrazione mitologica, ma che curiosamente emana ancora un\u2019anomala veridicit\u00e0. L\u2019opera affronta, per dirla con le parole dell\u2019artista, \u00abil processo di traduzione e scambio degli spazi storici con i rispettivi referenti cinematografici, ma anche il processo inverso\u00bb.<\/p>\n<p>Le due opere di Doble mordido, 2013, e il video Todas las cosas que no est\u00e1n, 2013, rientrano in un altro progetto, emerso sull\u2019onda della storia delle ricerche scientifiche di Harold Eugene Edgerton, inventore dello stroboscopio e padre della fotografia ultrarapida, e dello zoologo Donald R. Griffin, che avrebbe dimostrato che un raro tipo di pipistrello \u00e8 capace di volare attraverso i corpi solidi. Ma, come la storia precedente, anche questa \u00e8 solo il fondamento su cui poggia la vera proposta di Solar. Per dirla con le sue stesse parole: \u00abLa riflessione sul ricordo e la memoria attraverso la ricostruzione di spazi\u00bb, o, come scrive Carlos Fern\u00e1ndez Pello, \u00abi progressi tecnologici utilizzati da Edgerton per catturare ci\u00f2 che sfuggiva all\u2019occhio umano incontrano in Doble Mordido l\u2019opacit\u00e0 del blocco di Griffin. Sono macchine misteriose perch\u00e9 sono state utilizzate per filtrare la luce atomica o per proteggere le immagini classificate delle radiazioni, ma anche perch\u00e9, una volta spogliate della propria funzione tecnica, non parlano n\u00e9 servono, ma sfiorano, toccano e conducono nell\u2019abisso di ci\u00f2 che \u00e8, ma non pu\u00f2 essere visto\u00bb.<\/p>\n<p>Mar\u00eda de Corral <br \/>\nLorena Mart\u00ednez de Corral <\/p>\n<p><!--info--><\/p>\n<\/div>\n<style>.scroll-pane{width: 800px;height:350px;overflow: auto;}<\/style>\n<\/div>\n<div class=\"panes aboutWork\">\n<div class='scroll-pane'>\n<h3 class=\"title\">Artwork<\/h3>\n<p>\u00c8 da vari anni che lavoro sul concetto di decorazione e delocalizzazione nell\u2019industria cinematografica e turistica. In molti casi si tratta di ricreare scene, piani e dialoghi di determinati film o fotografie. Mi interessa il processo di traduzione e scambio degli spazi storici con i rispettivi referenti cinematografici, ma anche il processo inverso attraverso il quale le condizioni di produzione di certi film o documentari \u201clasciano un\u2019impronta\u201d e diventano esse stesse fatti storici e punti di riferimento geografici.<\/p>\n<p>A tutto ci\u00f2 si aggiunge il fatto che questi riferimenti sono in qualche modo collegati alla mia biografia. Ad esempio, la mia serie di lavori sulla \u201ctraslazione\u201d e la dislocazione delle decorazioni in Lawrence d\u2019Arabia \u00e8 connessa alla mia condizione di analfabeta in lingua araba (figlia di madre egiziana, parlo arabo, ma non so n\u00e9 leggerlo n\u00e9 scriverlo) e con il modo invertebrato di produzione di significato. Analogamente, nel mio ultimo film sul fotografo e ingegnere Harold Edgerton, non solo il video ruota attorno a un viaggio personale nel centro degli Stati Uniti, ma la voce narrante \u00e8 un\u2019attrice che parla per me e io interpreto il mio stesso personaggio all\u2019interno del film. Tutti questi lavori sviluppano una riflessione sulle implicazioni \u201cbiopolitiche\u201d, aneddotiche e fangose delle grandi narrazioni identitarie.<\/p>\n<p>Nel mio ultimo progetto presso la galleria Formato C\u00f3modo, \u00e8 particolarmente importante il lavoro sul linguaggio e la traduzione: la mostra si incentra sulla materializzazione del linguaggio dei segni e sul carattere gestuale, astratto e corporale inerente a qualsiasi lingua. A partire da questa premessa, sviluppo, mediante ceramiche realizzate sul tornio del vasaio e sculture, una serie di opere che traducono i segni in forme e superfici e ci parlano della resistenza fisica che accompagna la traduzione di ci\u00f2 che non si riesce a comprendere, di ci\u00f2 che ci \u00e8 estraneo.<\/p>\n<p>Teresa Solar <\/p>\n<\/div>\n<style>.scroll-pane{width: 800px;height:350px;overflow: auto;}<\/style>\n<\/p>\n<\/div>\n<div class=\"panes cv\">\n<div class='scroll-pane'>\n<h3 class=\"title\">CV<\/h3>\n<p>Teresa Solar Abboud (Madrid, 1985). Vive y trabaja en Madrid \u2013 Vive e lavora a Madrid \u2013 Viu i treballa a Madrid &#8211; Lives and works in Madrid <\/p>\n<p>Estudi\u00f3 Bellas Artes en la UCM y curs\u00f3 estudios de posgrado en la UEM gracias a una beca de la Fundaci\u00f3n la Caixa. Entre otros proyectos ha expuesto individualmente en Matadero Madrid, en el Centro de Arte 2 de Mayo y en la Galer\u00eda Formato C\u00f3modo. <\/p>\n<p>Ha sido recientemente premiada con la beca de producci\u00f3n Fundaci\u00f3n Marcelino Bot\u00edn, con la que va a producir su pr\u00f3xima pel\u00edcula.Tambi\u00e9n ha ganado el premio Generaciones 2013 y la beca de producci\u00f3n CAM 2011, con la que realiz\u00f3 Todas las cosas que no est\u00e1n, su anterior mediometraje. <\/p>\n<p><strong>FORMACI\u00d3N \/ FORMAZIONE \/ FORMACI\u00d3 \/ EDUCATION <\/strong><\/p>\n<p>Licenciada en Bellas Artes por la UCM. Madrid\n<\/p>\n<p>Graduada en el M\u00e1ster Oficial en Arte Contempor\u00e1neo (MOAC) por la UEM. Madrid\n<\/p>\n<p>\n<strong> EXPOSICIONES INDIVIDUALES \/ EXPOSICIONS INDIVIDUALS \/ MOSTRE INDIVIDUALI \/ SOLO EXHIBITIONS<\/strong><\/p>\n<p>Todas las cosas que no est\u00e1n. Matadero Madrid. Foreign Office. Galer\u00eda Formato C\u00f3modo. Madrid <\/p>\n<p><strong>2012<\/strong> Sin hero\u00edsmos, por favor. CA2M. Madrid <\/p>\n<p>El llano m\u00faltiple. Galer\u00eda Formato C\u00f3modo. Madrid <\/p>\n<p>Los embajadores, Centro P\u00e1rraga. Murcia <\/p>\n<p><strong>2010<\/strong> Los embajadores, Galer\u00eda Vall Ort\u00ed. Valencia <\/p>\n<p>\n  <strong>EXPOSICIONES COLECTIVAS, BECAS Y PREMIOS \/ EXPOSICIONS COL\u00b7LECTIVES, BEQUES I PREMIS  \/ MOSTRE COLLETTIVE, BORSE DI STUDIO<br \/>\nE PREMI \/ GROUP EXHIBITIONS, AWARDS, CURATORIAL PROJECTS (selecci\u00f3n \/ selezione \/ selection) <\/strong><\/p>\n<p><strong>2015<\/strong> Reuni\u00f3n de hechos. Galer\u00eda Slowtrack, Ms. Rina Bowen Gallery <\/p>\n<p>The rescue of the effects, General Public. Berl\u00edn <\/p>\n<p>(&#8230;), Can Felipa, Barcelona Iceberg 2, Matadero. Madrid <\/p>\n<p>Premio artista revelaci\u00f3n, Jugada a tres bandas. Madrid <\/p>\n<p><strong>2015 &#8211; 2014<\/strong> Beca de producci\u00f3n Fundaci\u00f3n Marcelino Bot\u00edn <\/p>\n<p><strong>2012<\/strong> Premio Generaciones, Fundaci\u00f3n Caja Madrid <\/p>\n<p><strong>2011<\/strong> Appeal to probability, Het Wilde Weten. Holanda <\/p>\n<p>Premio ABC, Museo ABC. Madrid <\/p>\n<p>Rencontres internationales, <\/p>\n<p>Centre Pompidou, Museo Reina Sof\u00eda, Haus der Kulturen der Welt <\/p>\n<p>Beca de producci\u00f3n CAM. Selecci\u00f3n premio de artes pl\u00e1sticas ABC <\/p>\n<p><strong>2010 <\/strong>Entes, Galer\u00eda \u00c0ngels. Barcelona <\/p>\n<p>Los embajadores, Galer\u00eda Vall Ort\u00ed, Valencia <\/p>\n<p>Oscuro y salvaje, Casa Encendida. Madrid <\/p>\n<p>Rencontres Internationales, Haus der Kulturen der Welt, Berl\u00edn. Museo Reina Sof\u00eda. Madrid <\/p>\n<p>Premio &ldquo;Tentaciones&#8221;, Feria Estampa. Madrid <\/p>\n<p>Residencia en Glogauair, Berl\u00edn, Comunidad de Madrid <\/p>\n<p><strong>2009<\/strong> Rencontres Internationales, Centre Pompidou. Par\u00eds <\/p>\n<p>I am getting so far out, Galer\u00eda DUVE. Berl\u00edn <\/p>\n<p>Yo no tengo raz\u00f3n, Sala Offlimits. Madrid <\/p>\n<p>LOOP Festival, CCCB. Barcelona <\/p>\n<p>Beca de producci\u00f3n en artes pl\u00e1sticas, Comunidad de Madrid <\/p>\n<p>Selecci\u00f3n Instantes de Paisaje 09, CDAN. Huesca <\/p>\n<p>Selecci\u00f3n en II Certamen de dibujo contempor\u00e1neo Pilar y Andr\u00e9s Centenera Jaraba. Guadalajara <\/p>\n<p><strong>2008<\/strong> Beca para estudios de M\u00e1ster La Caixa <\/p>\n<p>Beca Erasmus de traslado a la Universidad de Wimbledon. Londres <\/p>\n<p><strong>2007<\/strong> Finalista IV Concurso de Dibujo UCM. Madrid <\/p>\n<p>Beca de Ayuda a la Producci\u00f3n INJUVE <\/p>\n<p><strong>2006<\/strong> Beca S\u00e9neca de traslado a la Universidad de Barcelona <\/p>\n<\/div>\n<style>.scroll-pane{width: 800px;height:350px;overflow: auto;}<\/style>\n<\/p>\n<\/div>\n<\/div>\n<p><br style=\"clear: both;\" \/> <br style=\"clear: both;\" \/><!--exhibitioninfo--><\/p>\n<h2 class=\"hdrSection\">Opere in Mostra <\/h2>\n<div class=\"gallery\">\n\n\t<ul id=\"slideshowgallery41636\" class=\"slideshowgallery41636\" style=\"display:none;\">\n\t\t\t\t\t<!-- From all slides or gallery slides -->\n\t\t\t\t\t\t\t\n\t\t\t\t<li>\n\t\t\t\t\t<h3 style=\"opacity:70;\">teresa-solar3<\/h3>\n\t\t\t\t\t\t\t\t\t\t\t<span data-alt=\"teresa-solar3\">https:\/\/www.artsituacions.com\/wp-content\/uploads\/2017\/05\/teresa-solar3.jpg<\/span>\n\t\t\t\t\t\t\t\t\t\t<p><\/p>\n\t\t\t\t\t\t\t\t\t\t\t\t\t\t\t\t\t\t<a><img class=\"skip-lazy\" src=\"https:\/\/www.artsituacions.com\/wp-content\/uploads\/2017\/05\/teresa-solar3-100x75.jpg\" alt=\"teresa-solar3\" \/><\/a>\n\t\t\t\t\t\t\t\t\t\t\t\t\t\t\t<\/li>\n\t\t\t\t\t\t\t\n\t\t\t\t<li>\n\t\t\t\t\t<h3 style=\"opacity:70;\">teresa-solar7<\/h3>\n\t\t\t\t\t\t\t\t\t\t\t<span data-alt=\"teresa-solar7\">https:\/\/www.artsituacions.com\/wp-content\/uploads\/2017\/05\/teresa-solar7.jpg<\/span>\n\t\t\t\t\t\t\t\t\t\t<p><\/p>\n\t\t\t\t\t\t\t\t\t\t\t\t\t\t\t\t\t\t<a><img class=\"skip-lazy\" src=\"https:\/\/www.artsituacions.com\/wp-content\/uploads\/2017\/05\/teresa-solar7-100x75.jpg\" alt=\"teresa-solar7\" \/><\/a>\n\t\t\t\t\t\t\t\t\t\t\t\t\t\t\t<\/li>\n\t\t\t\t\t\t\t\n\t\t\t\t<li>\n\t\t\t\t\t<h3 style=\"opacity:70;\">teresa-solar5<\/h3>\n\t\t\t\t\t\t\t\t\t\t\t<span data-alt=\"teresa-solar5\">https:\/\/www.artsituacions.com\/wp-content\/uploads\/2017\/05\/teresa-solar5.jpg<\/span>\n\t\t\t\t\t\t\t\t\t\t<p><\/p>\n\t\t\t\t\t\t\t\t\t\t\t\t\t\t\t\t\t\t<a><img class=\"skip-lazy\" src=\"https:\/\/www.artsituacions.com\/wp-content\/uploads\/2017\/05\/teresa-solar5-100x75.jpg\" alt=\"teresa-solar5\" \/><\/a>\n\t\t\t\t\t\t\t\t\t\t\t\t\t\t\t<\/li>\n\t\t\t\t\t\t\t\n\t\t\t\t<li>\n\t\t\t\t\t<h3 style=\"opacity:70;\">teresa-solar4<\/h3>\n\t\t\t\t\t\t\t\t\t\t\t<span data-alt=\"teresa-solar4\">https:\/\/www.artsituacions.com\/wp-content\/uploads\/2017\/05\/teresa-solar4.jpg<\/span>\n\t\t\t\t\t\t\t\t\t\t<p><\/p>\n\t\t\t\t\t\t\t\t\t\t\t\t\t\t\t\t\t\t<a><img class=\"skip-lazy\" src=\"https:\/\/www.artsituacions.com\/wp-content\/uploads\/2017\/05\/teresa-solar4-100x75.jpg\" alt=\"teresa-solar4\" \/><\/a>\n\t\t\t\t\t\t\t\t\t\t\t\t\t\t\t<\/li>\n\t\t\t\t\t\t\t\n\t\t\t\t<li>\n\t\t\t\t\t<h3 style=\"opacity:70;\">teresa-solar6<\/h3>\n\t\t\t\t\t\t\t\t\t\t\t<span data-alt=\"teresa-solar6\">https:\/\/www.artsituacions.com\/wp-content\/uploads\/2017\/05\/teresa-solar6.jpg<\/span>\n\t\t\t\t\t\t\t\t\t\t<p><\/p>\n\t\t\t\t\t\t\t\t\t\t\t\t\t\t\t\t\t\t<a><img class=\"skip-lazy\" src=\"https:\/\/www.artsituacions.com\/wp-content\/uploads\/2017\/05\/teresa-solar6-100x75.jpg\" alt=\"teresa-solar6\" \/><\/a>\n\t\t\t\t\t\t\t\t\t\t\t\t\t\t\t<\/li>\n\t\t\t\t\t\t\t\n\t\t\t\t<li>\n\t\t\t\t\t<h3 style=\"opacity:70;\">teresa-solar11<\/h3>\n\t\t\t\t\t\t\t\t\t\t\t<span data-alt=\"teresa-solar11\">https:\/\/www.artsituacions.com\/wp-content\/uploads\/2017\/05\/teresa-solar11.jpg<\/span>\n\t\t\t\t\t\t\t\t\t\t<p><\/p>\n\t\t\t\t\t\t\t\t\t\t\t\t\t\t\t\t\t\t<a><img class=\"skip-lazy\" src=\"https:\/\/www.artsituacions.com\/wp-content\/uploads\/2017\/05\/teresa-solar11-100x75.jpg\" alt=\"teresa-solar11\" \/><\/a>\n\t\t\t\t\t\t\t\t\t\t\t\t\t\t\t<\/li>\n\t\t\t\t\t\t\t\n\t\t\t\t<li>\n\t\t\t\t\t<h3 style=\"opacity:70;\">teresa-solar10<\/h3>\n\t\t\t\t\t\t\t\t\t\t\t<span data-alt=\"teresa-solar10\">https:\/\/www.artsituacions.com\/wp-content\/uploads\/2017\/05\/teresa-solar10.jpg<\/span>\n\t\t\t\t\t\t\t\t\t\t<p><\/p>\n\t\t\t\t\t\t\t\t\t\t\t\t\t\t\t\t\t\t<a><img class=\"skip-lazy\" src=\"https:\/\/www.artsituacions.com\/wp-content\/uploads\/2017\/05\/teresa-solar10-100x75.jpg\" alt=\"teresa-solar10\" \/><\/a>\n\t\t\t\t\t\t\t\t\t\t\t\t\t\t\t<\/li>\n\t\t\t\t\t\t<\/ul>\n\t\n\t<div id=\"slideshow-wrappergallery41636\" class=\"slideshow-wrapper\">\n\t\t\t\n\t\t<div class=\"slideshow-fullsize\" id=\"fullsizegallery41636\">\n\t\t\t\t\t\t\t\t\t\t\t\t\t\t<div id=\"imgprevgallery41636\" class=\"slideshow-imgprev imgnav\" title=\"Previous Image\">Previous Image<\/div>\n\t\t\t\t\t\t<a id=\"imglinkgallery41636\" class=\"slideshow-imglink imglink\"><!-- link --><\/a>\n\t\t\t\t\t\t\t\t\t\t\t<div id=\"imgnextgallery41636\" class=\"slideshow-imgnext imgnav\" title=\"Next Image\">Next Image<\/div>\n\t\t\t\t\t\t<div id=\"imagegallery41636\" class=\"slideshow-image\"><\/div>\n\t\t\t<div class=\"slideshow-information infobottom\" id=\"informationgallery41636\">\n\t\t\t\t<h3 class=\"slideshow-info-heading\">info heading<\/h3>\n\t\t\t\t<p class=\"slideshow-info-content\">info content<\/p>\n\t\t\t<\/div>\n\t\t<\/div>\n\t\t\n\t\t\t\t\t<div id=\"thumbnailsgallery41636\" class=\"slideshow-thumbnails thumbsbot\">\n\t\t\t\t<div class=\"slideshow-slideleft\" id=\"slideleftgallery41636\" title=\"Slide Left\"><\/div>\n\t\t\t\t<div class=\"slideshow-slidearea\" id=\"slideareagallery41636\">\n\t\t\t\t\t<div class=\"slideshow-slider\" id=\"slidergallery41636\"><\/div>\n\t\t\t\t<\/div>\n\t\t\t\t<div class=\"slideshow-slideright\" id=\"sliderightgallery41636\" title=\"Slide Right\"><\/div>\n\t\t\t\t<br style=\"clear:both; visibility:hidden; height:1px;\" \/>\n\t\t\t<\/div>\n\t\t\t<\/div>\n\t\n\t\n\t<!-- Slideshow Gallery Javascript BEG -->\t\t<script type=\"text\/javascript\">\tjQuery.noConflict();\ttid('slideshowgallery41636').style.display = \"none\";\ttid('slideshow-wrappergallery41636').style.display = 'block';\ttid('slideshow-wrappergallery41636').style.visibility = 'hidden';\tvar spinnerDiv = document.createElement('div');\tspinnerDiv.setAttribute('id', 'spinnergallery41636');\tspinnerDiv.innerHTML = '<i class=\"fa fa-cog fa-spin\"><\/i>';\tjQuery(spinnerDiv).appendTo('#fullsizegallery41636');\ttid('spinnergallery41636').style.visibility = 'visible';\tvar slideshowgallery41636 = new TINY.slideshow(\"slideshowgallery41636\");\tjQuery(document).ready(function() {\t\tslideshowgallery41636.auto = true;\t\tslideshowgallery41636.speed = 10;\t\tslideshowgallery41636.effect = \"fade\";\t\tslideshowgallery41636.slide_direction = \"lr\";\t\tslideshowgallery41636.easing = \"swing\";\t\tslideshowgallery41636.alwaysauto = true;\t\tslideshowgallery41636.autoheight = true;\t\tslideshowgallery41636.autoheight_max = false;\t\tslideshowgallery41636.imgSpeed = 10;\t\tslideshowgallery41636.navOpacity = 25;\t\tslideshowgallery41636.navHover = 70;\t\tslideshowgallery41636.letterbox = \"#000000\";\t\tslideshowgallery41636.linkclass = \"linkhover\";\t\tslideshowgallery41636.imagesid = \"imagesgallery41636\";\t\tslideshowgallery41636.info = \"\";\t\tslideshowgallery41636.infoonhover = 0;\t\tslideshowgallery41636.infoSpeed = 10;\t\tslideshowgallery41636.infodelay = 0;\t\tslideshowgallery41636.infofade = 0;\t\tslideshowgallery41636.infofadedelay = 0;\t\tslideshowgallery41636.thumbs = \"slidergallery41636\";\t\tslideshowgallery41636.thumbOpacity = 70;\t\tslideshowgallery41636.left = \"slideleftgallery41636\";\t\tslideshowgallery41636.right = \"sliderightgallery41636\";\t\tslideshowgallery41636.scrollSpeed = 5;\t\tslideshowgallery41636.spacing = 5;\t\tslideshowgallery41636.active = \"#ffffff\";\t\tslideshowgallery41636.imagesthickbox = \"false\";\t\tjQuery(\"#spinnergallery41636\").remove();\t\tslideshowgallery41636.init(\"slideshowgallery41636\",\"imagegallery41636\",\"imgprevgallery41636\",\"imgnextgallery41636\",\"imglinkgallery41636\");\t\ttid('slideshow-wrappergallery41636').style.visibility = 'visible';\t\tjQuery(window).trigger('resize');\t\t\t\t\t});\t\t\t<\/script>\t\t<!-- Slideshow Gallery Javascript END --><!-- Slideshow Gallery CSS BEG --><style id=\"style-gallery41636\">\t\tul.slideshowgallery41636 { list-style:none !important; color:#fff; }\n\t\tul.slideshowgallery41636 span { display:none; }\n\t\t#slideshow-wrappergallery41636 { overflow: hidden; position:relative; width:100%; background:#020202; padding:0 0 0 0; border:; margin:0; display:none; }\n\t\t#slideshow-wrappergallery41636 * { margin:0; padding:0; }\n\t\t#slideshow-wrappergallery41636 #fullsizegallery41636 { position:relative; z-index:1; overflow:hidden; width:100%; height:460px; clear:both; border: none; }\n\t\t#slideshow-wrappergallery41636 #informationgallery41636 { text-align:left; font-family:Verdana, Arial, Helvetica, sans-serif !important; position:absolute; width:100%; height:0; background:#000000; color:#ffffff; overflow:hidden; z-index:300; opacity:.7; filter:alpha(opacity=70); }\n\t\t#slideshow-wrappergallery41636 #informationgallery41636 h3 { color:#ffffff; padding:4px 8px 3px; margin:0 !important; font-size:16px; font-weight:bold; }\n\t\t#slideshow-wrappergallery41636 #informationgallery41636 a { color:#ffffff; }\n\t\t#slideshow-wrappergallery41636 #informationgallery41636 p { color:#ffffff; padding:0 8px 8px; margin:0 !important; font-size: 14px; font-weight:normal; }\n\t\t#slideshow-wrappergallery41636 .infotop { margin-bottom:8px !important; top:0!important; }\n\t\t#slideshow-wrappergallery41636 .infobottom { margin-top:8px !important; bottom:0!important; }\n\t\t\t\t\t#slideshow-wrappergallery41636 #imagegallery41636 { width:100%; }\n\t\t\t#slideshow-wrappergallery41636 #imagegallery41636 img { border:none; border-radius:0; box-shadow:none; position:absolute; left:0%; right:0%; max-height:100%; max-width:100%; margin:0 auto; display:block; }\n\t\t\t\t#slideshow-wrappergallery41636 .imgnav { position:absolute; width:25%; height:100%; cursor:pointer; z-index:250; }\n\t\t#slideshow-wrappergallery41636 #imgprevgallery41636:before { font-family:FontAwesome; content:\"\\f053\"; font-size:30px; color:white; visibility:visible; left:0; text-align:left; width: auto; height:auto; line-height:160%; top:50%; margin:-30px 0 0 0; border-radius:0 10px 10px 0; background:black; padding:3px 10px 0 10px; position: absolute; display: inline-block; \t}\n\t\t#slideshow-wrappergallery41636 #imgprevgallery41636 { display:none; -moz-user-select: none; -khtml-user-select: none; -webkit-user-select: none; -o-user-select: none; left:0; font-size:0px; }\n\t\t#slideshow-wrappergallery41636 #imgnextgallery41636:before { font-family:FontAwesome; content:\"\\f054\"; font-size:30px; color:white; visibility:visible; right:0; text-align:right; width: auto; height:auto; line-height:160%; top:50%; margin:-30px 0 0 0; border-radius:10px 0 0 10px; background:black; padding:3px 10px 0 10px; position: absolute; display: inline-block; }\n\t\t#slideshow-wrappergallery41636 #imgnextgallery41636 { display:none; -moz-user-select: none; -khtml-user-select: none; -webkit-user-select: none; -o-user-select: none; right:0; font-size:0px; }\n\t\t#slideshow-wrappergallery41636 #imglinkgallery41636 { position:absolute; zoom:1; background-color:#ffffff; height:100%; width:100%; left:0; z-index:149; opacity:0; filter:alpha(opacity=0); }\n\t\t#slideshow-wrappergallery41636 .linkhover:before { font-family:FontAwesome; content:\"\\f14c\"; font-size:30px; text-align:center; height:auto; line-height:160%; width:auto; top:50%; left:auto; right:auto; margin:-30px 0 0 0; padding:0px 12px; display: inline-block; position: relative; background:black; color:white; border-radius:10px; }\n\t\t#slideshow-wrappergallery41636 .linkhover { background:transparent !important; opacity:.4 !important; filter:alpha(opacity=40) !important; text-align:center; font-size:0px; }\n\t\t#slideshow-wrappergallery41636 #thumbnailsgallery41636 { background:#020202; height:89px; width:100%; position:relative; overflow:hidden; }\n\t\t#slideshow-wrappergallery41636 .thumbstop { margin-bottom:8px !important; }\n\t\t#slideshow-wrappergallery41636 .thumbsbot { margin-top:8px !important; }\n\t\t#slideshow-wrappergallery41636 #slideleftgallery41636:before { font-family:FontAwesome; content: \"\\f104\"; color:#999; position: absolute; height: auto; line-height:160%; width: auto; display: inline-block; top: 50%; font-size: 30px; margin: -30px 0 0 0; padding: 0 5px; }\n\t\t#slideshow-wrappergallery41636 #slideleftgallery41636 { text-align:left; float:left; position:absolute; left:0; z-index:150; width:20px; height:89px; background:#222; }\n\t\t#slideshow-wrappergallery41636 #slideleftgallery41636:hover { background-color:#333; }\n\t\t#slideshow-wrappergallery41636 #sliderightgallery41636:before { font-family:FontAwesome; content: \"\\f105\"; color:#999; position: absolute; height: auto; line-height:160%; width: auto; display: inline-block; top: 50%; font-size: 30px; margin: -30px 0 0 0; padding: 0 5px; }\n\t\t#slideshow-wrappergallery41636 #sliderightgallery41636 { text-align:left; float:right; position:absolute; right:0; z-index:150; width:20px; height:89px; background:#222; }\n\t\t#slideshow-wrappergallery41636 #sliderightgallery41636:hover { background-color:#333; }\n\t\t#slideshow-wrappergallery41636 #slideareagallery41636 { float:left; position:absolute; z-index:149; background:#020202; width:100%; margin:0; height:89px; overflow:hidden; }\n\t\t#slideshow-wrappergallery41636 #slidergallery41636 { position:absolute; width:837px !important; left:0; height:89px; padding:3px 20px 0 25px; }\n\t\t#slideshow-wrappergallery41636 #slidergallery41636 img { width:100px; height:75px; cursor:pointer; border:1px solid #666; padding:2px; float:left !important; }\n\t\t#slideshow-wrappergallery41636 #spinnergallery41636 { position:relative; top:50%; left:45%; text-align:left; font-size:30px; }\n\t\t#slideshow-wrappergallery41636 #spinnergallery41636 img { border:none; }\n\t\n\t\t\t\t@media (max-width:480px) { \t.slideshow-information { display: none !important; } }\n\t\t\t\t\t\t@media (max-width:480px) { \t.slideshow-thumbnails { display: none !important; } }\n\t\t\t<\/style><!-- Slideshow Gallery CSS END --><br \/>\n\t<!-- Slideshow Gallery CSS END -->.<\/div>\n<\/div>\n","protected":false},"excerpt":{"rendered":"<p>Informazione Artwork CV Informazione Teresa Solar Abboud (Madrid, 1985) afferma che nella sua opera esiste un interesse continuo per il linguaggio e i suoi processi di traduzione, in costante trasformazione. Figlia di padre spagnolo e madre egiziana, Teresa parla arabo,<span class=\"ellipsis\">&hellip;<\/span><\/p>\n<div class=\"read-more\"><a href=\"https:\/\/www.artsituacions.com\/it\/artistas\/teresa-solar\/\">Leggi altro &#8250;<\/a><\/div>\n<p><!-- end of .read-more --><\/p>\n","protected":false},"author":1,"featured_media":0,"comment_status":"closed","ping_status":"closed","sticky":false,"template":"","format":"standard","meta":[],"categories":[5],"tags":[],"post_formats":[],"yoast_head":"<!-- This site is optimized with the Yoast SEO plugin v17.8 - https:\/\/yoast.com\/wordpress\/plugins\/seo\/ -->\n<meta name=\"robots\" content=\"index, follow, max-snippet:-1, max-image-preview:large, max-video-preview:-1\" \/>\n<link rel=\"canonical\" href=\"https:\/\/www.artsituacions.com\/ca\/artistas\/teresa-solar\/\" \/>\n<meta property=\"og:locale\" content=\"it_IT\" \/>\n<meta property=\"og:type\" content=\"article\" \/>\n<meta property=\"og:title\" content=\"Teresa Solar - Artsituacions\" \/>\n<meta property=\"og:description\" content=\"Informazione Artwork CV Informazione Teresa Solar Abboud (Madrid, 1985) afferma che nella sua opera esiste un interesse continuo per il linguaggio e i suoi processi di traduzione, in costante trasformazione. Figlia di padre spagnolo e madre egiziana, Teresa parla arabo,&hellip;Leggi altro &#8250;\" \/>\n<meta property=\"og:url\" content=\"https:\/\/www.artsituacions.com\/it\/artistas\/teresa-solar\/\" \/>\n<meta property=\"og:site_name\" content=\"Artsituacions\" \/>\n<meta property=\"article:published_time\" content=\"2015-02-12T23:16:20+00:00\" \/>\n<meta property=\"article:modified_time\" content=\"2017-05-21T21:30:37+00:00\" \/>\n<meta property=\"og:image\" content=\"http:\/\/www.artsituacions.com\/wp-content\/uploads\/2015\/02\/teresa-solar.jpg\" \/>\n<meta name=\"twitter:card\" content=\"summary_large_image\" \/>\n<meta name=\"twitter:label1\" content=\"Scritto da\" \/>\n\t<meta name=\"twitter:data1\" content=\"maria\" \/>\n\t<meta name=\"twitter:label2\" content=\"Tempo di lettura stimato\" \/>\n\t<meta name=\"twitter:data2\" content=\"26 minuti\" \/>\n<script type=\"application\/ld+json\" class=\"yoast-schema-graph\">{\"@context\":\"https:\/\/schema.org\",\"@graph\":[{\"@type\":\"WebSite\",\"@id\":\"https:\/\/www.artsituacions.com\/es\/#website\",\"url\":\"https:\/\/www.artsituacions.com\/es\/\",\"name\":\"Artsituacions\",\"description\":\"\",\"potentialAction\":[{\"@type\":\"SearchAction\",\"target\":{\"@type\":\"EntryPoint\",\"urlTemplate\":\"https:\/\/www.artsituacions.com\/es\/?s={search_term_string}\"},\"query-input\":\"required name=search_term_string\"}],\"inLanguage\":\"it-IT\"},{\"@type\":\"ImageObject\",\"@id\":\"https:\/\/www.artsituacions.com\/ca\/artistas\/teresa-solar\/#primaryimage\",\"inLanguage\":\"it-IT\",\"url\":\"http:\/\/www.artsituacions.com\/wp-content\/uploads\/2015\/02\/teresa-solar.jpg\",\"contentUrl\":\"http:\/\/www.artsituacions.com\/wp-content\/uploads\/2015\/02\/teresa-solar.jpg\"},{\"@type\":\"WebPage\",\"@id\":\"https:\/\/www.artsituacions.com\/ca\/artistas\/teresa-solar\/#webpage\",\"url\":\"https:\/\/www.artsituacions.com\/ca\/artistas\/teresa-solar\/\",\"name\":\"Teresa Solar - Artsituacions\",\"isPartOf\":{\"@id\":\"https:\/\/www.artsituacions.com\/es\/#website\"},\"primaryImageOfPage\":{\"@id\":\"https:\/\/www.artsituacions.com\/ca\/artistas\/teresa-solar\/#primaryimage\"},\"datePublished\":\"2015-02-12T23:16:20+00:00\",\"dateModified\":\"2017-05-21T21:30:37+00:00\",\"author\":{\"@id\":\"https:\/\/www.artsituacions.com\/es\/#\/schema\/person\/3d37438f4bd373cb842fb92a55dae3d0\"},\"breadcrumb\":{\"@id\":\"https:\/\/www.artsituacions.com\/ca\/artistas\/teresa-solar\/#breadcrumb\"},\"inLanguage\":\"it-IT\",\"potentialAction\":[{\"@type\":\"ReadAction\",\"target\":[\"https:\/\/www.artsituacions.com\/ca\/artistas\/teresa-solar\/\"]}]},{\"@type\":\"BreadcrumbList\",\"@id\":\"https:\/\/www.artsituacions.com\/ca\/artistas\/teresa-solar\/#breadcrumb\",\"itemListElement\":[{\"@type\":\"ListItem\",\"position\":1,\"name\":\"Home\",\"item\":\"https:\/\/www.artsituacions.com\/es\/\"},{\"@type\":\"ListItem\",\"position\":2,\"name\":\"Artistas\",\"item\":\"https:\/\/www.artsituacions.com\/es\/category\/artistas\/\"},{\"@type\":\"ListItem\",\"position\":3,\"name\":\"Teresa Solar\"}]},{\"@type\":\"Person\",\"@id\":\"https:\/\/www.artsituacions.com\/es\/#\/schema\/person\/3d37438f4bd373cb842fb92a55dae3d0\",\"name\":\"maria\",\"image\":{\"@type\":\"ImageObject\",\"@id\":\"https:\/\/www.artsituacions.com\/es\/#personlogo\",\"inLanguage\":\"it-IT\",\"url\":\"https:\/\/secure.gravatar.com\/avatar\/5e917d4d501b3a16916d469da41efaf8?s=96&d=mm&r=g\",\"contentUrl\":\"https:\/\/secure.gravatar.com\/avatar\/5e917d4d501b3a16916d469da41efaf8?s=96&d=mm&r=g\",\"caption\":\"maria\"},\"url\":\"https:\/\/www.artsituacions.com\/it\/author\/maria\/\"}]}<\/script>\n<!-- \/ Yoast SEO plugin. -->","yoast_head_json":{"robots":{"index":"index","follow":"follow","max-snippet":"max-snippet:-1","max-image-preview":"max-image-preview:large","max-video-preview":"max-video-preview:-1"},"canonical":"https:\/\/www.artsituacions.com\/ca\/artistas\/teresa-solar\/","og_locale":"it_IT","og_type":"article","og_title":"Teresa Solar - Artsituacions","og_description":"Informazione Artwork CV Informazione Teresa Solar Abboud (Madrid, 1985) afferma che nella sua opera esiste un interesse continuo per il linguaggio e i suoi processi di traduzione, in costante trasformazione. Figlia di padre spagnolo e madre egiziana, Teresa parla arabo,&hellip;Leggi altro &#8250;","og_url":"https:\/\/www.artsituacions.com\/it\/artistas\/teresa-solar\/","og_site_name":"Artsituacions","article_published_time":"2015-02-12T23:16:20+00:00","article_modified_time":"2017-05-21T21:30:37+00:00","og_image":[{"url":"http:\/\/www.artsituacions.com\/wp-content\/uploads\/2015\/02\/teresa-solar.jpg"}],"twitter_card":"summary_large_image","twitter_misc":{"Scritto da":"maria","Tempo di lettura stimato":"26 minuti"},"schema":{"@context":"https:\/\/schema.org","@graph":[{"@type":"WebSite","@id":"https:\/\/www.artsituacions.com\/es\/#website","url":"https:\/\/www.artsituacions.com\/es\/","name":"Artsituacions","description":"","potentialAction":[{"@type":"SearchAction","target":{"@type":"EntryPoint","urlTemplate":"https:\/\/www.artsituacions.com\/es\/?s={search_term_string}"},"query-input":"required name=search_term_string"}],"inLanguage":"it-IT"},{"@type":"ImageObject","@id":"https:\/\/www.artsituacions.com\/ca\/artistas\/teresa-solar\/#primaryimage","inLanguage":"it-IT","url":"http:\/\/www.artsituacions.com\/wp-content\/uploads\/2015\/02\/teresa-solar.jpg","contentUrl":"http:\/\/www.artsituacions.com\/wp-content\/uploads\/2015\/02\/teresa-solar.jpg"},{"@type":"WebPage","@id":"https:\/\/www.artsituacions.com\/ca\/artistas\/teresa-solar\/#webpage","url":"https:\/\/www.artsituacions.com\/ca\/artistas\/teresa-solar\/","name":"Teresa Solar - Artsituacions","isPartOf":{"@id":"https:\/\/www.artsituacions.com\/es\/#website"},"primaryImageOfPage":{"@id":"https:\/\/www.artsituacions.com\/ca\/artistas\/teresa-solar\/#primaryimage"},"datePublished":"2015-02-12T23:16:20+00:00","dateModified":"2017-05-21T21:30:37+00:00","author":{"@id":"https:\/\/www.artsituacions.com\/es\/#\/schema\/person\/3d37438f4bd373cb842fb92a55dae3d0"},"breadcrumb":{"@id":"https:\/\/www.artsituacions.com\/ca\/artistas\/teresa-solar\/#breadcrumb"},"inLanguage":"it-IT","potentialAction":[{"@type":"ReadAction","target":["https:\/\/www.artsituacions.com\/ca\/artistas\/teresa-solar\/"]}]},{"@type":"BreadcrumbList","@id":"https:\/\/www.artsituacions.com\/ca\/artistas\/teresa-solar\/#breadcrumb","itemListElement":[{"@type":"ListItem","position":1,"name":"Home","item":"https:\/\/www.artsituacions.com\/es\/"},{"@type":"ListItem","position":2,"name":"Artistas","item":"https:\/\/www.artsituacions.com\/es\/category\/artistas\/"},{"@type":"ListItem","position":3,"name":"Teresa Solar"}]},{"@type":"Person","@id":"https:\/\/www.artsituacions.com\/es\/#\/schema\/person\/3d37438f4bd373cb842fb92a55dae3d0","name":"maria","image":{"@type":"ImageObject","@id":"https:\/\/www.artsituacions.com\/es\/#personlogo","inLanguage":"it-IT","url":"https:\/\/secure.gravatar.com\/avatar\/5e917d4d501b3a16916d469da41efaf8?s=96&d=mm&r=g","contentUrl":"https:\/\/secure.gravatar.com\/avatar\/5e917d4d501b3a16916d469da41efaf8?s=96&d=mm&r=g","caption":"maria"},"url":"https:\/\/www.artsituacions.com\/it\/author\/maria\/"}]}},"AFP_featured_media_urls":{"full":false,"thumbnail":false,"medium":false,"medium_large":false,"large":false},"AFP_attachments":{"full":false,"thumbnail":false,"medium":false,"medium_large":false,"large":false},"AFP_videos":[],"AFP_video_blocks":"","AFP_category_names":["Artistas"],"_links":{"self":[{"href":"https:\/\/www.artsituacions.com\/it\/wp-json\/wp\/v2\/posts\/1295"}],"collection":[{"href":"https:\/\/www.artsituacions.com\/it\/wp-json\/wp\/v2\/posts"}],"about":[{"href":"https:\/\/www.artsituacions.com\/it\/wp-json\/wp\/v2\/types\/post"}],"author":[{"embeddable":true,"href":"https:\/\/www.artsituacions.com\/it\/wp-json\/wp\/v2\/users\/1"}],"replies":[{"embeddable":true,"href":"https:\/\/www.artsituacions.com\/it\/wp-json\/wp\/v2\/comments?post=1295"}],"version-history":[{"count":4,"href":"https:\/\/www.artsituacions.com\/it\/wp-json\/wp\/v2\/posts\/1295\/revisions"}],"predecessor-version":[{"id":1372,"href":"https:\/\/www.artsituacions.com\/it\/wp-json\/wp\/v2\/posts\/1295\/revisions\/1372"}],"wp:attachment":[{"href":"https:\/\/www.artsituacions.com\/it\/wp-json\/wp\/v2\/media?parent=1295"}],"wp:term":[{"taxonomy":"category","embeddable":true,"href":"https:\/\/www.artsituacions.com\/it\/wp-json\/wp\/v2\/categories?post=1295"},{"taxonomy":"post_tag","embeddable":true,"href":"https:\/\/www.artsituacions.com\/it\/wp-json\/wp\/v2\/tags?post=1295"},{"taxonomy":"post_format","embeddable":true,"href":"https:\/\/www.artsituacions.com\/it\/wp-json\/wp\/v2\/post_formats?post=1295"}],"curies":[{"name":"wp","href":"https:\/\/api.w.org\/{rel}","templated":true}]}}