{"id":1793,"date":"2021-12-02T19:38:00","date_gmt":"2021-12-02T19:38:00","guid":{"rendered":"https:\/\/www.artsituacions.com\/en\/?p=1793"},"modified":"2022-01-03T19:43:30","modified_gmt":"2022-01-03T19:43:30","slug":"arrenca-art-situacions-iii","status":"publish","type":"post","link":"https:\/\/www.artsituacions.com\/it\/noticias\/arrenca-art-situacions-iii\/","title":{"rendered":"Arranca ART Situacions III"},"content":{"rendered":"\n<div class=\"wp-block-columns is-layout-flex wp-container-3\">\n<div class=\"wp-block-column is-layout-flow\" style=\"flex-basis:25%\">\n<figure class=\"wp-block-image size-full\"><img decoding=\"async\" loading=\"lazy\" width=\"250\" height=\"250\" src=\"https:\/\/www.artsituacions.com\/wp-content\/uploads\/2022\/01\/artsituacions.jpeg\" alt=\"\" class=\"wp-image-1795\"\/><\/figure>\n<\/div>\n\n\n\n<div class=\"wp-block-column is-layout-flow\" style=\"flex-basis:75%\">\n<h2 class=\"wp-block-heading\"><strong>Arranca ART Situacions III<\/strong><\/h2>\n\n\n\n<p><em><strong>La iniciativa internacional apoya el arte emergente m\u00e1s joven de la mano de un comit\u00e9 de expertos de reconocido prestigio<\/strong><\/em><\/p>\n\n\n\n<ul><li>La tercera edici\u00f3n se centrar\u00e1 en j\u00f3venes artistas de Espa\u00f1a y Francia.<\/li><li>Vicent Todol\u00ed, Mar\u00eda de Corral y Lorena M. de Corral siguen en el comit\u00e9 de expertos de selecci\u00f3n, al que se suma la comisaria Chus Mart\u00ednez.<\/li><li>La iniciativa honra la memoria de su fundadora y directora Pilar Forcada.<\/li><\/ul>\n\n\n\n<p>Barcelona, 2 de diciembre de 2021.- <strong>ART Situacions presenta su tercera convocatoria<\/strong> con vocaci\u00f3n de dar soporte al arte contempor\u00e1neo emergente. Se trata de una importante iniciativa privada de mecenazgo, consolidada a nivel internacional, que estimula de manera constante la creaci\u00f3n art\u00edstica.<\/p>\n\n\n\n<p>Consciente de la escasez de oportunidades que afronta el sector m\u00e1s joven del arte actual, ART Situacions busca <strong>promover su difusi\u00f3n y acercarlo a un p\u00fablico m\u00e1s amplio<\/strong>. Al mismo tiempo, no pretende reflejar los gustos propios de los coleccionistas, como tampoco potenciar un tema o disciplina art\u00edstica concreto, sino llevar a cabo una mirada prospectiva.<\/p>\n\n\n\n<p>En esta tercera edici\u00f3n, que se centrar\u00e1 en <strong>j\u00f3venes artistas emergentes espa\u00f1oles y franceses<\/strong>, cuenta con un comit\u00e9 de expertos formado por <strong>Mar\u00eda de Corral, Lorena M. de Corral, Chus Mart\u00ednez y Vicent Todol\u00ed<\/strong>, especialistas de reconocido prestigio nacional e internacional que elegir\u00e1n de forma consensuada a los artistas que participar\u00e1n, conformando una incisiva panor\u00e1mica de las generaciones m\u00e1s j\u00f3venes en Espa\u00f1a y Francia.<\/p>\n\n\n\n<p>Tras la triste p\u00e9rdida del alma del proyecto, <strong>Pilar Forcada, fundadora y directora de ART Situacions<\/strong>, su marido y director general de Honda \u2013 Greens, <strong>Marcel Pascual, toma su relevo<\/strong> para continuar esta iniciativa que con tanta ilusi\u00f3n su esposa lider\u00f3 con gran \u00e9xito, honrando as\u00ed su memoria y su <strong>pasi\u00f3n compartida por el arte<\/strong>.<\/p>\n\n\n\n<p>Para ART Situacions representa una gran satisfacci\u00f3n apoyar la cultura y a los artistas participantes, contribuyendo a dinamizar el tejido art\u00edstico actual.<\/p>\n\n\n\n<figure class=\"wp-block-image size-full\"><img decoding=\"async\" loading=\"lazy\" width=\"1200\" height=\"900\" src=\"https:\/\/www.artsituacions.com\/wp-content\/uploads\/2022\/01\/04_pilar-forcada-sm.jpg\" alt=\"\" class=\"wp-image-1794\"\/><figcaption>Pilar Forcada<\/figcaption><\/figure>\n<\/div>\n<\/div>\n","protected":false},"excerpt":{"rendered":"<p>Arranca ART Situacions III La iniciativa internacional apoya el arte emergente m\u00e1s joven de la mano de un comit\u00e9 de expertos de reconocido prestigio La tercera edici\u00f3n se centrar\u00e1 en j\u00f3venes artistas de Espa\u00f1a y Francia. Vicent Todol\u00ed, Mar\u00eda de<span class=\"ellipsis\">&hellip;<\/span><\/p>\n<div class=\"read-more\"><a href=\"https:\/\/www.artsituacions.com\/it\/noticias\/arrenca-art-situacions-iii\/\">Leggi altro &#8250;<\/a><\/div>\n<p><!-- end of .read-more --><\/p>\n","protected":false},"author":1,"featured_media":0,"comment_status":"closed","ping_status":"closed","sticky":false,"template":"","format":"standard","meta":[],"categories":[12],"tags":[],"post_formats":[],"yoast_head":"<!-- This site is optimized with the Yoast SEO plugin v17.8 - https:\/\/yoast.com\/wordpress\/plugins\/seo\/ -->\n<meta name=\"robots\" content=\"index, follow, max-snippet:-1, max-image-preview:large, max-video-preview:-1\" \/>\n<link rel=\"canonical\" href=\"https:\/\/www.artsituacions.com\/es\/noticias\/arrenca-art-situacions-iii\/\" \/>\n<meta property=\"og:locale\" content=\"it_IT\" \/>\n<meta property=\"og:type\" content=\"article\" \/>\n<meta property=\"og:title\" content=\"Arranca ART Situacions III\" \/>\n<meta property=\"og:description\" content=\"Arranca ART Situacions III La iniciativa internacional apoya el arte emergente m\u00e1s joven de la mano de un comit\u00e9 de expertos de reconocido prestigio La tercera edici\u00f3n se centrar\u00e1 en j\u00f3venes artistas de Espa\u00f1a y Francia. Vicent Todol\u00ed, Mar\u00eda de&hellip;Leggi altro &#8250;\" \/>\n<meta property=\"og:url\" content=\"https:\/\/www.artsituacions.com\/it\/noticias\/arrenca-art-situacions-iii\/\" \/>\n<meta property=\"og:site_name\" content=\"Artsituacions\" \/>\n<meta property=\"article:published_time\" content=\"2021-12-02T19:38:00+00:00\" \/>\n<meta property=\"article:modified_time\" content=\"2022-01-03T19:43:30+00:00\" \/>\n<meta property=\"og:image\" content=\"https:\/\/www.artsituacions.com\/wp-content\/uploads\/2022\/01\/artsituacions.jpeg\" \/>\n<meta name=\"twitter:card\" content=\"summary_large_image\" \/>\n<meta name=\"twitter:label1\" content=\"Scritto da\" \/>\n\t<meta name=\"twitter:data1\" content=\"maria\" \/>\n\t<meta name=\"twitter:label2\" content=\"Tempo di lettura stimato\" \/>\n\t<meta name=\"twitter:data2\" content=\"2 minuti\" \/>\n<script type=\"application\/ld+json\" class=\"yoast-schema-graph\">{\"@context\":\"https:\/\/schema.org\",\"@graph\":[{\"@type\":\"WebSite\",\"@id\":\"https:\/\/www.artsituacions.com\/es\/#website\",\"url\":\"https:\/\/www.artsituacions.com\/es\/\",\"name\":\"Artsituacions\",\"description\":\"\",\"potentialAction\":[{\"@type\":\"SearchAction\",\"target\":{\"@type\":\"EntryPoint\",\"urlTemplate\":\"https:\/\/www.artsituacions.com\/es\/?s={search_term_string}\"},\"query-input\":\"required name=search_term_string\"}],\"inLanguage\":\"it-IT\"},{\"@type\":\"ImageObject\",\"@id\":\"https:\/\/www.artsituacions.com\/es\/noticias\/arrenca-art-situacions-iii\/#primaryimage\",\"inLanguage\":\"it-IT\",\"url\":\"https:\/\/www.artsituacions.com\/wp-content\/uploads\/2022\/01\/artsituacions.jpeg\",\"contentUrl\":\"https:\/\/www.artsituacions.com\/wp-content\/uploads\/2022\/01\/artsituacions.jpeg\",\"width\":250,\"height\":250},{\"@type\":\"WebPage\",\"@id\":\"https:\/\/www.artsituacions.com\/es\/noticias\/arrenca-art-situacions-iii\/#webpage\",\"url\":\"https:\/\/www.artsituacions.com\/es\/noticias\/arrenca-art-situacions-iii\/\",\"name\":\"[:es]Arranca ART Situacions III[:ca]Arrenca ART Situacions III[:en]ART Situacions III starts[:] - Artsituacions\",\"isPartOf\":{\"@id\":\"https:\/\/www.artsituacions.com\/es\/#website\"},\"primaryImageOfPage\":{\"@id\":\"https:\/\/www.artsituacions.com\/es\/noticias\/arrenca-art-situacions-iii\/#primaryimage\"},\"datePublished\":\"2021-12-02T19:38:00+00:00\",\"dateModified\":\"2022-01-03T19:43:30+00:00\",\"author\":{\"@id\":\"https:\/\/www.artsituacions.com\/es\/#\/schema\/person\/3d37438f4bd373cb842fb92a55dae3d0\"},\"breadcrumb\":{\"@id\":\"https:\/\/www.artsituacions.com\/es\/noticias\/arrenca-art-situacions-iii\/#breadcrumb\"},\"inLanguage\":\"it-IT\",\"potentialAction\":[{\"@type\":\"ReadAction\",\"target\":[\"https:\/\/www.artsituacions.com\/es\/noticias\/arrenca-art-situacions-iii\/\"]}]},{\"@type\":\"BreadcrumbList\",\"@id\":\"https:\/\/www.artsituacions.com\/es\/noticias\/arrenca-art-situacions-iii\/#breadcrumb\",\"itemListElement\":[{\"@type\":\"ListItem\",\"position\":1,\"name\":\"Home\",\"item\":\"https:\/\/www.artsituacions.com\/es\/\"},{\"@type\":\"ListItem\",\"position\":2,\"name\":\"Noticias\",\"item\":\"https:\/\/www.artsituacions.com\/it\/category\/noticias\/\"},{\"@type\":\"ListItem\",\"position\":3,\"name\":\"Arranca ART Situacions III\"}]},{\"@type\":\"Person\",\"@id\":\"https:\/\/www.artsituacions.com\/es\/#\/schema\/person\/3d37438f4bd373cb842fb92a55dae3d0\",\"name\":\"maria\",\"image\":{\"@type\":\"ImageObject\",\"@id\":\"https:\/\/www.artsituacions.com\/es\/#personlogo\",\"inLanguage\":\"it-IT\",\"url\":\"https:\/\/secure.gravatar.com\/avatar\/5e917d4d501b3a16916d469da41efaf8?s=96&d=mm&r=g\",\"contentUrl\":\"https:\/\/secure.gravatar.com\/avatar\/5e917d4d501b3a16916d469da41efaf8?s=96&d=mm&r=g\",\"caption\":\"maria\"},\"url\":\"https:\/\/www.artsituacions.com\/it\/author\/maria\/\"}]}<\/script>\n<!-- \/ Yoast SEO plugin. -->","yoast_head_json":{"robots":{"index":"index","follow":"follow","max-snippet":"max-snippet:-1","max-image-preview":"max-image-preview:large","max-video-preview":"max-video-preview:-1"},"canonical":"https:\/\/www.artsituacions.com\/es\/noticias\/arrenca-art-situacions-iii\/","og_locale":"it_IT","og_type":"article","og_title":"[:es]Arranca ART Situacions III[:ca]Arrenca ART Situacions III[:en]ART Situacions III starts[:] - Artsituacions","og_description":"Arranca ART Situacions III La iniciativa internacional apoya el arte emergente m\u00e1s joven de la mano de un comit\u00e9 de expertos de reconocido prestigio La tercera edici\u00f3n se centrar\u00e1 en j\u00f3venes artistas de Espa\u00f1a y Francia. Vicent Todol\u00ed, Mar\u00eda de&hellip;Leggi altro &#8250;","og_url":"https:\/\/www.artsituacions.com\/it\/noticias\/arrenca-art-situacions-iii\/","og_site_name":"Artsituacions","article_published_time":"2021-12-02T19:38:00+00:00","article_modified_time":"2022-01-03T19:43:30+00:00","og_image":[{"url":"https:\/\/www.artsituacions.com\/wp-content\/uploads\/2022\/01\/artsituacions.jpeg"}],"twitter_card":"summary_large_image","twitter_misc":{"Scritto da":"maria","Tempo di lettura stimato":"2 minuti"},"schema":{"@context":"https:\/\/schema.org","@graph":[{"@type":"WebSite","@id":"https:\/\/www.artsituacions.com\/es\/#website","url":"https:\/\/www.artsituacions.com\/es\/","name":"Artsituacions","description":"","potentialAction":[{"@type":"SearchAction","target":{"@type":"EntryPoint","urlTemplate":"https:\/\/www.artsituacions.com\/es\/?s={search_term_string}"},"query-input":"required name=search_term_string"}],"inLanguage":"it-IT"},{"@type":"ImageObject","@id":"https:\/\/www.artsituacions.com\/es\/noticias\/arrenca-art-situacions-iii\/#primaryimage","inLanguage":"it-IT","url":"https:\/\/www.artsituacions.com\/wp-content\/uploads\/2022\/01\/artsituacions.jpeg","contentUrl":"https:\/\/www.artsituacions.com\/wp-content\/uploads\/2022\/01\/artsituacions.jpeg","width":250,"height":250},{"@type":"WebPage","@id":"https:\/\/www.artsituacions.com\/es\/noticias\/arrenca-art-situacions-iii\/#webpage","url":"https:\/\/www.artsituacions.com\/es\/noticias\/arrenca-art-situacions-iii\/","name":"[:es]Arranca ART Situacions III[:ca]Arrenca ART Situacions III[:en]ART Situacions III starts[:] - Artsituacions","isPartOf":{"@id":"https:\/\/www.artsituacions.com\/es\/#website"},"primaryImageOfPage":{"@id":"https:\/\/www.artsituacions.com\/es\/noticias\/arrenca-art-situacions-iii\/#primaryimage"},"datePublished":"2021-12-02T19:38:00+00:00","dateModified":"2022-01-03T19:43:30+00:00","author":{"@id":"https:\/\/www.artsituacions.com\/es\/#\/schema\/person\/3d37438f4bd373cb842fb92a55dae3d0"},"breadcrumb":{"@id":"https:\/\/www.artsituacions.com\/es\/noticias\/arrenca-art-situacions-iii\/#breadcrumb"},"inLanguage":"it-IT","potentialAction":[{"@type":"ReadAction","target":["https:\/\/www.artsituacions.com\/es\/noticias\/arrenca-art-situacions-iii\/"]}]},{"@type":"BreadcrumbList","@id":"https:\/\/www.artsituacions.com\/es\/noticias\/arrenca-art-situacions-iii\/#breadcrumb","itemListElement":[{"@type":"ListItem","position":1,"name":"Home","item":"https:\/\/www.artsituacions.com\/es\/"},{"@type":"ListItem","position":2,"name":"Noticias","item":"https:\/\/www.artsituacions.com\/it\/category\/noticias\/"},{"@type":"ListItem","position":3,"name":"Arranca ART Situacions III"}]},{"@type":"Person","@id":"https:\/\/www.artsituacions.com\/es\/#\/schema\/person\/3d37438f4bd373cb842fb92a55dae3d0","name":"maria","image":{"@type":"ImageObject","@id":"https:\/\/www.artsituacions.com\/es\/#personlogo","inLanguage":"it-IT","url":"https:\/\/secure.gravatar.com\/avatar\/5e917d4d501b3a16916d469da41efaf8?s=96&d=mm&r=g","contentUrl":"https:\/\/secure.gravatar.com\/avatar\/5e917d4d501b3a16916d469da41efaf8?s=96&d=mm&r=g","caption":"maria"},"url":"https:\/\/www.artsituacions.com\/it\/author\/maria\/"}]}},"AFP_featured_media_urls":{"full":false,"thumbnail":false,"medium":false,"medium_large":false,"large":false},"AFP_attachments":{"full":["https:\/\/www.artsituacions.com\/wp-content\/uploads\/2022\/01\/04_pilar-forcada-sm.jpg",1200,900,false],"thumbnail":["https:\/\/www.artsituacions.com\/wp-content\/uploads\/2022\/01\/04_pilar-forcada-sm.jpg",100,75,false],"medium":["https:\/\/www.artsituacions.com\/wp-content\/uploads\/2022\/01\/04_pilar-forcada-sm.jpg",300,225,false],"medium_large":["https:\/\/www.artsituacions.com\/wp-content\/uploads\/2022\/01\/04_pilar-forcada-sm.jpg",605,454,false],"large":["https:\/\/www.artsituacions.com\/wp-content\/uploads\/2022\/01\/04_pilar-forcada-sm.jpg",605,454,false]},"AFP_videos":[],"AFP_video_blocks":"","AFP_category_names":["Noticias"],"_links":{"self":[{"href":"https:\/\/www.artsituacions.com\/it\/wp-json\/wp\/v2\/posts\/1793"}],"collection":[{"href":"https:\/\/www.artsituacions.com\/it\/wp-json\/wp\/v2\/posts"}],"about":[{"href":"https:\/\/www.artsituacions.com\/it\/wp-json\/wp\/v2\/types\/post"}],"author":[{"embeddable":true,"href":"https:\/\/www.artsituacions.com\/it\/wp-json\/wp\/v2\/users\/1"}],"replies":[{"embeddable":true,"href":"https:\/\/www.artsituacions.com\/it\/wp-json\/wp\/v2\/comments?post=1793"}],"version-history":[{"count":4,"href":"https:\/\/www.artsituacions.com\/it\/wp-json\/wp\/v2\/posts\/1793\/revisions"}],"predecessor-version":[{"id":1802,"href":"https:\/\/www.artsituacions.com\/it\/wp-json\/wp\/v2\/posts\/1793\/revisions\/1802"}],"wp:attachment":[{"href":"https:\/\/www.artsituacions.com\/it\/wp-json\/wp\/v2\/media?parent=1793"}],"wp:term":[{"taxonomy":"category","embeddable":true,"href":"https:\/\/www.artsituacions.com\/it\/wp-json\/wp\/v2\/categories?post=1793"},{"taxonomy":"post_tag","embeddable":true,"href":"https:\/\/www.artsituacions.com\/it\/wp-json\/wp\/v2\/tags?post=1793"},{"taxonomy":"post_format","embeddable":true,"href":"https:\/\/www.artsituacions.com\/it\/wp-json\/wp\/v2\/post_formats?post=1793"}],"curies":[{"name":"wp","href":"https:\/\/api.w.org\/{rel}","templated":true}]}}