{"id":1823,"date":"2016-02-16T11:07:00","date_gmt":"2016-02-16T11:07:00","guid":{"rendered":"https:\/\/www.artsituacions.com\/es\/?p=1823"},"modified":"2022-01-08T11:45:06","modified_gmt":"2022-01-08T11:45:06","slug":"art-situacions-exhibition-at-matadero-madrid","status":"publish","type":"post","link":"https:\/\/www.artsituacions.com\/it\/noticias\/art-situacions-exhibition-at-matadero-madrid\/","title":{"rendered":"Exposici\u00f3n de ART Situacions II en Matadero Madrid"},"content":{"rendered":"\n<div class=\"wp-block-columns is-layout-flex wp-container-3\">\n<div class=\"wp-block-column is-layout-flow\" style=\"flex-basis:25%\">\n<figure class=\"wp-block-image size-full\"><img decoding=\"async\" loading=\"lazy\" width=\"524\" height=\"261\" src=\"https:\/\/www.artsituacions.com\/wp-content\/uploads\/2022\/01\/matadero.jpeg\" alt=\"\" class=\"wp-image-1826\"\/><\/figure>\n<\/div>\n\n\n\n<div class=\"wp-block-column is-layout-flow\" style=\"flex-basis:75%\">\n<h2 class=\"wp-block-heading\"><strong>Exposici\u00f3n de ART Situacions II en Matadero Madrid<\/strong><\/h2>\n\n\n\n<p><em><strong>Del 19 de febrero al 30 de abril de 2016, la Nave 16 de Matadero Madrid acoge la segunda edici\u00f3n de la muestra ART Situacions, a cargo de Mar\u00eda de Corral, Ilaria Gianni, Lorena Mart\u00ednez de Corral y Vicent Todol\u00ed, promovida por Matadero Madrid y organizada por ART Situacions bajo la direcci\u00f3n de Pilar Forcada.<\/strong><\/em><\/p>\n\n\n\n<p>ART Situacions II llega a&nbsp; Madrid con la intenci\u00f3n de ser un estimulante paisaje multifac\u00e9tico que ofrece un punto de vista privilegiado de algunas de las pr\u00e1cticas mejor estructuradas, po\u00e9ticas y coherentes que se pueden encontrar en nuestros d\u00edas. La exposici\u00f3n parece actuar como una partitura&nbsp; polif\u00f3nica, mostrando a trav\u00e9s de diferentes relatos e interpretaciones elocuentes de lo pol\u00edtico, lo cultural, lo social y lo personal.<\/p>\n\n\n\n<p>ART Situacions II es una exposici\u00f3n itinerante. Despu\u00e9s de una primera parada en el Museo de Arte Contempor\u00e1neo Villa Croce, de G\u00e9nova (del 18 de septiembre de 2015 al 15 de noviembre de 2015), y una segunda parada en el MACRO, el Museo de Arte Contempor\u00e1neo de Roma (del 27 de noviembre de 2015 al 31 de enero de 2016), desembarca ahora en Matadero Madrid (del 19 de febrero al 30 de abril de 2016).<\/p>\n\n\n\n<figure class=\"wp-block-image size-full\"><img decoding=\"async\" loading=\"lazy\" width=\"900\" height=\"505\" src=\"https:\/\/www.artsituacions.com\/wp-content\/uploads\/2017\/05\/matadero12.jpg\" alt=\"Matadero Madrid\" class=\"wp-image-1522\" srcset=\"https:\/\/www.artsituacions.com\/wp-content\/uploads\/2017\/05\/matadero12.jpg 900w, https:\/\/www.artsituacions.com\/wp-content\/uploads\/2017\/05\/matadero12-100x56.jpg 100w, https:\/\/www.artsituacions.com\/wp-content\/uploads\/2017\/05\/matadero12-300x168.jpg 300w, https:\/\/www.artsituacions.com\/wp-content\/uploads\/2017\/05\/matadero12-768x431.jpg 768w, https:\/\/www.artsituacions.com\/wp-content\/uploads\/2017\/05\/matadero12-150x84.jpg 150w, https:\/\/www.artsituacions.com\/wp-content\/uploads\/2017\/05\/matadero12-200x112.jpg 200w, https:\/\/www.artsituacions.com\/wp-content\/uploads\/2017\/05\/matadero12-450x253.jpg 450w, https:\/\/www.artsituacions.com\/wp-content\/uploads\/2017\/05\/matadero12-600x337.jpg 600w\" sizes=\"(max-width: 900px) 100vw, 900px\" \/><\/figure>\n<\/div>\n<\/div>\n","protected":false},"excerpt":{"rendered":"<p>Exposici\u00f3n de ART Situacions II en Matadero Madrid Del 19 de febrero al 30 de abril de 2016, la Nave 16 de Matadero Madrid acoge la segunda edici\u00f3n de la muestra ART Situacions, a cargo de Mar\u00eda de Corral, Ilaria<span class=\"ellipsis\">&hellip;<\/span><\/p>\n<div class=\"read-more\"><a href=\"https:\/\/www.artsituacions.com\/it\/noticias\/art-situacions-exhibition-at-matadero-madrid\/\">Leggi altro &#8250;<\/a><\/div>\n<p><!-- end of .read-more --><\/p>\n","protected":false},"author":1,"featured_media":1518,"comment_status":"closed","ping_status":"closed","sticky":false,"template":"","format":"standard","meta":[],"categories":[12],"tags":[],"post_formats":[],"yoast_head":"<!-- This site is optimized with the Yoast SEO plugin v17.8 - https:\/\/yoast.com\/wordpress\/plugins\/seo\/ -->\n<meta name=\"robots\" content=\"index, follow, max-snippet:-1, max-image-preview:large, max-video-preview:-1\" \/>\n<link rel=\"canonical\" href=\"https:\/\/www.artsituacions.com\/en\/noticias\/art-situacions-exhibition-at-matadero-madrid\/\" \/>\n<meta property=\"og:locale\" content=\"it_IT\" \/>\n<meta property=\"og:type\" content=\"article\" \/>\n<meta property=\"og:title\" content=\"Exposici\u00f3n de ART Situacions II en Matadero Madrid\" \/>\n<meta property=\"og:description\" content=\"Exposici\u00f3n de ART Situacions II en Matadero Madrid Del 19 de febrero al 30 de abril de 2016, la Nave 16 de Matadero Madrid acoge la segunda edici\u00f3n de la muestra ART Situacions, a cargo de Mar\u00eda de Corral, Ilaria&hellip;Leggi altro &#8250;\" \/>\n<meta property=\"og:url\" content=\"https:\/\/www.artsituacions.com\/it\/noticias\/art-situacions-exhibition-at-matadero-madrid\/\" \/>\n<meta property=\"og:site_name\" content=\"Artsituacions\" \/>\n<meta property=\"article:published_time\" content=\"2016-02-16T11:07:00+00:00\" \/>\n<meta property=\"article:modified_time\" content=\"2022-01-08T11:45:06+00:00\" \/>\n<meta property=\"og:image\" content=\"https:\/\/www.artsituacions.com\/wp-content\/uploads\/2017\/05\/matadero8.jpg\" \/>\n\t<meta property=\"og:image:width\" content=\"900\" \/>\n\t<meta property=\"og:image:height\" content=\"675\" \/>\n<meta name=\"twitter:card\" content=\"summary_large_image\" \/>\n<meta name=\"twitter:label1\" content=\"Scritto da\" \/>\n\t<meta name=\"twitter:data1\" content=\"maria\" \/>\n\t<meta name=\"twitter:label2\" content=\"Tempo di lettura stimato\" \/>\n\t<meta name=\"twitter:data2\" content=\"2 minuti\" \/>\n<script type=\"application\/ld+json\" class=\"yoast-schema-graph\">{\"@context\":\"https:\/\/schema.org\",\"@graph\":[{\"@type\":\"WebSite\",\"@id\":\"https:\/\/www.artsituacions.com\/es\/#website\",\"url\":\"https:\/\/www.artsituacions.com\/es\/\",\"name\":\"Artsituacions\",\"description\":\"\",\"potentialAction\":[{\"@type\":\"SearchAction\",\"target\":{\"@type\":\"EntryPoint\",\"urlTemplate\":\"https:\/\/www.artsituacions.com\/es\/?s={search_term_string}\"},\"query-input\":\"required name=search_term_string\"}],\"inLanguage\":\"it-IT\"},{\"@type\":\"ImageObject\",\"@id\":\"https:\/\/www.artsituacions.com\/en\/noticias\/art-situacions-exhibition-at-matadero-madrid\/#primaryimage\",\"inLanguage\":\"it-IT\",\"url\":\"https:\/\/www.artsituacions.com\/wp-content\/uploads\/2017\/05\/matadero8.jpg\",\"contentUrl\":\"https:\/\/www.artsituacions.com\/wp-content\/uploads\/2017\/05\/matadero8.jpg\",\"width\":900,\"height\":675},{\"@type\":\"WebPage\",\"@id\":\"https:\/\/www.artsituacions.com\/en\/noticias\/art-situacions-exhibition-at-matadero-madrid\/#webpage\",\"url\":\"https:\/\/www.artsituacions.com\/en\/noticias\/art-situacions-exhibition-at-matadero-madrid\/\",\"name\":\"[:es]Exposici\\u00f3n de ART Situacions II en Matadero Madrid[:ca]Exposici\\u00f3 d&#039;ART Situacions II a Matadero Madrid[:en]ART Situacions Exhibition at Matadero Madrid[:] - Artsituacions\",\"isPartOf\":{\"@id\":\"https:\/\/www.artsituacions.com\/es\/#website\"},\"primaryImageOfPage\":{\"@id\":\"https:\/\/www.artsituacions.com\/en\/noticias\/art-situacions-exhibition-at-matadero-madrid\/#primaryimage\"},\"datePublished\":\"2016-02-16T11:07:00+00:00\",\"dateModified\":\"2022-01-08T11:45:06+00:00\",\"author\":{\"@id\":\"https:\/\/www.artsituacions.com\/es\/#\/schema\/person\/3d37438f4bd373cb842fb92a55dae3d0\"},\"breadcrumb\":{\"@id\":\"https:\/\/www.artsituacions.com\/en\/noticias\/art-situacions-exhibition-at-matadero-madrid\/#breadcrumb\"},\"inLanguage\":\"it-IT\",\"potentialAction\":[{\"@type\":\"ReadAction\",\"target\":[\"https:\/\/www.artsituacions.com\/en\/noticias\/art-situacions-exhibition-at-matadero-madrid\/\"]}]},{\"@type\":\"BreadcrumbList\",\"@id\":\"https:\/\/www.artsituacions.com\/en\/noticias\/art-situacions-exhibition-at-matadero-madrid\/#breadcrumb\",\"itemListElement\":[{\"@type\":\"ListItem\",\"position\":1,\"name\":\"Home\",\"item\":\"https:\/\/www.artsituacions.com\/es\/\"},{\"@type\":\"ListItem\",\"position\":2,\"name\":\"Noticias\",\"item\":\"https:\/\/www.artsituacions.com\/it\/category\/noticias\/\"},{\"@type\":\"ListItem\",\"position\":3,\"name\":\"ART Situacions Exhibition at Matadero Madrid\"}]},{\"@type\":\"Person\",\"@id\":\"https:\/\/www.artsituacions.com\/es\/#\/schema\/person\/3d37438f4bd373cb842fb92a55dae3d0\",\"name\":\"maria\",\"image\":{\"@type\":\"ImageObject\",\"@id\":\"https:\/\/www.artsituacions.com\/es\/#personlogo\",\"inLanguage\":\"it-IT\",\"url\":\"https:\/\/secure.gravatar.com\/avatar\/5e917d4d501b3a16916d469da41efaf8?s=96&d=mm&r=g\",\"contentUrl\":\"https:\/\/secure.gravatar.com\/avatar\/5e917d4d501b3a16916d469da41efaf8?s=96&d=mm&r=g\",\"caption\":\"maria\"},\"url\":\"https:\/\/www.artsituacions.com\/it\/author\/maria\/\"}]}<\/script>\n<!-- \/ Yoast SEO plugin. -->","yoast_head_json":{"robots":{"index":"index","follow":"follow","max-snippet":"max-snippet:-1","max-image-preview":"max-image-preview:large","max-video-preview":"max-video-preview:-1"},"canonical":"https:\/\/www.artsituacions.com\/en\/noticias\/art-situacions-exhibition-at-matadero-madrid\/","og_locale":"it_IT","og_type":"article","og_title":"[:es]Exposici\u00f3n de ART Situacions II en Matadero Madrid[:ca]Exposici\u00f3 d&#039;ART Situacions II a Matadero Madrid[:en]ART Situacions Exhibition at Matadero Madrid[:] - Artsituacions","og_description":"Exposici\u00f3n de ART Situacions II en Matadero Madrid Del 19 de febrero al 30 de abril de 2016, la Nave 16 de Matadero Madrid acoge la segunda edici\u00f3n de la muestra ART Situacions, a cargo de Mar\u00eda de Corral, Ilaria&hellip;Leggi altro &#8250;","og_url":"https:\/\/www.artsituacions.com\/it\/noticias\/art-situacions-exhibition-at-matadero-madrid\/","og_site_name":"Artsituacions","article_published_time":"2016-02-16T11:07:00+00:00","article_modified_time":"2022-01-08T11:45:06+00:00","og_image":[{"width":900,"height":675,"url":"https:\/\/www.artsituacions.com\/wp-content\/uploads\/2017\/05\/matadero8.jpg","type":"image\/jpeg"}],"twitter_card":"summary_large_image","twitter_misc":{"Scritto da":"maria","Tempo di lettura stimato":"2 minuti"},"schema":{"@context":"https:\/\/schema.org","@graph":[{"@type":"WebSite","@id":"https:\/\/www.artsituacions.com\/es\/#website","url":"https:\/\/www.artsituacions.com\/es\/","name":"Artsituacions","description":"","potentialAction":[{"@type":"SearchAction","target":{"@type":"EntryPoint","urlTemplate":"https:\/\/www.artsituacions.com\/es\/?s={search_term_string}"},"query-input":"required name=search_term_string"}],"inLanguage":"it-IT"},{"@type":"ImageObject","@id":"https:\/\/www.artsituacions.com\/en\/noticias\/art-situacions-exhibition-at-matadero-madrid\/#primaryimage","inLanguage":"it-IT","url":"https:\/\/www.artsituacions.com\/wp-content\/uploads\/2017\/05\/matadero8.jpg","contentUrl":"https:\/\/www.artsituacions.com\/wp-content\/uploads\/2017\/05\/matadero8.jpg","width":900,"height":675},{"@type":"WebPage","@id":"https:\/\/www.artsituacions.com\/en\/noticias\/art-situacions-exhibition-at-matadero-madrid\/#webpage","url":"https:\/\/www.artsituacions.com\/en\/noticias\/art-situacions-exhibition-at-matadero-madrid\/","name":"[:es]Exposici\u00f3n de ART Situacions II en Matadero Madrid[:ca]Exposici\u00f3 d&#039;ART Situacions II a Matadero Madrid[:en]ART Situacions Exhibition at Matadero Madrid[:] - Artsituacions","isPartOf":{"@id":"https:\/\/www.artsituacions.com\/es\/#website"},"primaryImageOfPage":{"@id":"https:\/\/www.artsituacions.com\/en\/noticias\/art-situacions-exhibition-at-matadero-madrid\/#primaryimage"},"datePublished":"2016-02-16T11:07:00+00:00","dateModified":"2022-01-08T11:45:06+00:00","author":{"@id":"https:\/\/www.artsituacions.com\/es\/#\/schema\/person\/3d37438f4bd373cb842fb92a55dae3d0"},"breadcrumb":{"@id":"https:\/\/www.artsituacions.com\/en\/noticias\/art-situacions-exhibition-at-matadero-madrid\/#breadcrumb"},"inLanguage":"it-IT","potentialAction":[{"@type":"ReadAction","target":["https:\/\/www.artsituacions.com\/en\/noticias\/art-situacions-exhibition-at-matadero-madrid\/"]}]},{"@type":"BreadcrumbList","@id":"https:\/\/www.artsituacions.com\/en\/noticias\/art-situacions-exhibition-at-matadero-madrid\/#breadcrumb","itemListElement":[{"@type":"ListItem","position":1,"name":"Home","item":"https:\/\/www.artsituacions.com\/es\/"},{"@type":"ListItem","position":2,"name":"Noticias","item":"https:\/\/www.artsituacions.com\/it\/category\/noticias\/"},{"@type":"ListItem","position":3,"name":"ART Situacions Exhibition at Matadero Madrid"}]},{"@type":"Person","@id":"https:\/\/www.artsituacions.com\/es\/#\/schema\/person\/3d37438f4bd373cb842fb92a55dae3d0","name":"maria","image":{"@type":"ImageObject","@id":"https:\/\/www.artsituacions.com\/es\/#personlogo","inLanguage":"it-IT","url":"https:\/\/secure.gravatar.com\/avatar\/5e917d4d501b3a16916d469da41efaf8?s=96&d=mm&r=g","contentUrl":"https:\/\/secure.gravatar.com\/avatar\/5e917d4d501b3a16916d469da41efaf8?s=96&d=mm&r=g","caption":"maria"},"url":"https:\/\/www.artsituacions.com\/it\/author\/maria\/"}]}},"AFP_featured_media_urls":{"full":["https:\/\/www.artsituacions.com\/wp-content\/uploads\/2017\/05\/matadero8.jpg",900,675,false],"thumbnail":["https:\/\/www.artsituacions.com\/wp-content\/uploads\/2017\/05\/matadero8-100x75.jpg",100,75,true],"medium":["https:\/\/www.artsituacions.com\/wp-content\/uploads\/2017\/05\/matadero8-300x225.jpg",300,225,true],"medium_large":["https:\/\/www.artsituacions.com\/wp-content\/uploads\/2017\/05\/matadero8-768x576.jpg",605,454,true],"large":["https:\/\/www.artsituacions.com\/wp-content\/uploads\/2017\/05\/matadero8.jpg",605,454,false]},"AFP_attachments":{"full":["https:\/\/www.artsituacions.com\/wp-content\/uploads\/2022\/01\/matadero.jpeg",524,261,false],"thumbnail":["https:\/\/www.artsituacions.com\/wp-content\/uploads\/2022\/01\/matadero.jpeg",100,50,false],"medium":["https:\/\/www.artsituacions.com\/wp-content\/uploads\/2022\/01\/matadero.jpeg",300,149,false],"medium_large":["https:\/\/www.artsituacions.com\/wp-content\/uploads\/2022\/01\/matadero.jpeg",524,261,false],"large":["https:\/\/www.artsituacions.com\/wp-content\/uploads\/2022\/01\/matadero.jpeg",524,261,false]},"AFP_videos":[],"AFP_video_blocks":"","AFP_category_names":["Noticias"],"_links":{"self":[{"href":"https:\/\/www.artsituacions.com\/it\/wp-json\/wp\/v2\/posts\/1823"}],"collection":[{"href":"https:\/\/www.artsituacions.com\/it\/wp-json\/wp\/v2\/posts"}],"about":[{"href":"https:\/\/www.artsituacions.com\/it\/wp-json\/wp\/v2\/types\/post"}],"author":[{"embeddable":true,"href":"https:\/\/www.artsituacions.com\/it\/wp-json\/wp\/v2\/users\/1"}],"replies":[{"embeddable":true,"href":"https:\/\/www.artsituacions.com\/it\/wp-json\/wp\/v2\/comments?post=1823"}],"version-history":[{"count":8,"href":"https:\/\/www.artsituacions.com\/it\/wp-json\/wp\/v2\/posts\/1823\/revisions"}],"predecessor-version":[{"id":1840,"href":"https:\/\/www.artsituacions.com\/it\/wp-json\/wp\/v2\/posts\/1823\/revisions\/1840"}],"wp:featuredmedia":[{"embeddable":true,"href":"https:\/\/www.artsituacions.com\/it\/wp-json\/wp\/v2\/media\/1518"}],"wp:attachment":[{"href":"https:\/\/www.artsituacions.com\/it\/wp-json\/wp\/v2\/media?parent=1823"}],"wp:term":[{"taxonomy":"category","embeddable":true,"href":"https:\/\/www.artsituacions.com\/it\/wp-json\/wp\/v2\/categories?post=1823"},{"taxonomy":"post_tag","embeddable":true,"href":"https:\/\/www.artsituacions.com\/it\/wp-json\/wp\/v2\/tags?post=1823"},{"taxonomy":"post_format","embeddable":true,"href":"https:\/\/www.artsituacions.com\/it\/wp-json\/wp\/v2\/post_formats?post=1823"}],"curies":[{"name":"wp","href":"https:\/\/api.w.org\/{rel}","templated":true}]}}