{"id":1841,"date":"2015-11-25T11:54:00","date_gmt":"2015-11-25T11:54:00","guid":{"rendered":"https:\/\/www.artsituacions.com\/en\/?p=1841"},"modified":"2022-01-08T12:32:49","modified_gmt":"2022-01-08T12:32:49","slug":"art-situacions-ii-opens-at-macro-in-rome","status":"publish","type":"post","link":"https:\/\/www.artsituacions.com\/it\/noticias\/art-situacions-ii-opens-at-macro-in-rome\/","title":{"rendered":"Se inaugura ART Situacions II en el MACRO de Roma"},"content":{"rendered":"\n<div class=\"wp-block-columns is-layout-flex wp-container-3\">\n<div class=\"wp-block-column is-layout-flow\" style=\"flex-basis:25%\">\n<figure class=\"wp-block-image size-full\"><img decoding=\"async\" loading=\"lazy\" width=\"300\" height=\"300\" src=\"https:\/\/www.artsituacions.com\/wp-content\/uploads\/2022\/01\/macro.jpeg\" alt=\"\" class=\"wp-image-1842\"\/><\/figure>\n<\/div>\n\n\n\n<div class=\"wp-block-column is-layout-flow\" style=\"flex-basis:75%\">\n<h2 class=\"wp-block-heading\"><strong>Se inaugura ART Situacions II en el MACRO de Roma<\/strong><\/h2>\n\n\n\n<p><em><strong>Del 27 de noviembre de 2015 al 31 de enero de 2016, el Museo de Arte Contempor\u00e1neo de Roma (MACRO) acoge la segunda edici\u00f3n de la muestra ART Situacions, a cargo de Mar\u00eda de Corral, Ilaria Gianni, Lorena Mart\u00ednez de Corral y Vicent Todol\u00ed, promovida por Roma Capitale &#8211; Sovrintendenza Capitolina ai Beni Culturali, y organizada por ART Situacions bajo la direcci\u00f3n de Pilar Forcada, en colaboraci\u00f3n con Z\u00e8tema Progetto Cultura.<\/strong><\/em><\/p>\n\n\n\n<p>La muestra pretende presentarse como un paseo estimulante y multicolor, ofrecer un punto de vista privilegiado sobre algunas de las pr\u00e1cticas m\u00e1s estructuradas, evocadoras y coherentes de este momento hist\u00f3rico y, al mismo tiempo, transmitir distintas interpretaciones articuladas de los tiempos que estamos viviendo.<\/p>\n\n\n\n<p>ART Situacions II es una exposici\u00f3n itinerante. Despu\u00e9s de una primera parada en el Museo de Arte Contempor\u00e1neo Villa Croce, de G\u00e9nova (del 18 de septiembre de<br>2015 al 15 de noviembre de 2015), desembarca en el MACRO, el Museo de Arte<br>Contempor\u00e1neo de Roma (del 27 de noviembre de 2015 al 31 de enero de 2016), para despu\u00e9s continuar su viaje hasta Matadero Madrid (del 19 de febrero de 2016 al 8 de mayo de 2016).<\/p>\n\n\n\n<figure class=\"wp-block-image size-large\"><img decoding=\"async\" loading=\"lazy\" width=\"1024\" height=\"683\" src=\"https:\/\/www.artsituacions.com\/wp-content\/uploads\/2017\/05\/fcm_0064-1024x683.jpg\" alt=\"\" class=\"wp-image-1503\" srcset=\"https:\/\/www.artsituacions.com\/wp-content\/uploads\/2017\/05\/fcm_0064-1024x683.jpg 1024w, https:\/\/www.artsituacions.com\/wp-content\/uploads\/2017\/05\/fcm_0064-100x67.jpg 100w, https:\/\/www.artsituacions.com\/wp-content\/uploads\/2017\/05\/fcm_0064-300x200.jpg 300w, https:\/\/www.artsituacions.com\/wp-content\/uploads\/2017\/05\/fcm_0064-768x512.jpg 768w, https:\/\/www.artsituacions.com\/wp-content\/uploads\/2017\/05\/fcm_0064-150x100.jpg 150w, https:\/\/www.artsituacions.com\/wp-content\/uploads\/2017\/05\/fcm_0064-200x133.jpg 200w, https:\/\/www.artsituacions.com\/wp-content\/uploads\/2017\/05\/fcm_0064-450x300.jpg 450w, https:\/\/www.artsituacions.com\/wp-content\/uploads\/2017\/05\/fcm_0064-600x400.jpg 600w, https:\/\/www.artsituacions.com\/wp-content\/uploads\/2017\/05\/fcm_0064-900x600.jpg 900w, https:\/\/www.artsituacions.com\/wp-content\/uploads\/2017\/05\/fcm_0064.jpg 1200w\" sizes=\"(max-width: 1024px) 100vw, 1024px\" \/><figcaption><meta charset=\"utf-8\">Macro, Roma<\/figcaption><\/figure>\n<\/div>\n<\/div>\n","protected":false},"excerpt":{"rendered":"<p>Se inaugura ART Situacions II en el MACRO de Roma Del 27 de noviembre de 2015 al 31 de enero de 2016, el Museo de Arte Contempor\u00e1neo de Roma (MACRO) acoge la segunda edici\u00f3n de la muestra ART Situacions, a<span class=\"ellipsis\">&hellip;<\/span><\/p>\n<div class=\"read-more\"><a href=\"https:\/\/www.artsituacions.com\/it\/noticias\/art-situacions-ii-opens-at-macro-in-rome\/\">Leggi altro &#8250;<\/a><\/div>\n<p><!-- end of .read-more --><\/p>\n","protected":false},"author":1,"featured_media":1503,"comment_status":"closed","ping_status":"closed","sticky":false,"template":"","format":"standard","meta":[],"categories":[12],"tags":[],"post_formats":[],"yoast_head":"<!-- This site is optimized with the Yoast SEO plugin v17.8 - https:\/\/yoast.com\/wordpress\/plugins\/seo\/ -->\n<meta name=\"robots\" content=\"index, follow, max-snippet:-1, max-image-preview:large, max-video-preview:-1\" \/>\n<link rel=\"canonical\" href=\"https:\/\/www.artsituacions.com\/it\/noticias\/art-situacions-ii-opens-at-macro-in-rome\/\" \/>\n<meta property=\"og:locale\" content=\"it_IT\" \/>\n<meta property=\"og:type\" content=\"article\" \/>\n<meta property=\"og:title\" content=\"Se inaugura ART Situacions II en el MACRO de Roma\" \/>\n<meta property=\"og:description\" content=\"Se inaugura ART Situacions II en el MACRO de Roma Del 27 de noviembre de 2015 al 31 de enero de 2016, el Museo de Arte Contempor\u00e1neo de Roma (MACRO) acoge la segunda edici\u00f3n de la muestra ART Situacions, a&hellip;Leggi altro &#8250;\" \/>\n<meta property=\"og:url\" content=\"https:\/\/www.artsituacions.com\/it\/noticias\/art-situacions-ii-opens-at-macro-in-rome\/\" \/>\n<meta property=\"og:site_name\" content=\"Artsituacions\" \/>\n<meta property=\"article:published_time\" content=\"2015-11-25T11:54:00+00:00\" \/>\n<meta property=\"article:modified_time\" content=\"2022-01-08T12:32:49+00:00\" \/>\n<meta property=\"og:image\" content=\"https:\/\/www.artsituacions.com\/wp-content\/uploads\/2017\/05\/fcm_0064.jpg\" \/>\n\t<meta property=\"og:image:width\" content=\"1200\" \/>\n\t<meta property=\"og:image:height\" content=\"800\" \/>\n<meta name=\"twitter:card\" content=\"summary_large_image\" \/>\n<meta name=\"twitter:label1\" content=\"Scritto da\" \/>\n\t<meta name=\"twitter:data1\" content=\"maria\" \/>\n\t<meta name=\"twitter:label2\" content=\"Tempo di lettura stimato\" \/>\n\t<meta name=\"twitter:data2\" content=\"2 minuti\" \/>\n<script type=\"application\/ld+json\" class=\"yoast-schema-graph\">{\"@context\":\"https:\/\/schema.org\",\"@graph\":[{\"@type\":\"WebSite\",\"@id\":\"https:\/\/www.artsituacions.com\/es\/#website\",\"url\":\"https:\/\/www.artsituacions.com\/es\/\",\"name\":\"Artsituacions\",\"description\":\"\",\"potentialAction\":[{\"@type\":\"SearchAction\",\"target\":{\"@type\":\"EntryPoint\",\"urlTemplate\":\"https:\/\/www.artsituacions.com\/es\/?s={search_term_string}\"},\"query-input\":\"required name=search_term_string\"}],\"inLanguage\":\"it-IT\"},{\"@type\":\"ImageObject\",\"@id\":\"https:\/\/www.artsituacions.com\/it\/noticias\/art-situacions-ii-opens-at-macro-in-rome\/#primaryimage\",\"inLanguage\":\"it-IT\",\"url\":\"https:\/\/www.artsituacions.com\/wp-content\/uploads\/2017\/05\/fcm_0064.jpg\",\"contentUrl\":\"https:\/\/www.artsituacions.com\/wp-content\/uploads\/2017\/05\/fcm_0064.jpg\",\"width\":1200,\"height\":800},{\"@type\":\"WebPage\",\"@id\":\"https:\/\/www.artsituacions.com\/it\/noticias\/art-situacions-ii-opens-at-macro-in-rome\/#webpage\",\"url\":\"https:\/\/www.artsituacions.com\/it\/noticias\/art-situacions-ii-opens-at-macro-in-rome\/\",\"name\":\"[:es]Se inaugura ART Situacions II en el MACRO de Roma[:ca]S'inaugura ART Situacions II en el MACRO de Roma[:en]ART Situacions II opens at Macro in Rome[:] - Artsituacions\",\"isPartOf\":{\"@id\":\"https:\/\/www.artsituacions.com\/es\/#website\"},\"primaryImageOfPage\":{\"@id\":\"https:\/\/www.artsituacions.com\/it\/noticias\/art-situacions-ii-opens-at-macro-in-rome\/#primaryimage\"},\"datePublished\":\"2015-11-25T11:54:00+00:00\",\"dateModified\":\"2022-01-08T12:32:49+00:00\",\"author\":{\"@id\":\"https:\/\/www.artsituacions.com\/es\/#\/schema\/person\/3d37438f4bd373cb842fb92a55dae3d0\"},\"breadcrumb\":{\"@id\":\"https:\/\/www.artsituacions.com\/it\/noticias\/art-situacions-ii-opens-at-macro-in-rome\/#breadcrumb\"},\"inLanguage\":\"it-IT\",\"potentialAction\":[{\"@type\":\"ReadAction\",\"target\":[\"https:\/\/www.artsituacions.com\/it\/noticias\/art-situacions-ii-opens-at-macro-in-rome\/\"]}]},{\"@type\":\"BreadcrumbList\",\"@id\":\"https:\/\/www.artsituacions.com\/it\/noticias\/art-situacions-ii-opens-at-macro-in-rome\/#breadcrumb\",\"itemListElement\":[{\"@type\":\"ListItem\",\"position\":1,\"name\":\"Home\",\"item\":\"https:\/\/www.artsituacions.com\/es\/\"},{\"@type\":\"ListItem\",\"position\":2,\"name\":\"Noticias\",\"item\":\"https:\/\/www.artsituacions.com\/it\/category\/noticias\/\"},{\"@type\":\"ListItem\",\"position\":3,\"name\":\"Se inaugura ART Situacions II en el MACRO de Roma\"}]},{\"@type\":\"Person\",\"@id\":\"https:\/\/www.artsituacions.com\/es\/#\/schema\/person\/3d37438f4bd373cb842fb92a55dae3d0\",\"name\":\"maria\",\"image\":{\"@type\":\"ImageObject\",\"@id\":\"https:\/\/www.artsituacions.com\/es\/#personlogo\",\"inLanguage\":\"it-IT\",\"url\":\"https:\/\/secure.gravatar.com\/avatar\/5e917d4d501b3a16916d469da41efaf8?s=96&d=mm&r=g\",\"contentUrl\":\"https:\/\/secure.gravatar.com\/avatar\/5e917d4d501b3a16916d469da41efaf8?s=96&d=mm&r=g\",\"caption\":\"maria\"},\"url\":\"https:\/\/www.artsituacions.com\/it\/author\/maria\/\"}]}<\/script>\n<!-- \/ Yoast SEO plugin. -->","yoast_head_json":{"robots":{"index":"index","follow":"follow","max-snippet":"max-snippet:-1","max-image-preview":"max-image-preview:large","max-video-preview":"max-video-preview:-1"},"canonical":"https:\/\/www.artsituacions.com\/it\/noticias\/art-situacions-ii-opens-at-macro-in-rome\/","og_locale":"it_IT","og_type":"article","og_title":"[:es]Se inaugura ART Situacions II en el MACRO de Roma[:ca]S'inaugura ART Situacions II en el MACRO de Roma[:en]ART Situacions II opens at Macro in Rome[:] - Artsituacions","og_description":"Se inaugura ART Situacions II en el MACRO de Roma Del 27 de noviembre de 2015 al 31 de enero de 2016, el Museo de Arte Contempor\u00e1neo de Roma (MACRO) acoge la segunda edici\u00f3n de la muestra ART Situacions, a&hellip;Leggi altro &#8250;","og_url":"https:\/\/www.artsituacions.com\/it\/noticias\/art-situacions-ii-opens-at-macro-in-rome\/","og_site_name":"Artsituacions","article_published_time":"2015-11-25T11:54:00+00:00","article_modified_time":"2022-01-08T12:32:49+00:00","og_image":[{"width":1200,"height":800,"url":"https:\/\/www.artsituacions.com\/wp-content\/uploads\/2017\/05\/fcm_0064.jpg","type":"image\/jpeg"}],"twitter_card":"summary_large_image","twitter_misc":{"Scritto da":"maria","Tempo di lettura stimato":"2 minuti"},"schema":{"@context":"https:\/\/schema.org","@graph":[{"@type":"WebSite","@id":"https:\/\/www.artsituacions.com\/es\/#website","url":"https:\/\/www.artsituacions.com\/es\/","name":"Artsituacions","description":"","potentialAction":[{"@type":"SearchAction","target":{"@type":"EntryPoint","urlTemplate":"https:\/\/www.artsituacions.com\/es\/?s={search_term_string}"},"query-input":"required name=search_term_string"}],"inLanguage":"it-IT"},{"@type":"ImageObject","@id":"https:\/\/www.artsituacions.com\/it\/noticias\/art-situacions-ii-opens-at-macro-in-rome\/#primaryimage","inLanguage":"it-IT","url":"https:\/\/www.artsituacions.com\/wp-content\/uploads\/2017\/05\/fcm_0064.jpg","contentUrl":"https:\/\/www.artsituacions.com\/wp-content\/uploads\/2017\/05\/fcm_0064.jpg","width":1200,"height":800},{"@type":"WebPage","@id":"https:\/\/www.artsituacions.com\/it\/noticias\/art-situacions-ii-opens-at-macro-in-rome\/#webpage","url":"https:\/\/www.artsituacions.com\/it\/noticias\/art-situacions-ii-opens-at-macro-in-rome\/","name":"[:es]Se inaugura ART Situacions II en el MACRO de Roma[:ca]S'inaugura ART Situacions II en el MACRO de Roma[:en]ART Situacions II opens at Macro in Rome[:] - Artsituacions","isPartOf":{"@id":"https:\/\/www.artsituacions.com\/es\/#website"},"primaryImageOfPage":{"@id":"https:\/\/www.artsituacions.com\/it\/noticias\/art-situacions-ii-opens-at-macro-in-rome\/#primaryimage"},"datePublished":"2015-11-25T11:54:00+00:00","dateModified":"2022-01-08T12:32:49+00:00","author":{"@id":"https:\/\/www.artsituacions.com\/es\/#\/schema\/person\/3d37438f4bd373cb842fb92a55dae3d0"},"breadcrumb":{"@id":"https:\/\/www.artsituacions.com\/it\/noticias\/art-situacions-ii-opens-at-macro-in-rome\/#breadcrumb"},"inLanguage":"it-IT","potentialAction":[{"@type":"ReadAction","target":["https:\/\/www.artsituacions.com\/it\/noticias\/art-situacions-ii-opens-at-macro-in-rome\/"]}]},{"@type":"BreadcrumbList","@id":"https:\/\/www.artsituacions.com\/it\/noticias\/art-situacions-ii-opens-at-macro-in-rome\/#breadcrumb","itemListElement":[{"@type":"ListItem","position":1,"name":"Home","item":"https:\/\/www.artsituacions.com\/es\/"},{"@type":"ListItem","position":2,"name":"Noticias","item":"https:\/\/www.artsituacions.com\/it\/category\/noticias\/"},{"@type":"ListItem","position":3,"name":"Se inaugura ART Situacions II en el MACRO de Roma"}]},{"@type":"Person","@id":"https:\/\/www.artsituacions.com\/es\/#\/schema\/person\/3d37438f4bd373cb842fb92a55dae3d0","name":"maria","image":{"@type":"ImageObject","@id":"https:\/\/www.artsituacions.com\/es\/#personlogo","inLanguage":"it-IT","url":"https:\/\/secure.gravatar.com\/avatar\/5e917d4d501b3a16916d469da41efaf8?s=96&d=mm&r=g","contentUrl":"https:\/\/secure.gravatar.com\/avatar\/5e917d4d501b3a16916d469da41efaf8?s=96&d=mm&r=g","caption":"maria"},"url":"https:\/\/www.artsituacions.com\/it\/author\/maria\/"}]}},"AFP_featured_media_urls":{"full":["https:\/\/www.artsituacions.com\/wp-content\/uploads\/2017\/05\/fcm_0064.jpg",1200,800,false],"thumbnail":["https:\/\/www.artsituacions.com\/wp-content\/uploads\/2017\/05\/fcm_0064-100x67.jpg",100,67,true],"medium":["https:\/\/www.artsituacions.com\/wp-content\/uploads\/2017\/05\/fcm_0064-300x200.jpg",300,200,true],"medium_large":["https:\/\/www.artsituacions.com\/wp-content\/uploads\/2017\/05\/fcm_0064-768x512.jpg",605,403,true],"large":["https:\/\/www.artsituacions.com\/wp-content\/uploads\/2017\/05\/fcm_0064-1024x683.jpg",605,404,true]},"AFP_attachments":{"full":["https:\/\/www.artsituacions.com\/wp-content\/uploads\/2022\/01\/macro.jpeg",300,300,false],"thumbnail":["https:\/\/www.artsituacions.com\/wp-content\/uploads\/2022\/01\/macro.jpeg",100,100,false],"medium":["https:\/\/www.artsituacions.com\/wp-content\/uploads\/2022\/01\/macro.jpeg",300,300,false],"medium_large":["https:\/\/www.artsituacions.com\/wp-content\/uploads\/2022\/01\/macro.jpeg",300,300,false],"large":["https:\/\/www.artsituacions.com\/wp-content\/uploads\/2022\/01\/macro.jpeg",300,300,false]},"AFP_videos":[],"AFP_video_blocks":"","AFP_category_names":["Noticias"],"_links":{"self":[{"href":"https:\/\/www.artsituacions.com\/it\/wp-json\/wp\/v2\/posts\/1841"}],"collection":[{"href":"https:\/\/www.artsituacions.com\/it\/wp-json\/wp\/v2\/posts"}],"about":[{"href":"https:\/\/www.artsituacions.com\/it\/wp-json\/wp\/v2\/types\/post"}],"author":[{"embeddable":true,"href":"https:\/\/www.artsituacions.com\/it\/wp-json\/wp\/v2\/users\/1"}],"replies":[{"embeddable":true,"href":"https:\/\/www.artsituacions.com\/it\/wp-json\/wp\/v2\/comments?post=1841"}],"version-history":[{"count":7,"href":"https:\/\/www.artsituacions.com\/it\/wp-json\/wp\/v2\/posts\/1841\/revisions"}],"predecessor-version":[{"id":1865,"href":"https:\/\/www.artsituacions.com\/it\/wp-json\/wp\/v2\/posts\/1841\/revisions\/1865"}],"wp:featuredmedia":[{"embeddable":true,"href":"https:\/\/www.artsituacions.com\/it\/wp-json\/wp\/v2\/media\/1503"}],"wp:attachment":[{"href":"https:\/\/www.artsituacions.com\/it\/wp-json\/wp\/v2\/media?parent=1841"}],"wp:term":[{"taxonomy":"category","embeddable":true,"href":"https:\/\/www.artsituacions.com\/it\/wp-json\/wp\/v2\/categories?post=1841"},{"taxonomy":"post_tag","embeddable":true,"href":"https:\/\/www.artsituacions.com\/it\/wp-json\/wp\/v2\/tags?post=1841"},{"taxonomy":"post_format","embeddable":true,"href":"https:\/\/www.artsituacions.com\/it\/wp-json\/wp\/v2\/post_formats?post=1841"}],"curies":[{"name":"wp","href":"https:\/\/api.w.org\/{rel}","templated":true}]}}