{"id":1968,"date":"2022-02-23T20:36:30","date_gmt":"2022-02-23T20:36:30","guid":{"rendered":"https:\/\/www.artsituacions.com\/en\/?p=1968"},"modified":"2023-02-06T10:07:03","modified_gmt":"2023-02-06T10:07:03","slug":"chus-martinez","status":"publish","type":"post","link":"https:\/\/www.artsituacions.com\/it\/comite\/chus-martinez\/","title":{"rendered":"Chus Mart\u00ednez"},"content":{"rendered":"<div class=\"commiteeDetail clearfix\">\n<div class=\"c1\"><img decoding=\"async\" loading=\"lazy\" class=\"alignnone size-full wp-image-524\" src=\"\/wp-content\/uploads\/2015\/01\/lorena-martinez.jpg\" alt=\"author_image\" width=\"200\" height=\"200\" \/><\/div>\n<div class=\"c2\">\n<h2 class=\"title\">Lorena Mart\u00ednez de Corral<\/h2>\n<p>Nata a Madrid, \u00e8 storica dell\u2019arte e curatrice indipendente.<\/p>\n<p>Laureata in Storia e Geografia all\u2019Universit\u00e0 Complutense di Madrid, ha un Master in Belle Arti conseguito presso l\u2019Institute of Fine Arts della New York University.<\/p>\n<p>Attualmente \u00e8 direttrice della Collezione di arte contemporanea della Fondazione Coca-Cola, e co-direttrice di Expo Actual S.L., un\u2019impresa che si dedica alla cura di mostre di arte moderna e contemporanea, all\u2019elaborazione di progetti museografici e museologici e alla consulenza artistica a livello privato e istituzionale. \u00c8 anche responsabile del Consorzio vincitore del Progetto di valutazione della Collezione del Parlamento europeo 2012-13.<\/p>\n<p>\u00c8 stata consulente di Arti plastiche della Comunit\u00e0 di Madrid (2011-13) e co-direttrice del progetto Escultura en Espacios P\u00fablicos della Citt\u00e0 della Finanza Banco Santander a Boadilla del Monte (2002-07). \u00c8 stata inoltre direttrice dei contenuti culturali dei portali Internet Gioconda.com (2000-2002) e coordinatrice delle mostre della Fondazione Caja Madrid (1996-2000).<\/p>\n<p>Negli ultimi anni ha curato le mostre: Jos\u00e9 Manuel Ballester: Bosques de Luz, allo IAACC Pablo Serrano di Saragozza e all\u2019Espacio Tabacalera del Ministero della Cultura di Madrid; \u00e8 stata co-curatrice di Thomas Ruff: Series e Darren Almond: ATMOS, Sala Alcal\u00e1 31; curatrice di La Abstracci\u00f3n en la Realidad, Alcal\u00e1 31, Comunit\u00e0 di Madrid; Trayectorias: diez a\u00f1os de fotograf\u00eda y v\u00eddeo en la Colecci\u00f3n Coca-Cola; Ultima pintura en las Colecciones de DA2 de Salamanca y la Colecci\u00f3n Coca-Cola, Centro d\u2019Arte La Regenta, Las Palmas de Gran Canaria, Centro d\u2019Arte Juan Ismael di Fuerteventura; co-curatrice della mostra commemorativa 25 a\u00f1os del INJUVE; co-curatrice della mostra Altadis: Historia de una Colecci\u00f3n; co-curatrice della mostra Timeless Territories a Mina Campina, Loul\u00e9, all\u2019interno del progetto Art Algarve \u00b409, giugno-settembre 2009; curatrice delle due mostre Sabor e Arte della Collezione Fondazione Coca-Cola per il Kiosco Alfonso y Palexco di La Coru\u00f1a, luglio-agosto 2009; curatrice della mostra Luisa Lambri: El Espacio, La Luz, La memoria del tiempo, Fondazione Ros\u00f3n Arte Contempor\u00e1neo, Pontevedra, gennaio-maggio 2009; co-curatrice di AQU\u00cd, 4 fot\u00f3grafos desde Madrid, Sala Canal Isabel II, Comunit\u00e0 di Madrid, gennaio-aprile 2009; assistente curatrice della mostra Olafur Eliasson: Take your Time per il Dallas Museum of Art, Texas, novembre 2008-marzo 2009; Adquisiciones Recientes Fondazione Coca-Cola, DA2 di Salamanca, 2008; Salzillo21, Sala Ver\u00f3nicas, Murcia, 2007; co-curatrice della mostra Realidades, Fotograf\u00edas de Pierre Gonnord, Museo di Belle Arti di Siviglia 2006-07 e Planes Futuros: Arte Espa\u00f1ol de los 2000, El Baluarte, Pamplona; curatrice delle mostre Circuitos: Arte Joven de la Comunidad de Madrid, Sala Avenida de Am\u00e9rica, Madrid, 2006;  e  Olafur Eliasson: Caminos de Naturaleza, Fondazione Telef\u00f3nica, Madrid, 2006. <\/p>\n<p>Forma parte del Consiglio della Fondazione Ros\u00f3n Arte Contempor\u00e1neo, Pontevedra; della Commissione di consulenza della Collezione di Arte contemporanea della Comunit\u00e0 di Madrid; della Fondazione Yannick y Ben Jakober, Maiorca.<\/p>\n<p>&nbsp;<\/p>\n<\/div>\n<\/div>\n","protected":false},"excerpt":{"rendered":"<p>Lorena Mart\u00ednez de Corral Nata a Madrid, \u00e8 storica dell\u2019arte e curatrice indipendente. Laureata in Storia e Geografia all\u2019Universit\u00e0 Complutense di Madrid, ha un Master in Belle Arti conseguito presso l\u2019Institute of Fine Arts della New York University. Attualmente \u00e8<span class=\"ellipsis\">&hellip;<\/span><\/p>\n<div class=\"read-more\"><a href=\"https:\/\/www.artsituacions.com\/it\/comite\/chus-martinez\/\">Leggi altro &#8250;<\/a><\/div>\n<p><!-- end of .read-more --><\/p>\n","protected":false},"author":1,"featured_media":0,"comment_status":"closed","ping_status":"closed","sticky":false,"template":"","format":"standard","meta":[],"categories":[6],"tags":[],"post_formats":[],"yoast_head":"<!-- This site is optimized with the Yoast SEO plugin v17.8 - https:\/\/yoast.com\/wordpress\/plugins\/seo\/ -->\n<meta name=\"robots\" content=\"index, follow, max-snippet:-1, max-image-preview:large, max-video-preview:-1\" \/>\n<link rel=\"canonical\" href=\"https:\/\/www.artsituacions.com\/ca\/comite\/chus-martinez\/\" \/>\n<meta property=\"og:locale\" content=\"it_IT\" \/>\n<meta property=\"og:type\" content=\"article\" \/>\n<meta property=\"og:title\" content=\"Chus Mart\u00ednez\" \/>\n<meta property=\"og:description\" content=\"Lorena Mart\u00ednez de Corral Nata a Madrid, \u00e8 storica dell\u2019arte e curatrice indipendente. Laureata in Storia e Geografia all\u2019Universit\u00e0 Complutense di Madrid, ha un Master in Belle Arti conseguito presso l\u2019Institute of Fine Arts della New York University. Attualmente \u00e8&hellip;Leggi altro &#8250;\" \/>\n<meta property=\"og:url\" content=\"https:\/\/www.artsituacions.com\/it\/comite\/chus-martinez\/\" \/>\n<meta property=\"og:site_name\" content=\"Artsituacions\" \/>\n<meta property=\"article:published_time\" content=\"2022-02-23T20:36:30+00:00\" \/>\n<meta property=\"article:modified_time\" content=\"2023-02-06T10:07:03+00:00\" \/>\n<meta property=\"og:image\" content=\"https:\/\/www.artsituacions.com\/wp-content\/uploads\/2022\/02\/chus-martinez.jpg\" \/>\n<meta name=\"twitter:card\" content=\"summary_large_image\" \/>\n<meta name=\"twitter:label1\" content=\"Scritto da\" \/>\n\t<meta name=\"twitter:data1\" content=\"maria\" \/>\n\t<meta name=\"twitter:label2\" content=\"Tempo di lettura stimato\" \/>\n\t<meta name=\"twitter:data2\" content=\"1 minuto\" \/>\n<script type=\"application\/ld+json\" class=\"yoast-schema-graph\">{\"@context\":\"https:\/\/schema.org\",\"@graph\":[{\"@type\":\"WebSite\",\"@id\":\"https:\/\/www.artsituacions.com\/es\/#website\",\"url\":\"https:\/\/www.artsituacions.com\/es\/\",\"name\":\"Artsituacions\",\"description\":\"\",\"potentialAction\":[{\"@type\":\"SearchAction\",\"target\":{\"@type\":\"EntryPoint\",\"urlTemplate\":\"https:\/\/www.artsituacions.com\/es\/?s={search_term_string}\"},\"query-input\":\"required name=search_term_string\"}],\"inLanguage\":\"it-IT\"},{\"@type\":\"ImageObject\",\"@id\":\"https:\/\/www.artsituacions.com\/ca\/comite\/chus-martinez\/#primaryimage\",\"inLanguage\":\"it-IT\",\"url\":\"https:\/\/www.artsituacions.com\/wp-content\/uploads\/2022\/02\/chus-martinez.jpg\",\"contentUrl\":\"https:\/\/www.artsituacions.com\/wp-content\/uploads\/2022\/02\/chus-martinez.jpg\",\"width\":448,\"height\":485},{\"@type\":\"WebPage\",\"@id\":\"https:\/\/www.artsituacions.com\/ca\/comite\/chus-martinez\/#webpage\",\"url\":\"https:\/\/www.artsituacions.com\/ca\/comite\/chus-martinez\/\",\"name\":\"[:es]Chus Mart\\u00ednez[:ca]Chus Mart\\u00ednez[:en]Chus Mart\\u00ednez[:] - Artsituacions\",\"isPartOf\":{\"@id\":\"https:\/\/www.artsituacions.com\/es\/#website\"},\"primaryImageOfPage\":{\"@id\":\"https:\/\/www.artsituacions.com\/ca\/comite\/chus-martinez\/#primaryimage\"},\"datePublished\":\"2022-02-23T20:36:30+00:00\",\"dateModified\":\"2023-02-06T10:07:03+00:00\",\"author\":{\"@id\":\"https:\/\/www.artsituacions.com\/es\/#\/schema\/person\/3d37438f4bd373cb842fb92a55dae3d0\"},\"breadcrumb\":{\"@id\":\"https:\/\/www.artsituacions.com\/ca\/comite\/chus-martinez\/#breadcrumb\"},\"inLanguage\":\"it-IT\",\"potentialAction\":[{\"@type\":\"ReadAction\",\"target\":[\"https:\/\/www.artsituacions.com\/ca\/comite\/chus-martinez\/\"]}]},{\"@type\":\"BreadcrumbList\",\"@id\":\"https:\/\/www.artsituacions.com\/ca\/comite\/chus-martinez\/#breadcrumb\",\"itemListElement\":[{\"@type\":\"ListItem\",\"position\":1,\"name\":\"Home\",\"item\":\"https:\/\/www.artsituacions.com\/es\/\"},{\"@type\":\"ListItem\",\"position\":2,\"name\":\"Comit\\u00e9\",\"item\":\"https:\/\/www.artsituacions.com\/es\/category\/comite\/\"},{\"@type\":\"ListItem\",\"position\":3,\"name\":\"Chus Mart\\u00ednez\"}]},{\"@type\":\"Person\",\"@id\":\"https:\/\/www.artsituacions.com\/es\/#\/schema\/person\/3d37438f4bd373cb842fb92a55dae3d0\",\"name\":\"maria\",\"image\":{\"@type\":\"ImageObject\",\"@id\":\"https:\/\/www.artsituacions.com\/es\/#personlogo\",\"inLanguage\":\"it-IT\",\"url\":\"https:\/\/secure.gravatar.com\/avatar\/5e917d4d501b3a16916d469da41efaf8?s=96&d=mm&r=g\",\"contentUrl\":\"https:\/\/secure.gravatar.com\/avatar\/5e917d4d501b3a16916d469da41efaf8?s=96&d=mm&r=g\",\"caption\":\"maria\"},\"url\":\"https:\/\/www.artsituacions.com\/it\/author\/maria\/\"}]}<\/script>\n<!-- \/ Yoast SEO plugin. -->","yoast_head_json":{"robots":{"index":"index","follow":"follow","max-snippet":"max-snippet:-1","max-image-preview":"max-image-preview:large","max-video-preview":"max-video-preview:-1"},"canonical":"https:\/\/www.artsituacions.com\/ca\/comite\/chus-martinez\/","og_locale":"it_IT","og_type":"article","og_title":"[:es]Chus Mart\u00ednez[:ca]Chus Mart\u00ednez[:en]Chus Mart\u00ednez[:] - Artsituacions","og_description":"Lorena Mart\u00ednez de Corral Nata a Madrid, \u00e8 storica dell\u2019arte e curatrice indipendente. Laureata in Storia e Geografia all\u2019Universit\u00e0 Complutense di Madrid, ha un Master in Belle Arti conseguito presso l\u2019Institute of Fine Arts della New York University. Attualmente \u00e8&hellip;Leggi altro &#8250;","og_url":"https:\/\/www.artsituacions.com\/it\/comite\/chus-martinez\/","og_site_name":"Artsituacions","article_published_time":"2022-02-23T20:36:30+00:00","article_modified_time":"2023-02-06T10:07:03+00:00","og_image":[{"url":"https:\/\/www.artsituacions.com\/wp-content\/uploads\/2022\/02\/chus-martinez.jpg"}],"twitter_card":"summary_large_image","twitter_misc":{"Scritto da":"maria","Tempo di lettura stimato":"1 minuto"},"schema":{"@context":"https:\/\/schema.org","@graph":[{"@type":"WebSite","@id":"https:\/\/www.artsituacions.com\/es\/#website","url":"https:\/\/www.artsituacions.com\/es\/","name":"Artsituacions","description":"","potentialAction":[{"@type":"SearchAction","target":{"@type":"EntryPoint","urlTemplate":"https:\/\/www.artsituacions.com\/es\/?s={search_term_string}"},"query-input":"required name=search_term_string"}],"inLanguage":"it-IT"},{"@type":"ImageObject","@id":"https:\/\/www.artsituacions.com\/ca\/comite\/chus-martinez\/#primaryimage","inLanguage":"it-IT","url":"https:\/\/www.artsituacions.com\/wp-content\/uploads\/2022\/02\/chus-martinez.jpg","contentUrl":"https:\/\/www.artsituacions.com\/wp-content\/uploads\/2022\/02\/chus-martinez.jpg","width":448,"height":485},{"@type":"WebPage","@id":"https:\/\/www.artsituacions.com\/ca\/comite\/chus-martinez\/#webpage","url":"https:\/\/www.artsituacions.com\/ca\/comite\/chus-martinez\/","name":"[:es]Chus Mart\u00ednez[:ca]Chus Mart\u00ednez[:en]Chus Mart\u00ednez[:] - Artsituacions","isPartOf":{"@id":"https:\/\/www.artsituacions.com\/es\/#website"},"primaryImageOfPage":{"@id":"https:\/\/www.artsituacions.com\/ca\/comite\/chus-martinez\/#primaryimage"},"datePublished":"2022-02-23T20:36:30+00:00","dateModified":"2023-02-06T10:07:03+00:00","author":{"@id":"https:\/\/www.artsituacions.com\/es\/#\/schema\/person\/3d37438f4bd373cb842fb92a55dae3d0"},"breadcrumb":{"@id":"https:\/\/www.artsituacions.com\/ca\/comite\/chus-martinez\/#breadcrumb"},"inLanguage":"it-IT","potentialAction":[{"@type":"ReadAction","target":["https:\/\/www.artsituacions.com\/ca\/comite\/chus-martinez\/"]}]},{"@type":"BreadcrumbList","@id":"https:\/\/www.artsituacions.com\/ca\/comite\/chus-martinez\/#breadcrumb","itemListElement":[{"@type":"ListItem","position":1,"name":"Home","item":"https:\/\/www.artsituacions.com\/es\/"},{"@type":"ListItem","position":2,"name":"Comit\u00e9","item":"https:\/\/www.artsituacions.com\/es\/category\/comite\/"},{"@type":"ListItem","position":3,"name":"Chus Mart\u00ednez"}]},{"@type":"Person","@id":"https:\/\/www.artsituacions.com\/es\/#\/schema\/person\/3d37438f4bd373cb842fb92a55dae3d0","name":"maria","image":{"@type":"ImageObject","@id":"https:\/\/www.artsituacions.com\/es\/#personlogo","inLanguage":"it-IT","url":"https:\/\/secure.gravatar.com\/avatar\/5e917d4d501b3a16916d469da41efaf8?s=96&d=mm&r=g","contentUrl":"https:\/\/secure.gravatar.com\/avatar\/5e917d4d501b3a16916d469da41efaf8?s=96&d=mm&r=g","caption":"maria"},"url":"https:\/\/www.artsituacions.com\/it\/author\/maria\/"}]}},"AFP_featured_media_urls":{"full":false,"thumbnail":false,"medium":false,"medium_large":false,"large":false},"AFP_attachments":{"full":["https:\/\/www.artsituacions.com\/wp-content\/uploads\/2022\/02\/chus-martinez.jpg",448,485,false],"thumbnail":["https:\/\/www.artsituacions.com\/wp-content\/uploads\/2022\/02\/chus-martinez.jpg",92,100,false],"medium":["https:\/\/www.artsituacions.com\/wp-content\/uploads\/2022\/02\/chus-martinez.jpg",277,300,false],"medium_large":["https:\/\/www.artsituacions.com\/wp-content\/uploads\/2022\/02\/chus-martinez.jpg",448,485,false],"large":["https:\/\/www.artsituacions.com\/wp-content\/uploads\/2022\/02\/chus-martinez.jpg",448,485,false]},"AFP_videos":[],"AFP_video_blocks":"","AFP_category_names":["Comit\u00e9"],"_links":{"self":[{"href":"https:\/\/www.artsituacions.com\/it\/wp-json\/wp\/v2\/posts\/1968"}],"collection":[{"href":"https:\/\/www.artsituacions.com\/it\/wp-json\/wp\/v2\/posts"}],"about":[{"href":"https:\/\/www.artsituacions.com\/it\/wp-json\/wp\/v2\/types\/post"}],"author":[{"embeddable":true,"href":"https:\/\/www.artsituacions.com\/it\/wp-json\/wp\/v2\/users\/1"}],"replies":[{"embeddable":true,"href":"https:\/\/www.artsituacions.com\/it\/wp-json\/wp\/v2\/comments?post=1968"}],"version-history":[{"count":10,"href":"https:\/\/www.artsituacions.com\/it\/wp-json\/wp\/v2\/posts\/1968\/revisions"}],"predecessor-version":[{"id":2322,"href":"https:\/\/www.artsituacions.com\/it\/wp-json\/wp\/v2\/posts\/1968\/revisions\/2322"}],"wp:attachment":[{"href":"https:\/\/www.artsituacions.com\/it\/wp-json\/wp\/v2\/media?parent=1968"}],"wp:term":[{"taxonomy":"category","embeddable":true,"href":"https:\/\/www.artsituacions.com\/it\/wp-json\/wp\/v2\/categories?post=1968"},{"taxonomy":"post_tag","embeddable":true,"href":"https:\/\/www.artsituacions.com\/it\/wp-json\/wp\/v2\/tags?post=1968"},{"taxonomy":"post_format","embeddable":true,"href":"https:\/\/www.artsituacions.com\/it\/wp-json\/wp\/v2\/post_formats?post=1968"}],"curies":[{"name":"wp","href":"https:\/\/api.w.org\/{rel}","templated":true}]}}