{"id":2053,"date":"2022-11-15T19:31:18","date_gmt":"2022-11-15T19:31:18","guid":{"rendered":"https:\/\/www.artsituacions.com\/es\/?p=2053"},"modified":"2023-02-22T18:40:27","modified_gmt":"2023-02-22T18:40:27","slug":"nora-aurrekoetxea","status":"publish","type":"post","link":"https:\/\/www.artsituacions.com\/it\/artistas\/nora-aurrekoetxea\/","title":{"rendered":"Nora Aurrekoetxea"},"content":{"rendered":"<div id=\"authorInfo\">\n<div class=\"c1\">\n<p><img decoding=\"async\" loading=\"lazy\" class=\"alignnone size-full wp-image-1296\" src=\"http:\/\/www.artsituacions.com\/wp-content\/uploads\/2022\/11\/nora-aurrekoetxea.jpeg\" alt=\"nora-aurrekoetxea\" width=\"200\" height=\"200\" \/><\/p>\n<ul class=\"tabs\">\n<li><a href=\"#\">Informaci\u00f3n<\/a><\/li>\n<\/ul>\n<\/div>\n<div class=\"c2\">\n<div class=\"panes informacion\">\n<div class='scroll-pane'>\n<h3 class=\"title\">Informaci\u00f3n<\/h3>\n<p>1989 Bilbao\/Pa\u00edses Bajos<\/p>\n<p>Se licenci\u00f3 en Bellas Artes en la Universidad del Pa\u00eds Vasco en 2013. Desarroll\u00f3 su pr\u00e1ctica junto con la artista Laura Ruiz durante 5 a\u00f1os (2012-2017) En este per\u00edodo de tiempo fundi\u00f3 y dirigi\u00f3 junto con Irati Urrestarazu e Izaro Ieregi OKELA (2014-2017), un artist run space ubicado en Bilbao dedicado al arte contempor\u00e1neo que propone un di\u00e1logo formal y discursivo entre artistas de diferentes generaciones del Pa\u00eds Vasco<\/p>\n<p>En 2017, recibi\u00f3 la Beca de la Fundaci\u00f3n Bot\u00edn con la que se traslada a Londres (2017) para realizar un M\u00e1ster en Escultura en el Royal Collage of Art (2017-2019) en el cual reconecta con sus estudios de Sexolog\u00eda ( In.Ci.Sex Madrid) y dirige la base de su pr\u00e1ctica actual a explorar el texto y la performance, combinados con la escultura y la instalaci\u00f3n.<\/p>\n<p>\nHa sido artista residente en BilbaoArte (Bilbao, 2015), residencia Y (Atenas, 2016), Cit\u00e9 Internationale des Arts (Par\u00eds, 2018), Solomon R. Guggenheim (Nueva York, 2018), DerdeWal (Nijmegen, 2021) y en Paradise Air (Tokio, 2022). Ha recibido la Beca de la Diputaci\u00f3n Foral de Bizkaia (2015), la Beca de Producci\u00f3n Art\u00edstica del Gobierno Vasco (2018, 2019 y 2021), la Beca de la Fundaci\u00f3n Bot\u00edn (2017), el premio ARCO Madrid (2020), el segundo premio de ERTIBIL (2021), Instituto Etxepare (2021), Groeispurtfonds (2021), Generaciones (2021) y el premio GURE ARTEA (2022)\n<\/p>\n<p>Ha realizado muestras individuales en Intersticio (Londres, 2020) y la galer\u00eda Juan Sili\u00f3 (Madrid 2020) y ha participado en numerosas colectivas como: Centro Bot\u00edn (Santander 2019 y 2020), Ca2m (Madrid 2020), Intersticio (Madrid 2020 y 2021), Rodriguez Gallery (Poznan 2021), SUPER preview (Londres 2021), HAUS WIEN (Viena 2021), DerdeWal (Nijmegen 2021), Mutter (Amsterdam 2021), Omstand (Arnhem, 2021), Tabakalera (Donostia 2022), La Casa Encendida ( Madrid 2022), Nono Gallery (Lisboa 2022), Museo Guggenheim (Bilbao 2022) y en la Fundaci\u00f3n Oteiza (Alzuza 2022)<\/p>\n<p>Su obra forma parte de la colecci\u00f3n permanente de la fundaci\u00f3n DKV, museo CA2M, Fundaci\u00f3n Bot\u00edn y Fundaci\u00f3n MonteMadrid.<\/p>\n<p><!--info--><\/p>\n<\/div>\n<style>.scroll-pane{width: 800px;height:350px;overflow: auto;}<\/style>\n<\/div>\n<div class=\"panes aboutWork\">\n<div class='scroll-pane'>\n<h3 class=\"title\">Sobre su obra<\/h3>\n<\/div>\n<style>.scroll-pane{width: 800px;height:350px;overflow: auto;}<\/style>\n<\/div>\n<div class=\"panes cv\">\n<div class='scroll-pane'>\n<h3 class=\"title\">CV<\/h3>\n<\/div>\n<style>.scroll-pane{width: 800px;height:350px;overflow: auto;}<\/style>\n<\/p>\n<\/div>\n<\/div>\n<p><br style=\"clear: both;\" \/> <br style=\"clear: both;\" \/><\/p>\n<\/div>\n","protected":false},"excerpt":{"rendered":"<p>Informaci\u00f3n Informaci\u00f3n 1989 Bilbao\/Pa\u00edses Bajos Se licenci\u00f3 en Bellas Artes en la Universidad del Pa\u00eds Vasco en 2013. Desarroll\u00f3 su pr\u00e1ctica junto con la artista Laura Ruiz durante 5 a\u00f1os (2012-2017) En este per\u00edodo de tiempo fundi\u00f3 y dirigi\u00f3 junto<span class=\"ellipsis\">&hellip;<\/span><\/p>\n<div class=\"read-more\"><a href=\"https:\/\/www.artsituacions.com\/it\/artistas\/nora-aurrekoetxea\/\">Leggi altro &#8250;<\/a><\/div>\n<p><!-- end of .read-more --><\/p>\n","protected":false},"author":1,"featured_media":0,"comment_status":"closed","ping_status":"closed","sticky":false,"template":"","format":"standard","meta":[],"categories":[5],"tags":[],"post_formats":[],"yoast_head":"<!-- This site is optimized with the Yoast SEO plugin v17.8 - https:\/\/yoast.com\/wordpress\/plugins\/seo\/ -->\n<meta name=\"robots\" content=\"index, follow, max-snippet:-1, max-image-preview:large, max-video-preview:-1\" \/>\n<link rel=\"canonical\" href=\"https:\/\/www.artsituacions.com\/es\/artistas\/nora-aurrekoetxea\/\" \/>\n<meta property=\"og:locale\" content=\"it_IT\" \/>\n<meta property=\"og:type\" content=\"article\" \/>\n<meta property=\"og:title\" content=\"Nora Aurrekoetxea\" \/>\n<meta property=\"og:description\" content=\"Informaci\u00f3n Informaci\u00f3n 1989 Bilbao\/Pa\u00edses Bajos Se licenci\u00f3 en Bellas Artes en la Universidad del Pa\u00eds Vasco en 2013. Desarroll\u00f3 su pr\u00e1ctica junto con la artista Laura Ruiz durante 5 a\u00f1os (2012-2017) En este per\u00edodo de tiempo fundi\u00f3 y dirigi\u00f3 junto&hellip;Leggi altro &#8250;\" \/>\n<meta property=\"og:url\" content=\"https:\/\/www.artsituacions.com\/it\/artistas\/nora-aurrekoetxea\/\" \/>\n<meta property=\"og:site_name\" content=\"Artsituacions\" \/>\n<meta property=\"article:published_time\" content=\"2022-11-15T19:31:18+00:00\" \/>\n<meta property=\"article:modified_time\" content=\"2023-02-22T18:40:27+00:00\" \/>\n<meta property=\"og:image\" content=\"http:\/\/www.artsituacions.com\/wp-content\/uploads\/2022\/11\/nora-aurrekoetxea.jpeg\" \/>\n<meta name=\"twitter:card\" content=\"summary_large_image\" \/>\n<meta name=\"twitter:label1\" content=\"Scritto da\" \/>\n\t<meta name=\"twitter:data1\" content=\"maria\" \/>\n\t<meta name=\"twitter:label2\" content=\"Tempo di lettura stimato\" \/>\n\t<meta name=\"twitter:data2\" content=\"7 minuti\" \/>\n<script type=\"application\/ld+json\" class=\"yoast-schema-graph\">{\"@context\":\"https:\/\/schema.org\",\"@graph\":[{\"@type\":\"WebSite\",\"@id\":\"https:\/\/www.artsituacions.com\/es\/#website\",\"url\":\"https:\/\/www.artsituacions.com\/es\/\",\"name\":\"Artsituacions\",\"description\":\"\",\"potentialAction\":[{\"@type\":\"SearchAction\",\"target\":{\"@type\":\"EntryPoint\",\"urlTemplate\":\"https:\/\/www.artsituacions.com\/es\/?s={search_term_string}\"},\"query-input\":\"required name=search_term_string\"}],\"inLanguage\":\"it-IT\"},{\"@type\":\"ImageObject\",\"@id\":\"https:\/\/www.artsituacions.com\/es\/artistas\/nora-aurrekoetxea\/#primaryimage\",\"inLanguage\":\"it-IT\",\"url\":\"http:\/\/www.artsituacions.com\/wp-content\/uploads\/2022\/11\/nora-aurrekoetxea.jpeg\",\"contentUrl\":\"http:\/\/www.artsituacions.com\/wp-content\/uploads\/2022\/11\/nora-aurrekoetxea.jpeg\"},{\"@type\":\"WebPage\",\"@id\":\"https:\/\/www.artsituacions.com\/es\/artistas\/nora-aurrekoetxea\/#webpage\",\"url\":\"https:\/\/www.artsituacions.com\/es\/artistas\/nora-aurrekoetxea\/\",\"name\":\"[:es]Nora Aurrekoetxea[:ca]Nora Aurrekoetxea[:en]Nora Aurrekoetxea[:it]Nora Aurrekoetxea[:] - Artsituacions\",\"isPartOf\":{\"@id\":\"https:\/\/www.artsituacions.com\/es\/#website\"},\"primaryImageOfPage\":{\"@id\":\"https:\/\/www.artsituacions.com\/es\/artistas\/nora-aurrekoetxea\/#primaryimage\"},\"datePublished\":\"2022-11-15T19:31:18+00:00\",\"dateModified\":\"2023-02-22T18:40:27+00:00\",\"author\":{\"@id\":\"https:\/\/www.artsituacions.com\/es\/#\/schema\/person\/3d37438f4bd373cb842fb92a55dae3d0\"},\"breadcrumb\":{\"@id\":\"https:\/\/www.artsituacions.com\/es\/artistas\/nora-aurrekoetxea\/#breadcrumb\"},\"inLanguage\":\"it-IT\",\"potentialAction\":[{\"@type\":\"ReadAction\",\"target\":[\"https:\/\/www.artsituacions.com\/es\/artistas\/nora-aurrekoetxea\/\"]}]},{\"@type\":\"BreadcrumbList\",\"@id\":\"https:\/\/www.artsituacions.com\/es\/artistas\/nora-aurrekoetxea\/#breadcrumb\",\"itemListElement\":[{\"@type\":\"ListItem\",\"position\":1,\"name\":\"Home\",\"item\":\"https:\/\/www.artsituacions.com\/es\/\"},{\"@type\":\"ListItem\",\"position\":2,\"name\":\"Artistas\",\"item\":\"https:\/\/www.artsituacions.com\/es\/category\/artistas\/\"},{\"@type\":\"ListItem\",\"position\":3,\"name\":\"Nora Aurrekoetxea\"}]},{\"@type\":\"Person\",\"@id\":\"https:\/\/www.artsituacions.com\/es\/#\/schema\/person\/3d37438f4bd373cb842fb92a55dae3d0\",\"name\":\"maria\",\"image\":{\"@type\":\"ImageObject\",\"@id\":\"https:\/\/www.artsituacions.com\/es\/#personlogo\",\"inLanguage\":\"it-IT\",\"url\":\"https:\/\/secure.gravatar.com\/avatar\/5e917d4d501b3a16916d469da41efaf8?s=96&d=mm&r=g\",\"contentUrl\":\"https:\/\/secure.gravatar.com\/avatar\/5e917d4d501b3a16916d469da41efaf8?s=96&d=mm&r=g\",\"caption\":\"maria\"},\"url\":\"https:\/\/www.artsituacions.com\/it\/author\/maria\/\"}]}<\/script>\n<!-- \/ Yoast SEO plugin. -->","yoast_head_json":{"robots":{"index":"index","follow":"follow","max-snippet":"max-snippet:-1","max-image-preview":"max-image-preview:large","max-video-preview":"max-video-preview:-1"},"canonical":"https:\/\/www.artsituacions.com\/es\/artistas\/nora-aurrekoetxea\/","og_locale":"it_IT","og_type":"article","og_title":"[:es]Nora Aurrekoetxea[:ca]Nora Aurrekoetxea[:en]Nora Aurrekoetxea[:it]Nora Aurrekoetxea[:] - Artsituacions","og_description":"Informaci\u00f3n Informaci\u00f3n 1989 Bilbao\/Pa\u00edses Bajos Se licenci\u00f3 en Bellas Artes en la Universidad del Pa\u00eds Vasco en 2013. Desarroll\u00f3 su pr\u00e1ctica junto con la artista Laura Ruiz durante 5 a\u00f1os (2012-2017) En este per\u00edodo de tiempo fundi\u00f3 y dirigi\u00f3 junto&hellip;Leggi altro &#8250;","og_url":"https:\/\/www.artsituacions.com\/it\/artistas\/nora-aurrekoetxea\/","og_site_name":"Artsituacions","article_published_time":"2022-11-15T19:31:18+00:00","article_modified_time":"2023-02-22T18:40:27+00:00","og_image":[{"url":"http:\/\/www.artsituacions.com\/wp-content\/uploads\/2022\/11\/nora-aurrekoetxea.jpeg"}],"twitter_card":"summary_large_image","twitter_misc":{"Scritto da":"maria","Tempo di lettura stimato":"7 minuti"},"schema":{"@context":"https:\/\/schema.org","@graph":[{"@type":"WebSite","@id":"https:\/\/www.artsituacions.com\/es\/#website","url":"https:\/\/www.artsituacions.com\/es\/","name":"Artsituacions","description":"","potentialAction":[{"@type":"SearchAction","target":{"@type":"EntryPoint","urlTemplate":"https:\/\/www.artsituacions.com\/es\/?s={search_term_string}"},"query-input":"required name=search_term_string"}],"inLanguage":"it-IT"},{"@type":"ImageObject","@id":"https:\/\/www.artsituacions.com\/es\/artistas\/nora-aurrekoetxea\/#primaryimage","inLanguage":"it-IT","url":"http:\/\/www.artsituacions.com\/wp-content\/uploads\/2022\/11\/nora-aurrekoetxea.jpeg","contentUrl":"http:\/\/www.artsituacions.com\/wp-content\/uploads\/2022\/11\/nora-aurrekoetxea.jpeg"},{"@type":"WebPage","@id":"https:\/\/www.artsituacions.com\/es\/artistas\/nora-aurrekoetxea\/#webpage","url":"https:\/\/www.artsituacions.com\/es\/artistas\/nora-aurrekoetxea\/","name":"[:es]Nora Aurrekoetxea[:ca]Nora Aurrekoetxea[:en]Nora Aurrekoetxea[:it]Nora Aurrekoetxea[:] - Artsituacions","isPartOf":{"@id":"https:\/\/www.artsituacions.com\/es\/#website"},"primaryImageOfPage":{"@id":"https:\/\/www.artsituacions.com\/es\/artistas\/nora-aurrekoetxea\/#primaryimage"},"datePublished":"2022-11-15T19:31:18+00:00","dateModified":"2023-02-22T18:40:27+00:00","author":{"@id":"https:\/\/www.artsituacions.com\/es\/#\/schema\/person\/3d37438f4bd373cb842fb92a55dae3d0"},"breadcrumb":{"@id":"https:\/\/www.artsituacions.com\/es\/artistas\/nora-aurrekoetxea\/#breadcrumb"},"inLanguage":"it-IT","potentialAction":[{"@type":"ReadAction","target":["https:\/\/www.artsituacions.com\/es\/artistas\/nora-aurrekoetxea\/"]}]},{"@type":"BreadcrumbList","@id":"https:\/\/www.artsituacions.com\/es\/artistas\/nora-aurrekoetxea\/#breadcrumb","itemListElement":[{"@type":"ListItem","position":1,"name":"Home","item":"https:\/\/www.artsituacions.com\/es\/"},{"@type":"ListItem","position":2,"name":"Artistas","item":"https:\/\/www.artsituacions.com\/es\/category\/artistas\/"},{"@type":"ListItem","position":3,"name":"Nora Aurrekoetxea"}]},{"@type":"Person","@id":"https:\/\/www.artsituacions.com\/es\/#\/schema\/person\/3d37438f4bd373cb842fb92a55dae3d0","name":"maria","image":{"@type":"ImageObject","@id":"https:\/\/www.artsituacions.com\/es\/#personlogo","inLanguage":"it-IT","url":"https:\/\/secure.gravatar.com\/avatar\/5e917d4d501b3a16916d469da41efaf8?s=96&d=mm&r=g","contentUrl":"https:\/\/secure.gravatar.com\/avatar\/5e917d4d501b3a16916d469da41efaf8?s=96&d=mm&r=g","caption":"maria"},"url":"https:\/\/www.artsituacions.com\/it\/author\/maria\/"}]}},"AFP_featured_media_urls":{"full":false,"thumbnail":false,"medium":false,"medium_large":false,"large":false},"AFP_attachments":[],"AFP_videos":[],"AFP_video_blocks":"","AFP_category_names":["Artistas"],"_links":{"self":[{"href":"https:\/\/www.artsituacions.com\/it\/wp-json\/wp\/v2\/posts\/2053"}],"collection":[{"href":"https:\/\/www.artsituacions.com\/it\/wp-json\/wp\/v2\/posts"}],"about":[{"href":"https:\/\/www.artsituacions.com\/it\/wp-json\/wp\/v2\/types\/post"}],"author":[{"embeddable":true,"href":"https:\/\/www.artsituacions.com\/it\/wp-json\/wp\/v2\/users\/1"}],"replies":[{"embeddable":true,"href":"https:\/\/www.artsituacions.com\/it\/wp-json\/wp\/v2\/comments?post=2053"}],"version-history":[{"count":24,"href":"https:\/\/www.artsituacions.com\/it\/wp-json\/wp\/v2\/posts\/2053\/revisions"}],"predecessor-version":[{"id":2417,"href":"https:\/\/www.artsituacions.com\/it\/wp-json\/wp\/v2\/posts\/2053\/revisions\/2417"}],"wp:attachment":[{"href":"https:\/\/www.artsituacions.com\/it\/wp-json\/wp\/v2\/media?parent=2053"}],"wp:term":[{"taxonomy":"category","embeddable":true,"href":"https:\/\/www.artsituacions.com\/it\/wp-json\/wp\/v2\/categories?post=2053"},{"taxonomy":"post_tag","embeddable":true,"href":"https:\/\/www.artsituacions.com\/it\/wp-json\/wp\/v2\/tags?post=2053"},{"taxonomy":"post_format","embeddable":true,"href":"https:\/\/www.artsituacions.com\/it\/wp-json\/wp\/v2\/post_formats?post=2053"}],"curies":[{"name":"wp","href":"https:\/\/api.w.org\/{rel}","templated":true}]}}