{"id":2110,"date":"2022-11-17T10:08:16","date_gmt":"2022-11-17T10:08:16","guid":{"rendered":"https:\/\/www.artsituacions.com\/en\/?p=2110"},"modified":"2023-02-22T18:49:17","modified_gmt":"2023-02-22T18:49:17","slug":"elsa-bres","status":"publish","type":"post","link":"https:\/\/www.artsituacions.com\/it\/artistas\/elsa-bres\/","title":{"rendered":"Elsa Bres"},"content":{"rendered":"<div id=\"authorInfo\">\n<div class=\"c1\">\n<p><img decoding=\"async\" loading=\"lazy\" class=\"alignnone size-full wp-image-1296\" src=\"http:\/\/www.artsituacions.com\/wp-content\/uploads\/2022\/11\/elsabres.jpg\" alt=\"elsa-bres\" width=\"200\" height=\"200\" \/><\/p>\n<ul class=\"tabs\">\n<li><a href=\"#\">Information<\/a><\/li>\n<\/ul>\n<\/div>\n<div class=\"c2\">\n<div class=\"panes informacion\">\n<div class=\"scroll-pane\">\n<h3 class=\"title\">Information<\/h3>\n<div class=\"page\" title=\"Page 1\">\n<div class=\"layoutArea\">\n<div class=\"column\">\n<p class=\"p1\">Elsa Br\u00e8s was born in 1985 and lives in Br\u00e9au, in the C\u00e9vennes region (France). She graduated from Le Fresnoy &#8211; studio national d&#8217;arts contemporains in 2017 and from the Paris-Belleville School of Architecture in 2012.<\/p>\n<p class=\"p1\">Her films and installations focus on forces of resistance in contemporary landscapes, and blend researches, narratives and experimentations. She is currently developing a new film in the rural French region where she lives, which deals with wild boars as allies : Les Sangli\u00e8res.<span class=\"s1\"><br \/>\n<\/span><\/p>\n<p class=\"p1\">Her recent exhibitions and screenings include: FID Marseille (2020, 2016), transmediale (2022, 2021), State of Concept Athens (2022), Vdrome (2022), Cincinnati Contemporary art center (2022), <span class=\"s2\">MO.CO<\/span> Panac\u00e9e (2021), Manifesta 13 (2021), CRAC Occitanie (2020), T\u00ebnk (2021), 66e Salon de Montrouge (2022), Hong-Kong University architecture (2021), Haus der Kulturen der Welt Anthropocene curriculum (2019). <span class=\"s3\"><br \/>\n<\/span>Her films are produced within the production collectives Parkadia films and Elinka films.<\/p>\n<\/div>\n<\/div>\n<\/div>\n<p><!--info--><\/p>\n<\/div>\n<style>.scroll-pane{width: 800px;height:350px;overflow: auto;}<\/style>\n<\/div>\n<div class=\"panes aboutWork\">\n<div class=\"scroll-pane\">\n<h3 class=\"title\">Sobre su obra<\/h3>\n<\/div>\n<style>.scroll-pane{width: 800px;height:350px;overflow: auto;}<\/style>\n<\/div>\n<div class=\"panes cv\">\n<div class=\"scroll-pane\">\n<h3 class=\"title\">CV<\/h3>\n<\/div>\n<style>.scroll-pane{width: 800px;height:350px;overflow: auto;}<\/style>\n<\/div>\n<\/div>\n<p><br style=\"clear: both;\" \/><br style=\"clear: both;\" \/><\/p>\n<\/div>\n","protected":false},"excerpt":{"rendered":"<p>Information Information Elsa Br\u00e8s was born in 1985 and lives in Br\u00e9au, in the C\u00e9vennes region (France). She graduated from Le Fresnoy &#8211; studio national d&#8217;arts contemporains in 2017 and from the Paris-Belleville School of Architecture in 2012. Her films<span class=\"ellipsis\">&hellip;<\/span><\/p>\n<div class=\"read-more\"><a href=\"https:\/\/www.artsituacions.com\/it\/artistas\/elsa-bres\/\">Leggi altro &#8250;<\/a><\/div>\n<p><!-- end of .read-more --><\/p>\n","protected":false},"author":1,"featured_media":0,"comment_status":"closed","ping_status":"closed","sticky":false,"template":"","format":"standard","meta":[],"categories":[5],"tags":[],"post_formats":[],"yoast_head":"<!-- This site is optimized with the Yoast SEO plugin v17.8 - https:\/\/yoast.com\/wordpress\/plugins\/seo\/ -->\n<meta name=\"robots\" content=\"index, follow, max-snippet:-1, max-image-preview:large, max-video-preview:-1\" \/>\n<link rel=\"canonical\" href=\"https:\/\/www.artsituacions.com\/es\/artistas\/elsa-bres\/\" \/>\n<meta property=\"og:locale\" content=\"it_IT\" \/>\n<meta property=\"og:type\" content=\"article\" \/>\n<meta property=\"og:title\" content=\"Elsa Bres\" \/>\n<meta property=\"og:description\" content=\"Information Information Elsa Br\u00e8s was born in 1985 and lives in Br\u00e9au, in the C\u00e9vennes region (France). She graduated from Le Fresnoy &#8211; studio national d&#8217;arts contemporains in 2017 and from the Paris-Belleville School of Architecture in 2012. Her films&hellip;Leggi altro &#8250;\" \/>\n<meta property=\"og:url\" content=\"https:\/\/www.artsituacions.com\/it\/artistas\/elsa-bres\/\" \/>\n<meta property=\"og:site_name\" content=\"Artsituacions\" \/>\n<meta property=\"article:published_time\" content=\"2022-11-17T10:08:16+00:00\" \/>\n<meta property=\"article:modified_time\" content=\"2023-02-22T18:49:17+00:00\" \/>\n<meta property=\"og:image\" content=\"http:\/\/www.artsituacions.com\/wp-content\/uploads\/2022\/11\/elsabres.jpg\" \/>\n<meta name=\"twitter:card\" content=\"summary_large_image\" \/>\n<meta name=\"twitter:label1\" content=\"Scritto da\" \/>\n\t<meta name=\"twitter:data1\" content=\"maria\" \/>\n\t<meta name=\"twitter:label2\" content=\"Tempo di lettura stimato\" \/>\n\t<meta name=\"twitter:data2\" content=\"2 minuti\" \/>\n<script type=\"application\/ld+json\" class=\"yoast-schema-graph\">{\"@context\":\"https:\/\/schema.org\",\"@graph\":[{\"@type\":\"WebSite\",\"@id\":\"https:\/\/www.artsituacions.com\/es\/#website\",\"url\":\"https:\/\/www.artsituacions.com\/es\/\",\"name\":\"Artsituacions\",\"description\":\"\",\"potentialAction\":[{\"@type\":\"SearchAction\",\"target\":{\"@type\":\"EntryPoint\",\"urlTemplate\":\"https:\/\/www.artsituacions.com\/es\/?s={search_term_string}\"},\"query-input\":\"required name=search_term_string\"}],\"inLanguage\":\"it-IT\"},{\"@type\":\"ImageObject\",\"@id\":\"https:\/\/www.artsituacions.com\/es\/artistas\/elsa-bres\/#primaryimage\",\"inLanguage\":\"it-IT\",\"url\":\"http:\/\/www.artsituacions.com\/wp-content\/uploads\/2022\/11\/elsabres.jpg\",\"contentUrl\":\"http:\/\/www.artsituacions.com\/wp-content\/uploads\/2022\/11\/elsabres.jpg\"},{\"@type\":\"WebPage\",\"@id\":\"https:\/\/www.artsituacions.com\/es\/artistas\/elsa-bres\/#webpage\",\"url\":\"https:\/\/www.artsituacions.com\/es\/artistas\/elsa-bres\/\",\"name\":\"[:es]Elsa Br\\u00e8s[:ca]Elsa Bres[:en]Elsa Bres[:it]Elsa Bres[:] - Artsituacions\",\"isPartOf\":{\"@id\":\"https:\/\/www.artsituacions.com\/es\/#website\"},\"primaryImageOfPage\":{\"@id\":\"https:\/\/www.artsituacions.com\/es\/artistas\/elsa-bres\/#primaryimage\"},\"datePublished\":\"2022-11-17T10:08:16+00:00\",\"dateModified\":\"2023-02-22T18:49:17+00:00\",\"author\":{\"@id\":\"https:\/\/www.artsituacions.com\/es\/#\/schema\/person\/3d37438f4bd373cb842fb92a55dae3d0\"},\"breadcrumb\":{\"@id\":\"https:\/\/www.artsituacions.com\/es\/artistas\/elsa-bres\/#breadcrumb\"},\"inLanguage\":\"it-IT\",\"potentialAction\":[{\"@type\":\"ReadAction\",\"target\":[\"https:\/\/www.artsituacions.com\/es\/artistas\/elsa-bres\/\"]}]},{\"@type\":\"BreadcrumbList\",\"@id\":\"https:\/\/www.artsituacions.com\/es\/artistas\/elsa-bres\/#breadcrumb\",\"itemListElement\":[{\"@type\":\"ListItem\",\"position\":1,\"name\":\"Home\",\"item\":\"https:\/\/www.artsituacions.com\/es\/\"},{\"@type\":\"ListItem\",\"position\":2,\"name\":\"Artistas\",\"item\":\"https:\/\/www.artsituacions.com\/es\/category\/artistas\/\"},{\"@type\":\"ListItem\",\"position\":3,\"name\":\"Elsa Br\\u00e8s\"}]},{\"@type\":\"Person\",\"@id\":\"https:\/\/www.artsituacions.com\/es\/#\/schema\/person\/3d37438f4bd373cb842fb92a55dae3d0\",\"name\":\"maria\",\"image\":{\"@type\":\"ImageObject\",\"@id\":\"https:\/\/www.artsituacions.com\/es\/#personlogo\",\"inLanguage\":\"it-IT\",\"url\":\"https:\/\/secure.gravatar.com\/avatar\/5e917d4d501b3a16916d469da41efaf8?s=96&d=mm&r=g\",\"contentUrl\":\"https:\/\/secure.gravatar.com\/avatar\/5e917d4d501b3a16916d469da41efaf8?s=96&d=mm&r=g\",\"caption\":\"maria\"},\"url\":\"https:\/\/www.artsituacions.com\/it\/author\/maria\/\"}]}<\/script>\n<!-- \/ Yoast SEO plugin. -->","yoast_head_json":{"robots":{"index":"index","follow":"follow","max-snippet":"max-snippet:-1","max-image-preview":"max-image-preview:large","max-video-preview":"max-video-preview:-1"},"canonical":"https:\/\/www.artsituacions.com\/es\/artistas\/elsa-bres\/","og_locale":"it_IT","og_type":"article","og_title":"[:es]Elsa Br\u00e8s[:ca]Elsa Bres[:en]Elsa Bres[:it]Elsa Bres[:] - Artsituacions","og_description":"Information Information Elsa Br\u00e8s was born in 1985 and lives in Br\u00e9au, in the C\u00e9vennes region (France). She graduated from Le Fresnoy &#8211; studio national d&#8217;arts contemporains in 2017 and from the Paris-Belleville School of Architecture in 2012. Her films&hellip;Leggi altro &#8250;","og_url":"https:\/\/www.artsituacions.com\/it\/artistas\/elsa-bres\/","og_site_name":"Artsituacions","article_published_time":"2022-11-17T10:08:16+00:00","article_modified_time":"2023-02-22T18:49:17+00:00","og_image":[{"url":"http:\/\/www.artsituacions.com\/wp-content\/uploads\/2022\/11\/elsabres.jpg"}],"twitter_card":"summary_large_image","twitter_misc":{"Scritto da":"maria","Tempo di lettura stimato":"2 minuti"},"schema":{"@context":"https:\/\/schema.org","@graph":[{"@type":"WebSite","@id":"https:\/\/www.artsituacions.com\/es\/#website","url":"https:\/\/www.artsituacions.com\/es\/","name":"Artsituacions","description":"","potentialAction":[{"@type":"SearchAction","target":{"@type":"EntryPoint","urlTemplate":"https:\/\/www.artsituacions.com\/es\/?s={search_term_string}"},"query-input":"required name=search_term_string"}],"inLanguage":"it-IT"},{"@type":"ImageObject","@id":"https:\/\/www.artsituacions.com\/es\/artistas\/elsa-bres\/#primaryimage","inLanguage":"it-IT","url":"http:\/\/www.artsituacions.com\/wp-content\/uploads\/2022\/11\/elsabres.jpg","contentUrl":"http:\/\/www.artsituacions.com\/wp-content\/uploads\/2022\/11\/elsabres.jpg"},{"@type":"WebPage","@id":"https:\/\/www.artsituacions.com\/es\/artistas\/elsa-bres\/#webpage","url":"https:\/\/www.artsituacions.com\/es\/artistas\/elsa-bres\/","name":"[:es]Elsa Br\u00e8s[:ca]Elsa Bres[:en]Elsa Bres[:it]Elsa Bres[:] - Artsituacions","isPartOf":{"@id":"https:\/\/www.artsituacions.com\/es\/#website"},"primaryImageOfPage":{"@id":"https:\/\/www.artsituacions.com\/es\/artistas\/elsa-bres\/#primaryimage"},"datePublished":"2022-11-17T10:08:16+00:00","dateModified":"2023-02-22T18:49:17+00:00","author":{"@id":"https:\/\/www.artsituacions.com\/es\/#\/schema\/person\/3d37438f4bd373cb842fb92a55dae3d0"},"breadcrumb":{"@id":"https:\/\/www.artsituacions.com\/es\/artistas\/elsa-bres\/#breadcrumb"},"inLanguage":"it-IT","potentialAction":[{"@type":"ReadAction","target":["https:\/\/www.artsituacions.com\/es\/artistas\/elsa-bres\/"]}]},{"@type":"BreadcrumbList","@id":"https:\/\/www.artsituacions.com\/es\/artistas\/elsa-bres\/#breadcrumb","itemListElement":[{"@type":"ListItem","position":1,"name":"Home","item":"https:\/\/www.artsituacions.com\/es\/"},{"@type":"ListItem","position":2,"name":"Artistas","item":"https:\/\/www.artsituacions.com\/es\/category\/artistas\/"},{"@type":"ListItem","position":3,"name":"Elsa Br\u00e8s"}]},{"@type":"Person","@id":"https:\/\/www.artsituacions.com\/es\/#\/schema\/person\/3d37438f4bd373cb842fb92a55dae3d0","name":"maria","image":{"@type":"ImageObject","@id":"https:\/\/www.artsituacions.com\/es\/#personlogo","inLanguage":"it-IT","url":"https:\/\/secure.gravatar.com\/avatar\/5e917d4d501b3a16916d469da41efaf8?s=96&d=mm&r=g","contentUrl":"https:\/\/secure.gravatar.com\/avatar\/5e917d4d501b3a16916d469da41efaf8?s=96&d=mm&r=g","caption":"maria"},"url":"https:\/\/www.artsituacions.com\/it\/author\/maria\/"}]}},"AFP_featured_media_urls":{"full":false,"thumbnail":false,"medium":false,"medium_large":false,"large":false},"AFP_attachments":[],"AFP_videos":[],"AFP_video_blocks":"","AFP_category_names":["Artistas"],"_links":{"self":[{"href":"https:\/\/www.artsituacions.com\/it\/wp-json\/wp\/v2\/posts\/2110"}],"collection":[{"href":"https:\/\/www.artsituacions.com\/it\/wp-json\/wp\/v2\/posts"}],"about":[{"href":"https:\/\/www.artsituacions.com\/it\/wp-json\/wp\/v2\/types\/post"}],"author":[{"embeddable":true,"href":"https:\/\/www.artsituacions.com\/it\/wp-json\/wp\/v2\/users\/1"}],"replies":[{"embeddable":true,"href":"https:\/\/www.artsituacions.com\/it\/wp-json\/wp\/v2\/comments?post=2110"}],"version-history":[{"count":15,"href":"https:\/\/www.artsituacions.com\/it\/wp-json\/wp\/v2\/posts\/2110\/revisions"}],"predecessor-version":[{"id":2431,"href":"https:\/\/www.artsituacions.com\/it\/wp-json\/wp\/v2\/posts\/2110\/revisions\/2431"}],"wp:attachment":[{"href":"https:\/\/www.artsituacions.com\/it\/wp-json\/wp\/v2\/media?parent=2110"}],"wp:term":[{"taxonomy":"category","embeddable":true,"href":"https:\/\/www.artsituacions.com\/it\/wp-json\/wp\/v2\/categories?post=2110"},{"taxonomy":"post_tag","embeddable":true,"href":"https:\/\/www.artsituacions.com\/it\/wp-json\/wp\/v2\/tags?post=2110"},{"taxonomy":"post_format","embeddable":true,"href":"https:\/\/www.artsituacions.com\/it\/wp-json\/wp\/v2\/post_formats?post=2110"}],"curies":[{"name":"wp","href":"https:\/\/api.w.org\/{rel}","templated":true}]}}