{"id":2563,"date":"2023-03-22T11:58:28","date_gmt":"2023-03-22T11:58:28","guid":{"rendered":"https:\/\/www.artsituacions.com\/es\/?p=2563"},"modified":"2024-04-21T18:25:29","modified_gmt":"2024-04-21T18:25:29","slug":"libro-art-situacions-3","status":"publish","type":"post","link":"https:\/\/www.artsituacions.com\/it\/general\/libro-art-situacions-3\/","title":{"rendered":"Libro ART Situacions III"},"content":{"rendered":"<div class=\"commiteeDetail clearfix\">\n<div class=\"c1\">\n<img decoding=\"async\" loading=\"lazy\" src=\"\/wp-content\/uploads\/2014\/11\/maria-corral-300-px_author_image.jpg\" alt=\"maria-corral-300-px_author_image\" width=\"200\" height=\"200\" class=\"alignnone size-full wp-image-521\" srcset=\"https:\/\/www.artsituacions.com\/wp-content\/uploads\/2014\/11\/maria-corral-300-px_author_image.jpg 200w, https:\/\/www.artsituacions.com\/wp-content\/uploads\/2014\/11\/maria-corral-300-px_author_image-100x100.jpg 100w, https:\/\/www.artsituacions.com\/wp-content\/uploads\/2014\/11\/maria-corral-300-px_author_image-150x150.jpg 150w\" sizes=\"(max-width: 200px) 100vw, 200px\" \/>\n<\/div>\n<div class=\"c2\">\n<h2 class=\"title\">Ms. Mar\u00eda Corral<\/h2>\n<p>Nata a Madrid, \u00e8 critica d\u2019arte e curatrice indipendente.<\/p>\n<p>Attualmente \u00e8 coordinatrice della Collezione di Arte contemporanea (Museo Patio Herreriano di Valladolid). Co-dirige Expo Actual S.L.<\/p>\n<p>Senior Curator del Dallas Museum of Art, USA (2005-08). \u00c8 stata direttrice della 51\u00b0 biennale di Venezia, 2005, dove cur\u00f2 la mostra \u201cLa Experiencia del Arte\u201d. Dal 2003 al 2006 ha diretto il Comitato consultivo delle collezioni della Fondazione Telef\u00f3nica. Dal 1995 al 2002 ha diretto la collezione di Arte contemporanea della Fondazione la Caixa, collezione che aveva iniziato a creare nel 1985. Negli anni 2000 e 2002 \u00e8 stata direttrice della Biennale di Pontevedra. Direttrice del Museo Nacional Centro de Arte Reina Sof\u00eda (1991-1994) e direttrice di Arti plastiche della Fondazione la Caixa, dove \u00e8 stata responsabile del programma di mostre della Fondazione sia a Madrid che a Barcellona (1981-1991). Presidente europea di EUROPAN (Programma europeo di concorsi di architettura), nel triennio 1991-93. Fondatrice e direttrice del Grupo Quince, laboratorio, galleria e casa editrice di opere grafiche originali, di Madrid (1971-1981). Forma parte dei seguenti consigli e patronati: Patronato Museo Nacional Centro de Arte Reina Sof\u00eda; Patronato del Museo Thyssen Bornemisza; Consiglio di Arti plastiche del Wexner Center for the Arts, Columbus (Ohio); KURATORIUM, Neues Museum Weserburg, (Bremen), Patronato della Fondazione NMAC, Montenmedio, V\u00e9jer de la Frontera.<\/p>\n<p>Ha ricevuto i riconoscimenti Leo Award, New York, 1992; Premio Art Cologne, Colonia, 1994; Premio Koin\u00e9 alla traiettoria artistica professionale, Verona; Chevalier e Officier dell\u2019Ordre des Arts et des Lettres della Repubblica Francese; Medaglia d\u2019oro del C\u00edrculo de Bellas Artes, Madrid, 2007; Premio alla traiettoria professionale della pubblicazione Descubrir el Arte.<\/p>\n<p>Negli ultimi anni ha curato le seguenti mostre: Painting for themselves: Picasso, Mir\u00f3, Guston, de Kooning. Late Works, Neues Museum Wesserburg, Brema (1996); Los A\u00f1os Ochenta, Culturgest, Lisbona (1998); Helena Almeida, Centro Gallego de Arte Contempor\u00e1neo, Santiago de Compostela (2000); XXVI Biennale di Pontevedra, El Espacio como Proyecto-El Espacio como Realidad, Pontevedra (2000); Guerrero-de Kooning, la sabidur\u00eda del color, Centro Jos\u00e9 Guerrero, Granada (2001); XXVII Biennale di Pontevedra, Narrando espacios, tiempos e historias, Pontevedra (2002); Felicit\u00e9\u2026 Mostra degli alunni premiati dell\u2019\u00c9cole Nationale Sup\u00e9rieure des Beaux-Arts, Parigi (2003); Joan Hern\u00e1ndez Pijuan: Volviendo a un lugar conocido, MACBA, Barcellona; Mus\u00e9e d\u2019Art et Histoire, Neuch\u00e2tel; Malm\u00f6 Konsthall; Galleria d\u2019Arte Moderna di Bologna (2003-2004); Mir\u00f3: Traspasando los l\u00edmites, Centro Jos\u00e9 Guerrero, Granada (2004); Julian Schnabel, Pinturas 1978-2003, Palacio de Vel\u00e1zquez, Museo Nacional Centro de Arte Reina Sof\u00eda, Madrid (2004); La Experiencia del Arte. Padiglione, Venezia, Italia (2005); co-curatrice insieme a Lorena M. de Corral de Realidades: Fotograf\u00edas de Pierre Gonnord, Museo de Bellas Artes, Siviglia (2006); co-curatrice insieme a Lorena M. de Corral di 16 Proyectos de Arte Espa\u00f1ol, ARCO \u00b406. Feria de Arte Contempor\u00e1neo de Madrid (2006); FAST FORWARD: Contemporary Collections for the Dallas Museum of Art, Dallas Museum of Art, Texas (2007); co-curatrice insieme a Lorena M. de Corral di Planes Futuros, Arte espa\u00f1ol de los 2000, Palacio de Congresos y Auditorio de Pamplona, Navarra (2007); Olafur Eliasson: Take your time, Dallas Museum of Art, Texas (2008); Private Universes, Dallas Museum of Art, Texas (2009); co-curatrice insieme a Dan Cameron di Inside Job, Vienna \u00b409, Vienna (2009); co-curatrice insieme a Lorena M. de Corral di Timeless Territories, Algarve, Mina Campina de Loul\u00e9 (2009). Curatrice della mostra Ayer noche ma\u00f1ana ser\u00e1 tarde: Carlos Le\u00f3n en el Museo Patio Herreriano de Valladolid e Aprendiendo a Mirar: 25 a\u00f1os de la Galer\u00eda Rafael Ortiz en el Monasterio de San Clemente de Sevilla; co-curatrice insieme a Lorena M. de Corral di 25 a\u00f1os del INJUVE e Colecci\u00f3n Premios Altadis (2010); curatrice della mostra Ficciones y Realidades. Arte Espa\u00f1ol de los 2000 en la Colecci\u00f3n Arte Contempor\u00e1neo, Museo Patio Herreriano nel Moscow Museum of Modern Art (2011).<\/p>\n<p>Ha inoltre curato diverse mostre della collezione della Fondazione la Caixa nella Konsthalle, Malm\u00f6; Palazzo episcopale, Malaga; Museo di Arte contemporanea, Almeria; Museo di Arte contemporanea (MUHKA), Anversa; Palazzo Forti, Verona; Refettorio delle Stelline, Milano;  Centro culturale della Fondazione la Caixa, Palma di Maiorca.  Curatrice dell\u2019installazione inaugurale della collezione presso la nuova sede della Fondazione la Caixa, CaixaForum, Barcellona.<\/p>\n<p class=\"backToList\"><a href=\"..\/comite\">Torna<\/a><\/p>\n<\/p>\n<\/div>\n<\/div>\n","protected":false},"excerpt":{"rendered":"<p>Ms. Mar\u00eda Corral Nata a Madrid, \u00e8 critica d\u2019arte e curatrice indipendente. Attualmente \u00e8 coordinatrice della Collezione di Arte contemporanea (Museo Patio Herreriano di Valladolid). Co-dirige Expo Actual S.L. Senior Curator del Dallas Museum of Art, USA (2005-08). \u00c8 stata<span class=\"ellipsis\">&hellip;<\/span><\/p>\n<div class=\"read-more\"><a href=\"https:\/\/www.artsituacions.com\/it\/general\/libro-art-situacions-3\/\">Leggi altro &#8250;<\/a><\/div>\n<p><!-- end of .read-more --><\/p>\n","protected":false},"author":1,"featured_media":0,"comment_status":"closed","ping_status":"closed","sticky":false,"template":"","format":"standard","meta":[],"categories":[1],"tags":[],"post_formats":[],"yoast_head":"<!-- This site is optimized with the Yoast SEO plugin v17.8 - https:\/\/yoast.com\/wordpress\/plugins\/seo\/ -->\n<meta name=\"robots\" content=\"index, follow, max-snippet:-1, max-image-preview:large, max-video-preview:-1\" \/>\n<link rel=\"canonical\" href=\"https:\/\/www.artsituacions.com\/es\/general\/libro-art-situacions-3\/\" \/>\n<meta property=\"og:locale\" content=\"it_IT\" \/>\n<meta property=\"og:type\" content=\"article\" \/>\n<meta property=\"og:title\" content=\"Libro ART Situacions III\" \/>\n<meta property=\"og:description\" content=\"Ms. Mar\u00eda Corral Nata a Madrid, \u00e8 critica d\u2019arte e curatrice indipendente. Attualmente \u00e8 coordinatrice della Collezione di Arte contemporanea (Museo Patio Herreriano di Valladolid). Co-dirige Expo Actual S.L. Senior Curator del Dallas Museum of Art, USA (2005-08). \u00c8 stata&hellip;Leggi altro &#8250;\" \/>\n<meta property=\"og:url\" content=\"https:\/\/www.artsituacions.com\/it\/general\/libro-art-situacions-3\/\" \/>\n<meta property=\"og:site_name\" content=\"Artsituacions\" \/>\n<meta property=\"article:published_time\" content=\"2023-03-22T11:58:28+00:00\" \/>\n<meta property=\"article:modified_time\" content=\"2024-04-21T18:25:29+00:00\" \/>\n<meta property=\"og:image\" content=\"https:\/\/www.artsituacions.com\/wp-content\/uploads\/2023\/03\/libro-400.jpg\" \/>\n<meta name=\"twitter:card\" content=\"summary_large_image\" \/>\n<meta name=\"twitter:label1\" content=\"Scritto da\" \/>\n\t<meta name=\"twitter:data1\" content=\"maria\" \/>\n\t<meta name=\"twitter:label2\" content=\"Tempo di lettura stimato\" \/>\n\t<meta name=\"twitter:data2\" content=\"5 minuti\" \/>\n<script type=\"application\/ld+json\" class=\"yoast-schema-graph\">{\"@context\":\"https:\/\/schema.org\",\"@graph\":[{\"@type\":\"WebSite\",\"@id\":\"https:\/\/www.artsituacions.com\/es\/#website\",\"url\":\"https:\/\/www.artsituacions.com\/es\/\",\"name\":\"Artsituacions\",\"description\":\"\",\"potentialAction\":[{\"@type\":\"SearchAction\",\"target\":{\"@type\":\"EntryPoint\",\"urlTemplate\":\"https:\/\/www.artsituacions.com\/es\/?s={search_term_string}\"},\"query-input\":\"required name=search_term_string\"}],\"inLanguage\":\"it-IT\"},{\"@type\":\"ImageObject\",\"@id\":\"https:\/\/www.artsituacions.com\/es\/general\/libro-art-situacions-3\/#primaryimage\",\"inLanguage\":\"it-IT\",\"url\":\"https:\/\/www.artsituacions.com\/wp-content\/uploads\/2023\/03\/libro-400.jpg\",\"contentUrl\":\"https:\/\/www.artsituacions.com\/wp-content\/uploads\/2023\/03\/libro-400.jpg\"},{\"@type\":\"WebPage\",\"@id\":\"https:\/\/www.artsituacions.com\/es\/general\/libro-art-situacions-3\/#webpage\",\"url\":\"https:\/\/www.artsituacions.com\/es\/general\/libro-art-situacions-3\/\",\"name\":\"[:es]Libro ART Situacions III[:ca]Llibre ART Situacions III[:en]Book ART Situacions III[:] - Artsituacions\",\"isPartOf\":{\"@id\":\"https:\/\/www.artsituacions.com\/es\/#website\"},\"primaryImageOfPage\":{\"@id\":\"https:\/\/www.artsituacions.com\/es\/general\/libro-art-situacions-3\/#primaryimage\"},\"datePublished\":\"2023-03-22T11:58:28+00:00\",\"dateModified\":\"2024-04-21T18:25:29+00:00\",\"author\":{\"@id\":\"https:\/\/www.artsituacions.com\/es\/#\/schema\/person\/3d37438f4bd373cb842fb92a55dae3d0\"},\"breadcrumb\":{\"@id\":\"https:\/\/www.artsituacions.com\/es\/general\/libro-art-situacions-3\/#breadcrumb\"},\"inLanguage\":\"it-IT\",\"potentialAction\":[{\"@type\":\"ReadAction\",\"target\":[\"https:\/\/www.artsituacions.com\/es\/general\/libro-art-situacions-3\/\"]}]},{\"@type\":\"BreadcrumbList\",\"@id\":\"https:\/\/www.artsituacions.com\/es\/general\/libro-art-situacions-3\/#breadcrumb\",\"itemListElement\":[{\"@type\":\"ListItem\",\"position\":1,\"name\":\"Home\",\"item\":\"https:\/\/www.artsituacions.com\/es\/\"},{\"@type\":\"ListItem\",\"position\":2,\"name\":\"General\",\"item\":\"https:\/\/www.artsituacions.com\/es\/category\/general\/\"},{\"@type\":\"ListItem\",\"position\":3,\"name\":\"Libro ART Situacions III\"}]},{\"@type\":\"Person\",\"@id\":\"https:\/\/www.artsituacions.com\/es\/#\/schema\/person\/3d37438f4bd373cb842fb92a55dae3d0\",\"name\":\"maria\",\"image\":{\"@type\":\"ImageObject\",\"@id\":\"https:\/\/www.artsituacions.com\/es\/#personlogo\",\"inLanguage\":\"it-IT\",\"url\":\"https:\/\/secure.gravatar.com\/avatar\/5e917d4d501b3a16916d469da41efaf8?s=96&d=mm&r=g\",\"contentUrl\":\"https:\/\/secure.gravatar.com\/avatar\/5e917d4d501b3a16916d469da41efaf8?s=96&d=mm&r=g\",\"caption\":\"maria\"},\"url\":\"https:\/\/www.artsituacions.com\/it\/author\/maria\/\"}]}<\/script>\n<!-- \/ Yoast SEO plugin. -->","yoast_head_json":{"robots":{"index":"index","follow":"follow","max-snippet":"max-snippet:-1","max-image-preview":"max-image-preview:large","max-video-preview":"max-video-preview:-1"},"canonical":"https:\/\/www.artsituacions.com\/es\/general\/libro-art-situacions-3\/","og_locale":"it_IT","og_type":"article","og_title":"[:es]Libro ART Situacions III[:ca]Llibre ART Situacions III[:en]Book ART Situacions III[:] - Artsituacions","og_description":"Ms. Mar\u00eda Corral Nata a Madrid, \u00e8 critica d\u2019arte e curatrice indipendente. Attualmente \u00e8 coordinatrice della Collezione di Arte contemporanea (Museo Patio Herreriano di Valladolid). Co-dirige Expo Actual S.L. Senior Curator del Dallas Museum of Art, USA (2005-08). \u00c8 stata&hellip;Leggi altro &#8250;","og_url":"https:\/\/www.artsituacions.com\/it\/general\/libro-art-situacions-3\/","og_site_name":"Artsituacions","article_published_time":"2023-03-22T11:58:28+00:00","article_modified_time":"2024-04-21T18:25:29+00:00","og_image":[{"url":"https:\/\/www.artsituacions.com\/wp-content\/uploads\/2023\/03\/libro-400.jpg"}],"twitter_card":"summary_large_image","twitter_misc":{"Scritto da":"maria","Tempo di lettura stimato":"5 minuti"},"schema":{"@context":"https:\/\/schema.org","@graph":[{"@type":"WebSite","@id":"https:\/\/www.artsituacions.com\/es\/#website","url":"https:\/\/www.artsituacions.com\/es\/","name":"Artsituacions","description":"","potentialAction":[{"@type":"SearchAction","target":{"@type":"EntryPoint","urlTemplate":"https:\/\/www.artsituacions.com\/es\/?s={search_term_string}"},"query-input":"required name=search_term_string"}],"inLanguage":"it-IT"},{"@type":"ImageObject","@id":"https:\/\/www.artsituacions.com\/es\/general\/libro-art-situacions-3\/#primaryimage","inLanguage":"it-IT","url":"https:\/\/www.artsituacions.com\/wp-content\/uploads\/2023\/03\/libro-400.jpg","contentUrl":"https:\/\/www.artsituacions.com\/wp-content\/uploads\/2023\/03\/libro-400.jpg"},{"@type":"WebPage","@id":"https:\/\/www.artsituacions.com\/es\/general\/libro-art-situacions-3\/#webpage","url":"https:\/\/www.artsituacions.com\/es\/general\/libro-art-situacions-3\/","name":"[:es]Libro ART Situacions III[:ca]Llibre ART Situacions III[:en]Book ART Situacions III[:] - Artsituacions","isPartOf":{"@id":"https:\/\/www.artsituacions.com\/es\/#website"},"primaryImageOfPage":{"@id":"https:\/\/www.artsituacions.com\/es\/general\/libro-art-situacions-3\/#primaryimage"},"datePublished":"2023-03-22T11:58:28+00:00","dateModified":"2024-04-21T18:25:29+00:00","author":{"@id":"https:\/\/www.artsituacions.com\/es\/#\/schema\/person\/3d37438f4bd373cb842fb92a55dae3d0"},"breadcrumb":{"@id":"https:\/\/www.artsituacions.com\/es\/general\/libro-art-situacions-3\/#breadcrumb"},"inLanguage":"it-IT","potentialAction":[{"@type":"ReadAction","target":["https:\/\/www.artsituacions.com\/es\/general\/libro-art-situacions-3\/"]}]},{"@type":"BreadcrumbList","@id":"https:\/\/www.artsituacions.com\/es\/general\/libro-art-situacions-3\/#breadcrumb","itemListElement":[{"@type":"ListItem","position":1,"name":"Home","item":"https:\/\/www.artsituacions.com\/es\/"},{"@type":"ListItem","position":2,"name":"General","item":"https:\/\/www.artsituacions.com\/es\/category\/general\/"},{"@type":"ListItem","position":3,"name":"Libro ART Situacions III"}]},{"@type":"Person","@id":"https:\/\/www.artsituacions.com\/es\/#\/schema\/person\/3d37438f4bd373cb842fb92a55dae3d0","name":"maria","image":{"@type":"ImageObject","@id":"https:\/\/www.artsituacions.com\/es\/#personlogo","inLanguage":"it-IT","url":"https:\/\/secure.gravatar.com\/avatar\/5e917d4d501b3a16916d469da41efaf8?s=96&d=mm&r=g","contentUrl":"https:\/\/secure.gravatar.com\/avatar\/5e917d4d501b3a16916d469da41efaf8?s=96&d=mm&r=g","caption":"maria"},"url":"https:\/\/www.artsituacions.com\/it\/author\/maria\/"}]}},"AFP_featured_media_urls":{"full":false,"thumbnail":false,"medium":false,"medium_large":false,"large":false},"AFP_attachments":[],"AFP_videos":[],"AFP_video_blocks":"","AFP_category_names":["General"],"_links":{"self":[{"href":"https:\/\/www.artsituacions.com\/it\/wp-json\/wp\/v2\/posts\/2563"}],"collection":[{"href":"https:\/\/www.artsituacions.com\/it\/wp-json\/wp\/v2\/posts"}],"about":[{"href":"https:\/\/www.artsituacions.com\/it\/wp-json\/wp\/v2\/types\/post"}],"author":[{"embeddable":true,"href":"https:\/\/www.artsituacions.com\/it\/wp-json\/wp\/v2\/users\/1"}],"replies":[{"embeddable":true,"href":"https:\/\/www.artsituacions.com\/it\/wp-json\/wp\/v2\/comments?post=2563"}],"version-history":[{"count":66,"href":"https:\/\/www.artsituacions.com\/it\/wp-json\/wp\/v2\/posts\/2563\/revisions"}],"predecessor-version":[{"id":3078,"href":"https:\/\/www.artsituacions.com\/it\/wp-json\/wp\/v2\/posts\/2563\/revisions\/3078"}],"wp:attachment":[{"href":"https:\/\/www.artsituacions.com\/it\/wp-json\/wp\/v2\/media?parent=2563"}],"wp:term":[{"taxonomy":"category","embeddable":true,"href":"https:\/\/www.artsituacions.com\/it\/wp-json\/wp\/v2\/categories?post=2563"},{"taxonomy":"post_tag","embeddable":true,"href":"https:\/\/www.artsituacions.com\/it\/wp-json\/wp\/v2\/tags?post=2563"},{"taxonomy":"post_format","embeddable":true,"href":"https:\/\/www.artsituacions.com\/it\/wp-json\/wp\/v2\/post_formats?post=2563"}],"curies":[{"name":"wp","href":"https:\/\/api.w.org\/{rel}","templated":true}]}}